{"id":358113,"date":"2023-02-28T15:41:33","date_gmt":"2023-02-28T19:41:33","guid":{"rendered":"https:\/\/stage3.rnv.gob.ve\/wp\/prensa\/?p=358113"},"modified":"2023-02-28T15:41:33","modified_gmt":"2023-02-28T19:41:33","slug":"el-ultimo-adios-a-jose-oswaldo-pino-el-chino","status":"publish","type":"post","link":"https:\/\/stage3.rnv.gob.ve\/wp\/el-ultimo-adios-a-jose-oswaldo-pino-el-chino\/","title":{"rendered":"El \u00faltimo adi\u00f3s a Jos\u00e9 Oswaldo Pino \u00abEl Chino\u00bb"},"content":{"rendered":"<p>Este martes 28 de febrero, desde las 4.30 de la tarde, se estar\u00e1 llevando a cabo el novenario y misa del compa\u00f1ero y amigo Jos\u00e9 Oswaldo Pino \u00abEl Chino\u00bb, en la Iglesia de la Inmaculada Concepci\u00f3n, ubicada en la Francisco Solano, Caracas, parroquia El Recreo.<\/p>\n<p>&nbsp;<\/p>\n<p>Extendemos la invitaci\u00f3n a todos sus allegados a dar el \u00faltimo adi\u00f3s a este gran ser humano.<\/p>\n<p>\u00a1Paz a su alma!<\/p>\n<p>T\/Rnv web<\/p>\n","protected":false},"excerpt":{"rendered":"<p>Este martes 28 de febrero, desde las 4.30 de la tarde, se estar\u00e1 llevando a cabo el novenario y misa del compa\u00f1ero y amigo Jos\u00e9 Oswaldo Pino \u00abEl Chino\u00bb, en la Iglesia de la Inmaculada Concepci\u00f3n, ubicada en la Francisco Solano, Caracas, parroquia El Recreo. &nbsp; Extendemos la invitaci\u00f3n a todos sus allegados a dar [&hellip;]<\/p>\n","protected":false},"author":55,"featured_media":358115,"comment_status":"closed","ping_status":"closed","sticky":false,"template":"","format":"standard","meta":{"_acf_changed":false,"footnotes":""},"categories":[65],"tags":[],"class_list":["post-358113","post","type-post","status-publish","format-standard","has-post-thumbnail","hentry","category-nacional"],"acf":[],"yoast_head":"<!-- This site is optimized with the Yoast SEO plugin v27.4 - https:\/\/yoast.com\/product\/yoast-seo-wordpress\/ -->\n<title>El \u00faltimo adi\u00f3s a Jos\u00e9 Oswaldo Pino &quot;El Chino&quot; - DEV RNV<\/title>\n<meta name=\"description\" content=\"Este martes 28 de febrero, desde las 4.30 de la tarde, se estar\u00e1 llevando a cabo el novenario y misa del compa\u00f1ero Jos\u00e9 Oswaldo Pino\" \/>\n<meta name=\"robots\" content=\"noindex, follow, max-snippet:-1, max-image-preview:large, max-video-preview:-1\" \/>\n<meta property=\"og:locale\" content=\"es_ES\" \/>\n<meta property=\"og:type\" content=\"article\" \/>\n<meta property=\"og:title\" content=\"El \u00faltimo adi\u00f3s a Jos\u00e9 Oswaldo Pino &quot;El Chino&quot; - DEV RNV\" \/>\n<meta property=\"og:description\" content=\"Este martes 28 de febrero, desde las 4.30 de la tarde, se estar\u00e1 llevando a cabo el novenario y misa del compa\u00f1ero Jos\u00e9 Oswaldo Pino\" \/>\n<meta property=\"og:url\" content=\"https:\/\/stage3.rnv.gob.ve\/wp\/el-ultimo-adios-a-jose-oswaldo-pino-el-chino\/\" \/>\n<meta property=\"og:site_name\" content=\"DEV RNV\" \/>\n<meta property=\"article:publisher\" content=\"https:\/\/www.facebook.com\/RadioNacionaldeVenezuela\" \/>\n<meta property=\"article:published_time\" content=\"2023-02-28T19:41:33+00:00\" \/>\n<meta property=\"og:image\" content=\"https:\/\/stage3.rnv.gob.ve\/wp\/wp-content\/uploads\/2023\/02\/IMG_20230228_154107.jpg\" \/>\n\t<meta property=\"og:image:width\" content=\"538\" \/>\n\t<meta property=\"og:image:height\" content=\"667\" \/>\n\t<meta property=\"og:image:type\" content=\"image\/jpeg\" \/>\n<meta name=\"author\" content=\"Greicy Far\u00edas\" \/>\n<meta name=\"twitter:card\" content=\"summary_large_image\" \/>\n<meta name=\"twitter:creator\" content=\"@RNVinformativa\" \/>\n<meta name=\"twitter:site\" content=\"@RNVinformativa\" \/>\n<meta name=\"twitter:label1\" content=\"Escrito por\" \/>\n\t<meta name=\"twitter:data1\" content=\"Greicy Far\u00edas\" \/>\n\t<meta name=\"twitter:label2\" content=\"Tiempo estimado de lectura\" \/>\n\t<meta name=\"twitter:data2\" content=\"1 minuto\" \/>\n<script type=\"application\/ld+json\" class=\"yoast-schema-graph\">{\"@context\":\"https:\\\/\\\/schema.org\",\"@graph\":[{\"@type\":\"Article\",\"@id\":\"https:\\\/\\\/stage3.rnv.gob.ve\\\/wp\\\/el-ultimo-adios-a-jose-oswaldo-pino-el-chino\\\/#article\",\"isPartOf\":{\"@id\":\"https:\\\/\\\/stage3.rnv.gob.ve\\\/wp\\\/el-ultimo-adios-a-jose-oswaldo-pino-el-chino\\\/\"},\"author\":{\"name\":\"Greicy Far\u00edas\",\"@id\":\"https:\\\/\\\/stage3.rnv.gob.ve\\\/wp\\\/#\\\/schema\\\/person\\\/f01f556d4b148634786fbc7a33dd1e1e\"},\"headline\":\"El \u00faltimo adi\u00f3s a Jos\u00e9 Oswaldo Pino \u00abEl Chino\u00bb\",\"datePublished\":\"2023-02-28T19:41:33+00:00\",\"mainEntityOfPage\":{\"@id\":\"https:\\\/\\\/stage3.rnv.gob.ve\\\/wp\\\/el-ultimo-adios-a-jose-oswaldo-pino-el-chino\\\/\"},\"wordCount\":82,\"publisher\":{\"@id\":\"https:\\\/\\\/stage3.rnv.gob.ve\\\/wp\\\/#organization\"},\"image\":{\"@id\":\"https:\\\/\\\/stage3.rnv.gob.ve\\\/wp\\\/el-ultimo-adios-a-jose-oswaldo-pino-el-chino\\\/#primaryimage\"},\"thumbnailUrl\":\"https:\\\/\\\/stage3.rnv.gob.ve\\\/wp\\\/wp-content\\\/uploads\\\/2023\\\/02\\\/IMG_20230228_154107.jpg\",\"articleSection\":[\"Nacional\"],\"inLanguage\":\"es\"},{\"@type\":\"WebPage\",\"@id\":\"https:\\\/\\\/stage3.rnv.gob.ve\\\/wp\\\/el-ultimo-adios-a-jose-oswaldo-pino-el-chino\\\/\",\"url\":\"https:\\\/\\\/stage3.rnv.gob.ve\\\/wp\\\/el-ultimo-adios-a-jose-oswaldo-pino-el-chino\\\/\",\"name\":\"El \u00faltimo adi\u00f3s a Jos\u00e9 Oswaldo Pino \\\"El Chino\\\" - DEV RNV\",\"isPartOf\":{\"@id\":\"https:\\\/\\\/stage3.rnv.gob.ve\\\/wp\\\/#website\"},\"primaryImageOfPage\":{\"@id\":\"https:\\\/\\\/stage3.rnv.gob.ve\\\/wp\\\/el-ultimo-adios-a-jose-oswaldo-pino-el-chino\\\/#primaryimage\"},\"image\":{\"@id\":\"https:\\\/\\\/stage3.rnv.gob.ve\\\/wp\\\/el-ultimo-adios-a-jose-oswaldo-pino-el-chino\\\/#primaryimage\"},\"thumbnailUrl\":\"https:\\\/\\\/stage3.rnv.gob.ve\\\/wp\\\/wp-content\\\/uploads\\\/2023\\\/02\\\/IMG_20230228_154107.jpg\",\"datePublished\":\"2023-02-28T19:41:33+00:00\",\"description\":\"Este martes 28 de febrero, desde las 4.30 de la tarde, se estar\u00e1 llevando a cabo el novenario y misa del compa\u00f1ero Jos\u00e9 Oswaldo Pino\",\"breadcrumb\":{\"@id\":\"https:\\\/\\\/stage3.rnv.gob.ve\\\/wp\\\/el-ultimo-adios-a-jose-oswaldo-pino-el-chino\\\/#breadcrumb\"},\"inLanguage\":\"es\",\"potentialAction\":[{\"@type\":\"ReadAction\",\"target\":[\"https:\\\/\\\/stage3.rnv.gob.ve\\\/wp\\\/el-ultimo-adios-a-jose-oswaldo-pino-el-chino\\\/\"]}]},{\"@type\":\"ImageObject\",\"inLanguage\":\"es\",\"@id\":\"https:\\\/\\\/stage3.rnv.gob.ve\\\/wp\\\/el-ultimo-adios-a-jose-oswaldo-pino-el-chino\\\/#primaryimage\",\"url\":\"https:\\\/\\\/stage3.rnv.gob.ve\\\/wp\\\/wp-content\\\/uploads\\\/2023\\\/02\\\/IMG_20230228_154107.jpg\",\"contentUrl\":\"https:\\\/\\\/stage3.rnv.gob.ve\\\/wp\\\/wp-content\\\/uploads\\\/2023\\\/02\\\/IMG_20230228_154107.jpg\",\"width\":538,\"height\":667},{\"@type\":\"BreadcrumbList\",\"@id\":\"https:\\\/\\\/stage3.rnv.gob.ve\\\/wp\\\/el-ultimo-adios-a-jose-oswaldo-pino-el-chino\\\/#breadcrumb\",\"itemListElement\":[{\"@type\":\"ListItem\",\"position\":1,\"name\":\"Portada\",\"item\":\"https:\\\/\\\/stage3.rnv.gob.ve\\\/wp\\\/\"},{\"@type\":\"ListItem\",\"position\":2,\"name\":\"El \u00daltimo Adi\u00f3s A Jos\u00e9 Oswaldo Pino &#8220;El Chino&#8221;\"}]},{\"@type\":\"WebSite\",\"@id\":\"https:\\\/\\\/stage3.rnv.gob.ve\\\/wp\\\/#website\",\"url\":\"https:\\\/\\\/stage3.rnv.gob.ve\\\/wp\\\/\",\"name\":\"DEV RNV\",\"description\":\"Radio Nacional de Venezuela C.A.\",\"publisher\":{\"@id\":\"https:\\\/\\\/stage3.rnv.gob.ve\\\/wp\\\/#organization\"},\"potentialAction\":[{\"@type\":\"SearchAction\",\"target\":{\"@type\":\"EntryPoint\",\"urlTemplate\":\"https:\\\/\\\/stage3.rnv.gob.ve\\\/wp\\\/?s={search_term_string}\"},\"query-input\":{\"@type\":\"PropertyValueSpecification\",\"valueRequired\":true,\"valueName\":\"search_term_string\"}}],\"inLanguage\":\"es\"},{\"@type\":\"Organization\",\"@id\":\"https:\\\/\\\/stage3.rnv.gob.ve\\\/wp\\\/#organization\",\"name\":\"Radio Nacional de Venezuela C.A.\",\"url\":\"https:\\\/\\\/stage3.rnv.gob.ve\\\/wp\\\/\",\"logo\":{\"@type\":\"ImageObject\",\"inLanguage\":\"es\",\"@id\":\"https:\\\/\\\/stage3.rnv.gob.ve\\\/wp\\\/#\\\/schema\\\/logo\\\/image\\\/\",\"url\":\"http:\\\/\\\/rnv.ddns.net\\\/prensa\\\/wp-content\\\/uploads\\\/2022\\\/04\\\/rnv-1-300x227-1.jpg\",\"contentUrl\":\"http:\\\/\\\/rnv.ddns.net\\\/prensa\\\/wp-content\\\/uploads\\\/2022\\\/04\\\/rnv-1-300x227-1.jpg\",\"width\":800,\"height\":455,\"caption\":\"Radio Nacional de Venezuela C.A.\"},\"image\":{\"@id\":\"https:\\\/\\\/stage3.rnv.gob.ve\\\/wp\\\/#\\\/schema\\\/logo\\\/image\\\/\"},\"sameAs\":[\"https:\\\/\\\/www.facebook.com\\\/RadioNacionaldeVenezuela\",\"https:\\\/\\\/x.com\\\/RNVinformativa\",\"https:\\\/\\\/www.instagram.com\\\/rnvinformativa\\\/\",\"https:\\\/\\\/www.youtube.com\\\/user\\\/RNVContigo\"]},{\"@type\":\"Person\",\"@id\":\"https:\\\/\\\/stage3.rnv.gob.ve\\\/wp\\\/#\\\/schema\\\/person\\\/f01f556d4b148634786fbc7a33dd1e1e\",\"name\":\"Greicy Far\u00edas\",\"url\":\"https:\\\/\\\/stage3.rnv.gob.ve\\\/wp\\\/author\\\/greicy_farias\\\/\"}]}<\/script>\n<!-- \/ Yoast SEO plugin. -->","yoast_head_json":{"title":"El \u00faltimo adi\u00f3s a Jos\u00e9 Oswaldo Pino \"El Chino\" - DEV RNV","description":"Este martes 28 de febrero, desde las 4.30 de la tarde, se estar\u00e1 llevando a cabo el novenario y misa del compa\u00f1ero Jos\u00e9 Oswaldo Pino","robots":{"index":"noindex","follow":"follow","max-snippet":"max-snippet:-1","max-image-preview":"max-image-preview:large","max-video-preview":"max-video-preview:-1"},"og_locale":"es_ES","og_type":"article","og_title":"El \u00faltimo adi\u00f3s a Jos\u00e9 Oswaldo Pino \"El Chino\" - DEV RNV","og_description":"Este martes 28 de febrero, desde las 4.30 de la tarde, se estar\u00e1 llevando a cabo el novenario y misa del compa\u00f1ero Jos\u00e9 Oswaldo Pino","og_url":"https:\/\/stage3.rnv.gob.ve\/wp\/el-ultimo-adios-a-jose-oswaldo-pino-el-chino\/","og_site_name":"DEV RNV","article_publisher":"https:\/\/www.facebook.com\/RadioNacionaldeVenezuela","article_published_time":"2023-02-28T19:41:33+00:00","og_image":[{"width":538,"height":667,"url":"https:\/\/stage3.rnv.gob.ve\/wp\/wp-content\/uploads\/2023\/02\/IMG_20230228_154107.jpg","type":"image\/jpeg"}],"author":"Greicy Far\u00edas","twitter_card":"summary_large_image","twitter_creator":"@RNVinformativa","twitter_site":"@RNVinformativa","twitter_misc":{"Escrito por":"Greicy Far\u00edas","Tiempo estimado de lectura":"1 minuto"},"schema":{"@context":"https:\/\/schema.org","@graph":[{"@type":"Article","@id":"https:\/\/stage3.rnv.gob.ve\/wp\/el-ultimo-adios-a-jose-oswaldo-pino-el-chino\/#article","isPartOf":{"@id":"https:\/\/stage3.rnv.gob.ve\/wp\/el-ultimo-adios-a-jose-oswaldo-pino-el-chino\/"},"author":{"name":"Greicy Far\u00edas","@id":"https:\/\/stage3.rnv.gob.ve\/wp\/#\/schema\/person\/f01f556d4b148634786fbc7a33dd1e1e"},"headline":"El \u00faltimo adi\u00f3s a Jos\u00e9 Oswaldo Pino \u00abEl Chino\u00bb","datePublished":"2023-02-28T19:41:33+00:00","mainEntityOfPage":{"@id":"https:\/\/stage3.rnv.gob.ve\/wp\/el-ultimo-adios-a-jose-oswaldo-pino-el-chino\/"},"wordCount":82,"publisher":{"@id":"https:\/\/stage3.rnv.gob.ve\/wp\/#organization"},"image":{"@id":"https:\/\/stage3.rnv.gob.ve\/wp\/el-ultimo-adios-a-jose-oswaldo-pino-el-chino\/#primaryimage"},"thumbnailUrl":"https:\/\/stage3.rnv.gob.ve\/wp\/wp-content\/uploads\/2023\/02\/IMG_20230228_154107.jpg","articleSection":["Nacional"],"inLanguage":"es"},{"@type":"WebPage","@id":"https:\/\/stage3.rnv.gob.ve\/wp\/el-ultimo-adios-a-jose-oswaldo-pino-el-chino\/","url":"https:\/\/stage3.rnv.gob.ve\/wp\/el-ultimo-adios-a-jose-oswaldo-pino-el-chino\/","name":"El \u00faltimo adi\u00f3s a Jos\u00e9 Oswaldo Pino \"El Chino\" - DEV RNV","isPartOf":{"@id":"https:\/\/stage3.rnv.gob.ve\/wp\/#website"},"primaryImageOfPage":{"@id":"https:\/\/stage3.rnv.gob.ve\/wp\/el-ultimo-adios-a-jose-oswaldo-pino-el-chino\/#primaryimage"},"image":{"@id":"https:\/\/stage3.rnv.gob.ve\/wp\/el-ultimo-adios-a-jose-oswaldo-pino-el-chino\/#primaryimage"},"thumbnailUrl":"https:\/\/stage3.rnv.gob.ve\/wp\/wp-content\/uploads\/2023\/02\/IMG_20230228_154107.jpg","datePublished":"2023-02-28T19:41:33+00:00","description":"Este martes 28 de febrero, desde las 4.30 de la tarde, se estar\u00e1 llevando a cabo el novenario y misa del compa\u00f1ero Jos\u00e9 Oswaldo Pino","breadcrumb":{"@id":"https:\/\/stage3.rnv.gob.ve\/wp\/el-ultimo-adios-a-jose-oswaldo-pino-el-chino\/#breadcrumb"},"inLanguage":"es","potentialAction":[{"@type":"ReadAction","target":["https:\/\/stage3.rnv.gob.ve\/wp\/el-ultimo-adios-a-jose-oswaldo-pino-el-chino\/"]}]},{"@type":"ImageObject","inLanguage":"es","@id":"https:\/\/stage3.rnv.gob.ve\/wp\/el-ultimo-adios-a-jose-oswaldo-pino-el-chino\/#primaryimage","url":"https:\/\/stage3.rnv.gob.ve\/wp\/wp-content\/uploads\/2023\/02\/IMG_20230228_154107.jpg","contentUrl":"https:\/\/stage3.rnv.gob.ve\/wp\/wp-content\/uploads\/2023\/02\/IMG_20230228_154107.jpg","width":538,"height":667},{"@type":"BreadcrumbList","@id":"https:\/\/stage3.rnv.gob.ve\/wp\/el-ultimo-adios-a-jose-oswaldo-pino-el-chino\/#breadcrumb","itemListElement":[{"@type":"ListItem","position":1,"name":"Portada","item":"https:\/\/stage3.rnv.gob.ve\/wp\/"},{"@type":"ListItem","position":2,"name":"El \u00daltimo Adi\u00f3s A Jos\u00e9 Oswaldo Pino &#8220;El Chino&#8221;"}]},{"@type":"WebSite","@id":"https:\/\/stage3.rnv.gob.ve\/wp\/#website","url":"https:\/\/stage3.rnv.gob.ve\/wp\/","name":"DEV RNV","description":"Radio Nacional de Venezuela C.A.","publisher":{"@id":"https:\/\/stage3.rnv.gob.ve\/wp\/#organization"},"potentialAction":[{"@type":"SearchAction","target":{"@type":"EntryPoint","urlTemplate":"https:\/\/stage3.rnv.gob.ve\/wp\/?s={search_term_string}"},"query-input":{"@type":"PropertyValueSpecification","valueRequired":true,"valueName":"search_term_string"}}],"inLanguage":"es"},{"@type":"Organization","@id":"https:\/\/stage3.rnv.gob.ve\/wp\/#organization","name":"Radio Nacional de Venezuela C.A.","url":"https:\/\/stage3.rnv.gob.ve\/wp\/","logo":{"@type":"ImageObject","inLanguage":"es","@id":"https:\/\/stage3.rnv.gob.ve\/wp\/#\/schema\/logo\/image\/","url":"http:\/\/rnv.ddns.net\/prensa\/wp-content\/uploads\/2022\/04\/rnv-1-300x227-1.jpg","contentUrl":"http:\/\/rnv.ddns.net\/prensa\/wp-content\/uploads\/2022\/04\/rnv-1-300x227-1.jpg","width":800,"height":455,"caption":"Radio Nacional de Venezuela C.A."},"image":{"@id":"https:\/\/stage3.rnv.gob.ve\/wp\/#\/schema\/logo\/image\/"},"sameAs":["https:\/\/www.facebook.com\/RadioNacionaldeVenezuela","https:\/\/x.com\/RNVinformativa","https:\/\/www.instagram.com\/rnvinformativa\/","https:\/\/www.youtube.com\/user\/RNVContigo"]},{"@type":"Person","@id":"https:\/\/stage3.rnv.gob.ve\/wp\/#\/schema\/person\/f01f556d4b148634786fbc7a33dd1e1e","name":"Greicy Far\u00edas","url":"https:\/\/stage3.rnv.gob.ve\/wp\/author\/greicy_farias\/"}]}},"jetpack_featured_media_url":"https:\/\/stage3.rnv.gob.ve\/wp\/wp-content\/uploads\/2023\/02\/IMG_20230228_154107.jpg","_links":{"self":[{"href":"https:\/\/stage3.rnv.gob.ve\/wp\/wp-json\/wp\/v2\/posts\/358113","targetHints":{"allow":["GET"]}}],"collection":[{"href":"https:\/\/stage3.rnv.gob.ve\/wp\/wp-json\/wp\/v2\/posts"}],"about":[{"href":"https:\/\/stage3.rnv.gob.ve\/wp\/wp-json\/wp\/v2\/types\/post"}],"author":[{"embeddable":true,"href":"https:\/\/stage3.rnv.gob.ve\/wp\/wp-json\/wp\/v2\/users\/55"}],"replies":[{"embeddable":true,"href":"https:\/\/stage3.rnv.gob.ve\/wp\/wp-json\/wp\/v2\/comments?post=358113"}],"version-history":[{"count":0,"href":"https:\/\/stage3.rnv.gob.ve\/wp\/wp-json\/wp\/v2\/posts\/358113\/revisions"}],"wp:featuredmedia":[{"embeddable":true,"href":"https:\/\/stage3.rnv.gob.ve\/wp\/wp-json\/wp\/v2\/media\/358115"}],"wp:attachment":[{"href":"https:\/\/stage3.rnv.gob.ve\/wp\/wp-json\/wp\/v2\/media?parent=358113"}],"wp:term":[{"taxonomy":"category","embeddable":true,"href":"https:\/\/stage3.rnv.gob.ve\/wp\/wp-json\/wp\/v2\/categories?post=358113"},{"taxonomy":"post_tag","embeddable":true,"href":"https:\/\/stage3.rnv.gob.ve\/wp\/wp-json\/wp\/v2\/tags?post=358113"}],"curies":[{"name":"wp","href":"https:\/\/api.w.org\/{rel}","templated":true}]}}