{"id":357824,"date":"2023-02-17T00:47:45","date_gmt":"2023-02-17T04:47:45","guid":{"rendered":"https:\/\/stage3.rnv.gob.ve\/wp\/prensa\/?p=357824"},"modified":"2023-02-18T02:42:45","modified_gmt":"2023-02-18T06:42:45","slug":"venezuela-propone-desarrollar-zona-economica-binacional-entre-tachira-y-norte-de-santander","status":"publish","type":"post","link":"https:\/\/stage3.rnv.gob.ve\/wp\/venezuela-propone-desarrollar-zona-economica-binacional-entre-tachira-y-norte-de-santander\/","title":{"rendered":"Venezuela propone desarrollar Zona Econ\u00f3mica Binacional entre T\u00e1chira y Norte de Santander"},"content":{"rendered":"<p>El jefe de Estado venezolano, Nicol\u00e1s Maduro Moros, se pronunci\u00f3 este jueves tras la firma del Acuerdo de Alcance Parcial de Naturaleza Comercial N\u00ba 28, junto a su hom\u00f3logo Gustavo Petro, en el Puente Atanasio Girardot de la frontera con Colombia, en el marco del desarrollo de la Zona Econ\u00f3mica Binacional entre el T\u00e1chira y Norte de Santander.<\/p>\n<p>\u201cLa firma de este acuerdo comercial que actualiza aranceles, productos intercambiados, prioridades, echa las bases hacia una nueva din\u00e1mica de expansi\u00f3n entre Colombia y Venezuela\u201d.<\/p>\n<p>Al destacar el trabajo realizado por el gobernador del T\u00e1chira,\u00a0Freddy Bernal,\u00a0como promotor entusiasta de una zona binacional com\u00fan entre el Norte de Santander en Colombia y la entidad venezolana, el presidente Maduro dijo a Petro que el Memor\u00e1ndum firmado crea las bases para que se den los pasos en esa direcci\u00f3n.<\/p>\n<p>\u201cEl problema monetario est\u00e1 resuelto entre el Norte de Santander y T\u00e1chira, hay una sola moneda para la actividad comercial, eso est\u00e1 resuelto (&#8230;) As\u00ed que creo que deber\u00edamos instalar, presidente Petro, para que lo conversemos, un equipo econ\u00f3mico donde participen los gobernadores y alcaldes de la zona, para echar n\u00fameros y proyectar e idear lo que, quiz\u00e1s, ser\u00eda un paso hist\u00f3rico gigantesco: la zona econ\u00f3mica binacional de desarrollo compartido entre el Norte de Santander y T\u00e1chira, que ser\u00eda el primer paso para unir desde el punto de vista econ\u00f3mico y comercial, de su potencialidad, la inmensa riqueza y la inmensa fuerza econ\u00f3mica que tiene la frontera de Colombia y Venezuela\u00bb, dijo el mandatario venezolano.<\/p>\n<p>Durante sus declaraciones, Maduro propuso mantener los ritmos de crecimiento de una actividad comercial y continuar expandiendo los pasos dados para recomponer los lazos sociales, econ\u00f3micos y pol\u00edticos que fueron rotos en el pasado cercano. Consider\u00f3 que el comercio colombo venezolano va a crecer, aunque no ser\u00e1 como en la \u00e9poca de la chequera petrolera, sino potenciando las capacidades de ambos lados de la frontera, en un esfuerzo tit\u00e1nico, que ser\u00e1 r\u00e9cord.<\/p>\n<p>El presidente Nicol\u00e1s Maduro advirti\u00f3 que en esta firma del acuerdo, la Venezuela de hoy es distinta a 2011, cuando ten\u00eda ingresos de 55 mil millones anuales por la \u201cchequera petrolera\u201d que permit\u00eda importar todo tipo de productos y se abandonaba la producci\u00f3n nacional en una pr\u00e1ctica destructiva de las capacidades econ\u00f3micas venezolanas.<\/p>\n<p>\u201cPasamos de 55 mil millones de d\u00f3lares a solo 770 millones, y en 2022 llegamos a cinco mil millones de d\u00f3lares, apenas el 10 % de un ingreso de hace 6 a\u00f1os atr\u00e1s\u201d, ejemplariz\u00f3.<\/p>\n<p>Inform\u00f3 que Venezuela registr\u00f3 un crecimiento del Producto Interno Bruto (PIB) de 15 % al cierre del a\u00f1o 2022 y, por primera vez, en 100 a\u00f1os, crece m\u00e1s el PIB no petrolero. \u201cUna se\u00f1al de recuperaci\u00f3n aunque el cuerpo todav\u00eda est\u00e1 sometido a las torturas implacables del bloqueo, pero el cuerpo da se\u00f1ales de vida, quiere vivir\u201d, dijo.<\/p>\n<p>\u201cVientos frescos soplan desde aqu\u00ed\u2026\u201d, dijo, para finalizar el presidente Maduro. \u201cY como ha dicho el presidente Petro, para el reencuentro y la reunificaci\u00f3n de lo que jam\u00e1s debi\u00f3 estar roto, vientos frescos, porque en la diversidad y con nuestras diferencias cabemos todos. Tenga usted en nosotros, presidente Petro, seguros amigos y seguros hermanos para el pueblo de Colombia\u201d.<\/p>\n<p><strong>T\/Fuente VTV<\/strong><\/p>\n","protected":false},"excerpt":{"rendered":"<p>El jefe de Estado venezolano, Nicol\u00e1s Maduro Moros, se pronunci\u00f3 este jueves tras la firma del Acuerdo de Alcance Parcial de Naturaleza Comercial N\u00ba 28, junto a su hom\u00f3logo Gustavo Petro, en el Puente Atanasio Girardot de la frontera con Colombia, en el marco del desarrollo de la Zona Econ\u00f3mica Binacional entre el T\u00e1chira y [&hellip;]<\/p>\n","protected":false},"author":18,"featured_media":357825,"comment_status":"closed","ping_status":"closed","sticky":false,"template":"","format":"standard","meta":{"_acf_changed":false,"footnotes":""},"categories":[57,59],"tags":[35775],"class_list":["post-357824","post","type-post","status-publish","format-standard","has-post-thumbnail","hentry","category-destacado","category-educacion","tag-zona-economica-binacional"],"acf":[],"yoast_head":"<!-- This site is optimized with the Yoast SEO plugin v27.4 - https:\/\/yoast.com\/product\/yoast-seo-wordpress\/ -->\n<title>Venezuela propone desarrollar Zona Econ\u00f3mica Binacional entre T\u00e1chira y Norte de Santander - DEV RNV<\/title>\n<meta name=\"description\" content=\"El jefe de Estado venezolano, Nicol\u00e1s Maduro Moros, se pronunci\u00f3 este jueves tras la firma del Acuerdo de Alcance Parcial de Naturaleza Comercial N\u00ba 28, junto a su hom\u00f3logo Gustavo Petro, en el Puente Atanasio Girardot de la frontera con Colombia, en el marco del desarrollo de la Zona Econ\u00f3mica Binacional entre el T\u00e1chira y Norte de Santander.\" \/>\n<meta name=\"robots\" content=\"noindex, follow, max-snippet:-1, max-image-preview:large, max-video-preview:-1\" \/>\n<meta property=\"og:locale\" content=\"es_ES\" \/>\n<meta property=\"og:type\" content=\"article\" \/>\n<meta property=\"og:title\" content=\"Venezuela propone desarrollar Zona Econ\u00f3mica Binacional entre T\u00e1chira y Norte de Santander - DEV RNV\" \/>\n<meta property=\"og:description\" content=\"El jefe de Estado venezolano, Nicol\u00e1s Maduro Moros, se pronunci\u00f3 este jueves tras la firma del Acuerdo de Alcance Parcial de Naturaleza Comercial N\u00ba 28, junto a su hom\u00f3logo Gustavo Petro, en el Puente Atanasio Girardot de la frontera con Colombia, en el marco del desarrollo de la Zona Econ\u00f3mica Binacional entre el T\u00e1chira y Norte de Santander.\" \/>\n<meta property=\"og:url\" content=\"https:\/\/stage3.rnv.gob.ve\/wp\/venezuela-propone-desarrollar-zona-economica-binacional-entre-tachira-y-norte-de-santander\/\" \/>\n<meta property=\"og:site_name\" content=\"DEV RNV\" \/>\n<meta property=\"article:publisher\" content=\"https:\/\/www.facebook.com\/RadioNacionaldeVenezuela\" \/>\n<meta property=\"article:published_time\" content=\"2023-02-17T04:47:45+00:00\" \/>\n<meta property=\"article:modified_time\" content=\"2023-02-18T06:42:45+00:00\" \/>\n<meta property=\"og:image\" content=\"https:\/\/stage3.rnv.gob.ve\/wp\/wp-content\/uploads\/2023\/02\/Nicolas-Maduro-2.jpg\" \/>\n\t<meta property=\"og:image:width\" content=\"800\" \/>\n\t<meta property=\"og:image:height\" content=\"445\" \/>\n\t<meta property=\"og:image:type\" content=\"image\/jpeg\" \/>\n<meta name=\"author\" content=\"Nora Andrade\" \/>\n<meta name=\"twitter:card\" content=\"summary_large_image\" \/>\n<meta name=\"twitter:creator\" content=\"@RNVinformativa\" \/>\n<meta name=\"twitter:site\" content=\"@RNVinformativa\" \/>\n<meta name=\"twitter:label1\" content=\"Escrito por\" \/>\n\t<meta name=\"twitter:data1\" content=\"Nora Andrade\" \/>\n\t<meta name=\"twitter:label2\" content=\"Tiempo estimado de lectura\" \/>\n\t<meta name=\"twitter:data2\" content=\"3 minutos\" \/>\n<script type=\"application\/ld+json\" class=\"yoast-schema-graph\">{\"@context\":\"https:\\\/\\\/schema.org\",\"@graph\":[{\"@type\":\"Article\",\"@id\":\"https:\\\/\\\/stage3.rnv.gob.ve\\\/wp\\\/venezuela-propone-desarrollar-zona-economica-binacional-entre-tachira-y-norte-de-santander\\\/#article\",\"isPartOf\":{\"@id\":\"https:\\\/\\\/stage3.rnv.gob.ve\\\/wp\\\/venezuela-propone-desarrollar-zona-economica-binacional-entre-tachira-y-norte-de-santander\\\/\"},\"author\":{\"name\":\"Nora Andrade\",\"@id\":\"https:\\\/\\\/stage3.rnv.gob.ve\\\/wp\\\/#\\\/schema\\\/person\\\/b04f077485d4e004e355dd829c37feaa\"},\"headline\":\"Venezuela propone desarrollar Zona Econ\u00f3mica Binacional entre T\u00e1chira y Norte de Santander\",\"datePublished\":\"2023-02-17T04:47:45+00:00\",\"dateModified\":\"2023-02-18T06:42:45+00:00\",\"mainEntityOfPage\":{\"@id\":\"https:\\\/\\\/stage3.rnv.gob.ve\\\/wp\\\/venezuela-propone-desarrollar-zona-economica-binacional-entre-tachira-y-norte-de-santander\\\/\"},\"wordCount\":575,\"publisher\":{\"@id\":\"https:\\\/\\\/stage3.rnv.gob.ve\\\/wp\\\/#organization\"},\"image\":{\"@id\":\"https:\\\/\\\/stage3.rnv.gob.ve\\\/wp\\\/venezuela-propone-desarrollar-zona-economica-binacional-entre-tachira-y-norte-de-santander\\\/#primaryimage\"},\"thumbnailUrl\":\"https:\\\/\\\/stage3.rnv.gob.ve\\\/wp\\\/wp-content\\\/uploads\\\/2023\\\/02\\\/Nicolas-Maduro-2.jpg\",\"keywords\":[\"Zona Econ\u00f3mica Binacional\"],\"articleSection\":[\"Destacado\",\"Educaci\u00f3n\"],\"inLanguage\":\"es\"},{\"@type\":\"WebPage\",\"@id\":\"https:\\\/\\\/stage3.rnv.gob.ve\\\/wp\\\/venezuela-propone-desarrollar-zona-economica-binacional-entre-tachira-y-norte-de-santander\\\/\",\"url\":\"https:\\\/\\\/stage3.rnv.gob.ve\\\/wp\\\/venezuela-propone-desarrollar-zona-economica-binacional-entre-tachira-y-norte-de-santander\\\/\",\"name\":\"Venezuela propone desarrollar Zona Econ\u00f3mica Binacional entre T\u00e1chira y Norte de Santander - DEV RNV\",\"isPartOf\":{\"@id\":\"https:\\\/\\\/stage3.rnv.gob.ve\\\/wp\\\/#website\"},\"primaryImageOfPage\":{\"@id\":\"https:\\\/\\\/stage3.rnv.gob.ve\\\/wp\\\/venezuela-propone-desarrollar-zona-economica-binacional-entre-tachira-y-norte-de-santander\\\/#primaryimage\"},\"image\":{\"@id\":\"https:\\\/\\\/stage3.rnv.gob.ve\\\/wp\\\/venezuela-propone-desarrollar-zona-economica-binacional-entre-tachira-y-norte-de-santander\\\/#primaryimage\"},\"thumbnailUrl\":\"https:\\\/\\\/stage3.rnv.gob.ve\\\/wp\\\/wp-content\\\/uploads\\\/2023\\\/02\\\/Nicolas-Maduro-2.jpg\",\"datePublished\":\"2023-02-17T04:47:45+00:00\",\"dateModified\":\"2023-02-18T06:42:45+00:00\",\"description\":\"El jefe de Estado venezolano, Nicol\u00e1s Maduro Moros, se pronunci\u00f3 este jueves tras la firma del Acuerdo de Alcance Parcial de Naturaleza Comercial N\u00ba 28, junto a su hom\u00f3logo Gustavo Petro, en el Puente Atanasio Girardot de la frontera con Colombia, en el marco del desarrollo de la Zona Econ\u00f3mica Binacional entre el T\u00e1chira y Norte de Santander.\",\"breadcrumb\":{\"@id\":\"https:\\\/\\\/stage3.rnv.gob.ve\\\/wp\\\/venezuela-propone-desarrollar-zona-economica-binacional-entre-tachira-y-norte-de-santander\\\/#breadcrumb\"},\"inLanguage\":\"es\",\"potentialAction\":[{\"@type\":\"ReadAction\",\"target\":[\"https:\\\/\\\/stage3.rnv.gob.ve\\\/wp\\\/venezuela-propone-desarrollar-zona-economica-binacional-entre-tachira-y-norte-de-santander\\\/\"]}]},{\"@type\":\"ImageObject\",\"inLanguage\":\"es\",\"@id\":\"https:\\\/\\\/stage3.rnv.gob.ve\\\/wp\\\/venezuela-propone-desarrollar-zona-economica-binacional-entre-tachira-y-norte-de-santander\\\/#primaryimage\",\"url\":\"https:\\\/\\\/stage3.rnv.gob.ve\\\/wp\\\/wp-content\\\/uploads\\\/2023\\\/02\\\/Nicolas-Maduro-2.jpg\",\"contentUrl\":\"https:\\\/\\\/stage3.rnv.gob.ve\\\/wp\\\/wp-content\\\/uploads\\\/2023\\\/02\\\/Nicolas-Maduro-2.jpg\",\"width\":800,\"height\":445},{\"@type\":\"BreadcrumbList\",\"@id\":\"https:\\\/\\\/stage3.rnv.gob.ve\\\/wp\\\/venezuela-propone-desarrollar-zona-economica-binacional-entre-tachira-y-norte-de-santander\\\/#breadcrumb\",\"itemListElement\":[{\"@type\":\"ListItem\",\"position\":1,\"name\":\"Portada\",\"item\":\"https:\\\/\\\/stage3.rnv.gob.ve\\\/wp\\\/\"},{\"@type\":\"ListItem\",\"position\":2,\"name\":\"Venezuela Propone Desarrollar Zona Econ\u00f3mica Binacional Entre T\u00e1chira Y Norte De Santander\"}]},{\"@type\":\"WebSite\",\"@id\":\"https:\\\/\\\/stage3.rnv.gob.ve\\\/wp\\\/#website\",\"url\":\"https:\\\/\\\/stage3.rnv.gob.ve\\\/wp\\\/\",\"name\":\"DEV RNV\",\"description\":\"Radio Nacional de Venezuela C.A.\",\"publisher\":{\"@id\":\"https:\\\/\\\/stage3.rnv.gob.ve\\\/wp\\\/#organization\"},\"potentialAction\":[{\"@type\":\"SearchAction\",\"target\":{\"@type\":\"EntryPoint\",\"urlTemplate\":\"https:\\\/\\\/stage3.rnv.gob.ve\\\/wp\\\/?s={search_term_string}\"},\"query-input\":{\"@type\":\"PropertyValueSpecification\",\"valueRequired\":true,\"valueName\":\"search_term_string\"}}],\"inLanguage\":\"es\"},{\"@type\":\"Organization\",\"@id\":\"https:\\\/\\\/stage3.rnv.gob.ve\\\/wp\\\/#organization\",\"name\":\"Radio Nacional de Venezuela C.A.\",\"url\":\"https:\\\/\\\/stage3.rnv.gob.ve\\\/wp\\\/\",\"logo\":{\"@type\":\"ImageObject\",\"inLanguage\":\"es\",\"@id\":\"https:\\\/\\\/stage3.rnv.gob.ve\\\/wp\\\/#\\\/schema\\\/logo\\\/image\\\/\",\"url\":\"http:\\\/\\\/rnv.ddns.net\\\/prensa\\\/wp-content\\\/uploads\\\/2022\\\/04\\\/rnv-1-300x227-1.jpg\",\"contentUrl\":\"http:\\\/\\\/rnv.ddns.net\\\/prensa\\\/wp-content\\\/uploads\\\/2022\\\/04\\\/rnv-1-300x227-1.jpg\",\"width\":800,\"height\":455,\"caption\":\"Radio Nacional de Venezuela C.A.\"},\"image\":{\"@id\":\"https:\\\/\\\/stage3.rnv.gob.ve\\\/wp\\\/#\\\/schema\\\/logo\\\/image\\\/\"},\"sameAs\":[\"https:\\\/\\\/www.facebook.com\\\/RadioNacionaldeVenezuela\",\"https:\\\/\\\/x.com\\\/RNVinformativa\",\"https:\\\/\\\/www.instagram.com\\\/rnvinformativa\\\/\",\"https:\\\/\\\/www.youtube.com\\\/user\\\/RNVContigo\"]},{\"@type\":\"Person\",\"@id\":\"https:\\\/\\\/stage3.rnv.gob.ve\\\/wp\\\/#\\\/schema\\\/person\\\/b04f077485d4e004e355dd829c37feaa\",\"name\":\"Nora Andrade\",\"url\":\"https:\\\/\\\/stage3.rnv.gob.ve\\\/wp\\\/author\\\/nora_andrade\\\/\"}]}<\/script>\n<!-- \/ Yoast SEO plugin. -->","yoast_head_json":{"title":"Venezuela propone desarrollar Zona Econ\u00f3mica Binacional entre T\u00e1chira y Norte de Santander - DEV RNV","description":"El jefe de Estado venezolano, Nicol\u00e1s Maduro Moros, se pronunci\u00f3 este jueves tras la firma del Acuerdo de Alcance Parcial de Naturaleza Comercial N\u00ba 28, junto a su hom\u00f3logo Gustavo Petro, en el Puente Atanasio Girardot de la frontera con Colombia, en el marco del desarrollo de la Zona Econ\u00f3mica Binacional entre el T\u00e1chira y Norte de Santander.","robots":{"index":"noindex","follow":"follow","max-snippet":"max-snippet:-1","max-image-preview":"max-image-preview:large","max-video-preview":"max-video-preview:-1"},"og_locale":"es_ES","og_type":"article","og_title":"Venezuela propone desarrollar Zona Econ\u00f3mica Binacional entre T\u00e1chira y Norte de Santander - DEV RNV","og_description":"El jefe de Estado venezolano, Nicol\u00e1s Maduro Moros, se pronunci\u00f3 este jueves tras la firma del Acuerdo de Alcance Parcial de Naturaleza Comercial N\u00ba 28, junto a su hom\u00f3logo Gustavo Petro, en el Puente Atanasio Girardot de la frontera con Colombia, en el marco del desarrollo de la Zona Econ\u00f3mica Binacional entre el T\u00e1chira y Norte de Santander.","og_url":"https:\/\/stage3.rnv.gob.ve\/wp\/venezuela-propone-desarrollar-zona-economica-binacional-entre-tachira-y-norte-de-santander\/","og_site_name":"DEV RNV","article_publisher":"https:\/\/www.facebook.com\/RadioNacionaldeVenezuela","article_published_time":"2023-02-17T04:47:45+00:00","article_modified_time":"2023-02-18T06:42:45+00:00","og_image":[{"width":800,"height":445,"url":"https:\/\/stage3.rnv.gob.ve\/wp\/wp-content\/uploads\/2023\/02\/Nicolas-Maduro-2.jpg","type":"image\/jpeg"}],"author":"Nora Andrade","twitter_card":"summary_large_image","twitter_creator":"@RNVinformativa","twitter_site":"@RNVinformativa","twitter_misc":{"Escrito por":"Nora Andrade","Tiempo estimado de lectura":"3 minutos"},"schema":{"@context":"https:\/\/schema.org","@graph":[{"@type":"Article","@id":"https:\/\/stage3.rnv.gob.ve\/wp\/venezuela-propone-desarrollar-zona-economica-binacional-entre-tachira-y-norte-de-santander\/#article","isPartOf":{"@id":"https:\/\/stage3.rnv.gob.ve\/wp\/venezuela-propone-desarrollar-zona-economica-binacional-entre-tachira-y-norte-de-santander\/"},"author":{"name":"Nora Andrade","@id":"https:\/\/stage3.rnv.gob.ve\/wp\/#\/schema\/person\/b04f077485d4e004e355dd829c37feaa"},"headline":"Venezuela propone desarrollar Zona Econ\u00f3mica Binacional entre T\u00e1chira y Norte de Santander","datePublished":"2023-02-17T04:47:45+00:00","dateModified":"2023-02-18T06:42:45+00:00","mainEntityOfPage":{"@id":"https:\/\/stage3.rnv.gob.ve\/wp\/venezuela-propone-desarrollar-zona-economica-binacional-entre-tachira-y-norte-de-santander\/"},"wordCount":575,"publisher":{"@id":"https:\/\/stage3.rnv.gob.ve\/wp\/#organization"},"image":{"@id":"https:\/\/stage3.rnv.gob.ve\/wp\/venezuela-propone-desarrollar-zona-economica-binacional-entre-tachira-y-norte-de-santander\/#primaryimage"},"thumbnailUrl":"https:\/\/stage3.rnv.gob.ve\/wp\/wp-content\/uploads\/2023\/02\/Nicolas-Maduro-2.jpg","keywords":["Zona Econ\u00f3mica Binacional"],"articleSection":["Destacado","Educaci\u00f3n"],"inLanguage":"es"},{"@type":"WebPage","@id":"https:\/\/stage3.rnv.gob.ve\/wp\/venezuela-propone-desarrollar-zona-economica-binacional-entre-tachira-y-norte-de-santander\/","url":"https:\/\/stage3.rnv.gob.ve\/wp\/venezuela-propone-desarrollar-zona-economica-binacional-entre-tachira-y-norte-de-santander\/","name":"Venezuela propone desarrollar Zona Econ\u00f3mica Binacional entre T\u00e1chira y Norte de Santander - DEV RNV","isPartOf":{"@id":"https:\/\/stage3.rnv.gob.ve\/wp\/#website"},"primaryImageOfPage":{"@id":"https:\/\/stage3.rnv.gob.ve\/wp\/venezuela-propone-desarrollar-zona-economica-binacional-entre-tachira-y-norte-de-santander\/#primaryimage"},"image":{"@id":"https:\/\/stage3.rnv.gob.ve\/wp\/venezuela-propone-desarrollar-zona-economica-binacional-entre-tachira-y-norte-de-santander\/#primaryimage"},"thumbnailUrl":"https:\/\/stage3.rnv.gob.ve\/wp\/wp-content\/uploads\/2023\/02\/Nicolas-Maduro-2.jpg","datePublished":"2023-02-17T04:47:45+00:00","dateModified":"2023-02-18T06:42:45+00:00","description":"El jefe de Estado venezolano, Nicol\u00e1s Maduro Moros, se pronunci\u00f3 este jueves tras la firma del Acuerdo de Alcance Parcial de Naturaleza Comercial N\u00ba 28, junto a su hom\u00f3logo Gustavo Petro, en el Puente Atanasio Girardot de la frontera con Colombia, en el marco del desarrollo de la Zona Econ\u00f3mica Binacional entre el T\u00e1chira y Norte de Santander.","breadcrumb":{"@id":"https:\/\/stage3.rnv.gob.ve\/wp\/venezuela-propone-desarrollar-zona-economica-binacional-entre-tachira-y-norte-de-santander\/#breadcrumb"},"inLanguage":"es","potentialAction":[{"@type":"ReadAction","target":["https:\/\/stage3.rnv.gob.ve\/wp\/venezuela-propone-desarrollar-zona-economica-binacional-entre-tachira-y-norte-de-santander\/"]}]},{"@type":"ImageObject","inLanguage":"es","@id":"https:\/\/stage3.rnv.gob.ve\/wp\/venezuela-propone-desarrollar-zona-economica-binacional-entre-tachira-y-norte-de-santander\/#primaryimage","url":"https:\/\/stage3.rnv.gob.ve\/wp\/wp-content\/uploads\/2023\/02\/Nicolas-Maduro-2.jpg","contentUrl":"https:\/\/stage3.rnv.gob.ve\/wp\/wp-content\/uploads\/2023\/02\/Nicolas-Maduro-2.jpg","width":800,"height":445},{"@type":"BreadcrumbList","@id":"https:\/\/stage3.rnv.gob.ve\/wp\/venezuela-propone-desarrollar-zona-economica-binacional-entre-tachira-y-norte-de-santander\/#breadcrumb","itemListElement":[{"@type":"ListItem","position":1,"name":"Portada","item":"https:\/\/stage3.rnv.gob.ve\/wp\/"},{"@type":"ListItem","position":2,"name":"Venezuela Propone Desarrollar Zona Econ\u00f3mica Binacional Entre T\u00e1chira Y Norte De Santander"}]},{"@type":"WebSite","@id":"https:\/\/stage3.rnv.gob.ve\/wp\/#website","url":"https:\/\/stage3.rnv.gob.ve\/wp\/","name":"DEV RNV","description":"Radio Nacional de Venezuela C.A.","publisher":{"@id":"https:\/\/stage3.rnv.gob.ve\/wp\/#organization"},"potentialAction":[{"@type":"SearchAction","target":{"@type":"EntryPoint","urlTemplate":"https:\/\/stage3.rnv.gob.ve\/wp\/?s={search_term_string}"},"query-input":{"@type":"PropertyValueSpecification","valueRequired":true,"valueName":"search_term_string"}}],"inLanguage":"es"},{"@type":"Organization","@id":"https:\/\/stage3.rnv.gob.ve\/wp\/#organization","name":"Radio Nacional de Venezuela C.A.","url":"https:\/\/stage3.rnv.gob.ve\/wp\/","logo":{"@type":"ImageObject","inLanguage":"es","@id":"https:\/\/stage3.rnv.gob.ve\/wp\/#\/schema\/logo\/image\/","url":"http:\/\/rnv.ddns.net\/prensa\/wp-content\/uploads\/2022\/04\/rnv-1-300x227-1.jpg","contentUrl":"http:\/\/rnv.ddns.net\/prensa\/wp-content\/uploads\/2022\/04\/rnv-1-300x227-1.jpg","width":800,"height":455,"caption":"Radio Nacional de Venezuela C.A."},"image":{"@id":"https:\/\/stage3.rnv.gob.ve\/wp\/#\/schema\/logo\/image\/"},"sameAs":["https:\/\/www.facebook.com\/RadioNacionaldeVenezuela","https:\/\/x.com\/RNVinformativa","https:\/\/www.instagram.com\/rnvinformativa\/","https:\/\/www.youtube.com\/user\/RNVContigo"]},{"@type":"Person","@id":"https:\/\/stage3.rnv.gob.ve\/wp\/#\/schema\/person\/b04f077485d4e004e355dd829c37feaa","name":"Nora Andrade","url":"https:\/\/stage3.rnv.gob.ve\/wp\/author\/nora_andrade\/"}]}},"jetpack_featured_media_url":"https:\/\/stage3.rnv.gob.ve\/wp\/wp-content\/uploads\/2023\/02\/Nicolas-Maduro-2.jpg","_links":{"self":[{"href":"https:\/\/stage3.rnv.gob.ve\/wp\/wp-json\/wp\/v2\/posts\/357824","targetHints":{"allow":["GET"]}}],"collection":[{"href":"https:\/\/stage3.rnv.gob.ve\/wp\/wp-json\/wp\/v2\/posts"}],"about":[{"href":"https:\/\/stage3.rnv.gob.ve\/wp\/wp-json\/wp\/v2\/types\/post"}],"author":[{"embeddable":true,"href":"https:\/\/stage3.rnv.gob.ve\/wp\/wp-json\/wp\/v2\/users\/18"}],"replies":[{"embeddable":true,"href":"https:\/\/stage3.rnv.gob.ve\/wp\/wp-json\/wp\/v2\/comments?post=357824"}],"version-history":[{"count":0,"href":"https:\/\/stage3.rnv.gob.ve\/wp\/wp-json\/wp\/v2\/posts\/357824\/revisions"}],"wp:featuredmedia":[{"embeddable":true,"href":"https:\/\/stage3.rnv.gob.ve\/wp\/wp-json\/wp\/v2\/media\/357825"}],"wp:attachment":[{"href":"https:\/\/stage3.rnv.gob.ve\/wp\/wp-json\/wp\/v2\/media?parent=357824"}],"wp:term":[{"taxonomy":"category","embeddable":true,"href":"https:\/\/stage3.rnv.gob.ve\/wp\/wp-json\/wp\/v2\/categories?post=357824"},{"taxonomy":"post_tag","embeddable":true,"href":"https:\/\/stage3.rnv.gob.ve\/wp\/wp-json\/wp\/v2\/tags?post=357824"}],"curies":[{"name":"wp","href":"https:\/\/api.w.org\/{rel}","templated":true}]}}