{"id":35144,"date":"2016-06-03T16:05:15","date_gmt":"2016-06-03T20:05:15","guid":{"rendered":"http:\/\/wpeditor.rnv.gob.ve\/?p=35144"},"modified":"2016-06-03T16:05:15","modified_gmt":"2016-06-03T20:05:15","slug":"comuneros-del-pais-expresaron-su-energico-rechazo-contra-la-agresion-imperial","status":"publish","type":"post","link":"https:\/\/stage3.rnv.gob.ve\/wp\/comuneros-del-pais-expresaron-su-energico-rechazo-contra-la-agresion-imperial\/","title":{"rendered":"Comuneros del pa\u00eds expresaron su en\u00e9rgico rechazo contra la agresi\u00f3n imperial"},"content":{"rendered":"<p><figure id=\"attachment_35153\" aria-describedby=\"caption-attachment-35153\" style=\"width: 300px\" class=\"wp-caption alignleft\"><img fetchpriority=\"high\" decoding=\"async\" class=\"size-medium wp-image-35153\" src=\"http:\/\/wpeditor.rnv.gob.ve\/app\/uploads\/2016\/06\/comunerosll-300x200.jpeg\" alt=\"Foto: (Archivo)\" width=\"300\" height=\"200\" \/><figcaption id=\"caption-attachment-35153\" class=\"wp-caption-text\">Foto: (Archivo)<\/figcaption><\/figure><br \/>\nEl Consejo Presidencial de las Comunas realiz\u00f3 la lectura de un manifiesto en rechazo a la agresi\u00f3n imperial del Secretario General de la Organizaci\u00f3n de Estados Americanos (OEA) en el que solicita aplicar la Carta Democr\u00e1tica de dicho organismo contra Venezuela, atribuy\u00e9ndose funciones no inherentes al cargo que ejerce.\u00a0<!--more--><br \/>\n\u00abEste Consejo Presidencial de las Comunas, en pleno conocimiento de nuestras responsabilidades hist\u00f3ricas, que nos exige la patria (&#8230;) manifestamos nuestro m\u00e1s en\u00e9rgico rechazo a las acciones injerencistas del Secretario General de la OEA, Luis Almagro,\u00a0al tiempo que exigimos a \u00e9l y a sus aliados externos, el respeto a la soberan\u00eda y a nuestra determinaci\u00f3n\u00bb, expresa el texto, difundido por uno de los integrantes de dicho Consejo.<br \/>\n\u00abDenunciamos al presidente Obama,\u00a0que impuso a Venezuela un decreto que abre las puertas a una intervenci\u00f3n imperial (&#8230;) no somos ni seremos colonia de nadie, no somos ni seremos colonia de ning\u00fan\u00a0imperio\u00bb, refiere el documento.<br \/>\nEl manifiesto\u00a0rechaza las pol\u00edticas \u00abde saboteo y terrorismo del presidente de la Asamblea Nacional, Henry Ramos Allup\u00bb, al tiempo que asevera que el Consejo Presidencial de Comunas se declara en movilizaci\u00f3n permanente en defensa del pa\u00eds.<br \/>\n<strong>Escuche la lectura del manifiesto del Consejo Presidencial de las Comunas en contra de la injerencia imperialista<\/strong><br \/>\n<audio class=\"wp-audio-shortcode\" id=\"audio-35144-1\" preload=\"none\" style=\"width: 100%;\" controls=\"controls\"><source type=\"audio\/mpeg\" src=\"http:\/\/wpeditor.rnv.gob.ve\/app\/uploads\/2016\/06\/MANIFIESTO.mp3?_=1\" \/><a href=\"http:\/\/wpeditor.rnv.gob.ve\/app\/uploads\/2016\/06\/MANIFIESTO.mp3\">http:\/\/wpeditor.rnv.gob.ve\/app\/uploads\/2016\/06\/MANIFIESTO.mp3<\/a><\/audio><\/p>\n","protected":false},"excerpt":{"rendered":"<p>El Consejo Presidencial de las Comunas realiz\u00f3 la lectura de un manifiesto en rechazo a la agresi\u00f3n imperial del Secretario General de la Organizaci\u00f3n de Estados Americanos (OEA) en el que solicita aplicar la Carta Democr\u00e1tica de dicho organismo contra Venezuela, atribuy\u00e9ndose funciones no inherentes al cargo que ejerce.\u00a0<\/p>\n","protected":false},"author":9,"featured_media":35153,"comment_status":"closed","ping_status":"open","sticky":false,"template":"","format":"standard","meta":{"_acf_changed":false,"footnotes":""},"categories":[65],"tags":[730,751,2730,354],"class_list":["post-35144","post","type-post","status-publish","format-standard","has-post-thumbnail","hentry","category-nacional","tag-almagro","tag-comunas","tag-manifiesto","tag-rechazo"],"acf":[],"yoast_head":"<!-- This site is optimized with the Yoast SEO plugin v27.4 - https:\/\/yoast.com\/product\/yoast-seo-wordpress\/ -->\n<title>Comuneros del pa\u00eds expresaron su en\u00e9rgico rechazo contra la agresi\u00f3n imperial - DEV RNV<\/title>\n<meta name=\"robots\" content=\"noindex, follow, max-snippet:-1, max-image-preview:large, max-video-preview:-1\" \/>\n<meta property=\"og:locale\" content=\"es_ES\" \/>\n<meta property=\"og:type\" content=\"article\" \/>\n<meta property=\"og:title\" content=\"Comuneros del pa\u00eds expresaron su en\u00e9rgico rechazo contra la agresi\u00f3n imperial - DEV RNV\" \/>\n<meta property=\"og:description\" content=\"El Consejo Presidencial de las Comunas realiz\u00f3 la lectura de un manifiesto en rechazo a la agresi\u00f3n imperial del Secretario General de la Organizaci\u00f3n de Estados Americanos (OEA) en el que solicita aplicar la Carta Democr\u00e1tica de dicho organismo contra Venezuela, atribuy\u00e9ndose funciones no inherentes al cargo que ejerce.\u00a0\" \/>\n<meta property=\"og:url\" content=\"https:\/\/stage3.rnv.gob.ve\/wp\/comuneros-del-pais-expresaron-su-energico-rechazo-contra-la-agresion-imperial\/\" \/>\n<meta property=\"og:site_name\" content=\"DEV RNV\" \/>\n<meta property=\"article:publisher\" content=\"https:\/\/www.facebook.com\/RadioNacionaldeVenezuela\" \/>\n<meta property=\"article:published_time\" content=\"2016-06-03T20:05:15+00:00\" \/>\n<meta name=\"author\" content=\"Mariandry Lacl\u00e9\" \/>\n<meta name=\"twitter:card\" content=\"summary_large_image\" \/>\n<meta name=\"twitter:creator\" content=\"@RNVinformativa\" \/>\n<meta name=\"twitter:site\" content=\"@RNVinformativa\" \/>\n<meta name=\"twitter:label1\" content=\"Escrito por\" \/>\n\t<meta name=\"twitter:data1\" content=\"Mariandry Lacl\u00e9\" \/>\n\t<meta name=\"twitter:label2\" content=\"Tiempo estimado de lectura\" \/>\n\t<meta name=\"twitter:data2\" content=\"1 minuto\" \/>\n<script type=\"application\/ld+json\" class=\"yoast-schema-graph\">{\"@context\":\"https:\\\/\\\/schema.org\",\"@graph\":[{\"@type\":\"Article\",\"@id\":\"https:\\\/\\\/stage3.rnv.gob.ve\\\/wp\\\/comuneros-del-pais-expresaron-su-energico-rechazo-contra-la-agresion-imperial\\\/#article\",\"isPartOf\":{\"@id\":\"https:\\\/\\\/stage3.rnv.gob.ve\\\/wp\\\/comuneros-del-pais-expresaron-su-energico-rechazo-contra-la-agresion-imperial\\\/\"},\"author\":{\"name\":\"Mariandry Lacl\u00e9\",\"@id\":\"https:\\\/\\\/stage3.rnv.gob.ve\\\/wp\\\/#\\\/schema\\\/person\\\/33c4fd1879de0b5e68e2f17d1a22b2aa\"},\"headline\":\"Comuneros del pa\u00eds expresaron su en\u00e9rgico rechazo contra la agresi\u00f3n imperial\",\"datePublished\":\"2016-06-03T20:05:15+00:00\",\"mainEntityOfPage\":{\"@id\":\"https:\\\/\\\/stage3.rnv.gob.ve\\\/wp\\\/comuneros-del-pais-expresaron-su-energico-rechazo-contra-la-agresion-imperial\\\/\"},\"wordCount\":255,\"publisher\":{\"@id\":\"https:\\\/\\\/stage3.rnv.gob.ve\\\/wp\\\/#organization\"},\"image\":{\"@id\":\"https:\\\/\\\/stage3.rnv.gob.ve\\\/wp\\\/comuneros-del-pais-expresaron-su-energico-rechazo-contra-la-agresion-imperial\\\/#primaryimage\"},\"thumbnailUrl\":\"\",\"keywords\":[\"almagro\",\"comunas\",\"manifiesto\",\"rechazo\"],\"articleSection\":[\"Nacional\"],\"inLanguage\":\"es\"},{\"@type\":\"WebPage\",\"@id\":\"https:\\\/\\\/stage3.rnv.gob.ve\\\/wp\\\/comuneros-del-pais-expresaron-su-energico-rechazo-contra-la-agresion-imperial\\\/\",\"url\":\"https:\\\/\\\/stage3.rnv.gob.ve\\\/wp\\\/comuneros-del-pais-expresaron-su-energico-rechazo-contra-la-agresion-imperial\\\/\",\"name\":\"Comuneros del pa\u00eds expresaron su en\u00e9rgico rechazo contra la agresi\u00f3n imperial - DEV RNV\",\"isPartOf\":{\"@id\":\"https:\\\/\\\/stage3.rnv.gob.ve\\\/wp\\\/#website\"},\"primaryImageOfPage\":{\"@id\":\"https:\\\/\\\/stage3.rnv.gob.ve\\\/wp\\\/comuneros-del-pais-expresaron-su-energico-rechazo-contra-la-agresion-imperial\\\/#primaryimage\"},\"image\":{\"@id\":\"https:\\\/\\\/stage3.rnv.gob.ve\\\/wp\\\/comuneros-del-pais-expresaron-su-energico-rechazo-contra-la-agresion-imperial\\\/#primaryimage\"},\"thumbnailUrl\":\"\",\"datePublished\":\"2016-06-03T20:05:15+00:00\",\"breadcrumb\":{\"@id\":\"https:\\\/\\\/stage3.rnv.gob.ve\\\/wp\\\/comuneros-del-pais-expresaron-su-energico-rechazo-contra-la-agresion-imperial\\\/#breadcrumb\"},\"inLanguage\":\"es\",\"potentialAction\":[{\"@type\":\"ReadAction\",\"target\":[\"https:\\\/\\\/stage3.rnv.gob.ve\\\/wp\\\/comuneros-del-pais-expresaron-su-energico-rechazo-contra-la-agresion-imperial\\\/\"]}]},{\"@type\":\"ImageObject\",\"inLanguage\":\"es\",\"@id\":\"https:\\\/\\\/stage3.rnv.gob.ve\\\/wp\\\/comuneros-del-pais-expresaron-su-energico-rechazo-contra-la-agresion-imperial\\\/#primaryimage\",\"url\":\"\",\"contentUrl\":\"\"},{\"@type\":\"BreadcrumbList\",\"@id\":\"https:\\\/\\\/stage3.rnv.gob.ve\\\/wp\\\/comuneros-del-pais-expresaron-su-energico-rechazo-contra-la-agresion-imperial\\\/#breadcrumb\",\"itemListElement\":[{\"@type\":\"ListItem\",\"position\":1,\"name\":\"Portada\",\"item\":\"https:\\\/\\\/stage3.rnv.gob.ve\\\/wp\\\/\"},{\"@type\":\"ListItem\",\"position\":2,\"name\":\"Comuneros Del Pa\u00eds Expresaron Su En\u00e9rgico Rechazo Contra La Agresi\u00f3n Imperial\"}]},{\"@type\":\"WebSite\",\"@id\":\"https:\\\/\\\/stage3.rnv.gob.ve\\\/wp\\\/#website\",\"url\":\"https:\\\/\\\/stage3.rnv.gob.ve\\\/wp\\\/\",\"name\":\"DEV RNV\",\"description\":\"Radio Nacional de Venezuela C.A.\",\"publisher\":{\"@id\":\"https:\\\/\\\/stage3.rnv.gob.ve\\\/wp\\\/#organization\"},\"potentialAction\":[{\"@type\":\"SearchAction\",\"target\":{\"@type\":\"EntryPoint\",\"urlTemplate\":\"https:\\\/\\\/stage3.rnv.gob.ve\\\/wp\\\/?s={search_term_string}\"},\"query-input\":{\"@type\":\"PropertyValueSpecification\",\"valueRequired\":true,\"valueName\":\"search_term_string\"}}],\"inLanguage\":\"es\"},{\"@type\":\"Organization\",\"@id\":\"https:\\\/\\\/stage3.rnv.gob.ve\\\/wp\\\/#organization\",\"name\":\"Radio Nacional de Venezuela C.A.\",\"url\":\"https:\\\/\\\/stage3.rnv.gob.ve\\\/wp\\\/\",\"logo\":{\"@type\":\"ImageObject\",\"inLanguage\":\"es\",\"@id\":\"https:\\\/\\\/stage3.rnv.gob.ve\\\/wp\\\/#\\\/schema\\\/logo\\\/image\\\/\",\"url\":\"http:\\\/\\\/rnv.ddns.net\\\/prensa\\\/wp-content\\\/uploads\\\/2022\\\/04\\\/rnv-1-300x227-1.jpg\",\"contentUrl\":\"http:\\\/\\\/rnv.ddns.net\\\/prensa\\\/wp-content\\\/uploads\\\/2022\\\/04\\\/rnv-1-300x227-1.jpg\",\"width\":800,\"height\":455,\"caption\":\"Radio Nacional de Venezuela C.A.\"},\"image\":{\"@id\":\"https:\\\/\\\/stage3.rnv.gob.ve\\\/wp\\\/#\\\/schema\\\/logo\\\/image\\\/\"},\"sameAs\":[\"https:\\\/\\\/www.facebook.com\\\/RadioNacionaldeVenezuela\",\"https:\\\/\\\/x.com\\\/RNVinformativa\",\"https:\\\/\\\/www.instagram.com\\\/rnvinformativa\\\/\",\"https:\\\/\\\/www.youtube.com\\\/user\\\/RNVContigo\"]},{\"@type\":\"Person\",\"@id\":\"https:\\\/\\\/stage3.rnv.gob.ve\\\/wp\\\/#\\\/schema\\\/person\\\/33c4fd1879de0b5e68e2f17d1a22b2aa\",\"name\":\"Mariandry Lacl\u00e9\",\"url\":\"https:\\\/\\\/stage3.rnv.gob.ve\\\/wp\\\/author\\\/m_lacle\\\/\"}]}<\/script>\n<!-- \/ Yoast SEO plugin. -->","yoast_head_json":{"title":"Comuneros del pa\u00eds expresaron su en\u00e9rgico rechazo contra la agresi\u00f3n imperial - DEV RNV","robots":{"index":"noindex","follow":"follow","max-snippet":"max-snippet:-1","max-image-preview":"max-image-preview:large","max-video-preview":"max-video-preview:-1"},"og_locale":"es_ES","og_type":"article","og_title":"Comuneros del pa\u00eds expresaron su en\u00e9rgico rechazo contra la agresi\u00f3n imperial - DEV RNV","og_description":"El Consejo Presidencial de las Comunas realiz\u00f3 la lectura de un manifiesto en rechazo a la agresi\u00f3n imperial del Secretario General de la Organizaci\u00f3n de Estados Americanos (OEA) en el que solicita aplicar la Carta Democr\u00e1tica de dicho organismo contra Venezuela, atribuy\u00e9ndose funciones no inherentes al cargo que ejerce.\u00a0","og_url":"https:\/\/stage3.rnv.gob.ve\/wp\/comuneros-del-pais-expresaron-su-energico-rechazo-contra-la-agresion-imperial\/","og_site_name":"DEV RNV","article_publisher":"https:\/\/www.facebook.com\/RadioNacionaldeVenezuela","article_published_time":"2016-06-03T20:05:15+00:00","author":"Mariandry Lacl\u00e9","twitter_card":"summary_large_image","twitter_creator":"@RNVinformativa","twitter_site":"@RNVinformativa","twitter_misc":{"Escrito por":"Mariandry Lacl\u00e9","Tiempo estimado de lectura":"1 minuto"},"schema":{"@context":"https:\/\/schema.org","@graph":[{"@type":"Article","@id":"https:\/\/stage3.rnv.gob.ve\/wp\/comuneros-del-pais-expresaron-su-energico-rechazo-contra-la-agresion-imperial\/#article","isPartOf":{"@id":"https:\/\/stage3.rnv.gob.ve\/wp\/comuneros-del-pais-expresaron-su-energico-rechazo-contra-la-agresion-imperial\/"},"author":{"name":"Mariandry Lacl\u00e9","@id":"https:\/\/stage3.rnv.gob.ve\/wp\/#\/schema\/person\/33c4fd1879de0b5e68e2f17d1a22b2aa"},"headline":"Comuneros del pa\u00eds expresaron su en\u00e9rgico rechazo contra la agresi\u00f3n imperial","datePublished":"2016-06-03T20:05:15+00:00","mainEntityOfPage":{"@id":"https:\/\/stage3.rnv.gob.ve\/wp\/comuneros-del-pais-expresaron-su-energico-rechazo-contra-la-agresion-imperial\/"},"wordCount":255,"publisher":{"@id":"https:\/\/stage3.rnv.gob.ve\/wp\/#organization"},"image":{"@id":"https:\/\/stage3.rnv.gob.ve\/wp\/comuneros-del-pais-expresaron-su-energico-rechazo-contra-la-agresion-imperial\/#primaryimage"},"thumbnailUrl":"","keywords":["almagro","comunas","manifiesto","rechazo"],"articleSection":["Nacional"],"inLanguage":"es"},{"@type":"WebPage","@id":"https:\/\/stage3.rnv.gob.ve\/wp\/comuneros-del-pais-expresaron-su-energico-rechazo-contra-la-agresion-imperial\/","url":"https:\/\/stage3.rnv.gob.ve\/wp\/comuneros-del-pais-expresaron-su-energico-rechazo-contra-la-agresion-imperial\/","name":"Comuneros del pa\u00eds expresaron su en\u00e9rgico rechazo contra la agresi\u00f3n imperial - DEV RNV","isPartOf":{"@id":"https:\/\/stage3.rnv.gob.ve\/wp\/#website"},"primaryImageOfPage":{"@id":"https:\/\/stage3.rnv.gob.ve\/wp\/comuneros-del-pais-expresaron-su-energico-rechazo-contra-la-agresion-imperial\/#primaryimage"},"image":{"@id":"https:\/\/stage3.rnv.gob.ve\/wp\/comuneros-del-pais-expresaron-su-energico-rechazo-contra-la-agresion-imperial\/#primaryimage"},"thumbnailUrl":"","datePublished":"2016-06-03T20:05:15+00:00","breadcrumb":{"@id":"https:\/\/stage3.rnv.gob.ve\/wp\/comuneros-del-pais-expresaron-su-energico-rechazo-contra-la-agresion-imperial\/#breadcrumb"},"inLanguage":"es","potentialAction":[{"@type":"ReadAction","target":["https:\/\/stage3.rnv.gob.ve\/wp\/comuneros-del-pais-expresaron-su-energico-rechazo-contra-la-agresion-imperial\/"]}]},{"@type":"ImageObject","inLanguage":"es","@id":"https:\/\/stage3.rnv.gob.ve\/wp\/comuneros-del-pais-expresaron-su-energico-rechazo-contra-la-agresion-imperial\/#primaryimage","url":"","contentUrl":""},{"@type":"BreadcrumbList","@id":"https:\/\/stage3.rnv.gob.ve\/wp\/comuneros-del-pais-expresaron-su-energico-rechazo-contra-la-agresion-imperial\/#breadcrumb","itemListElement":[{"@type":"ListItem","position":1,"name":"Portada","item":"https:\/\/stage3.rnv.gob.ve\/wp\/"},{"@type":"ListItem","position":2,"name":"Comuneros Del Pa\u00eds Expresaron Su En\u00e9rgico Rechazo Contra La Agresi\u00f3n Imperial"}]},{"@type":"WebSite","@id":"https:\/\/stage3.rnv.gob.ve\/wp\/#website","url":"https:\/\/stage3.rnv.gob.ve\/wp\/","name":"DEV RNV","description":"Radio Nacional de Venezuela C.A.","publisher":{"@id":"https:\/\/stage3.rnv.gob.ve\/wp\/#organization"},"potentialAction":[{"@type":"SearchAction","target":{"@type":"EntryPoint","urlTemplate":"https:\/\/stage3.rnv.gob.ve\/wp\/?s={search_term_string}"},"query-input":{"@type":"PropertyValueSpecification","valueRequired":true,"valueName":"search_term_string"}}],"inLanguage":"es"},{"@type":"Organization","@id":"https:\/\/stage3.rnv.gob.ve\/wp\/#organization","name":"Radio Nacional de Venezuela C.A.","url":"https:\/\/stage3.rnv.gob.ve\/wp\/","logo":{"@type":"ImageObject","inLanguage":"es","@id":"https:\/\/stage3.rnv.gob.ve\/wp\/#\/schema\/logo\/image\/","url":"http:\/\/rnv.ddns.net\/prensa\/wp-content\/uploads\/2022\/04\/rnv-1-300x227-1.jpg","contentUrl":"http:\/\/rnv.ddns.net\/prensa\/wp-content\/uploads\/2022\/04\/rnv-1-300x227-1.jpg","width":800,"height":455,"caption":"Radio Nacional de Venezuela C.A."},"image":{"@id":"https:\/\/stage3.rnv.gob.ve\/wp\/#\/schema\/logo\/image\/"},"sameAs":["https:\/\/www.facebook.com\/RadioNacionaldeVenezuela","https:\/\/x.com\/RNVinformativa","https:\/\/www.instagram.com\/rnvinformativa\/","https:\/\/www.youtube.com\/user\/RNVContigo"]},{"@type":"Person","@id":"https:\/\/stage3.rnv.gob.ve\/wp\/#\/schema\/person\/33c4fd1879de0b5e68e2f17d1a22b2aa","name":"Mariandry Lacl\u00e9","url":"https:\/\/stage3.rnv.gob.ve\/wp\/author\/m_lacle\/"}]}},"jetpack_featured_media_url":"","_links":{"self":[{"href":"https:\/\/stage3.rnv.gob.ve\/wp\/wp-json\/wp\/v2\/posts\/35144","targetHints":{"allow":["GET"]}}],"collection":[{"href":"https:\/\/stage3.rnv.gob.ve\/wp\/wp-json\/wp\/v2\/posts"}],"about":[{"href":"https:\/\/stage3.rnv.gob.ve\/wp\/wp-json\/wp\/v2\/types\/post"}],"author":[{"embeddable":true,"href":"https:\/\/stage3.rnv.gob.ve\/wp\/wp-json\/wp\/v2\/users\/9"}],"replies":[{"embeddable":true,"href":"https:\/\/stage3.rnv.gob.ve\/wp\/wp-json\/wp\/v2\/comments?post=35144"}],"version-history":[{"count":0,"href":"https:\/\/stage3.rnv.gob.ve\/wp\/wp-json\/wp\/v2\/posts\/35144\/revisions"}],"wp:featuredmedia":[{"embeddable":true,"href":"https:\/\/stage3.rnv.gob.ve\/wp\/wp-json\/"}],"wp:attachment":[{"href":"https:\/\/stage3.rnv.gob.ve\/wp\/wp-json\/wp\/v2\/media?parent=35144"}],"wp:term":[{"taxonomy":"category","embeddable":true,"href":"https:\/\/stage3.rnv.gob.ve\/wp\/wp-json\/wp\/v2\/categories?post=35144"},{"taxonomy":"post_tag","embeddable":true,"href":"https:\/\/stage3.rnv.gob.ve\/wp\/wp-json\/wp\/v2\/tags?post=35144"}],"curies":[{"name":"wp","href":"https:\/\/api.w.org\/{rel}","templated":true}]}}