{"id":350811,"date":"2022-10-04T00:09:43","date_gmt":"2022-10-04T04:09:43","guid":{"rendered":"https:\/\/stage3.rnv.gob.ve\/wp\/prensa\/?p=350811"},"modified":"2022-10-04T21:38:24","modified_gmt":"2022-10-05T01:38:24","slug":"presidente-maduro-sostuvo-reunion-con-expresidente-jose-luis-rodriguez-zapatero","status":"publish","type":"post","link":"https:\/\/stage3.rnv.gob.ve\/wp\/presidente-maduro-sostuvo-reunion-con-expresidente-jose-luis-rodriguez-zapatero\/","title":{"rendered":"Presidente Maduro sostuvo reuni\u00f3n con expresidente Jos\u00e9 Luis Rodr\u00edguez Zapatero"},"content":{"rendered":"<p>El presidente de la Rep\u00fablica, Nicol\u00e1s Maduro, sostuvo este lunes una reuni\u00f3n con el expresidente de Espa\u00f1a, Jos\u00e9 Luis Rodr\u00edguez Zapatero.<\/p>\n<p>La reuni\u00f3n se llev\u00f3 a cabo en el Palacio de Miraflores, en Caracas; con la presencia &#8211; adem\u00e1s -, de la vicepresidenta Ejecutiva de la Rep\u00fablica, Delcy Rodr\u00edguez; y el presidente de la Asamblea Nacional, Jorge Rodr\u00edguez.<\/p>\n<p>Zapatero se encuentra en el pa\u00eds cumpliendo con una agenda de trabajo.<\/p>\n<p>Zapatero fue mediador en los di\u00e1logos entre el Gobierno de Venezuela y la oposici\u00f3n, as\u00ed como ha abogado; en reiteradas ocasiones, en un gran di\u00e1logo nacional, para solventar los problemas en el pa\u00eds.<\/p>\n<p>De igual forma, cumpli\u00f3 como observador en las megaelecciones realizadas en noviembre del a\u00f1o pasado.<\/p>\n<p><strong>T\/AVN<\/strong><\/p>\n","protected":false},"excerpt":{"rendered":"<p>El presidente de la Rep\u00fablica, Nicol\u00e1s Maduro, sostuvo este lunes una reuni\u00f3n con el expresidente de Espa\u00f1a, Jos\u00e9 Luis Rodr\u00edguez Zapatero. La reuni\u00f3n se llev\u00f3 a cabo en el Palacio de Miraflores, en Caracas; con la presencia &#8211; adem\u00e1s -, de la vicepresidenta Ejecutiva de la Rep\u00fablica, Delcy Rodr\u00edguez; y el presidente de la Asamblea [&hellip;]<\/p>\n","protected":false},"author":18,"featured_media":350812,"comment_status":"closed","ping_status":"closed","sticky":false,"template":"","format":"standard","meta":{"_acf_changed":false,"footnotes":""},"categories":[65],"tags":[23617],"class_list":["post-350811","post","type-post","status-publish","format-standard","has-post-thumbnail","hentry","category-nacional","tag-jose-luis-rodriguez-zapatero"],"acf":[],"yoast_head":"<!-- This site is optimized with the Yoast SEO plugin v27.4 - https:\/\/yoast.com\/product\/yoast-seo-wordpress\/ -->\n<title>Presidente Maduro sostuvo reuni\u00f3n con expresidente Jos\u00e9 Luis Rodr\u00edguez Zapatero - DEV RNV<\/title>\n<meta name=\"description\" content=\"El presidente de la Rep\u00fablica, Nicol\u00e1s Maduro, sostuvo este lunes una reuni\u00f3n con el expresidente de Espa\u00f1a, Jos\u00e9 Luis Rodr\u00edguez Zapatero.\" \/>\n<meta name=\"robots\" content=\"noindex, follow, max-snippet:-1, max-image-preview:large, max-video-preview:-1\" \/>\n<meta property=\"og:locale\" content=\"es_ES\" \/>\n<meta property=\"og:type\" content=\"article\" \/>\n<meta property=\"og:title\" content=\"Presidente Maduro sostuvo reuni\u00f3n con expresidente Jos\u00e9 Luis Rodr\u00edguez Zapatero - DEV RNV\" \/>\n<meta property=\"og:description\" content=\"El presidente de la Rep\u00fablica, Nicol\u00e1s Maduro, sostuvo este lunes una reuni\u00f3n con el expresidente de Espa\u00f1a, Jos\u00e9 Luis Rodr\u00edguez Zapatero.\" \/>\n<meta property=\"og:url\" content=\"https:\/\/stage3.rnv.gob.ve\/wp\/presidente-maduro-sostuvo-reunion-con-expresidente-jose-luis-rodriguez-zapatero\/\" \/>\n<meta property=\"og:site_name\" content=\"DEV RNV\" \/>\n<meta property=\"article:publisher\" content=\"https:\/\/www.facebook.com\/RadioNacionaldeVenezuela\" \/>\n<meta property=\"article:published_time\" content=\"2022-10-04T04:09:43+00:00\" \/>\n<meta property=\"article:modified_time\" content=\"2022-10-05T01:38:24+00:00\" \/>\n<meta property=\"og:image\" content=\"https:\/\/stage3.rnv.gob.ve\/wp\/wp-content\/uploads\/2022\/10\/zapatero.jpg\" \/>\n\t<meta property=\"og:image:width\" content=\"1080\" \/>\n\t<meta property=\"og:image:height\" content=\"710\" \/>\n\t<meta property=\"og:image:type\" content=\"image\/jpeg\" \/>\n<meta name=\"author\" content=\"Nora Andrade\" \/>\n<meta name=\"twitter:card\" content=\"summary_large_image\" \/>\n<meta name=\"twitter:creator\" content=\"@RNVinformativa\" \/>\n<meta name=\"twitter:site\" content=\"@RNVinformativa\" \/>\n<meta name=\"twitter:label1\" content=\"Escrito por\" \/>\n\t<meta name=\"twitter:data1\" content=\"Nora Andrade\" \/>\n\t<meta name=\"twitter:label2\" content=\"Tiempo estimado de lectura\" \/>\n\t<meta name=\"twitter:data2\" content=\"1 minuto\" \/>\n<script type=\"application\/ld+json\" class=\"yoast-schema-graph\">{\"@context\":\"https:\\\/\\\/schema.org\",\"@graph\":[{\"@type\":\"Article\",\"@id\":\"https:\\\/\\\/stage3.rnv.gob.ve\\\/wp\\\/presidente-maduro-sostuvo-reunion-con-expresidente-jose-luis-rodriguez-zapatero\\\/#article\",\"isPartOf\":{\"@id\":\"https:\\\/\\\/stage3.rnv.gob.ve\\\/wp\\\/presidente-maduro-sostuvo-reunion-con-expresidente-jose-luis-rodriguez-zapatero\\\/\"},\"author\":{\"name\":\"Nora Andrade\",\"@id\":\"https:\\\/\\\/stage3.rnv.gob.ve\\\/wp\\\/#\\\/schema\\\/person\\\/b04f077485d4e004e355dd829c37feaa\"},\"headline\":\"Presidente Maduro sostuvo reuni\u00f3n con expresidente Jos\u00e9 Luis Rodr\u00edguez Zapatero\",\"datePublished\":\"2022-10-04T04:09:43+00:00\",\"dateModified\":\"2022-10-05T01:38:24+00:00\",\"mainEntityOfPage\":{\"@id\":\"https:\\\/\\\/stage3.rnv.gob.ve\\\/wp\\\/presidente-maduro-sostuvo-reunion-con-expresidente-jose-luis-rodriguez-zapatero\\\/\"},\"wordCount\":148,\"publisher\":{\"@id\":\"https:\\\/\\\/stage3.rnv.gob.ve\\\/wp\\\/#organization\"},\"image\":{\"@id\":\"https:\\\/\\\/stage3.rnv.gob.ve\\\/wp\\\/presidente-maduro-sostuvo-reunion-con-expresidente-jose-luis-rodriguez-zapatero\\\/#primaryimage\"},\"thumbnailUrl\":\"https:\\\/\\\/stage3.rnv.gob.ve\\\/wp\\\/wp-content\\\/uploads\\\/2022\\\/10\\\/zapatero.jpg\",\"keywords\":[\"Jos\u00e9 Luis Rodr\u00edguez Zapatero\"],\"articleSection\":[\"Nacional\"],\"inLanguage\":\"es\"},{\"@type\":\"WebPage\",\"@id\":\"https:\\\/\\\/stage3.rnv.gob.ve\\\/wp\\\/presidente-maduro-sostuvo-reunion-con-expresidente-jose-luis-rodriguez-zapatero\\\/\",\"url\":\"https:\\\/\\\/stage3.rnv.gob.ve\\\/wp\\\/presidente-maduro-sostuvo-reunion-con-expresidente-jose-luis-rodriguez-zapatero\\\/\",\"name\":\"Presidente Maduro sostuvo reuni\u00f3n con expresidente Jos\u00e9 Luis Rodr\u00edguez Zapatero - DEV RNV\",\"isPartOf\":{\"@id\":\"https:\\\/\\\/stage3.rnv.gob.ve\\\/wp\\\/#website\"},\"primaryImageOfPage\":{\"@id\":\"https:\\\/\\\/stage3.rnv.gob.ve\\\/wp\\\/presidente-maduro-sostuvo-reunion-con-expresidente-jose-luis-rodriguez-zapatero\\\/#primaryimage\"},\"image\":{\"@id\":\"https:\\\/\\\/stage3.rnv.gob.ve\\\/wp\\\/presidente-maduro-sostuvo-reunion-con-expresidente-jose-luis-rodriguez-zapatero\\\/#primaryimage\"},\"thumbnailUrl\":\"https:\\\/\\\/stage3.rnv.gob.ve\\\/wp\\\/wp-content\\\/uploads\\\/2022\\\/10\\\/zapatero.jpg\",\"datePublished\":\"2022-10-04T04:09:43+00:00\",\"dateModified\":\"2022-10-05T01:38:24+00:00\",\"description\":\"El presidente de la Rep\u00fablica, Nicol\u00e1s Maduro, sostuvo este lunes una reuni\u00f3n con el expresidente de Espa\u00f1a, Jos\u00e9 Luis Rodr\u00edguez Zapatero.\",\"breadcrumb\":{\"@id\":\"https:\\\/\\\/stage3.rnv.gob.ve\\\/wp\\\/presidente-maduro-sostuvo-reunion-con-expresidente-jose-luis-rodriguez-zapatero\\\/#breadcrumb\"},\"inLanguage\":\"es\",\"potentialAction\":[{\"@type\":\"ReadAction\",\"target\":[\"https:\\\/\\\/stage3.rnv.gob.ve\\\/wp\\\/presidente-maduro-sostuvo-reunion-con-expresidente-jose-luis-rodriguez-zapatero\\\/\"]}]},{\"@type\":\"ImageObject\",\"inLanguage\":\"es\",\"@id\":\"https:\\\/\\\/stage3.rnv.gob.ve\\\/wp\\\/presidente-maduro-sostuvo-reunion-con-expresidente-jose-luis-rodriguez-zapatero\\\/#primaryimage\",\"url\":\"https:\\\/\\\/stage3.rnv.gob.ve\\\/wp\\\/wp-content\\\/uploads\\\/2022\\\/10\\\/zapatero.jpg\",\"contentUrl\":\"https:\\\/\\\/stage3.rnv.gob.ve\\\/wp\\\/wp-content\\\/uploads\\\/2022\\\/10\\\/zapatero.jpg\",\"width\":1080,\"height\":710},{\"@type\":\"BreadcrumbList\",\"@id\":\"https:\\\/\\\/stage3.rnv.gob.ve\\\/wp\\\/presidente-maduro-sostuvo-reunion-con-expresidente-jose-luis-rodriguez-zapatero\\\/#breadcrumb\",\"itemListElement\":[{\"@type\":\"ListItem\",\"position\":1,\"name\":\"Portada\",\"item\":\"https:\\\/\\\/stage3.rnv.gob.ve\\\/wp\\\/\"},{\"@type\":\"ListItem\",\"position\":2,\"name\":\"Presidente Maduro Sostuvo Reuni\u00f3n Con Expresidente Jos\u00e9 Luis Rodr\u00edguez Zapatero\"}]},{\"@type\":\"WebSite\",\"@id\":\"https:\\\/\\\/stage3.rnv.gob.ve\\\/wp\\\/#website\",\"url\":\"https:\\\/\\\/stage3.rnv.gob.ve\\\/wp\\\/\",\"name\":\"DEV RNV\",\"description\":\"Radio Nacional de Venezuela C.A.\",\"publisher\":{\"@id\":\"https:\\\/\\\/stage3.rnv.gob.ve\\\/wp\\\/#organization\"},\"potentialAction\":[{\"@type\":\"SearchAction\",\"target\":{\"@type\":\"EntryPoint\",\"urlTemplate\":\"https:\\\/\\\/stage3.rnv.gob.ve\\\/wp\\\/?s={search_term_string}\"},\"query-input\":{\"@type\":\"PropertyValueSpecification\",\"valueRequired\":true,\"valueName\":\"search_term_string\"}}],\"inLanguage\":\"es\"},{\"@type\":\"Organization\",\"@id\":\"https:\\\/\\\/stage3.rnv.gob.ve\\\/wp\\\/#organization\",\"name\":\"Radio Nacional de Venezuela C.A.\",\"url\":\"https:\\\/\\\/stage3.rnv.gob.ve\\\/wp\\\/\",\"logo\":{\"@type\":\"ImageObject\",\"inLanguage\":\"es\",\"@id\":\"https:\\\/\\\/stage3.rnv.gob.ve\\\/wp\\\/#\\\/schema\\\/logo\\\/image\\\/\",\"url\":\"http:\\\/\\\/rnv.ddns.net\\\/prensa\\\/wp-content\\\/uploads\\\/2022\\\/04\\\/rnv-1-300x227-1.jpg\",\"contentUrl\":\"http:\\\/\\\/rnv.ddns.net\\\/prensa\\\/wp-content\\\/uploads\\\/2022\\\/04\\\/rnv-1-300x227-1.jpg\",\"width\":800,\"height\":455,\"caption\":\"Radio Nacional de Venezuela C.A.\"},\"image\":{\"@id\":\"https:\\\/\\\/stage3.rnv.gob.ve\\\/wp\\\/#\\\/schema\\\/logo\\\/image\\\/\"},\"sameAs\":[\"https:\\\/\\\/www.facebook.com\\\/RadioNacionaldeVenezuela\",\"https:\\\/\\\/x.com\\\/RNVinformativa\",\"https:\\\/\\\/www.instagram.com\\\/rnvinformativa\\\/\",\"https:\\\/\\\/www.youtube.com\\\/user\\\/RNVContigo\"]},{\"@type\":\"Person\",\"@id\":\"https:\\\/\\\/stage3.rnv.gob.ve\\\/wp\\\/#\\\/schema\\\/person\\\/b04f077485d4e004e355dd829c37feaa\",\"name\":\"Nora Andrade\",\"url\":\"https:\\\/\\\/stage3.rnv.gob.ve\\\/wp\\\/author\\\/nora_andrade\\\/\"}]}<\/script>\n<!-- \/ Yoast SEO plugin. -->","yoast_head_json":{"title":"Presidente Maduro sostuvo reuni\u00f3n con expresidente Jos\u00e9 Luis Rodr\u00edguez Zapatero - DEV RNV","description":"El presidente de la Rep\u00fablica, Nicol\u00e1s Maduro, sostuvo este lunes una reuni\u00f3n con el expresidente de Espa\u00f1a, Jos\u00e9 Luis Rodr\u00edguez Zapatero.","robots":{"index":"noindex","follow":"follow","max-snippet":"max-snippet:-1","max-image-preview":"max-image-preview:large","max-video-preview":"max-video-preview:-1"},"og_locale":"es_ES","og_type":"article","og_title":"Presidente Maduro sostuvo reuni\u00f3n con expresidente Jos\u00e9 Luis Rodr\u00edguez Zapatero - DEV RNV","og_description":"El presidente de la Rep\u00fablica, Nicol\u00e1s Maduro, sostuvo este lunes una reuni\u00f3n con el expresidente de Espa\u00f1a, Jos\u00e9 Luis Rodr\u00edguez Zapatero.","og_url":"https:\/\/stage3.rnv.gob.ve\/wp\/presidente-maduro-sostuvo-reunion-con-expresidente-jose-luis-rodriguez-zapatero\/","og_site_name":"DEV RNV","article_publisher":"https:\/\/www.facebook.com\/RadioNacionaldeVenezuela","article_published_time":"2022-10-04T04:09:43+00:00","article_modified_time":"2022-10-05T01:38:24+00:00","og_image":[{"width":1080,"height":710,"url":"https:\/\/stage3.rnv.gob.ve\/wp\/wp-content\/uploads\/2022\/10\/zapatero.jpg","type":"image\/jpeg"}],"author":"Nora Andrade","twitter_card":"summary_large_image","twitter_creator":"@RNVinformativa","twitter_site":"@RNVinformativa","twitter_misc":{"Escrito por":"Nora Andrade","Tiempo estimado de lectura":"1 minuto"},"schema":{"@context":"https:\/\/schema.org","@graph":[{"@type":"Article","@id":"https:\/\/stage3.rnv.gob.ve\/wp\/presidente-maduro-sostuvo-reunion-con-expresidente-jose-luis-rodriguez-zapatero\/#article","isPartOf":{"@id":"https:\/\/stage3.rnv.gob.ve\/wp\/presidente-maduro-sostuvo-reunion-con-expresidente-jose-luis-rodriguez-zapatero\/"},"author":{"name":"Nora Andrade","@id":"https:\/\/stage3.rnv.gob.ve\/wp\/#\/schema\/person\/b04f077485d4e004e355dd829c37feaa"},"headline":"Presidente Maduro sostuvo reuni\u00f3n con expresidente Jos\u00e9 Luis Rodr\u00edguez Zapatero","datePublished":"2022-10-04T04:09:43+00:00","dateModified":"2022-10-05T01:38:24+00:00","mainEntityOfPage":{"@id":"https:\/\/stage3.rnv.gob.ve\/wp\/presidente-maduro-sostuvo-reunion-con-expresidente-jose-luis-rodriguez-zapatero\/"},"wordCount":148,"publisher":{"@id":"https:\/\/stage3.rnv.gob.ve\/wp\/#organization"},"image":{"@id":"https:\/\/stage3.rnv.gob.ve\/wp\/presidente-maduro-sostuvo-reunion-con-expresidente-jose-luis-rodriguez-zapatero\/#primaryimage"},"thumbnailUrl":"https:\/\/stage3.rnv.gob.ve\/wp\/wp-content\/uploads\/2022\/10\/zapatero.jpg","keywords":["Jos\u00e9 Luis Rodr\u00edguez Zapatero"],"articleSection":["Nacional"],"inLanguage":"es"},{"@type":"WebPage","@id":"https:\/\/stage3.rnv.gob.ve\/wp\/presidente-maduro-sostuvo-reunion-con-expresidente-jose-luis-rodriguez-zapatero\/","url":"https:\/\/stage3.rnv.gob.ve\/wp\/presidente-maduro-sostuvo-reunion-con-expresidente-jose-luis-rodriguez-zapatero\/","name":"Presidente Maduro sostuvo reuni\u00f3n con expresidente Jos\u00e9 Luis Rodr\u00edguez Zapatero - DEV RNV","isPartOf":{"@id":"https:\/\/stage3.rnv.gob.ve\/wp\/#website"},"primaryImageOfPage":{"@id":"https:\/\/stage3.rnv.gob.ve\/wp\/presidente-maduro-sostuvo-reunion-con-expresidente-jose-luis-rodriguez-zapatero\/#primaryimage"},"image":{"@id":"https:\/\/stage3.rnv.gob.ve\/wp\/presidente-maduro-sostuvo-reunion-con-expresidente-jose-luis-rodriguez-zapatero\/#primaryimage"},"thumbnailUrl":"https:\/\/stage3.rnv.gob.ve\/wp\/wp-content\/uploads\/2022\/10\/zapatero.jpg","datePublished":"2022-10-04T04:09:43+00:00","dateModified":"2022-10-05T01:38:24+00:00","description":"El presidente de la Rep\u00fablica, Nicol\u00e1s Maduro, sostuvo este lunes una reuni\u00f3n con el expresidente de Espa\u00f1a, Jos\u00e9 Luis Rodr\u00edguez Zapatero.","breadcrumb":{"@id":"https:\/\/stage3.rnv.gob.ve\/wp\/presidente-maduro-sostuvo-reunion-con-expresidente-jose-luis-rodriguez-zapatero\/#breadcrumb"},"inLanguage":"es","potentialAction":[{"@type":"ReadAction","target":["https:\/\/stage3.rnv.gob.ve\/wp\/presidente-maduro-sostuvo-reunion-con-expresidente-jose-luis-rodriguez-zapatero\/"]}]},{"@type":"ImageObject","inLanguage":"es","@id":"https:\/\/stage3.rnv.gob.ve\/wp\/presidente-maduro-sostuvo-reunion-con-expresidente-jose-luis-rodriguez-zapatero\/#primaryimage","url":"https:\/\/stage3.rnv.gob.ve\/wp\/wp-content\/uploads\/2022\/10\/zapatero.jpg","contentUrl":"https:\/\/stage3.rnv.gob.ve\/wp\/wp-content\/uploads\/2022\/10\/zapatero.jpg","width":1080,"height":710},{"@type":"BreadcrumbList","@id":"https:\/\/stage3.rnv.gob.ve\/wp\/presidente-maduro-sostuvo-reunion-con-expresidente-jose-luis-rodriguez-zapatero\/#breadcrumb","itemListElement":[{"@type":"ListItem","position":1,"name":"Portada","item":"https:\/\/stage3.rnv.gob.ve\/wp\/"},{"@type":"ListItem","position":2,"name":"Presidente Maduro Sostuvo Reuni\u00f3n Con Expresidente Jos\u00e9 Luis Rodr\u00edguez Zapatero"}]},{"@type":"WebSite","@id":"https:\/\/stage3.rnv.gob.ve\/wp\/#website","url":"https:\/\/stage3.rnv.gob.ve\/wp\/","name":"DEV RNV","description":"Radio Nacional de Venezuela C.A.","publisher":{"@id":"https:\/\/stage3.rnv.gob.ve\/wp\/#organization"},"potentialAction":[{"@type":"SearchAction","target":{"@type":"EntryPoint","urlTemplate":"https:\/\/stage3.rnv.gob.ve\/wp\/?s={search_term_string}"},"query-input":{"@type":"PropertyValueSpecification","valueRequired":true,"valueName":"search_term_string"}}],"inLanguage":"es"},{"@type":"Organization","@id":"https:\/\/stage3.rnv.gob.ve\/wp\/#organization","name":"Radio Nacional de Venezuela C.A.","url":"https:\/\/stage3.rnv.gob.ve\/wp\/","logo":{"@type":"ImageObject","inLanguage":"es","@id":"https:\/\/stage3.rnv.gob.ve\/wp\/#\/schema\/logo\/image\/","url":"http:\/\/rnv.ddns.net\/prensa\/wp-content\/uploads\/2022\/04\/rnv-1-300x227-1.jpg","contentUrl":"http:\/\/rnv.ddns.net\/prensa\/wp-content\/uploads\/2022\/04\/rnv-1-300x227-1.jpg","width":800,"height":455,"caption":"Radio Nacional de Venezuela C.A."},"image":{"@id":"https:\/\/stage3.rnv.gob.ve\/wp\/#\/schema\/logo\/image\/"},"sameAs":["https:\/\/www.facebook.com\/RadioNacionaldeVenezuela","https:\/\/x.com\/RNVinformativa","https:\/\/www.instagram.com\/rnvinformativa\/","https:\/\/www.youtube.com\/user\/RNVContigo"]},{"@type":"Person","@id":"https:\/\/stage3.rnv.gob.ve\/wp\/#\/schema\/person\/b04f077485d4e004e355dd829c37feaa","name":"Nora Andrade","url":"https:\/\/stage3.rnv.gob.ve\/wp\/author\/nora_andrade\/"}]}},"jetpack_featured_media_url":"https:\/\/stage3.rnv.gob.ve\/wp\/wp-content\/uploads\/2022\/10\/zapatero.jpg","_links":{"self":[{"href":"https:\/\/stage3.rnv.gob.ve\/wp\/wp-json\/wp\/v2\/posts\/350811","targetHints":{"allow":["GET"]}}],"collection":[{"href":"https:\/\/stage3.rnv.gob.ve\/wp\/wp-json\/wp\/v2\/posts"}],"about":[{"href":"https:\/\/stage3.rnv.gob.ve\/wp\/wp-json\/wp\/v2\/types\/post"}],"author":[{"embeddable":true,"href":"https:\/\/stage3.rnv.gob.ve\/wp\/wp-json\/wp\/v2\/users\/18"}],"replies":[{"embeddable":true,"href":"https:\/\/stage3.rnv.gob.ve\/wp\/wp-json\/wp\/v2\/comments?post=350811"}],"version-history":[{"count":0,"href":"https:\/\/stage3.rnv.gob.ve\/wp\/wp-json\/wp\/v2\/posts\/350811\/revisions"}],"wp:featuredmedia":[{"embeddable":true,"href":"https:\/\/stage3.rnv.gob.ve\/wp\/wp-json\/wp\/v2\/media\/350812"}],"wp:attachment":[{"href":"https:\/\/stage3.rnv.gob.ve\/wp\/wp-json\/wp\/v2\/media?parent=350811"}],"wp:term":[{"taxonomy":"category","embeddable":true,"href":"https:\/\/stage3.rnv.gob.ve\/wp\/wp-json\/wp\/v2\/categories?post=350811"},{"taxonomy":"post_tag","embeddable":true,"href":"https:\/\/stage3.rnv.gob.ve\/wp\/wp-json\/wp\/v2\/tags?post=350811"}],"curies":[{"name":"wp","href":"https:\/\/api.w.org\/{rel}","templated":true}]}}