{"id":348719,"date":"2022-08-30T01:06:09","date_gmt":"2022-08-30T05:06:09","guid":{"rendered":"https:\/\/stage3.rnv.gob.ve\/wp\/prensa\/?p=348719"},"modified":"2022-08-30T01:06:09","modified_gmt":"2022-08-30T05:06:09","slug":"activan-plan-especial-de-suministro-de-agua-en-parroquia-san-pedro-de-caracas","status":"publish","type":"post","link":"https:\/\/stage3.rnv.gob.ve\/wp\/activan-plan-especial-de-suministro-de-agua-en-parroquia-san-pedro-de-caracas\/","title":{"rendered":"Activan plan especial de suministro de agua en parroquia San Pedro de Caracas"},"content":{"rendered":"<p>El jefe de Gobierno del Distrito Capital (GDC), Nahum Fern\u00e1ndez, inform\u00f3 este lunes que se activar\u00e1 un plan especial de suministro\u00a0de agua mediante cisternas, para la parroquia San Pedro, por fallas de una tuber\u00eda.<\/p>\n<p>En un mensaje publicado por Fern\u00e1ndez, en su cuenta de la red social Twitter, precisa que el plan comenzar\u00e1 a ejecutarse en conjunto con la Hidrol\u00f3gica de la Regi\u00f3n Capital (Hidrocapital), la Alcald\u00eda de Caracas, y el GDC.<\/p>\n<p>\u00abAcudimos con el presidente de Hidrocapital, Harol Clemente, al llamado del pueblo en la parroquia San Pedro, calle universitaria, para garantizar el suministro de agua que se ha visto afectado por fallas de una tuber\u00eda\u00bb.<\/p>\n<p>Explic\u00f3 que producto de los m\u00e1s de 70 a\u00f1os en funcionamiento ininterrumpido de la tuber\u00eda, una v\u00e1lvula reguladora de presi\u00f3n comenz\u00f3 a fallar.<\/p>\n<p>\u00abEst\u00e1\u00a0desinstalada y la estamos reparando para evitar que se sigan rompiendo estos tubos producto del deterioro\u00bb, explic\u00f3 un t\u00e9cnico de Hidrocapital.<\/p>\n<p><strong>T\/AVN<\/strong><\/p>\n","protected":false},"excerpt":{"rendered":"<p>El jefe de Gobierno del Distrito Capital (GDC), Nahum Fern\u00e1ndez, inform\u00f3 este lunes que se activar\u00e1 un plan especial de suministro\u00a0de agua mediante cisternas, para la parroquia San Pedro, por fallas de una tuber\u00eda. En un mensaje publicado por Fern\u00e1ndez, en su cuenta de la red social Twitter, precisa que el plan comenzar\u00e1 a ejecutarse [&hellip;]<\/p>\n","protected":false},"author":18,"featured_media":348720,"comment_status":"closed","ping_status":"closed","sticky":false,"template":"","format":"standard","meta":{"_acf_changed":false,"footnotes":""},"categories":[52],"tags":[88,8216],"class_list":["post-348719","post","type-post","status-publish","format-standard","has-post-thumbnail","hentry","category-ciudad","tag-caracas","tag-san-pedro"],"acf":[],"yoast_head":"<!-- This site is optimized with the Yoast SEO plugin v27.4 - https:\/\/yoast.com\/product\/yoast-seo-wordpress\/ -->\n<title>Activan plan especial de suministro de agua en parroquia San Pedro de Caracas - DEV RNV<\/title>\n<meta name=\"robots\" content=\"noindex, follow, max-snippet:-1, max-image-preview:large, max-video-preview:-1\" \/>\n<meta property=\"og:locale\" content=\"es_ES\" \/>\n<meta property=\"og:type\" content=\"article\" \/>\n<meta property=\"og:title\" content=\"Activan plan especial de suministro de agua en parroquia San Pedro de Caracas - DEV RNV\" \/>\n<meta property=\"og:description\" content=\"El jefe de Gobierno del Distrito Capital (GDC), Nahum Fern\u00e1ndez, inform\u00f3 este lunes que se activar\u00e1 un plan especial de suministro\u00a0de agua mediante cisternas, para la parroquia San Pedro, por fallas de una tuber\u00eda. En un mensaje publicado por Fern\u00e1ndez, en su cuenta de la red social Twitter, precisa que el plan comenzar\u00e1 a ejecutarse [&hellip;]\" \/>\n<meta property=\"og:url\" content=\"https:\/\/stage3.rnv.gob.ve\/wp\/activan-plan-especial-de-suministro-de-agua-en-parroquia-san-pedro-de-caracas\/\" \/>\n<meta property=\"og:site_name\" content=\"DEV RNV\" \/>\n<meta property=\"article:publisher\" content=\"https:\/\/www.facebook.com\/RadioNacionaldeVenezuela\" \/>\n<meta property=\"article:published_time\" content=\"2022-08-30T05:06:09+00:00\" \/>\n<meta property=\"og:image\" content=\"https:\/\/stage3.rnv.gob.ve\/wp\/wp-content\/uploads\/2022\/08\/hidrocapital.jpg\" \/>\n\t<meta property=\"og:image:width\" content=\"680\" \/>\n\t<meta property=\"og:image:height\" content=\"383\" \/>\n\t<meta property=\"og:image:type\" content=\"image\/jpeg\" \/>\n<meta name=\"author\" content=\"Nora Andrade\" \/>\n<meta name=\"twitter:card\" content=\"summary_large_image\" \/>\n<meta name=\"twitter:creator\" content=\"@RNVinformativa\" \/>\n<meta name=\"twitter:site\" content=\"@RNVinformativa\" \/>\n<meta name=\"twitter:label1\" content=\"Escrito por\" \/>\n\t<meta name=\"twitter:data1\" content=\"Nora Andrade\" \/>\n\t<meta name=\"twitter:label2\" content=\"Tiempo estimado de lectura\" \/>\n\t<meta name=\"twitter:data2\" content=\"1 minuto\" \/>\n<script type=\"application\/ld+json\" class=\"yoast-schema-graph\">{\"@context\":\"https:\\\/\\\/schema.org\",\"@graph\":[{\"@type\":\"Article\",\"@id\":\"https:\\\/\\\/stage3.rnv.gob.ve\\\/wp\\\/activan-plan-especial-de-suministro-de-agua-en-parroquia-san-pedro-de-caracas\\\/#article\",\"isPartOf\":{\"@id\":\"https:\\\/\\\/stage3.rnv.gob.ve\\\/wp\\\/activan-plan-especial-de-suministro-de-agua-en-parroquia-san-pedro-de-caracas\\\/\"},\"author\":{\"name\":\"Nora Andrade\",\"@id\":\"https:\\\/\\\/stage3.rnv.gob.ve\\\/wp\\\/#\\\/schema\\\/person\\\/b04f077485d4e004e355dd829c37feaa\"},\"headline\":\"Activan plan especial de suministro de agua en parroquia San Pedro de Caracas\",\"datePublished\":\"2022-08-30T05:06:09+00:00\",\"mainEntityOfPage\":{\"@id\":\"https:\\\/\\\/stage3.rnv.gob.ve\\\/wp\\\/activan-plan-especial-de-suministro-de-agua-en-parroquia-san-pedro-de-caracas\\\/\"},\"wordCount\":180,\"publisher\":{\"@id\":\"https:\\\/\\\/stage3.rnv.gob.ve\\\/wp\\\/#organization\"},\"image\":{\"@id\":\"https:\\\/\\\/stage3.rnv.gob.ve\\\/wp\\\/activan-plan-especial-de-suministro-de-agua-en-parroquia-san-pedro-de-caracas\\\/#primaryimage\"},\"thumbnailUrl\":\"https:\\\/\\\/stage3.rnv.gob.ve\\\/wp\\\/wp-content\\\/uploads\\\/2022\\\/08\\\/hidrocapital.jpg\",\"keywords\":[\"caracas\",\"San Pedro\"],\"articleSection\":[\"Ciudad\"],\"inLanguage\":\"es\"},{\"@type\":\"WebPage\",\"@id\":\"https:\\\/\\\/stage3.rnv.gob.ve\\\/wp\\\/activan-plan-especial-de-suministro-de-agua-en-parroquia-san-pedro-de-caracas\\\/\",\"url\":\"https:\\\/\\\/stage3.rnv.gob.ve\\\/wp\\\/activan-plan-especial-de-suministro-de-agua-en-parroquia-san-pedro-de-caracas\\\/\",\"name\":\"Activan plan especial de suministro de agua en parroquia San Pedro de Caracas - DEV RNV\",\"isPartOf\":{\"@id\":\"https:\\\/\\\/stage3.rnv.gob.ve\\\/wp\\\/#website\"},\"primaryImageOfPage\":{\"@id\":\"https:\\\/\\\/stage3.rnv.gob.ve\\\/wp\\\/activan-plan-especial-de-suministro-de-agua-en-parroquia-san-pedro-de-caracas\\\/#primaryimage\"},\"image\":{\"@id\":\"https:\\\/\\\/stage3.rnv.gob.ve\\\/wp\\\/activan-plan-especial-de-suministro-de-agua-en-parroquia-san-pedro-de-caracas\\\/#primaryimage\"},\"thumbnailUrl\":\"https:\\\/\\\/stage3.rnv.gob.ve\\\/wp\\\/wp-content\\\/uploads\\\/2022\\\/08\\\/hidrocapital.jpg\",\"datePublished\":\"2022-08-30T05:06:09+00:00\",\"breadcrumb\":{\"@id\":\"https:\\\/\\\/stage3.rnv.gob.ve\\\/wp\\\/activan-plan-especial-de-suministro-de-agua-en-parroquia-san-pedro-de-caracas\\\/#breadcrumb\"},\"inLanguage\":\"es\",\"potentialAction\":[{\"@type\":\"ReadAction\",\"target\":[\"https:\\\/\\\/stage3.rnv.gob.ve\\\/wp\\\/activan-plan-especial-de-suministro-de-agua-en-parroquia-san-pedro-de-caracas\\\/\"]}]},{\"@type\":\"ImageObject\",\"inLanguage\":\"es\",\"@id\":\"https:\\\/\\\/stage3.rnv.gob.ve\\\/wp\\\/activan-plan-especial-de-suministro-de-agua-en-parroquia-san-pedro-de-caracas\\\/#primaryimage\",\"url\":\"https:\\\/\\\/stage3.rnv.gob.ve\\\/wp\\\/wp-content\\\/uploads\\\/2022\\\/08\\\/hidrocapital.jpg\",\"contentUrl\":\"https:\\\/\\\/stage3.rnv.gob.ve\\\/wp\\\/wp-content\\\/uploads\\\/2022\\\/08\\\/hidrocapital.jpg\",\"width\":680,\"height\":383},{\"@type\":\"BreadcrumbList\",\"@id\":\"https:\\\/\\\/stage3.rnv.gob.ve\\\/wp\\\/activan-plan-especial-de-suministro-de-agua-en-parroquia-san-pedro-de-caracas\\\/#breadcrumb\",\"itemListElement\":[{\"@type\":\"ListItem\",\"position\":1,\"name\":\"Portada\",\"item\":\"https:\\\/\\\/stage3.rnv.gob.ve\\\/wp\\\/\"},{\"@type\":\"ListItem\",\"position\":2,\"name\":\"Activan Plan Especial De Suministro De Agua En Parroquia San Pedro De Caracas\"}]},{\"@type\":\"WebSite\",\"@id\":\"https:\\\/\\\/stage3.rnv.gob.ve\\\/wp\\\/#website\",\"url\":\"https:\\\/\\\/stage3.rnv.gob.ve\\\/wp\\\/\",\"name\":\"DEV RNV\",\"description\":\"Radio Nacional de Venezuela C.A.\",\"publisher\":{\"@id\":\"https:\\\/\\\/stage3.rnv.gob.ve\\\/wp\\\/#organization\"},\"potentialAction\":[{\"@type\":\"SearchAction\",\"target\":{\"@type\":\"EntryPoint\",\"urlTemplate\":\"https:\\\/\\\/stage3.rnv.gob.ve\\\/wp\\\/?s={search_term_string}\"},\"query-input\":{\"@type\":\"PropertyValueSpecification\",\"valueRequired\":true,\"valueName\":\"search_term_string\"}}],\"inLanguage\":\"es\"},{\"@type\":\"Organization\",\"@id\":\"https:\\\/\\\/stage3.rnv.gob.ve\\\/wp\\\/#organization\",\"name\":\"Radio Nacional de Venezuela C.A.\",\"url\":\"https:\\\/\\\/stage3.rnv.gob.ve\\\/wp\\\/\",\"logo\":{\"@type\":\"ImageObject\",\"inLanguage\":\"es\",\"@id\":\"https:\\\/\\\/stage3.rnv.gob.ve\\\/wp\\\/#\\\/schema\\\/logo\\\/image\\\/\",\"url\":\"http:\\\/\\\/rnv.ddns.net\\\/prensa\\\/wp-content\\\/uploads\\\/2022\\\/04\\\/rnv-1-300x227-1.jpg\",\"contentUrl\":\"http:\\\/\\\/rnv.ddns.net\\\/prensa\\\/wp-content\\\/uploads\\\/2022\\\/04\\\/rnv-1-300x227-1.jpg\",\"width\":800,\"height\":455,\"caption\":\"Radio Nacional de Venezuela C.A.\"},\"image\":{\"@id\":\"https:\\\/\\\/stage3.rnv.gob.ve\\\/wp\\\/#\\\/schema\\\/logo\\\/image\\\/\"},\"sameAs\":[\"https:\\\/\\\/www.facebook.com\\\/RadioNacionaldeVenezuela\",\"https:\\\/\\\/x.com\\\/RNVinformativa\",\"https:\\\/\\\/www.instagram.com\\\/rnvinformativa\\\/\",\"https:\\\/\\\/www.youtube.com\\\/user\\\/RNVContigo\"]},{\"@type\":\"Person\",\"@id\":\"https:\\\/\\\/stage3.rnv.gob.ve\\\/wp\\\/#\\\/schema\\\/person\\\/b04f077485d4e004e355dd829c37feaa\",\"name\":\"Nora Andrade\",\"url\":\"https:\\\/\\\/stage3.rnv.gob.ve\\\/wp\\\/author\\\/nora_andrade\\\/\"}]}<\/script>\n<!-- \/ Yoast SEO plugin. -->","yoast_head_json":{"title":"Activan plan especial de suministro de agua en parroquia San Pedro de Caracas - DEV RNV","robots":{"index":"noindex","follow":"follow","max-snippet":"max-snippet:-1","max-image-preview":"max-image-preview:large","max-video-preview":"max-video-preview:-1"},"og_locale":"es_ES","og_type":"article","og_title":"Activan plan especial de suministro de agua en parroquia San Pedro de Caracas - DEV RNV","og_description":"El jefe de Gobierno del Distrito Capital (GDC), Nahum Fern\u00e1ndez, inform\u00f3 este lunes que se activar\u00e1 un plan especial de suministro\u00a0de agua mediante cisternas, para la parroquia San Pedro, por fallas de una tuber\u00eda. En un mensaje publicado por Fern\u00e1ndez, en su cuenta de la red social Twitter, precisa que el plan comenzar\u00e1 a ejecutarse [&hellip;]","og_url":"https:\/\/stage3.rnv.gob.ve\/wp\/activan-plan-especial-de-suministro-de-agua-en-parroquia-san-pedro-de-caracas\/","og_site_name":"DEV RNV","article_publisher":"https:\/\/www.facebook.com\/RadioNacionaldeVenezuela","article_published_time":"2022-08-30T05:06:09+00:00","og_image":[{"width":680,"height":383,"url":"https:\/\/stage3.rnv.gob.ve\/wp\/wp-content\/uploads\/2022\/08\/hidrocapital.jpg","type":"image\/jpeg"}],"author":"Nora Andrade","twitter_card":"summary_large_image","twitter_creator":"@RNVinformativa","twitter_site":"@RNVinformativa","twitter_misc":{"Escrito por":"Nora Andrade","Tiempo estimado de lectura":"1 minuto"},"schema":{"@context":"https:\/\/schema.org","@graph":[{"@type":"Article","@id":"https:\/\/stage3.rnv.gob.ve\/wp\/activan-plan-especial-de-suministro-de-agua-en-parroquia-san-pedro-de-caracas\/#article","isPartOf":{"@id":"https:\/\/stage3.rnv.gob.ve\/wp\/activan-plan-especial-de-suministro-de-agua-en-parroquia-san-pedro-de-caracas\/"},"author":{"name":"Nora Andrade","@id":"https:\/\/stage3.rnv.gob.ve\/wp\/#\/schema\/person\/b04f077485d4e004e355dd829c37feaa"},"headline":"Activan plan especial de suministro de agua en parroquia San Pedro de Caracas","datePublished":"2022-08-30T05:06:09+00:00","mainEntityOfPage":{"@id":"https:\/\/stage3.rnv.gob.ve\/wp\/activan-plan-especial-de-suministro-de-agua-en-parroquia-san-pedro-de-caracas\/"},"wordCount":180,"publisher":{"@id":"https:\/\/stage3.rnv.gob.ve\/wp\/#organization"},"image":{"@id":"https:\/\/stage3.rnv.gob.ve\/wp\/activan-plan-especial-de-suministro-de-agua-en-parroquia-san-pedro-de-caracas\/#primaryimage"},"thumbnailUrl":"https:\/\/stage3.rnv.gob.ve\/wp\/wp-content\/uploads\/2022\/08\/hidrocapital.jpg","keywords":["caracas","San Pedro"],"articleSection":["Ciudad"],"inLanguage":"es"},{"@type":"WebPage","@id":"https:\/\/stage3.rnv.gob.ve\/wp\/activan-plan-especial-de-suministro-de-agua-en-parroquia-san-pedro-de-caracas\/","url":"https:\/\/stage3.rnv.gob.ve\/wp\/activan-plan-especial-de-suministro-de-agua-en-parroquia-san-pedro-de-caracas\/","name":"Activan plan especial de suministro de agua en parroquia San Pedro de Caracas - DEV RNV","isPartOf":{"@id":"https:\/\/stage3.rnv.gob.ve\/wp\/#website"},"primaryImageOfPage":{"@id":"https:\/\/stage3.rnv.gob.ve\/wp\/activan-plan-especial-de-suministro-de-agua-en-parroquia-san-pedro-de-caracas\/#primaryimage"},"image":{"@id":"https:\/\/stage3.rnv.gob.ve\/wp\/activan-plan-especial-de-suministro-de-agua-en-parroquia-san-pedro-de-caracas\/#primaryimage"},"thumbnailUrl":"https:\/\/stage3.rnv.gob.ve\/wp\/wp-content\/uploads\/2022\/08\/hidrocapital.jpg","datePublished":"2022-08-30T05:06:09+00:00","breadcrumb":{"@id":"https:\/\/stage3.rnv.gob.ve\/wp\/activan-plan-especial-de-suministro-de-agua-en-parroquia-san-pedro-de-caracas\/#breadcrumb"},"inLanguage":"es","potentialAction":[{"@type":"ReadAction","target":["https:\/\/stage3.rnv.gob.ve\/wp\/activan-plan-especial-de-suministro-de-agua-en-parroquia-san-pedro-de-caracas\/"]}]},{"@type":"ImageObject","inLanguage":"es","@id":"https:\/\/stage3.rnv.gob.ve\/wp\/activan-plan-especial-de-suministro-de-agua-en-parroquia-san-pedro-de-caracas\/#primaryimage","url":"https:\/\/stage3.rnv.gob.ve\/wp\/wp-content\/uploads\/2022\/08\/hidrocapital.jpg","contentUrl":"https:\/\/stage3.rnv.gob.ve\/wp\/wp-content\/uploads\/2022\/08\/hidrocapital.jpg","width":680,"height":383},{"@type":"BreadcrumbList","@id":"https:\/\/stage3.rnv.gob.ve\/wp\/activan-plan-especial-de-suministro-de-agua-en-parroquia-san-pedro-de-caracas\/#breadcrumb","itemListElement":[{"@type":"ListItem","position":1,"name":"Portada","item":"https:\/\/stage3.rnv.gob.ve\/wp\/"},{"@type":"ListItem","position":2,"name":"Activan Plan Especial De Suministro De Agua En Parroquia San Pedro De Caracas"}]},{"@type":"WebSite","@id":"https:\/\/stage3.rnv.gob.ve\/wp\/#website","url":"https:\/\/stage3.rnv.gob.ve\/wp\/","name":"DEV RNV","description":"Radio Nacional de Venezuela C.A.","publisher":{"@id":"https:\/\/stage3.rnv.gob.ve\/wp\/#organization"},"potentialAction":[{"@type":"SearchAction","target":{"@type":"EntryPoint","urlTemplate":"https:\/\/stage3.rnv.gob.ve\/wp\/?s={search_term_string}"},"query-input":{"@type":"PropertyValueSpecification","valueRequired":true,"valueName":"search_term_string"}}],"inLanguage":"es"},{"@type":"Organization","@id":"https:\/\/stage3.rnv.gob.ve\/wp\/#organization","name":"Radio Nacional de Venezuela C.A.","url":"https:\/\/stage3.rnv.gob.ve\/wp\/","logo":{"@type":"ImageObject","inLanguage":"es","@id":"https:\/\/stage3.rnv.gob.ve\/wp\/#\/schema\/logo\/image\/","url":"http:\/\/rnv.ddns.net\/prensa\/wp-content\/uploads\/2022\/04\/rnv-1-300x227-1.jpg","contentUrl":"http:\/\/rnv.ddns.net\/prensa\/wp-content\/uploads\/2022\/04\/rnv-1-300x227-1.jpg","width":800,"height":455,"caption":"Radio Nacional de Venezuela C.A."},"image":{"@id":"https:\/\/stage3.rnv.gob.ve\/wp\/#\/schema\/logo\/image\/"},"sameAs":["https:\/\/www.facebook.com\/RadioNacionaldeVenezuela","https:\/\/x.com\/RNVinformativa","https:\/\/www.instagram.com\/rnvinformativa\/","https:\/\/www.youtube.com\/user\/RNVContigo"]},{"@type":"Person","@id":"https:\/\/stage3.rnv.gob.ve\/wp\/#\/schema\/person\/b04f077485d4e004e355dd829c37feaa","name":"Nora Andrade","url":"https:\/\/stage3.rnv.gob.ve\/wp\/author\/nora_andrade\/"}]}},"jetpack_featured_media_url":"https:\/\/stage3.rnv.gob.ve\/wp\/wp-content\/uploads\/2022\/08\/hidrocapital.jpg","_links":{"self":[{"href":"https:\/\/stage3.rnv.gob.ve\/wp\/wp-json\/wp\/v2\/posts\/348719","targetHints":{"allow":["GET"]}}],"collection":[{"href":"https:\/\/stage3.rnv.gob.ve\/wp\/wp-json\/wp\/v2\/posts"}],"about":[{"href":"https:\/\/stage3.rnv.gob.ve\/wp\/wp-json\/wp\/v2\/types\/post"}],"author":[{"embeddable":true,"href":"https:\/\/stage3.rnv.gob.ve\/wp\/wp-json\/wp\/v2\/users\/18"}],"replies":[{"embeddable":true,"href":"https:\/\/stage3.rnv.gob.ve\/wp\/wp-json\/wp\/v2\/comments?post=348719"}],"version-history":[{"count":0,"href":"https:\/\/stage3.rnv.gob.ve\/wp\/wp-json\/wp\/v2\/posts\/348719\/revisions"}],"wp:featuredmedia":[{"embeddable":true,"href":"https:\/\/stage3.rnv.gob.ve\/wp\/wp-json\/wp\/v2\/media\/348720"}],"wp:attachment":[{"href":"https:\/\/stage3.rnv.gob.ve\/wp\/wp-json\/wp\/v2\/media?parent=348719"}],"wp:term":[{"taxonomy":"category","embeddable":true,"href":"https:\/\/stage3.rnv.gob.ve\/wp\/wp-json\/wp\/v2\/categories?post=348719"},{"taxonomy":"post_tag","embeddable":true,"href":"https:\/\/stage3.rnv.gob.ve\/wp\/wp-json\/wp\/v2\/tags?post=348719"}],"curies":[{"name":"wp","href":"https:\/\/api.w.org\/{rel}","templated":true}]}}