{"id":346531,"date":"2022-07-27T12:52:31","date_gmt":"2022-07-27T16:52:31","guid":{"rendered":"https:\/\/stage3.rnv.gob.ve\/wp\/prensa\/?p=346531"},"modified":"2022-08-17T00:08:42","modified_gmt":"2022-08-17T04:08:42","slug":"an-aprobo-la-designacion-de-daniel-augusto-ramirez-herrera-como-el-nuevo-defensor-publico-despues-de-evaluar-durante-meses-varias-propuestas","status":"publish","type":"post","link":"https:\/\/stage3.rnv.gob.ve\/wp\/an-aprobo-la-designacion-de-daniel-augusto-ramirez-herrera-como-el-nuevo-defensor-publico-despues-de-evaluar-durante-meses-varias-propuestas\/","title":{"rendered":"AN design\u00f3 a Daniel Augusto Ram\u00edrez como Defensor P\u00fablico General"},"content":{"rendered":"<p>La Asamblea Nacional (AN) aprob\u00f3 este martes la designaci\u00f3n de Daniel Augusto Ram\u00edrez Herrera como el nuevo Defensor P\u00fablico despu\u00e9s de evaluar durante meses varias propuestas.<\/p>\n<p>\u00abEsta posici\u00f3n, esta responsabilidad que adquiere el defensor p\u00fablico es fundamental en la preservaci\u00f3n y defensa de los derechos humanos\u00bb, expres\u00f3 el\u00a0presidente del parlamento, Jorge Rodr\u00edguez.<\/p>\n<p>Destac\u00f3 el papel de la Comisi\u00f3n de Postulaciones Judiciales quien llev\u00f3 a cabo la elecci\u00f3n de los candidatos para la designaci\u00f3n del nuevo defensor, como parte de los procesos novedosos que se han implementado.<\/p>\n<blockquote class=\"twitter-tweet\">\n<p dir=\"ltr\" lang=\"es\">Acaba de ser designado x la AN como Defensor P\u00fablico General de la Rep\u00fablica Bolivariana el ciudadano Daniel Augusto Ram\u00edrez Herrera. Tiene el deber del resguardo integral de los derechos humanos y al debido proceso de cada venezolana y venezolano. Felicitaciones!! <a href=\"https:\/\/t.co\/rCypvUNdwB\">pic.twitter.com\/rCypvUNdwB<\/a><\/p>\n<p>\u2014 Jorge Rodr\u00edguez (@jorgerpsuv) <a href=\"https:\/\/twitter.com\/jorgerpsuv\/status\/1552021886607003649?ref_src=twsrc%5Etfw\">July 26, 2022<\/a><\/p><\/blockquote>\n<p><script async src=\"https:\/\/platform.twitter.com\/widgets.js\" charset=\"utf-8\"><\/script><\/p>\n<p>T\/AVN<\/p>\n","protected":false},"excerpt":{"rendered":"<p>La Asamblea Nacional (AN) aprob\u00f3 este martes la designaci\u00f3n de Daniel Augusto Ram\u00edrez Herrera como el nuevo Defensor P\u00fablico despu\u00e9s de evaluar durante meses varias propuestas. \u00abEsta posici\u00f3n, esta responsabilidad que adquiere el defensor p\u00fablico es fundamental en la preservaci\u00f3n y defensa de los derechos humanos\u00bb, expres\u00f3 el\u00a0presidente del parlamento, Jorge Rodr\u00edguez. Destac\u00f3 el papel [&hellip;]<\/p>\n","protected":false},"author":55,"featured_media":346532,"comment_status":"closed","ping_status":"closed","sticky":false,"template":"","format":"standard","meta":{"_acf_changed":false,"footnotes":""},"categories":[67],"tags":[149,34425,18148,353],"class_list":["post-346531","post","type-post","status-publish","format-standard","has-post-thumbnail","hentry","category-politica","tag-an","tag-daniel-augusto-ramirez-herrera","tag-defensor-publico","tag-jorge-rodriguez"],"acf":[],"yoast_head":"<!-- This site is optimized with the Yoast SEO plugin v27.4 - https:\/\/yoast.com\/product\/yoast-seo-wordpress\/ -->\n<title>AN design\u00f3 a Daniel Augusto Ram\u00edrez como Defensor P\u00fablico General - DEV RNV<\/title>\n<meta name=\"description\" content=\"AN aprob\u00f3 la designaci\u00f3n de Daniel Augusto Ram\u00edrez Herrera como el nuevo Defensor P\u00fablico despu\u00e9s de evaluar durante meses varias propuestas\" \/>\n<meta name=\"robots\" content=\"noindex, follow, max-snippet:-1, max-image-preview:large, max-video-preview:-1\" \/>\n<meta property=\"og:locale\" content=\"es_ES\" \/>\n<meta property=\"og:type\" content=\"article\" \/>\n<meta property=\"og:title\" content=\"AN design\u00f3 a Daniel Augusto Ram\u00edrez como Defensor P\u00fablico General - DEV RNV\" \/>\n<meta property=\"og:description\" content=\"AN aprob\u00f3 la designaci\u00f3n de Daniel Augusto Ram\u00edrez Herrera como el nuevo Defensor P\u00fablico despu\u00e9s de evaluar durante meses varias propuestas\" \/>\n<meta property=\"og:url\" content=\"https:\/\/stage3.rnv.gob.ve\/wp\/an-aprobo-la-designacion-de-daniel-augusto-ramirez-herrera-como-el-nuevo-defensor-publico-despues-de-evaluar-durante-meses-varias-propuestas\/\" \/>\n<meta property=\"og:site_name\" content=\"DEV RNV\" \/>\n<meta property=\"article:publisher\" content=\"https:\/\/www.facebook.com\/RadioNacionaldeVenezuela\" \/>\n<meta property=\"article:published_time\" content=\"2022-07-27T16:52:31+00:00\" \/>\n<meta property=\"article:modified_time\" content=\"2022-08-17T04:08:42+00:00\" \/>\n<meta property=\"og:image\" content=\"https:\/\/stage3.rnv.gob.ve\/wp\/wp-content\/uploads\/2022\/07\/Defensor-Publico.jpg\" \/>\n\t<meta property=\"og:image:width\" content=\"696\" \/>\n\t<meta property=\"og:image:height\" content=\"464\" \/>\n\t<meta property=\"og:image:type\" content=\"image\/jpeg\" \/>\n<meta name=\"author\" content=\"Greicy Far\u00edas\" \/>\n<meta name=\"twitter:card\" content=\"summary_large_image\" \/>\n<meta name=\"twitter:creator\" content=\"@RNVinformativa\" \/>\n<meta name=\"twitter:site\" content=\"@RNVinformativa\" \/>\n<meta name=\"twitter:label1\" content=\"Escrito por\" \/>\n\t<meta name=\"twitter:data1\" content=\"Greicy Far\u00edas\" \/>\n\t<meta name=\"twitter:label2\" content=\"Tiempo estimado de lectura\" \/>\n\t<meta name=\"twitter:data2\" content=\"1 minuto\" \/>\n<script type=\"application\/ld+json\" class=\"yoast-schema-graph\">{\"@context\":\"https:\\\/\\\/schema.org\",\"@graph\":[{\"@type\":\"Article\",\"@id\":\"https:\\\/\\\/stage3.rnv.gob.ve\\\/wp\\\/an-aprobo-la-designacion-de-daniel-augusto-ramirez-herrera-como-el-nuevo-defensor-publico-despues-de-evaluar-durante-meses-varias-propuestas\\\/#article\",\"isPartOf\":{\"@id\":\"https:\\\/\\\/stage3.rnv.gob.ve\\\/wp\\\/an-aprobo-la-designacion-de-daniel-augusto-ramirez-herrera-como-el-nuevo-defensor-publico-despues-de-evaluar-durante-meses-varias-propuestas\\\/\"},\"author\":{\"name\":\"Greicy Far\u00edas\",\"@id\":\"https:\\\/\\\/stage3.rnv.gob.ve\\\/wp\\\/#\\\/schema\\\/person\\\/f01f556d4b148634786fbc7a33dd1e1e\"},\"headline\":\"AN design\u00f3 a Daniel Augusto Ram\u00edrez como Defensor P\u00fablico General\",\"datePublished\":\"2022-07-27T16:52:31+00:00\",\"dateModified\":\"2022-08-17T04:08:42+00:00\",\"mainEntityOfPage\":{\"@id\":\"https:\\\/\\\/stage3.rnv.gob.ve\\\/wp\\\/an-aprobo-la-designacion-de-daniel-augusto-ramirez-herrera-como-el-nuevo-defensor-publico-despues-de-evaluar-durante-meses-varias-propuestas\\\/\"},\"wordCount\":165,\"publisher\":{\"@id\":\"https:\\\/\\\/stage3.rnv.gob.ve\\\/wp\\\/#organization\"},\"image\":{\"@id\":\"https:\\\/\\\/stage3.rnv.gob.ve\\\/wp\\\/an-aprobo-la-designacion-de-daniel-augusto-ramirez-herrera-como-el-nuevo-defensor-publico-despues-de-evaluar-durante-meses-varias-propuestas\\\/#primaryimage\"},\"thumbnailUrl\":\"https:\\\/\\\/stage3.rnv.gob.ve\\\/wp\\\/wp-content\\\/uploads\\\/2022\\\/07\\\/Defensor-Publico.jpg\",\"keywords\":[\"AN\",\"Daniel Augusto Ram\u00edrez Herrera\",\"defensor publico\",\"jorge rodriguez\"],\"articleSection\":[\"Pol\u00edtica\"],\"inLanguage\":\"es\"},{\"@type\":\"WebPage\",\"@id\":\"https:\\\/\\\/stage3.rnv.gob.ve\\\/wp\\\/an-aprobo-la-designacion-de-daniel-augusto-ramirez-herrera-como-el-nuevo-defensor-publico-despues-de-evaluar-durante-meses-varias-propuestas\\\/\",\"url\":\"https:\\\/\\\/stage3.rnv.gob.ve\\\/wp\\\/an-aprobo-la-designacion-de-daniel-augusto-ramirez-herrera-como-el-nuevo-defensor-publico-despues-de-evaluar-durante-meses-varias-propuestas\\\/\",\"name\":\"AN design\u00f3 a Daniel Augusto Ram\u00edrez como Defensor P\u00fablico General - DEV RNV\",\"isPartOf\":{\"@id\":\"https:\\\/\\\/stage3.rnv.gob.ve\\\/wp\\\/#website\"},\"primaryImageOfPage\":{\"@id\":\"https:\\\/\\\/stage3.rnv.gob.ve\\\/wp\\\/an-aprobo-la-designacion-de-daniel-augusto-ramirez-herrera-como-el-nuevo-defensor-publico-despues-de-evaluar-durante-meses-varias-propuestas\\\/#primaryimage\"},\"image\":{\"@id\":\"https:\\\/\\\/stage3.rnv.gob.ve\\\/wp\\\/an-aprobo-la-designacion-de-daniel-augusto-ramirez-herrera-como-el-nuevo-defensor-publico-despues-de-evaluar-durante-meses-varias-propuestas\\\/#primaryimage\"},\"thumbnailUrl\":\"https:\\\/\\\/stage3.rnv.gob.ve\\\/wp\\\/wp-content\\\/uploads\\\/2022\\\/07\\\/Defensor-Publico.jpg\",\"datePublished\":\"2022-07-27T16:52:31+00:00\",\"dateModified\":\"2022-08-17T04:08:42+00:00\",\"description\":\"AN aprob\u00f3 la designaci\u00f3n de Daniel Augusto Ram\u00edrez Herrera como el nuevo Defensor P\u00fablico despu\u00e9s de evaluar durante meses varias propuestas\",\"breadcrumb\":{\"@id\":\"https:\\\/\\\/stage3.rnv.gob.ve\\\/wp\\\/an-aprobo-la-designacion-de-daniel-augusto-ramirez-herrera-como-el-nuevo-defensor-publico-despues-de-evaluar-durante-meses-varias-propuestas\\\/#breadcrumb\"},\"inLanguage\":\"es\",\"potentialAction\":[{\"@type\":\"ReadAction\",\"target\":[\"https:\\\/\\\/stage3.rnv.gob.ve\\\/wp\\\/an-aprobo-la-designacion-de-daniel-augusto-ramirez-herrera-como-el-nuevo-defensor-publico-despues-de-evaluar-durante-meses-varias-propuestas\\\/\"]}]},{\"@type\":\"ImageObject\",\"inLanguage\":\"es\",\"@id\":\"https:\\\/\\\/stage3.rnv.gob.ve\\\/wp\\\/an-aprobo-la-designacion-de-daniel-augusto-ramirez-herrera-como-el-nuevo-defensor-publico-despues-de-evaluar-durante-meses-varias-propuestas\\\/#primaryimage\",\"url\":\"https:\\\/\\\/stage3.rnv.gob.ve\\\/wp\\\/wp-content\\\/uploads\\\/2022\\\/07\\\/Defensor-Publico.jpg\",\"contentUrl\":\"https:\\\/\\\/stage3.rnv.gob.ve\\\/wp\\\/wp-content\\\/uploads\\\/2022\\\/07\\\/Defensor-Publico.jpg\",\"width\":696,\"height\":464},{\"@type\":\"BreadcrumbList\",\"@id\":\"https:\\\/\\\/stage3.rnv.gob.ve\\\/wp\\\/an-aprobo-la-designacion-de-daniel-augusto-ramirez-herrera-como-el-nuevo-defensor-publico-despues-de-evaluar-durante-meses-varias-propuestas\\\/#breadcrumb\",\"itemListElement\":[{\"@type\":\"ListItem\",\"position\":1,\"name\":\"Portada\",\"item\":\"https:\\\/\\\/stage3.rnv.gob.ve\\\/wp\\\/\"},{\"@type\":\"ListItem\",\"position\":2,\"name\":\"An Design\u00f3 A Daniel Augusto Ram\u00edrez Como Defensor P\u00fablico General\"}]},{\"@type\":\"WebSite\",\"@id\":\"https:\\\/\\\/stage3.rnv.gob.ve\\\/wp\\\/#website\",\"url\":\"https:\\\/\\\/stage3.rnv.gob.ve\\\/wp\\\/\",\"name\":\"DEV RNV\",\"description\":\"Radio Nacional de Venezuela C.A.\",\"publisher\":{\"@id\":\"https:\\\/\\\/stage3.rnv.gob.ve\\\/wp\\\/#organization\"},\"potentialAction\":[{\"@type\":\"SearchAction\",\"target\":{\"@type\":\"EntryPoint\",\"urlTemplate\":\"https:\\\/\\\/stage3.rnv.gob.ve\\\/wp\\\/?s={search_term_string}\"},\"query-input\":{\"@type\":\"PropertyValueSpecification\",\"valueRequired\":true,\"valueName\":\"search_term_string\"}}],\"inLanguage\":\"es\"},{\"@type\":\"Organization\",\"@id\":\"https:\\\/\\\/stage3.rnv.gob.ve\\\/wp\\\/#organization\",\"name\":\"Radio Nacional de Venezuela C.A.\",\"url\":\"https:\\\/\\\/stage3.rnv.gob.ve\\\/wp\\\/\",\"logo\":{\"@type\":\"ImageObject\",\"inLanguage\":\"es\",\"@id\":\"https:\\\/\\\/stage3.rnv.gob.ve\\\/wp\\\/#\\\/schema\\\/logo\\\/image\\\/\",\"url\":\"http:\\\/\\\/rnv.ddns.net\\\/prensa\\\/wp-content\\\/uploads\\\/2022\\\/04\\\/rnv-1-300x227-1.jpg\",\"contentUrl\":\"http:\\\/\\\/rnv.ddns.net\\\/prensa\\\/wp-content\\\/uploads\\\/2022\\\/04\\\/rnv-1-300x227-1.jpg\",\"width\":800,\"height\":455,\"caption\":\"Radio Nacional de Venezuela C.A.\"},\"image\":{\"@id\":\"https:\\\/\\\/stage3.rnv.gob.ve\\\/wp\\\/#\\\/schema\\\/logo\\\/image\\\/\"},\"sameAs\":[\"https:\\\/\\\/www.facebook.com\\\/RadioNacionaldeVenezuela\",\"https:\\\/\\\/x.com\\\/RNVinformativa\",\"https:\\\/\\\/www.instagram.com\\\/rnvinformativa\\\/\",\"https:\\\/\\\/www.youtube.com\\\/user\\\/RNVContigo\"]},{\"@type\":\"Person\",\"@id\":\"https:\\\/\\\/stage3.rnv.gob.ve\\\/wp\\\/#\\\/schema\\\/person\\\/f01f556d4b148634786fbc7a33dd1e1e\",\"name\":\"Greicy Far\u00edas\",\"url\":\"https:\\\/\\\/stage3.rnv.gob.ve\\\/wp\\\/author\\\/greicy_farias\\\/\"}]}<\/script>\n<!-- \/ Yoast SEO plugin. -->","yoast_head_json":{"title":"AN design\u00f3 a Daniel Augusto Ram\u00edrez como Defensor P\u00fablico General - DEV RNV","description":"AN aprob\u00f3 la designaci\u00f3n de Daniel Augusto Ram\u00edrez Herrera como el nuevo Defensor P\u00fablico despu\u00e9s de evaluar durante meses varias propuestas","robots":{"index":"noindex","follow":"follow","max-snippet":"max-snippet:-1","max-image-preview":"max-image-preview:large","max-video-preview":"max-video-preview:-1"},"og_locale":"es_ES","og_type":"article","og_title":"AN design\u00f3 a Daniel Augusto Ram\u00edrez como Defensor P\u00fablico General - DEV RNV","og_description":"AN aprob\u00f3 la designaci\u00f3n de Daniel Augusto Ram\u00edrez Herrera como el nuevo Defensor P\u00fablico despu\u00e9s de evaluar durante meses varias propuestas","og_url":"https:\/\/stage3.rnv.gob.ve\/wp\/an-aprobo-la-designacion-de-daniel-augusto-ramirez-herrera-como-el-nuevo-defensor-publico-despues-de-evaluar-durante-meses-varias-propuestas\/","og_site_name":"DEV RNV","article_publisher":"https:\/\/www.facebook.com\/RadioNacionaldeVenezuela","article_published_time":"2022-07-27T16:52:31+00:00","article_modified_time":"2022-08-17T04:08:42+00:00","og_image":[{"width":696,"height":464,"url":"https:\/\/stage3.rnv.gob.ve\/wp\/wp-content\/uploads\/2022\/07\/Defensor-Publico.jpg","type":"image\/jpeg"}],"author":"Greicy Far\u00edas","twitter_card":"summary_large_image","twitter_creator":"@RNVinformativa","twitter_site":"@RNVinformativa","twitter_misc":{"Escrito por":"Greicy Far\u00edas","Tiempo estimado de lectura":"1 minuto"},"schema":{"@context":"https:\/\/schema.org","@graph":[{"@type":"Article","@id":"https:\/\/stage3.rnv.gob.ve\/wp\/an-aprobo-la-designacion-de-daniel-augusto-ramirez-herrera-como-el-nuevo-defensor-publico-despues-de-evaluar-durante-meses-varias-propuestas\/#article","isPartOf":{"@id":"https:\/\/stage3.rnv.gob.ve\/wp\/an-aprobo-la-designacion-de-daniel-augusto-ramirez-herrera-como-el-nuevo-defensor-publico-despues-de-evaluar-durante-meses-varias-propuestas\/"},"author":{"name":"Greicy Far\u00edas","@id":"https:\/\/stage3.rnv.gob.ve\/wp\/#\/schema\/person\/f01f556d4b148634786fbc7a33dd1e1e"},"headline":"AN design\u00f3 a Daniel Augusto Ram\u00edrez como Defensor P\u00fablico General","datePublished":"2022-07-27T16:52:31+00:00","dateModified":"2022-08-17T04:08:42+00:00","mainEntityOfPage":{"@id":"https:\/\/stage3.rnv.gob.ve\/wp\/an-aprobo-la-designacion-de-daniel-augusto-ramirez-herrera-como-el-nuevo-defensor-publico-despues-de-evaluar-durante-meses-varias-propuestas\/"},"wordCount":165,"publisher":{"@id":"https:\/\/stage3.rnv.gob.ve\/wp\/#organization"},"image":{"@id":"https:\/\/stage3.rnv.gob.ve\/wp\/an-aprobo-la-designacion-de-daniel-augusto-ramirez-herrera-como-el-nuevo-defensor-publico-despues-de-evaluar-durante-meses-varias-propuestas\/#primaryimage"},"thumbnailUrl":"https:\/\/stage3.rnv.gob.ve\/wp\/wp-content\/uploads\/2022\/07\/Defensor-Publico.jpg","keywords":["AN","Daniel Augusto Ram\u00edrez Herrera","defensor publico","jorge rodriguez"],"articleSection":["Pol\u00edtica"],"inLanguage":"es"},{"@type":"WebPage","@id":"https:\/\/stage3.rnv.gob.ve\/wp\/an-aprobo-la-designacion-de-daniel-augusto-ramirez-herrera-como-el-nuevo-defensor-publico-despues-de-evaluar-durante-meses-varias-propuestas\/","url":"https:\/\/stage3.rnv.gob.ve\/wp\/an-aprobo-la-designacion-de-daniel-augusto-ramirez-herrera-como-el-nuevo-defensor-publico-despues-de-evaluar-durante-meses-varias-propuestas\/","name":"AN design\u00f3 a Daniel Augusto Ram\u00edrez como Defensor P\u00fablico General - DEV RNV","isPartOf":{"@id":"https:\/\/stage3.rnv.gob.ve\/wp\/#website"},"primaryImageOfPage":{"@id":"https:\/\/stage3.rnv.gob.ve\/wp\/an-aprobo-la-designacion-de-daniel-augusto-ramirez-herrera-como-el-nuevo-defensor-publico-despues-de-evaluar-durante-meses-varias-propuestas\/#primaryimage"},"image":{"@id":"https:\/\/stage3.rnv.gob.ve\/wp\/an-aprobo-la-designacion-de-daniel-augusto-ramirez-herrera-como-el-nuevo-defensor-publico-despues-de-evaluar-durante-meses-varias-propuestas\/#primaryimage"},"thumbnailUrl":"https:\/\/stage3.rnv.gob.ve\/wp\/wp-content\/uploads\/2022\/07\/Defensor-Publico.jpg","datePublished":"2022-07-27T16:52:31+00:00","dateModified":"2022-08-17T04:08:42+00:00","description":"AN aprob\u00f3 la designaci\u00f3n de Daniel Augusto Ram\u00edrez Herrera como el nuevo Defensor P\u00fablico despu\u00e9s de evaluar durante meses varias propuestas","breadcrumb":{"@id":"https:\/\/stage3.rnv.gob.ve\/wp\/an-aprobo-la-designacion-de-daniel-augusto-ramirez-herrera-como-el-nuevo-defensor-publico-despues-de-evaluar-durante-meses-varias-propuestas\/#breadcrumb"},"inLanguage":"es","potentialAction":[{"@type":"ReadAction","target":["https:\/\/stage3.rnv.gob.ve\/wp\/an-aprobo-la-designacion-de-daniel-augusto-ramirez-herrera-como-el-nuevo-defensor-publico-despues-de-evaluar-durante-meses-varias-propuestas\/"]}]},{"@type":"ImageObject","inLanguage":"es","@id":"https:\/\/stage3.rnv.gob.ve\/wp\/an-aprobo-la-designacion-de-daniel-augusto-ramirez-herrera-como-el-nuevo-defensor-publico-despues-de-evaluar-durante-meses-varias-propuestas\/#primaryimage","url":"https:\/\/stage3.rnv.gob.ve\/wp\/wp-content\/uploads\/2022\/07\/Defensor-Publico.jpg","contentUrl":"https:\/\/stage3.rnv.gob.ve\/wp\/wp-content\/uploads\/2022\/07\/Defensor-Publico.jpg","width":696,"height":464},{"@type":"BreadcrumbList","@id":"https:\/\/stage3.rnv.gob.ve\/wp\/an-aprobo-la-designacion-de-daniel-augusto-ramirez-herrera-como-el-nuevo-defensor-publico-despues-de-evaluar-durante-meses-varias-propuestas\/#breadcrumb","itemListElement":[{"@type":"ListItem","position":1,"name":"Portada","item":"https:\/\/stage3.rnv.gob.ve\/wp\/"},{"@type":"ListItem","position":2,"name":"An Design\u00f3 A Daniel Augusto Ram\u00edrez Como Defensor P\u00fablico General"}]},{"@type":"WebSite","@id":"https:\/\/stage3.rnv.gob.ve\/wp\/#website","url":"https:\/\/stage3.rnv.gob.ve\/wp\/","name":"DEV RNV","description":"Radio Nacional de Venezuela C.A.","publisher":{"@id":"https:\/\/stage3.rnv.gob.ve\/wp\/#organization"},"potentialAction":[{"@type":"SearchAction","target":{"@type":"EntryPoint","urlTemplate":"https:\/\/stage3.rnv.gob.ve\/wp\/?s={search_term_string}"},"query-input":{"@type":"PropertyValueSpecification","valueRequired":true,"valueName":"search_term_string"}}],"inLanguage":"es"},{"@type":"Organization","@id":"https:\/\/stage3.rnv.gob.ve\/wp\/#organization","name":"Radio Nacional de Venezuela C.A.","url":"https:\/\/stage3.rnv.gob.ve\/wp\/","logo":{"@type":"ImageObject","inLanguage":"es","@id":"https:\/\/stage3.rnv.gob.ve\/wp\/#\/schema\/logo\/image\/","url":"http:\/\/rnv.ddns.net\/prensa\/wp-content\/uploads\/2022\/04\/rnv-1-300x227-1.jpg","contentUrl":"http:\/\/rnv.ddns.net\/prensa\/wp-content\/uploads\/2022\/04\/rnv-1-300x227-1.jpg","width":800,"height":455,"caption":"Radio Nacional de Venezuela C.A."},"image":{"@id":"https:\/\/stage3.rnv.gob.ve\/wp\/#\/schema\/logo\/image\/"},"sameAs":["https:\/\/www.facebook.com\/RadioNacionaldeVenezuela","https:\/\/x.com\/RNVinformativa","https:\/\/www.instagram.com\/rnvinformativa\/","https:\/\/www.youtube.com\/user\/RNVContigo"]},{"@type":"Person","@id":"https:\/\/stage3.rnv.gob.ve\/wp\/#\/schema\/person\/f01f556d4b148634786fbc7a33dd1e1e","name":"Greicy Far\u00edas","url":"https:\/\/stage3.rnv.gob.ve\/wp\/author\/greicy_farias\/"}]}},"jetpack_featured_media_url":"https:\/\/stage3.rnv.gob.ve\/wp\/wp-content\/uploads\/2022\/07\/Defensor-Publico.jpg","_links":{"self":[{"href":"https:\/\/stage3.rnv.gob.ve\/wp\/wp-json\/wp\/v2\/posts\/346531","targetHints":{"allow":["GET"]}}],"collection":[{"href":"https:\/\/stage3.rnv.gob.ve\/wp\/wp-json\/wp\/v2\/posts"}],"about":[{"href":"https:\/\/stage3.rnv.gob.ve\/wp\/wp-json\/wp\/v2\/types\/post"}],"author":[{"embeddable":true,"href":"https:\/\/stage3.rnv.gob.ve\/wp\/wp-json\/wp\/v2\/users\/55"}],"replies":[{"embeddable":true,"href":"https:\/\/stage3.rnv.gob.ve\/wp\/wp-json\/wp\/v2\/comments?post=346531"}],"version-history":[{"count":0,"href":"https:\/\/stage3.rnv.gob.ve\/wp\/wp-json\/wp\/v2\/posts\/346531\/revisions"}],"wp:featuredmedia":[{"embeddable":true,"href":"https:\/\/stage3.rnv.gob.ve\/wp\/wp-json\/wp\/v2\/media\/346532"}],"wp:attachment":[{"href":"https:\/\/stage3.rnv.gob.ve\/wp\/wp-json\/wp\/v2\/media?parent=346531"}],"wp:term":[{"taxonomy":"category","embeddable":true,"href":"https:\/\/stage3.rnv.gob.ve\/wp\/wp-json\/wp\/v2\/categories?post=346531"},{"taxonomy":"post_tag","embeddable":true,"href":"https:\/\/stage3.rnv.gob.ve\/wp\/wp-json\/wp\/v2\/tags?post=346531"}],"curies":[{"name":"wp","href":"https:\/\/api.w.org\/{rel}","templated":true}]}}