{"id":34474,"date":"2016-06-01T19:23:16","date_gmt":"2016-06-01T23:23:16","guid":{"rendered":"http:\/\/wpeditor.rnv.gob.ve\/?p=34474"},"modified":"2016-06-01T19:23:16","modified_gmt":"2016-06-01T23:23:16","slug":"tres-mil-millones-de-dolares-costara-reconstruccion-de-ecuador","status":"publish","type":"post","link":"https:\/\/stage3.rnv.gob.ve\/wp\/tres-mil-millones-de-dolares-costara-reconstruccion-de-ecuador\/","title":{"rendered":"M\u00e1s de 3 mil millones de d\u00f3lares costar\u00e1 reconstrucci\u00f3n de Ecuador"},"content":{"rendered":"<figure id=\"attachment_34476\" aria-describedby=\"caption-attachment-34476\" style=\"width: 300px\" class=\"wp-caption alignleft\"><img fetchpriority=\"high\" decoding=\"async\" class=\"size-medium wp-image-34476\" src=\"http:\/\/wpeditor.rnv.gob.ve\/app\/uploads\/2016\/06\/ecuador_earthquake_disaster.jpg_1718483346-300x170.jpg\" alt=\"Foto: Archivo (EFE) \" width=\"300\" height=\"170\" \/><figcaption id=\"caption-attachment-34476\" class=\"wp-caption-text\">Foto: Archivo (EFE)<\/figcaption><\/figure>\n<p style=\"text-align: justify;\">La titular de la Secretar\u00eda Nacional de Planificaci\u00f3n y Desarrollo de Ecuador, Sandra Naranjo inform\u00f3 este mi\u00e9rcoles en rueda de prensa que la reconstrucci\u00f3n de las zonas afectadas por el terremoto de magnitud 7,8 del pasado 16 de abril, costar\u00e1 unos 3 mil 344 millones de d\u00f3lares. \u00a0 \u00a0<!--more--><\/p>\n<p style=\"text-align: justify;\">La responsable de Planificaci\u00f3n y Desarrollo indic\u00f3 que el Estado financiar\u00e1 2 mil 253 millones de d\u00f3lares (67 por ciento) del monto total, mientras que los restantes mil 91 millones deber\u00e1n ser aportados por el sector privado. La funcionaria coment\u00f3 que la reconstrucci\u00f3n debe ser una pol\u00edtica de Estado y no de gobierno.<\/p>\n<p style=\"text-align: justify;\">Naranjo explic\u00f3 a los medios de comunicaci\u00f3n que en el monto total est\u00e1n incluidos los costes adicionales generados durante la emergencia y la etapa de recuperaci\u00f3n, como, por ejemplo, el tener escuelas y hospitales m\u00f3viles, entre otros.<\/p>\n<p style=\"text-align: justify;\"><strong>Ley por las v\u00edctimas del terremoto<\/strong><br \/>\nDesde este 1 de junio entr\u00f3 en vigor la Ley Solidaria y de Corresponsabilidad Ciudadana por las Afectaciones del Terremoto en Ecuador, cuyo objetivo es recaudar recursos para financiar la reconstrucci\u00f3n de varias poblaciones de las provincias costeras de Manab\u00ed y Esmeraldas.<\/p>\n<p style=\"text-align: justify;\">La Ley contempla el incremento del Impuesto al Valor Agregado (IVA) en dos puntos, del 12 al 14 por ciento, por m\u00e1ximo un a\u00f1o. Seg\u00fan el Gobierno con esta medida se espera recaudar al menos mil millones de d\u00f3lares.<\/p>\n<p style=\"text-align: justify;\">La normativa establece otras contribuciones como el aporte de un d\u00eda de salario de todos las personas que perciban un salario entre mil y 2 mil d\u00f3lares mensuales, medida que se hace progresiva hasta quienes ganen m\u00e1s de 20 mil d\u00f3lares, que deber\u00e1n entregar un d\u00eda de salario por ocho meses.<\/p>\n<p style=\"text-align: justify;\">La nueva normativa dispone que las sociedades que realicen actividades econ\u00f3micas y que paguen Impuesto a la Renta, pagar\u00e1n una contribuci\u00f3n del tres por ciento a sus utilidades que se calcular\u00e1 teniendo como referencia la base imponible de 2015.<\/p>\n<div style=\"text-align: justify;\"><strong>En contexto<\/strong><\/div>\n<div style=\"text-align: justify;\">De acuerdo con las cifras presentadas este mi\u00e9rcoles por la Senplades, como consecuencia del terremoto del 16 de abril fallecieron un total de 663 personas,12 contin\u00faan desaparecidas y 80 mil desplazadas, como cifra adicional revel\u00f3 que desde la fecha del sismo se han producido\u00a0m\u00e1s de mil 700 r\u00e9plicas.<\/div>\n<div style=\"text-align: justify;\"><\/div>\n<blockquote class=\"twitter-tweet\" data-lang=\"es\">\n<p dir=\"ltr\" lang=\"es\">Les comparto los costos estimados para la reconstrucci\u00f3n por los equipos d <a href=\"https:\/\/twitter.com\/cepal_onu\">@cepal_onu<\/a> <a href=\"https:\/\/twitter.com\/ONU_es\">@ONU_es<\/a> y el gobierno nacional <a href=\"https:\/\/t.co\/jbPY2rib9F\">pic.twitter.com\/jbPY2rib9F<\/a><\/p>\n<p>\u2014 Sandra Naranjo (@sandynaranjo) <a href=\"https:\/\/twitter.com\/sandynaranjo\/status\/738028711597871104\">1 de junio de 2016<\/a><\/p><\/blockquote>\n<p><script src=\"\/\/platform.twitter.com\/widgets.js\" async=\"\" charset=\"utf-8\"><\/script><\/p>\n<blockquote class=\"twitter-tweet\" data-lang=\"es\"><p>\n(1) Sector p\u00fablico asumir\u00e1 costo de $2.253 millones para reconstruir zonas afectadas (67%). Monto se divide de esta manera (\u2026) <a href=\"https:\/\/twitter.com\/sandynaranjo\">@sandynaranjo<\/a><br \/>\n\u2014 Senplades (@SenpladesEc) <a href=\"https:\/\/twitter.com\/SenpladesEc\/status\/738021935381123072\">1 de junio de 2016<\/a>\n<\/p><\/blockquote>\n<p><script src=\"\/\/platform.twitter.com\/widgets.js\" async=\"\" charset=\"utf-8\"><\/script><\/p>\n<blockquote class=\"twitter-tweet\" data-lang=\"es\">\n<p dir=\"ltr\" lang=\"es\">(2) $1.369 millones, sector social; $1.032 millones, productivo; $862 millones, infraestructura; $81 millones, otros sectores. <a href=\"https:\/\/twitter.com\/sandynaranjo\">@sandynaranjo<\/a><\/p>\n<p>\u2014 Senplades (@SenpladesEc) <a href=\"https:\/\/twitter.com\/SenpladesEc\/status\/738022021267902464\">1 de junio de 2016<\/a><\/p><\/blockquote>\n<p><script src=\"\/\/platform.twitter.com\/widgets.js\" async=\"\" charset=\"utf-8\"><\/script><\/p>\n<blockquote class=\"twitter-tweet\" data-lang=\"es\"><p>\n(3) Financiamiento: mil millones, Ley Solidaria; $660 millones, l\u00edneas contingentes; $400 millones, FMI; $193 millones, PGE. <a href=\"https:\/\/twitter.com\/sandynaranjo\">@sandynaranjo<\/a><br \/>\n\u2014 Senplades (@SenpladesEc) <a href=\"https:\/\/twitter.com\/SenpladesEc\/status\/738023755935559680\">1 de junio de 2016<\/a>\n<\/p><\/blockquote>\n<p><script src=\"\/\/platform.twitter.com\/widgets.js\" async=\"\" charset=\"utf-8\"><\/script><br \/>\n&nbsp;<br \/>\n&nbsp;<br \/>\n<strong>T\/teleSUR<\/strong><\/p>\n","protected":false},"excerpt":{"rendered":"<p>La titular de la Secretar\u00eda Nacional de Planificaci\u00f3n y Desarrollo de Ecuador, Sandra Naranjo inform\u00f3 este mi\u00e9rcoles en rueda de prensa que la reconstrucci\u00f3n de las zonas afectadas por el terremoto de magnitud 7,8 del pasado 16 de abril, costar\u00e1 unos 3 mil 344 millones de d\u00f3lares. \u00a0 \u00a0<\/p>\n","protected":false},"author":12,"featured_media":34476,"comment_status":"closed","ping_status":"open","sticky":false,"template":"","format":"standard","meta":{"_acf_changed":false,"footnotes":""},"categories":[63],"tags":[252,166,3580,82,892],"class_list":["post-34474","post","type-post","status-publish","format-standard","has-post-thumbnail","hentry","category-latinoamerica","tag-dolares","tag-ecuador","tag-reconstruccion","tag-rnv","tag-terremoto"],"acf":[],"yoast_head":"<!-- This site is optimized with the Yoast SEO plugin v27.4 - https:\/\/yoast.com\/product\/yoast-seo-wordpress\/ -->\n<title>M\u00e1s de 3 mil millones de d\u00f3lares costar\u00e1 reconstrucci\u00f3n de Ecuador - DEV RNV<\/title>\n<meta name=\"robots\" content=\"noindex, follow, max-snippet:-1, max-image-preview:large, max-video-preview:-1\" \/>\n<meta property=\"og:locale\" content=\"es_ES\" \/>\n<meta property=\"og:type\" content=\"article\" \/>\n<meta property=\"og:title\" content=\"M\u00e1s de 3 mil millones de d\u00f3lares costar\u00e1 reconstrucci\u00f3n de Ecuador - DEV RNV\" \/>\n<meta property=\"og:description\" content=\"La titular de la Secretar\u00eda Nacional de Planificaci\u00f3n y Desarrollo de Ecuador, Sandra Naranjo inform\u00f3 este mi\u00e9rcoles en rueda de prensa que la reconstrucci\u00f3n de las zonas afectadas por el terremoto de magnitud 7,8 del pasado 16 de abril, costar\u00e1 unos 3 mil 344 millones de d\u00f3lares. \u00a0 \u00a0\" \/>\n<meta property=\"og:url\" content=\"https:\/\/stage3.rnv.gob.ve\/wp\/tres-mil-millones-de-dolares-costara-reconstruccion-de-ecuador\/\" \/>\n<meta property=\"og:site_name\" content=\"DEV RNV\" \/>\n<meta property=\"article:publisher\" content=\"https:\/\/www.facebook.com\/RadioNacionaldeVenezuela\" \/>\n<meta property=\"article:published_time\" content=\"2016-06-01T23:23:16+00:00\" \/>\n<meta name=\"author\" content=\"Emilia Franco\" \/>\n<meta name=\"twitter:card\" content=\"summary_large_image\" \/>\n<meta name=\"twitter:creator\" content=\"@RNVinformativa\" \/>\n<meta name=\"twitter:site\" content=\"@RNVinformativa\" \/>\n<meta name=\"twitter:label1\" content=\"Escrito por\" \/>\n\t<meta name=\"twitter:data1\" content=\"Emilia Franco\" \/>\n\t<meta name=\"twitter:label2\" content=\"Tiempo estimado de lectura\" \/>\n\t<meta name=\"twitter:data2\" content=\"2 minutos\" \/>\n<script type=\"application\/ld+json\" class=\"yoast-schema-graph\">{\"@context\":\"https:\\\/\\\/schema.org\",\"@graph\":[{\"@type\":\"Article\",\"@id\":\"https:\\\/\\\/stage3.rnv.gob.ve\\\/wp\\\/tres-mil-millones-de-dolares-costara-reconstruccion-de-ecuador\\\/#article\",\"isPartOf\":{\"@id\":\"https:\\\/\\\/stage3.rnv.gob.ve\\\/wp\\\/tres-mil-millones-de-dolares-costara-reconstruccion-de-ecuador\\\/\"},\"author\":{\"name\":\"Emilia Franco\",\"@id\":\"https:\\\/\\\/stage3.rnv.gob.ve\\\/wp\\\/#\\\/schema\\\/person\\\/c6eeca4c518249937c326dd28193d509\"},\"headline\":\"M\u00e1s de 3 mil millones de d\u00f3lares costar\u00e1 reconstrucci\u00f3n de Ecuador\",\"datePublished\":\"2016-06-01T23:23:16+00:00\",\"mainEntityOfPage\":{\"@id\":\"https:\\\/\\\/stage3.rnv.gob.ve\\\/wp\\\/tres-mil-millones-de-dolares-costara-reconstruccion-de-ecuador\\\/\"},\"wordCount\":498,\"publisher\":{\"@id\":\"https:\\\/\\\/stage3.rnv.gob.ve\\\/wp\\\/#organization\"},\"image\":{\"@id\":\"https:\\\/\\\/stage3.rnv.gob.ve\\\/wp\\\/tres-mil-millones-de-dolares-costara-reconstruccion-de-ecuador\\\/#primaryimage\"},\"thumbnailUrl\":\"\",\"keywords\":[\"dolares\",\"Ecuador\",\"reconstrucci\u00f3n\",\"RNV\",\"terremoto\"],\"articleSection\":[\"Latinoam\u00e9rica\"],\"inLanguage\":\"es\"},{\"@type\":\"WebPage\",\"@id\":\"https:\\\/\\\/stage3.rnv.gob.ve\\\/wp\\\/tres-mil-millones-de-dolares-costara-reconstruccion-de-ecuador\\\/\",\"url\":\"https:\\\/\\\/stage3.rnv.gob.ve\\\/wp\\\/tres-mil-millones-de-dolares-costara-reconstruccion-de-ecuador\\\/\",\"name\":\"M\u00e1s de 3 mil millones de d\u00f3lares costar\u00e1 reconstrucci\u00f3n de Ecuador - DEV RNV\",\"isPartOf\":{\"@id\":\"https:\\\/\\\/stage3.rnv.gob.ve\\\/wp\\\/#website\"},\"primaryImageOfPage\":{\"@id\":\"https:\\\/\\\/stage3.rnv.gob.ve\\\/wp\\\/tres-mil-millones-de-dolares-costara-reconstruccion-de-ecuador\\\/#primaryimage\"},\"image\":{\"@id\":\"https:\\\/\\\/stage3.rnv.gob.ve\\\/wp\\\/tres-mil-millones-de-dolares-costara-reconstruccion-de-ecuador\\\/#primaryimage\"},\"thumbnailUrl\":\"\",\"datePublished\":\"2016-06-01T23:23:16+00:00\",\"breadcrumb\":{\"@id\":\"https:\\\/\\\/stage3.rnv.gob.ve\\\/wp\\\/tres-mil-millones-de-dolares-costara-reconstruccion-de-ecuador\\\/#breadcrumb\"},\"inLanguage\":\"es\",\"potentialAction\":[{\"@type\":\"ReadAction\",\"target\":[\"https:\\\/\\\/stage3.rnv.gob.ve\\\/wp\\\/tres-mil-millones-de-dolares-costara-reconstruccion-de-ecuador\\\/\"]}]},{\"@type\":\"ImageObject\",\"inLanguage\":\"es\",\"@id\":\"https:\\\/\\\/stage3.rnv.gob.ve\\\/wp\\\/tres-mil-millones-de-dolares-costara-reconstruccion-de-ecuador\\\/#primaryimage\",\"url\":\"\",\"contentUrl\":\"\"},{\"@type\":\"BreadcrumbList\",\"@id\":\"https:\\\/\\\/stage3.rnv.gob.ve\\\/wp\\\/tres-mil-millones-de-dolares-costara-reconstruccion-de-ecuador\\\/#breadcrumb\",\"itemListElement\":[{\"@type\":\"ListItem\",\"position\":1,\"name\":\"Portada\",\"item\":\"https:\\\/\\\/stage3.rnv.gob.ve\\\/wp\\\/\"},{\"@type\":\"ListItem\",\"position\":2,\"name\":\"M\u00e1s De 3 Mil Millones De D\u00f3lares Costar\u00e1 Reconstrucci\u00f3n De Ecuador\"}]},{\"@type\":\"WebSite\",\"@id\":\"https:\\\/\\\/stage3.rnv.gob.ve\\\/wp\\\/#website\",\"url\":\"https:\\\/\\\/stage3.rnv.gob.ve\\\/wp\\\/\",\"name\":\"DEV RNV\",\"description\":\"Radio Nacional de Venezuela C.A.\",\"publisher\":{\"@id\":\"https:\\\/\\\/stage3.rnv.gob.ve\\\/wp\\\/#organization\"},\"potentialAction\":[{\"@type\":\"SearchAction\",\"target\":{\"@type\":\"EntryPoint\",\"urlTemplate\":\"https:\\\/\\\/stage3.rnv.gob.ve\\\/wp\\\/?s={search_term_string}\"},\"query-input\":{\"@type\":\"PropertyValueSpecification\",\"valueRequired\":true,\"valueName\":\"search_term_string\"}}],\"inLanguage\":\"es\"},{\"@type\":\"Organization\",\"@id\":\"https:\\\/\\\/stage3.rnv.gob.ve\\\/wp\\\/#organization\",\"name\":\"Radio Nacional de Venezuela C.A.\",\"url\":\"https:\\\/\\\/stage3.rnv.gob.ve\\\/wp\\\/\",\"logo\":{\"@type\":\"ImageObject\",\"inLanguage\":\"es\",\"@id\":\"https:\\\/\\\/stage3.rnv.gob.ve\\\/wp\\\/#\\\/schema\\\/logo\\\/image\\\/\",\"url\":\"http:\\\/\\\/rnv.ddns.net\\\/prensa\\\/wp-content\\\/uploads\\\/2022\\\/04\\\/rnv-1-300x227-1.jpg\",\"contentUrl\":\"http:\\\/\\\/rnv.ddns.net\\\/prensa\\\/wp-content\\\/uploads\\\/2022\\\/04\\\/rnv-1-300x227-1.jpg\",\"width\":800,\"height\":455,\"caption\":\"Radio Nacional de Venezuela C.A.\"},\"image\":{\"@id\":\"https:\\\/\\\/stage3.rnv.gob.ve\\\/wp\\\/#\\\/schema\\\/logo\\\/image\\\/\"},\"sameAs\":[\"https:\\\/\\\/www.facebook.com\\\/RadioNacionaldeVenezuela\",\"https:\\\/\\\/x.com\\\/RNVinformativa\",\"https:\\\/\\\/www.instagram.com\\\/rnvinformativa\\\/\",\"https:\\\/\\\/www.youtube.com\\\/user\\\/RNVContigo\"]},{\"@type\":\"Person\",\"@id\":\"https:\\\/\\\/stage3.rnv.gob.ve\\\/wp\\\/#\\\/schema\\\/person\\\/c6eeca4c518249937c326dd28193d509\",\"name\":\"Emilia Franco\",\"url\":\"https:\\\/\\\/stage3.rnv.gob.ve\\\/wp\\\/author\\\/emilia_franco\\\/\"}]}<\/script>\n<!-- \/ Yoast SEO plugin. -->","yoast_head_json":{"title":"M\u00e1s de 3 mil millones de d\u00f3lares costar\u00e1 reconstrucci\u00f3n de Ecuador - DEV RNV","robots":{"index":"noindex","follow":"follow","max-snippet":"max-snippet:-1","max-image-preview":"max-image-preview:large","max-video-preview":"max-video-preview:-1"},"og_locale":"es_ES","og_type":"article","og_title":"M\u00e1s de 3 mil millones de d\u00f3lares costar\u00e1 reconstrucci\u00f3n de Ecuador - DEV RNV","og_description":"La titular de la Secretar\u00eda Nacional de Planificaci\u00f3n y Desarrollo de Ecuador, Sandra Naranjo inform\u00f3 este mi\u00e9rcoles en rueda de prensa que la reconstrucci\u00f3n de las zonas afectadas por el terremoto de magnitud 7,8 del pasado 16 de abril, costar\u00e1 unos 3 mil 344 millones de d\u00f3lares. \u00a0 \u00a0","og_url":"https:\/\/stage3.rnv.gob.ve\/wp\/tres-mil-millones-de-dolares-costara-reconstruccion-de-ecuador\/","og_site_name":"DEV RNV","article_publisher":"https:\/\/www.facebook.com\/RadioNacionaldeVenezuela","article_published_time":"2016-06-01T23:23:16+00:00","author":"Emilia Franco","twitter_card":"summary_large_image","twitter_creator":"@RNVinformativa","twitter_site":"@RNVinformativa","twitter_misc":{"Escrito por":"Emilia Franco","Tiempo estimado de lectura":"2 minutos"},"schema":{"@context":"https:\/\/schema.org","@graph":[{"@type":"Article","@id":"https:\/\/stage3.rnv.gob.ve\/wp\/tres-mil-millones-de-dolares-costara-reconstruccion-de-ecuador\/#article","isPartOf":{"@id":"https:\/\/stage3.rnv.gob.ve\/wp\/tres-mil-millones-de-dolares-costara-reconstruccion-de-ecuador\/"},"author":{"name":"Emilia Franco","@id":"https:\/\/stage3.rnv.gob.ve\/wp\/#\/schema\/person\/c6eeca4c518249937c326dd28193d509"},"headline":"M\u00e1s de 3 mil millones de d\u00f3lares costar\u00e1 reconstrucci\u00f3n de Ecuador","datePublished":"2016-06-01T23:23:16+00:00","mainEntityOfPage":{"@id":"https:\/\/stage3.rnv.gob.ve\/wp\/tres-mil-millones-de-dolares-costara-reconstruccion-de-ecuador\/"},"wordCount":498,"publisher":{"@id":"https:\/\/stage3.rnv.gob.ve\/wp\/#organization"},"image":{"@id":"https:\/\/stage3.rnv.gob.ve\/wp\/tres-mil-millones-de-dolares-costara-reconstruccion-de-ecuador\/#primaryimage"},"thumbnailUrl":"","keywords":["dolares","Ecuador","reconstrucci\u00f3n","RNV","terremoto"],"articleSection":["Latinoam\u00e9rica"],"inLanguage":"es"},{"@type":"WebPage","@id":"https:\/\/stage3.rnv.gob.ve\/wp\/tres-mil-millones-de-dolares-costara-reconstruccion-de-ecuador\/","url":"https:\/\/stage3.rnv.gob.ve\/wp\/tres-mil-millones-de-dolares-costara-reconstruccion-de-ecuador\/","name":"M\u00e1s de 3 mil millones de d\u00f3lares costar\u00e1 reconstrucci\u00f3n de Ecuador - DEV RNV","isPartOf":{"@id":"https:\/\/stage3.rnv.gob.ve\/wp\/#website"},"primaryImageOfPage":{"@id":"https:\/\/stage3.rnv.gob.ve\/wp\/tres-mil-millones-de-dolares-costara-reconstruccion-de-ecuador\/#primaryimage"},"image":{"@id":"https:\/\/stage3.rnv.gob.ve\/wp\/tres-mil-millones-de-dolares-costara-reconstruccion-de-ecuador\/#primaryimage"},"thumbnailUrl":"","datePublished":"2016-06-01T23:23:16+00:00","breadcrumb":{"@id":"https:\/\/stage3.rnv.gob.ve\/wp\/tres-mil-millones-de-dolares-costara-reconstruccion-de-ecuador\/#breadcrumb"},"inLanguage":"es","potentialAction":[{"@type":"ReadAction","target":["https:\/\/stage3.rnv.gob.ve\/wp\/tres-mil-millones-de-dolares-costara-reconstruccion-de-ecuador\/"]}]},{"@type":"ImageObject","inLanguage":"es","@id":"https:\/\/stage3.rnv.gob.ve\/wp\/tres-mil-millones-de-dolares-costara-reconstruccion-de-ecuador\/#primaryimage","url":"","contentUrl":""},{"@type":"BreadcrumbList","@id":"https:\/\/stage3.rnv.gob.ve\/wp\/tres-mil-millones-de-dolares-costara-reconstruccion-de-ecuador\/#breadcrumb","itemListElement":[{"@type":"ListItem","position":1,"name":"Portada","item":"https:\/\/stage3.rnv.gob.ve\/wp\/"},{"@type":"ListItem","position":2,"name":"M\u00e1s De 3 Mil Millones De D\u00f3lares Costar\u00e1 Reconstrucci\u00f3n De Ecuador"}]},{"@type":"WebSite","@id":"https:\/\/stage3.rnv.gob.ve\/wp\/#website","url":"https:\/\/stage3.rnv.gob.ve\/wp\/","name":"DEV RNV","description":"Radio Nacional de Venezuela C.A.","publisher":{"@id":"https:\/\/stage3.rnv.gob.ve\/wp\/#organization"},"potentialAction":[{"@type":"SearchAction","target":{"@type":"EntryPoint","urlTemplate":"https:\/\/stage3.rnv.gob.ve\/wp\/?s={search_term_string}"},"query-input":{"@type":"PropertyValueSpecification","valueRequired":true,"valueName":"search_term_string"}}],"inLanguage":"es"},{"@type":"Organization","@id":"https:\/\/stage3.rnv.gob.ve\/wp\/#organization","name":"Radio Nacional de Venezuela C.A.","url":"https:\/\/stage3.rnv.gob.ve\/wp\/","logo":{"@type":"ImageObject","inLanguage":"es","@id":"https:\/\/stage3.rnv.gob.ve\/wp\/#\/schema\/logo\/image\/","url":"http:\/\/rnv.ddns.net\/prensa\/wp-content\/uploads\/2022\/04\/rnv-1-300x227-1.jpg","contentUrl":"http:\/\/rnv.ddns.net\/prensa\/wp-content\/uploads\/2022\/04\/rnv-1-300x227-1.jpg","width":800,"height":455,"caption":"Radio Nacional de Venezuela C.A."},"image":{"@id":"https:\/\/stage3.rnv.gob.ve\/wp\/#\/schema\/logo\/image\/"},"sameAs":["https:\/\/www.facebook.com\/RadioNacionaldeVenezuela","https:\/\/x.com\/RNVinformativa","https:\/\/www.instagram.com\/rnvinformativa\/","https:\/\/www.youtube.com\/user\/RNVContigo"]},{"@type":"Person","@id":"https:\/\/stage3.rnv.gob.ve\/wp\/#\/schema\/person\/c6eeca4c518249937c326dd28193d509","name":"Emilia Franco","url":"https:\/\/stage3.rnv.gob.ve\/wp\/author\/emilia_franco\/"}]}},"jetpack_featured_media_url":"","_links":{"self":[{"href":"https:\/\/stage3.rnv.gob.ve\/wp\/wp-json\/wp\/v2\/posts\/34474","targetHints":{"allow":["GET"]}}],"collection":[{"href":"https:\/\/stage3.rnv.gob.ve\/wp\/wp-json\/wp\/v2\/posts"}],"about":[{"href":"https:\/\/stage3.rnv.gob.ve\/wp\/wp-json\/wp\/v2\/types\/post"}],"author":[{"embeddable":true,"href":"https:\/\/stage3.rnv.gob.ve\/wp\/wp-json\/wp\/v2\/users\/12"}],"replies":[{"embeddable":true,"href":"https:\/\/stage3.rnv.gob.ve\/wp\/wp-json\/wp\/v2\/comments?post=34474"}],"version-history":[{"count":0,"href":"https:\/\/stage3.rnv.gob.ve\/wp\/wp-json\/wp\/v2\/posts\/34474\/revisions"}],"wp:featuredmedia":[{"embeddable":true,"href":"https:\/\/stage3.rnv.gob.ve\/wp\/wp-json\/"}],"wp:attachment":[{"href":"https:\/\/stage3.rnv.gob.ve\/wp\/wp-json\/wp\/v2\/media?parent=34474"}],"wp:term":[{"taxonomy":"category","embeddable":true,"href":"https:\/\/stage3.rnv.gob.ve\/wp\/wp-json\/wp\/v2\/categories?post=34474"},{"taxonomy":"post_tag","embeddable":true,"href":"https:\/\/stage3.rnv.gob.ve\/wp\/wp-json\/wp\/v2\/tags?post=34474"}],"curies":[{"name":"wp","href":"https:\/\/api.w.org\/{rel}","templated":true}]}}