{"id":340684,"date":"2022-05-23T14:22:10","date_gmt":"2022-05-23T18:22:10","guid":{"rendered":"https:\/\/stage3.rnv.gob.ve\/wp\/prensa\/?p=340684"},"modified":"2022-05-23T14:22:10","modified_gmt":"2022-05-23T18:22:10","slug":"gustavo-petro-cierra-campana-con-masiva-concentracion-en-bogota-colombia","status":"publish","type":"post","link":"https:\/\/stage3.rnv.gob.ve\/wp\/gustavo-petro-cierra-campana-con-masiva-concentracion-en-bogota-colombia\/","title":{"rendered":"Petro cierra campa\u00f1a con masiva concentraci\u00f3n en Bogot\u00e1, Colombia"},"content":{"rendered":"<p style=\"text-align: left;\">El candidato presidencial de Colombia por la coalici\u00f3n del Pacto Hist\u00f3rico, Gustavo Petro, cerr\u00f3 su campa\u00f1a junto a su f\u00f3rmula vicepresidencial Francia M\u00e1rquez en una masiva concentraci\u00f3n en la hist\u00f3rica Plaza Sim\u00f3n Bol\u00edvar en Bogot\u00e1. <img fetchpriority=\"high\" decoding=\"async\" class=\"size-medium wp-image-340687 alignright\" src=\"https:\/\/rnv.macvenezuela.com\/wp-content\/uploads\/2022\/05\/WhatsApp-Image-2022-05-23-at-1.58.13-PM-300x193.jpeg\" alt=\"\" width=\"300\" height=\"193\" srcset=\"https:\/\/stage3.rnv.gob.ve\/wp\/wp-content\/uploads\/2022\/05\/WhatsApp-Image-2022-05-23-at-1.58.13-PM-300x193.jpeg 300w, https:\/\/stage3.rnv.gob.ve\/wp\/wp-content\/uploads\/2022\/05\/WhatsApp-Image-2022-05-23-at-1.58.13-PM.jpeg 600w\" sizes=\"(max-width: 300px) 100vw, 300px\" \/><\/p>\n<p style=\"text-align: left;\">Ante miles de simpatizantes y militantes, el candidato progresista y quien lidera la intenci\u00f3n de voto de cara a los comicios presidenciales que se efectuar\u00e1n el pr\u00f3ximo 29 de mayo, resalt\u00f3 en su discurso la necesidad de construir un Gobierno que priorice la vida, el medio ambiente y el desarrollo productivo en el pa\u00eds.<\/p>\n<p>Al mismo tiempo, Gustavo Petro inst\u00f3 a los colombianos a estar alertas ante posibles saboteos a los comicios por parte del Gobierno, saliendo presidido por Iv\u00e1n Duque, quien actualmente su rechazo llega hasta un 70 por ciento.<\/p>\n<p>&nbsp;<\/p>\n<p>T\/TELESUR<\/p>\n","protected":false},"excerpt":{"rendered":"<p>El candidato presidencial de Colombia por la coalici\u00f3n del Pacto Hist\u00f3rico, Gustavo Petro, cerr\u00f3 su campa\u00f1a junto a su f\u00f3rmula vicepresidencial Francia M\u00e1rquez en una masiva concentraci\u00f3n en la hist\u00f3rica Plaza Sim\u00f3n Bol\u00edvar en Bogot\u00e1. Ante miles de simpatizantes y militantes, el candidato progresista y quien lidera la intenci\u00f3n de voto de cara a los [&hellip;]<\/p>\n","protected":false},"author":60,"featured_media":340686,"comment_status":"closed","ping_status":"closed","sticky":false,"template":"","format":"standard","meta":{"_acf_changed":false,"footnotes":""},"categories":[61],"tags":[18072,24920,19176],"class_list":["post-340684","post","type-post","status-publish","format-standard","has-post-thumbnail","hentry","category-internacional","tag-cierre-campana","tag-eleccion-presidencial","tag-petro"],"acf":[],"yoast_head":"<!-- This site is optimized with the Yoast SEO plugin v27.4 - https:\/\/yoast.com\/product\/yoast-seo-wordpress\/ -->\n<title>Petro cierra campa\u00f1a con masiva concentraci\u00f3n en Bogot\u00e1, Colombia - DEV RNV<\/title>\n<meta name=\"description\" content=\"Candidato presidencial de Colombia, Gustavo Petro, cierra campa\u00f1a con masiva concentraci\u00f3n en la hist\u00f3rica Plaza Sim\u00f3n Bol\u00edvar en Bogot\u00e1.\" \/>\n<meta name=\"robots\" content=\"noindex, follow, max-snippet:-1, max-image-preview:large, max-video-preview:-1\" \/>\n<meta property=\"og:locale\" content=\"es_ES\" \/>\n<meta property=\"og:type\" content=\"article\" \/>\n<meta property=\"og:title\" content=\"Petro cierra campa\u00f1a con masiva concentraci\u00f3n en Bogot\u00e1, Colombia - DEV RNV\" \/>\n<meta property=\"og:description\" content=\"Candidato presidencial de Colombia, Gustavo Petro, cierra campa\u00f1a con masiva concentraci\u00f3n en la hist\u00f3rica Plaza Sim\u00f3n Bol\u00edvar en Bogot\u00e1.\" \/>\n<meta property=\"og:url\" content=\"https:\/\/stage3.rnv.gob.ve\/wp\/gustavo-petro-cierra-campana-con-masiva-concentracion-en-bogota-colombia\/\" \/>\n<meta property=\"og:site_name\" content=\"DEV RNV\" \/>\n<meta property=\"article:publisher\" content=\"https:\/\/www.facebook.com\/RadioNacionaldeVenezuela\" \/>\n<meta property=\"article:published_time\" content=\"2022-05-23T18:22:10+00:00\" \/>\n<meta property=\"og:image\" content=\"https:\/\/stage3.rnv.gob.ve\/wp\/wp-content\/uploads\/2022\/05\/Gustavo-Petro-cierra-campana-con-masiva-concentracion-en-Bogota-Colombia-1024x534.png\" \/>\n\t<meta property=\"og:image:width\" content=\"1024\" \/>\n\t<meta property=\"og:image:height\" content=\"534\" \/>\n\t<meta property=\"og:image:type\" content=\"image\/png\" \/>\n<meta name=\"author\" content=\"Cindhy Bastidas\" \/>\n<meta name=\"twitter:card\" content=\"summary_large_image\" \/>\n<meta name=\"twitter:creator\" content=\"@RNVinformativa\" \/>\n<meta name=\"twitter:site\" content=\"@RNVinformativa\" \/>\n<meta name=\"twitter:label1\" content=\"Escrito por\" \/>\n\t<meta name=\"twitter:data1\" content=\"Cindhy Bastidas\" \/>\n\t<meta name=\"twitter:label2\" content=\"Tiempo estimado de lectura\" \/>\n\t<meta name=\"twitter:data2\" content=\"1 minuto\" \/>\n<script type=\"application\/ld+json\" class=\"yoast-schema-graph\">{\"@context\":\"https:\\\/\\\/schema.org\",\"@graph\":[{\"@type\":\"Article\",\"@id\":\"https:\\\/\\\/stage3.rnv.gob.ve\\\/wp\\\/gustavo-petro-cierra-campana-con-masiva-concentracion-en-bogota-colombia\\\/#article\",\"isPartOf\":{\"@id\":\"https:\\\/\\\/stage3.rnv.gob.ve\\\/wp\\\/gustavo-petro-cierra-campana-con-masiva-concentracion-en-bogota-colombia\\\/\"},\"author\":{\"name\":\"Cindhy Bastidas\",\"@id\":\"https:\\\/\\\/stage3.rnv.gob.ve\\\/wp\\\/#\\\/schema\\\/person\\\/86ae3b754f9a5aff5106150347430946\"},\"headline\":\"Petro cierra campa\u00f1a con masiva concentraci\u00f3n en Bogot\u00e1, Colombia\",\"datePublished\":\"2022-05-23T18:22:10+00:00\",\"mainEntityOfPage\":{\"@id\":\"https:\\\/\\\/stage3.rnv.gob.ve\\\/wp\\\/gustavo-petro-cierra-campana-con-masiva-concentracion-en-bogota-colombia\\\/\"},\"wordCount\":152,\"publisher\":{\"@id\":\"https:\\\/\\\/stage3.rnv.gob.ve\\\/wp\\\/#organization\"},\"image\":{\"@id\":\"https:\\\/\\\/stage3.rnv.gob.ve\\\/wp\\\/gustavo-petro-cierra-campana-con-masiva-concentracion-en-bogota-colombia\\\/#primaryimage\"},\"thumbnailUrl\":\"https:\\\/\\\/stage3.rnv.gob.ve\\\/wp\\\/wp-content\\\/uploads\\\/2022\\\/05\\\/Gustavo-Petro-cierra-campana-con-masiva-concentracion-en-Bogota-Colombia.png\",\"keywords\":[\"Cierre Campa\u00f1a\",\"eleccion presidencial\",\"petro\"],\"articleSection\":[\"Internacional\"],\"inLanguage\":\"es\"},{\"@type\":\"WebPage\",\"@id\":\"https:\\\/\\\/stage3.rnv.gob.ve\\\/wp\\\/gustavo-petro-cierra-campana-con-masiva-concentracion-en-bogota-colombia\\\/\",\"url\":\"https:\\\/\\\/stage3.rnv.gob.ve\\\/wp\\\/gustavo-petro-cierra-campana-con-masiva-concentracion-en-bogota-colombia\\\/\",\"name\":\"Petro cierra campa\u00f1a con masiva concentraci\u00f3n en Bogot\u00e1, Colombia - DEV RNV\",\"isPartOf\":{\"@id\":\"https:\\\/\\\/stage3.rnv.gob.ve\\\/wp\\\/#website\"},\"primaryImageOfPage\":{\"@id\":\"https:\\\/\\\/stage3.rnv.gob.ve\\\/wp\\\/gustavo-petro-cierra-campana-con-masiva-concentracion-en-bogota-colombia\\\/#primaryimage\"},\"image\":{\"@id\":\"https:\\\/\\\/stage3.rnv.gob.ve\\\/wp\\\/gustavo-petro-cierra-campana-con-masiva-concentracion-en-bogota-colombia\\\/#primaryimage\"},\"thumbnailUrl\":\"https:\\\/\\\/stage3.rnv.gob.ve\\\/wp\\\/wp-content\\\/uploads\\\/2022\\\/05\\\/Gustavo-Petro-cierra-campana-con-masiva-concentracion-en-Bogota-Colombia.png\",\"datePublished\":\"2022-05-23T18:22:10+00:00\",\"description\":\"Candidato presidencial de Colombia, Gustavo Petro, cierra campa\u00f1a con masiva concentraci\u00f3n en la hist\u00f3rica Plaza Sim\u00f3n Bol\u00edvar en Bogot\u00e1.\",\"breadcrumb\":{\"@id\":\"https:\\\/\\\/stage3.rnv.gob.ve\\\/wp\\\/gustavo-petro-cierra-campana-con-masiva-concentracion-en-bogota-colombia\\\/#breadcrumb\"},\"inLanguage\":\"es\",\"potentialAction\":[{\"@type\":\"ReadAction\",\"target\":[\"https:\\\/\\\/stage3.rnv.gob.ve\\\/wp\\\/gustavo-petro-cierra-campana-con-masiva-concentracion-en-bogota-colombia\\\/\"]}]},{\"@type\":\"ImageObject\",\"inLanguage\":\"es\",\"@id\":\"https:\\\/\\\/stage3.rnv.gob.ve\\\/wp\\\/gustavo-petro-cierra-campana-con-masiva-concentracion-en-bogota-colombia\\\/#primaryimage\",\"url\":\"https:\\\/\\\/stage3.rnv.gob.ve\\\/wp\\\/wp-content\\\/uploads\\\/2022\\\/05\\\/Gustavo-Petro-cierra-campana-con-masiva-concentracion-en-Bogota-Colombia.png\",\"contentUrl\":\"https:\\\/\\\/stage3.rnv.gob.ve\\\/wp\\\/wp-content\\\/uploads\\\/2022\\\/05\\\/Gustavo-Petro-cierra-campana-con-masiva-concentracion-en-Bogota-Colombia.png\",\"width\":1640,\"height\":856,\"caption\":\"Plaza Sim\u00f3n Bol\u00edvar, Bogot\u00e1.\"},{\"@type\":\"BreadcrumbList\",\"@id\":\"https:\\\/\\\/stage3.rnv.gob.ve\\\/wp\\\/gustavo-petro-cierra-campana-con-masiva-concentracion-en-bogota-colombia\\\/#breadcrumb\",\"itemListElement\":[{\"@type\":\"ListItem\",\"position\":1,\"name\":\"Portada\",\"item\":\"https:\\\/\\\/stage3.rnv.gob.ve\\\/wp\\\/\"},{\"@type\":\"ListItem\",\"position\":2,\"name\":\"Petro Cierra Campa\u00f1a Con Masiva Concentraci\u00f3n En Bogot\u00e1, Colombia\"}]},{\"@type\":\"WebSite\",\"@id\":\"https:\\\/\\\/stage3.rnv.gob.ve\\\/wp\\\/#website\",\"url\":\"https:\\\/\\\/stage3.rnv.gob.ve\\\/wp\\\/\",\"name\":\"DEV RNV\",\"description\":\"Radio Nacional de Venezuela C.A.\",\"publisher\":{\"@id\":\"https:\\\/\\\/stage3.rnv.gob.ve\\\/wp\\\/#organization\"},\"potentialAction\":[{\"@type\":\"SearchAction\",\"target\":{\"@type\":\"EntryPoint\",\"urlTemplate\":\"https:\\\/\\\/stage3.rnv.gob.ve\\\/wp\\\/?s={search_term_string}\"},\"query-input\":{\"@type\":\"PropertyValueSpecification\",\"valueRequired\":true,\"valueName\":\"search_term_string\"}}],\"inLanguage\":\"es\"},{\"@type\":\"Organization\",\"@id\":\"https:\\\/\\\/stage3.rnv.gob.ve\\\/wp\\\/#organization\",\"name\":\"Radio Nacional de Venezuela C.A.\",\"url\":\"https:\\\/\\\/stage3.rnv.gob.ve\\\/wp\\\/\",\"logo\":{\"@type\":\"ImageObject\",\"inLanguage\":\"es\",\"@id\":\"https:\\\/\\\/stage3.rnv.gob.ve\\\/wp\\\/#\\\/schema\\\/logo\\\/image\\\/\",\"url\":\"http:\\\/\\\/rnv.ddns.net\\\/prensa\\\/wp-content\\\/uploads\\\/2022\\\/04\\\/rnv-1-300x227-1.jpg\",\"contentUrl\":\"http:\\\/\\\/rnv.ddns.net\\\/prensa\\\/wp-content\\\/uploads\\\/2022\\\/04\\\/rnv-1-300x227-1.jpg\",\"width\":800,\"height\":455,\"caption\":\"Radio Nacional de Venezuela C.A.\"},\"image\":{\"@id\":\"https:\\\/\\\/stage3.rnv.gob.ve\\\/wp\\\/#\\\/schema\\\/logo\\\/image\\\/\"},\"sameAs\":[\"https:\\\/\\\/www.facebook.com\\\/RadioNacionaldeVenezuela\",\"https:\\\/\\\/x.com\\\/RNVinformativa\",\"https:\\\/\\\/www.instagram.com\\\/rnvinformativa\\\/\",\"https:\\\/\\\/www.youtube.com\\\/user\\\/RNVContigo\"]},{\"@type\":\"Person\",\"@id\":\"https:\\\/\\\/stage3.rnv.gob.ve\\\/wp\\\/#\\\/schema\\\/person\\\/86ae3b754f9a5aff5106150347430946\",\"name\":\"Cindhy Bastidas\",\"url\":\"https:\\\/\\\/stage3.rnv.gob.ve\\\/wp\\\/author\\\/cindhy_bastidas\\\/\"}]}<\/script>\n<!-- \/ Yoast SEO plugin. -->","yoast_head_json":{"title":"Petro cierra campa\u00f1a con masiva concentraci\u00f3n en Bogot\u00e1, Colombia - DEV RNV","description":"Candidato presidencial de Colombia, Gustavo Petro, cierra campa\u00f1a con masiva concentraci\u00f3n en la hist\u00f3rica Plaza Sim\u00f3n Bol\u00edvar en Bogot\u00e1.","robots":{"index":"noindex","follow":"follow","max-snippet":"max-snippet:-1","max-image-preview":"max-image-preview:large","max-video-preview":"max-video-preview:-1"},"og_locale":"es_ES","og_type":"article","og_title":"Petro cierra campa\u00f1a con masiva concentraci\u00f3n en Bogot\u00e1, Colombia - DEV RNV","og_description":"Candidato presidencial de Colombia, Gustavo Petro, cierra campa\u00f1a con masiva concentraci\u00f3n en la hist\u00f3rica Plaza Sim\u00f3n Bol\u00edvar en Bogot\u00e1.","og_url":"https:\/\/stage3.rnv.gob.ve\/wp\/gustavo-petro-cierra-campana-con-masiva-concentracion-en-bogota-colombia\/","og_site_name":"DEV RNV","article_publisher":"https:\/\/www.facebook.com\/RadioNacionaldeVenezuela","article_published_time":"2022-05-23T18:22:10+00:00","og_image":[{"width":1024,"height":534,"url":"https:\/\/stage3.rnv.gob.ve\/wp\/wp-content\/uploads\/2022\/05\/Gustavo-Petro-cierra-campana-con-masiva-concentracion-en-Bogota-Colombia-1024x534.png","type":"image\/png"}],"author":"Cindhy Bastidas","twitter_card":"summary_large_image","twitter_creator":"@RNVinformativa","twitter_site":"@RNVinformativa","twitter_misc":{"Escrito por":"Cindhy Bastidas","Tiempo estimado de lectura":"1 minuto"},"schema":{"@context":"https:\/\/schema.org","@graph":[{"@type":"Article","@id":"https:\/\/stage3.rnv.gob.ve\/wp\/gustavo-petro-cierra-campana-con-masiva-concentracion-en-bogota-colombia\/#article","isPartOf":{"@id":"https:\/\/stage3.rnv.gob.ve\/wp\/gustavo-petro-cierra-campana-con-masiva-concentracion-en-bogota-colombia\/"},"author":{"name":"Cindhy Bastidas","@id":"https:\/\/stage3.rnv.gob.ve\/wp\/#\/schema\/person\/86ae3b754f9a5aff5106150347430946"},"headline":"Petro cierra campa\u00f1a con masiva concentraci\u00f3n en Bogot\u00e1, Colombia","datePublished":"2022-05-23T18:22:10+00:00","mainEntityOfPage":{"@id":"https:\/\/stage3.rnv.gob.ve\/wp\/gustavo-petro-cierra-campana-con-masiva-concentracion-en-bogota-colombia\/"},"wordCount":152,"publisher":{"@id":"https:\/\/stage3.rnv.gob.ve\/wp\/#organization"},"image":{"@id":"https:\/\/stage3.rnv.gob.ve\/wp\/gustavo-petro-cierra-campana-con-masiva-concentracion-en-bogota-colombia\/#primaryimage"},"thumbnailUrl":"https:\/\/stage3.rnv.gob.ve\/wp\/wp-content\/uploads\/2022\/05\/Gustavo-Petro-cierra-campana-con-masiva-concentracion-en-Bogota-Colombia.png","keywords":["Cierre Campa\u00f1a","eleccion presidencial","petro"],"articleSection":["Internacional"],"inLanguage":"es"},{"@type":"WebPage","@id":"https:\/\/stage3.rnv.gob.ve\/wp\/gustavo-petro-cierra-campana-con-masiva-concentracion-en-bogota-colombia\/","url":"https:\/\/stage3.rnv.gob.ve\/wp\/gustavo-petro-cierra-campana-con-masiva-concentracion-en-bogota-colombia\/","name":"Petro cierra campa\u00f1a con masiva concentraci\u00f3n en Bogot\u00e1, Colombia - DEV RNV","isPartOf":{"@id":"https:\/\/stage3.rnv.gob.ve\/wp\/#website"},"primaryImageOfPage":{"@id":"https:\/\/stage3.rnv.gob.ve\/wp\/gustavo-petro-cierra-campana-con-masiva-concentracion-en-bogota-colombia\/#primaryimage"},"image":{"@id":"https:\/\/stage3.rnv.gob.ve\/wp\/gustavo-petro-cierra-campana-con-masiva-concentracion-en-bogota-colombia\/#primaryimage"},"thumbnailUrl":"https:\/\/stage3.rnv.gob.ve\/wp\/wp-content\/uploads\/2022\/05\/Gustavo-Petro-cierra-campana-con-masiva-concentracion-en-Bogota-Colombia.png","datePublished":"2022-05-23T18:22:10+00:00","description":"Candidato presidencial de Colombia, Gustavo Petro, cierra campa\u00f1a con masiva concentraci\u00f3n en la hist\u00f3rica Plaza Sim\u00f3n Bol\u00edvar en Bogot\u00e1.","breadcrumb":{"@id":"https:\/\/stage3.rnv.gob.ve\/wp\/gustavo-petro-cierra-campana-con-masiva-concentracion-en-bogota-colombia\/#breadcrumb"},"inLanguage":"es","potentialAction":[{"@type":"ReadAction","target":["https:\/\/stage3.rnv.gob.ve\/wp\/gustavo-petro-cierra-campana-con-masiva-concentracion-en-bogota-colombia\/"]}]},{"@type":"ImageObject","inLanguage":"es","@id":"https:\/\/stage3.rnv.gob.ve\/wp\/gustavo-petro-cierra-campana-con-masiva-concentracion-en-bogota-colombia\/#primaryimage","url":"https:\/\/stage3.rnv.gob.ve\/wp\/wp-content\/uploads\/2022\/05\/Gustavo-Petro-cierra-campana-con-masiva-concentracion-en-Bogota-Colombia.png","contentUrl":"https:\/\/stage3.rnv.gob.ve\/wp\/wp-content\/uploads\/2022\/05\/Gustavo-Petro-cierra-campana-con-masiva-concentracion-en-Bogota-Colombia.png","width":1640,"height":856,"caption":"Plaza Sim\u00f3n Bol\u00edvar, Bogot\u00e1."},{"@type":"BreadcrumbList","@id":"https:\/\/stage3.rnv.gob.ve\/wp\/gustavo-petro-cierra-campana-con-masiva-concentracion-en-bogota-colombia\/#breadcrumb","itemListElement":[{"@type":"ListItem","position":1,"name":"Portada","item":"https:\/\/stage3.rnv.gob.ve\/wp\/"},{"@type":"ListItem","position":2,"name":"Petro Cierra Campa\u00f1a Con Masiva Concentraci\u00f3n En Bogot\u00e1, Colombia"}]},{"@type":"WebSite","@id":"https:\/\/stage3.rnv.gob.ve\/wp\/#website","url":"https:\/\/stage3.rnv.gob.ve\/wp\/","name":"DEV RNV","description":"Radio Nacional de Venezuela C.A.","publisher":{"@id":"https:\/\/stage3.rnv.gob.ve\/wp\/#organization"},"potentialAction":[{"@type":"SearchAction","target":{"@type":"EntryPoint","urlTemplate":"https:\/\/stage3.rnv.gob.ve\/wp\/?s={search_term_string}"},"query-input":{"@type":"PropertyValueSpecification","valueRequired":true,"valueName":"search_term_string"}}],"inLanguage":"es"},{"@type":"Organization","@id":"https:\/\/stage3.rnv.gob.ve\/wp\/#organization","name":"Radio Nacional de Venezuela C.A.","url":"https:\/\/stage3.rnv.gob.ve\/wp\/","logo":{"@type":"ImageObject","inLanguage":"es","@id":"https:\/\/stage3.rnv.gob.ve\/wp\/#\/schema\/logo\/image\/","url":"http:\/\/rnv.ddns.net\/prensa\/wp-content\/uploads\/2022\/04\/rnv-1-300x227-1.jpg","contentUrl":"http:\/\/rnv.ddns.net\/prensa\/wp-content\/uploads\/2022\/04\/rnv-1-300x227-1.jpg","width":800,"height":455,"caption":"Radio Nacional de Venezuela C.A."},"image":{"@id":"https:\/\/stage3.rnv.gob.ve\/wp\/#\/schema\/logo\/image\/"},"sameAs":["https:\/\/www.facebook.com\/RadioNacionaldeVenezuela","https:\/\/x.com\/RNVinformativa","https:\/\/www.instagram.com\/rnvinformativa\/","https:\/\/www.youtube.com\/user\/RNVContigo"]},{"@type":"Person","@id":"https:\/\/stage3.rnv.gob.ve\/wp\/#\/schema\/person\/86ae3b754f9a5aff5106150347430946","name":"Cindhy Bastidas","url":"https:\/\/stage3.rnv.gob.ve\/wp\/author\/cindhy_bastidas\/"}]}},"jetpack_featured_media_url":"https:\/\/stage3.rnv.gob.ve\/wp\/wp-content\/uploads\/2022\/05\/Gustavo-Petro-cierra-campana-con-masiva-concentracion-en-Bogota-Colombia.png","_links":{"self":[{"href":"https:\/\/stage3.rnv.gob.ve\/wp\/wp-json\/wp\/v2\/posts\/340684","targetHints":{"allow":["GET"]}}],"collection":[{"href":"https:\/\/stage3.rnv.gob.ve\/wp\/wp-json\/wp\/v2\/posts"}],"about":[{"href":"https:\/\/stage3.rnv.gob.ve\/wp\/wp-json\/wp\/v2\/types\/post"}],"author":[{"embeddable":true,"href":"https:\/\/stage3.rnv.gob.ve\/wp\/wp-json\/wp\/v2\/users\/60"}],"replies":[{"embeddable":true,"href":"https:\/\/stage3.rnv.gob.ve\/wp\/wp-json\/wp\/v2\/comments?post=340684"}],"version-history":[{"count":0,"href":"https:\/\/stage3.rnv.gob.ve\/wp\/wp-json\/wp\/v2\/posts\/340684\/revisions"}],"wp:featuredmedia":[{"embeddable":true,"href":"https:\/\/stage3.rnv.gob.ve\/wp\/wp-json\/wp\/v2\/media\/340686"}],"wp:attachment":[{"href":"https:\/\/stage3.rnv.gob.ve\/wp\/wp-json\/wp\/v2\/media?parent=340684"}],"wp:term":[{"taxonomy":"category","embeddable":true,"href":"https:\/\/stage3.rnv.gob.ve\/wp\/wp-json\/wp\/v2\/categories?post=340684"},{"taxonomy":"post_tag","embeddable":true,"href":"https:\/\/stage3.rnv.gob.ve\/wp\/wp-json\/wp\/v2\/tags?post=340684"}],"curies":[{"name":"wp","href":"https:\/\/api.w.org\/{rel}","templated":true}]}}