{"id":340546,"date":"2022-05-20T20:18:52","date_gmt":"2022-05-21T00:18:52","guid":{"rendered":"https:\/\/stage3.rnv.gob.ve\/wp\/prensa\/?p=340546"},"modified":"2022-05-24T22:00:27","modified_gmt":"2022-05-25T02:00:27","slug":"presidente-nicolas-maduro-activa-sistema-1x10-del-buen-gobierno","status":"publish","type":"post","link":"https:\/\/stage3.rnv.gob.ve\/wp\/presidente-nicolas-maduro-activa-sistema-1x10-del-buen-gobierno\/","title":{"rendered":"Presidente Nicol\u00e1s Maduro activa sistema 1&#215;10 del Buen Gobierno"},"content":{"rendered":"<p style=\"text-align: justify;\">Con el objetivo de asegurar el cumplimiento de los programas sociales y econ\u00f3micos de Gobierno Bolivariano, para dar respuestas directas a las necesidades de las y los venezolanos, el presidente de la Rep\u00fablica Bolivariana de Venezuela, Nicol\u00e1s Maduro, activ\u00f3 este viernes la plataforma tecnol\u00f3gica del Sistema 1\u00d710 del Buen Gobierno, el Mapa de Soluciones y la Agenda Concreta de Acci\u00f3n del Poder Popular.<\/p>\n<p style=\"text-align: justify;\">Desde el Poliedro de Caracas, el Jefe del Estado explic\u00f3 que este sistema tecnol\u00f3gico y organizativo, permitir\u00e1 soluciones concretas e integrales al pueblo venezolano de manera inmediata y oportuna.<\/p>\n<p style=\"text-align: justify;\"><img fetchpriority=\"high\" decoding=\"async\" class=\"alignleft wp-image-340548\" src=\"https:\/\/rnv.macvenezuela.com\/wp-content\/uploads\/2022\/05\/2-3.jpg\" alt=\"\" width=\"400\" height=\"266\" srcset=\"https:\/\/stage3.rnv.gob.ve\/wp\/wp-content\/uploads\/2022\/05\/2-3.jpg 680w, https:\/\/stage3.rnv.gob.ve\/wp\/wp-content\/uploads\/2022\/05\/2-3-300x200.jpg 300w\" sizes=\"(max-width: 400px) 100vw, 400px\" \/>\u201cEs algo nuevo, una gran creaci\u00f3n, nadie puede decir que ya sabe los resultados, vamos con nuestra mayor creatividad, el mayor \u00e1nimo de participaci\u00f3n y paciencia para lo que vamos a activar el d\u00eda de hoy\u201d, expres\u00f3.<\/p>\n<p style=\"text-align: justify;\">En este contexto, el Presidente Maduro, dio a conocer las l\u00edneas estrat\u00e9gicas de acci\u00f3n que regir\u00e1n este sistema, enmarcadas en la doctrina de la 3R.Nets: Resistencia, Renacimiento y Revolucionar, las cuales son:<\/p>\n<p style=\"text-align: justify;\">1. Avanzar y consolidar la recuperaci\u00f3n econ\u00f3mica integral del pa\u00eds, fortaleciendo los motores productivos y logrando la estabilidad de los marcadores econ\u00f3micos fundamentales.<\/p>\n<p style=\"text-align: justify;\">2. Garantizar los planes para el desarrollo humano gratificante y la protecci\u00f3n social del pueblo de manera avanzada.<\/p>\n<p style=\"text-align: justify;\">3. Asegurar el derecho al ambiente a la ciudad y a los servicios p\u00fablicos.<\/p>\n<p style=\"text-align: justify;\">4. Garantizar y promover la participaci\u00f3n del Poder Popular para el buen gobierno.<\/p>\n<p style=\"text-align: justify;\">5. Defender la soberan\u00eda nacional, la integridad territorial, la paz y<\/p>\n<p style=\"text-align: justify;\">\u00a0afianzar el papel de Venezuela en la nueva geopolitica mundial.<\/p>\n<p style=\"text-align: justify;\">6. Consolidar un nuevo sistema de justicia, de seguridad ciudadana y los cuadrantes de paz como prioridad del modelo correcto para la lucha contra la delincuencia.<\/p>\n<p><img decoding=\"async\" class=\"wp-image-340549 alignright\" src=\"https:\/\/rnv.macvenezuela.com\/wp-content\/uploads\/2022\/05\/3-4.jpg\" alt=\"\" width=\"400\" height=\"266\" srcset=\"https:\/\/stage3.rnv.gob.ve\/wp\/wp-content\/uploads\/2022\/05\/3-4.jpg 680w, https:\/\/stage3.rnv.gob.ve\/wp\/wp-content\/uploads\/2022\/05\/3-4-300x200.jpg 300w\" sizes=\"(max-width: 400px) 100vw, 400px\" \/><\/p>\n<p style=\"text-align: justify;\">En este sentido, inst\u00f3 a las autoridades en todo el pa\u00eds, Gobernadores, Alcaldes, Le<span style=\"text-align: justify;\">gislador<\/span>es y pueblo organizado, a desplegarse desde ya para<span style=\"text-align: justify;\">\u00a0informar sobre este sistema a todos los venezolanos y venezolanas, \u201cpara que todos nos incorporemos a este plan de un nuevo gobierno, de una nueva forma de gobernar, de la aten<\/span>ci\u00f3n y soluci\u00f3n de los problemas de la gente, que al final es el centro de nuestra vida\u201d.<\/p>\n<p>&nbsp;<\/p>\n<p style=\"text-align: justify;\">Finalmente, destac\u00f3 el car\u00e1cter c\u00edvico-militar-policial de este dispositivo, \u201cporque abarca toda la sociedad, el territorio, los sectores y todo el pueblo. Es la construcci\u00f3n de un nuevo sistema de conexi\u00f3n tecnol\u00f3gica y humana para atender los problemas reales del pueblo, para priorizar las soluciones en tiempo real\u201d.<\/p>\n<p style=\"text-align: justify;\"><strong>T\/RNV Web<\/strong><\/p>\n","protected":false},"excerpt":{"rendered":"<p>Con el objetivo de asegurar el cumplimiento de los programas sociales y econ\u00f3micos de Gobierno Bolivariano, para dar respuestas directas a las necesidades de las y los venezolanos, el presidente de la Rep\u00fablica Bolivariana de Venezuela, Nicol\u00e1s Maduro, activ\u00f3 este viernes la plataforma tecnol\u00f3gica del Sistema 1\u00d710 del Buen Gobierno, el Mapa de Soluciones y [&hellip;]<\/p>\n","protected":false},"author":36,"featured_media":340547,"comment_status":"closed","ping_status":"closed","sticky":false,"template":"","format":"standard","meta":{"_acf_changed":false,"footnotes":""},"categories":[57,65],"tags":[33733,5487,9881,31541,104],"class_list":["post-340546","post","type-post","status-publish","format-standard","has-post-thumbnail","hentry","category-destacado","category-nacional","tag-1x10-buen-gobierno","tag-presidente-maduro","tag-pueblo-organizado","tag-union-civico-militar-policial","tag-venezuela"],"acf":[],"yoast_head":"<!-- This site is optimized with the Yoast SEO plugin v27.4 - https:\/\/yoast.com\/product\/yoast-seo-wordpress\/ -->\n<title>Presidente Nicol\u00e1s Maduro activa sistema 1x10 del Buen Gobierno - DEV RNV<\/title>\n<meta name=\"description\" content=\"Presidente de la Rep\u00fablica Bolivariana de Venezuela Nicol\u00e1s Maduro activ\u00f3 este viernes el sistema 1x10 del Buen Gobierno\" \/>\n<meta name=\"robots\" content=\"noindex, follow, max-snippet:-1, max-image-preview:large, max-video-preview:-1\" \/>\n<meta property=\"og:locale\" content=\"es_ES\" \/>\n<meta property=\"og:type\" content=\"article\" \/>\n<meta property=\"og:title\" content=\"Presidente Nicol\u00e1s Maduro activa sistema 1x10 del Buen Gobierno - DEV RNV\" \/>\n<meta property=\"og:description\" content=\"Presidente de la Rep\u00fablica Bolivariana de Venezuela Nicol\u00e1s Maduro activ\u00f3 este viernes el sistema 1x10 del Buen Gobierno\" \/>\n<meta property=\"og:url\" content=\"https:\/\/stage3.rnv.gob.ve\/wp\/presidente-nicolas-maduro-activa-sistema-1x10-del-buen-gobierno\/\" \/>\n<meta property=\"og:site_name\" content=\"DEV RNV\" \/>\n<meta property=\"article:publisher\" content=\"https:\/\/www.facebook.com\/RadioNacionaldeVenezuela\" \/>\n<meta property=\"article:published_time\" content=\"2022-05-21T00:18:52+00:00\" \/>\n<meta property=\"article:modified_time\" content=\"2022-05-25T02:00:27+00:00\" \/>\n<meta property=\"og:image\" content=\"https:\/\/stage3.rnv.gob.ve\/wp\/wp-content\/uploads\/2022\/05\/1-5.jpg\" \/>\n\t<meta property=\"og:image:width\" content=\"680\" \/>\n\t<meta property=\"og:image:height\" content=\"453\" \/>\n\t<meta property=\"og:image:type\" content=\"image\/jpeg\" \/>\n<meta name=\"author\" content=\"Alexis Vega\" \/>\n<meta name=\"twitter:card\" content=\"summary_large_image\" \/>\n<meta name=\"twitter:creator\" content=\"@RNVinformativa\" \/>\n<meta name=\"twitter:site\" content=\"@RNVinformativa\" \/>\n<meta name=\"twitter:label1\" content=\"Escrito por\" \/>\n\t<meta name=\"twitter:data1\" content=\"Alexis Vega\" \/>\n\t<meta name=\"twitter:label2\" content=\"Tiempo estimado de lectura\" \/>\n\t<meta name=\"twitter:data2\" content=\"3 minutos\" \/>\n<script type=\"application\/ld+json\" class=\"yoast-schema-graph\">{\"@context\":\"https:\\\/\\\/schema.org\",\"@graph\":[{\"@type\":\"Article\",\"@id\":\"https:\\\/\\\/stage3.rnv.gob.ve\\\/wp\\\/presidente-nicolas-maduro-activa-sistema-1x10-del-buen-gobierno\\\/#article\",\"isPartOf\":{\"@id\":\"https:\\\/\\\/stage3.rnv.gob.ve\\\/wp\\\/presidente-nicolas-maduro-activa-sistema-1x10-del-buen-gobierno\\\/\"},\"author\":{\"name\":\"Alexis Vega\",\"@id\":\"https:\\\/\\\/stage3.rnv.gob.ve\\\/wp\\\/#\\\/schema\\\/person\\\/7ac58b46615a2b4662fb86057c8e8033\"},\"headline\":\"Presidente Nicol\u00e1s Maduro activa sistema 1&#215;10 del Buen Gobierno\",\"datePublished\":\"2022-05-21T00:18:52+00:00\",\"dateModified\":\"2022-05-25T02:00:27+00:00\",\"mainEntityOfPage\":{\"@id\":\"https:\\\/\\\/stage3.rnv.gob.ve\\\/wp\\\/presidente-nicolas-maduro-activa-sistema-1x10-del-buen-gobierno\\\/\"},\"wordCount\":430,\"publisher\":{\"@id\":\"https:\\\/\\\/stage3.rnv.gob.ve\\\/wp\\\/#organization\"},\"image\":{\"@id\":\"https:\\\/\\\/stage3.rnv.gob.ve\\\/wp\\\/presidente-nicolas-maduro-activa-sistema-1x10-del-buen-gobierno\\\/#primaryimage\"},\"thumbnailUrl\":\"https:\\\/\\\/stage3.rnv.gob.ve\\\/wp\\\/wp-content\\\/uploads\\\/2022\\\/05\\\/1-5.jpg\",\"keywords\":[\"1x10 BUen Gobierno\",\"presidente Maduro\",\"pueblo organizado\",\"uni\u00f3n c\u00edvico-militar-policial\",\"Venezuela\"],\"articleSection\":[\"Destacado\",\"Nacional\"],\"inLanguage\":\"es\"},{\"@type\":\"WebPage\",\"@id\":\"https:\\\/\\\/stage3.rnv.gob.ve\\\/wp\\\/presidente-nicolas-maduro-activa-sistema-1x10-del-buen-gobierno\\\/\",\"url\":\"https:\\\/\\\/stage3.rnv.gob.ve\\\/wp\\\/presidente-nicolas-maduro-activa-sistema-1x10-del-buen-gobierno\\\/\",\"name\":\"Presidente Nicol\u00e1s Maduro activa sistema 1x10 del Buen Gobierno - DEV RNV\",\"isPartOf\":{\"@id\":\"https:\\\/\\\/stage3.rnv.gob.ve\\\/wp\\\/#website\"},\"primaryImageOfPage\":{\"@id\":\"https:\\\/\\\/stage3.rnv.gob.ve\\\/wp\\\/presidente-nicolas-maduro-activa-sistema-1x10-del-buen-gobierno\\\/#primaryimage\"},\"image\":{\"@id\":\"https:\\\/\\\/stage3.rnv.gob.ve\\\/wp\\\/presidente-nicolas-maduro-activa-sistema-1x10-del-buen-gobierno\\\/#primaryimage\"},\"thumbnailUrl\":\"https:\\\/\\\/stage3.rnv.gob.ve\\\/wp\\\/wp-content\\\/uploads\\\/2022\\\/05\\\/1-5.jpg\",\"datePublished\":\"2022-05-21T00:18:52+00:00\",\"dateModified\":\"2022-05-25T02:00:27+00:00\",\"description\":\"Presidente de la Rep\u00fablica Bolivariana de Venezuela Nicol\u00e1s Maduro activ\u00f3 este viernes el sistema 1x10 del Buen Gobierno\",\"breadcrumb\":{\"@id\":\"https:\\\/\\\/stage3.rnv.gob.ve\\\/wp\\\/presidente-nicolas-maduro-activa-sistema-1x10-del-buen-gobierno\\\/#breadcrumb\"},\"inLanguage\":\"es\",\"potentialAction\":[{\"@type\":\"ReadAction\",\"target\":[\"https:\\\/\\\/stage3.rnv.gob.ve\\\/wp\\\/presidente-nicolas-maduro-activa-sistema-1x10-del-buen-gobierno\\\/\"]}]},{\"@type\":\"ImageObject\",\"inLanguage\":\"es\",\"@id\":\"https:\\\/\\\/stage3.rnv.gob.ve\\\/wp\\\/presidente-nicolas-maduro-activa-sistema-1x10-del-buen-gobierno\\\/#primaryimage\",\"url\":\"https:\\\/\\\/stage3.rnv.gob.ve\\\/wp\\\/wp-content\\\/uploads\\\/2022\\\/05\\\/1-5.jpg\",\"contentUrl\":\"https:\\\/\\\/stage3.rnv.gob.ve\\\/wp\\\/wp-content\\\/uploads\\\/2022\\\/05\\\/1-5.jpg\",\"width\":680,\"height\":453},{\"@type\":\"BreadcrumbList\",\"@id\":\"https:\\\/\\\/stage3.rnv.gob.ve\\\/wp\\\/presidente-nicolas-maduro-activa-sistema-1x10-del-buen-gobierno\\\/#breadcrumb\",\"itemListElement\":[{\"@type\":\"ListItem\",\"position\":1,\"name\":\"Portada\",\"item\":\"https:\\\/\\\/stage3.rnv.gob.ve\\\/wp\\\/\"},{\"@type\":\"ListItem\",\"position\":2,\"name\":\"Presidente Nicol\u00e1s Maduro Activa Sistema 1&#215;10 Del Buen Gobierno\"}]},{\"@type\":\"WebSite\",\"@id\":\"https:\\\/\\\/stage3.rnv.gob.ve\\\/wp\\\/#website\",\"url\":\"https:\\\/\\\/stage3.rnv.gob.ve\\\/wp\\\/\",\"name\":\"DEV RNV\",\"description\":\"Radio Nacional de Venezuela C.A.\",\"publisher\":{\"@id\":\"https:\\\/\\\/stage3.rnv.gob.ve\\\/wp\\\/#organization\"},\"potentialAction\":[{\"@type\":\"SearchAction\",\"target\":{\"@type\":\"EntryPoint\",\"urlTemplate\":\"https:\\\/\\\/stage3.rnv.gob.ve\\\/wp\\\/?s={search_term_string}\"},\"query-input\":{\"@type\":\"PropertyValueSpecification\",\"valueRequired\":true,\"valueName\":\"search_term_string\"}}],\"inLanguage\":\"es\"},{\"@type\":\"Organization\",\"@id\":\"https:\\\/\\\/stage3.rnv.gob.ve\\\/wp\\\/#organization\",\"name\":\"Radio Nacional de Venezuela C.A.\",\"url\":\"https:\\\/\\\/stage3.rnv.gob.ve\\\/wp\\\/\",\"logo\":{\"@type\":\"ImageObject\",\"inLanguage\":\"es\",\"@id\":\"https:\\\/\\\/stage3.rnv.gob.ve\\\/wp\\\/#\\\/schema\\\/logo\\\/image\\\/\",\"url\":\"http:\\\/\\\/rnv.ddns.net\\\/prensa\\\/wp-content\\\/uploads\\\/2022\\\/04\\\/rnv-1-300x227-1.jpg\",\"contentUrl\":\"http:\\\/\\\/rnv.ddns.net\\\/prensa\\\/wp-content\\\/uploads\\\/2022\\\/04\\\/rnv-1-300x227-1.jpg\",\"width\":800,\"height\":455,\"caption\":\"Radio Nacional de Venezuela C.A.\"},\"image\":{\"@id\":\"https:\\\/\\\/stage3.rnv.gob.ve\\\/wp\\\/#\\\/schema\\\/logo\\\/image\\\/\"},\"sameAs\":[\"https:\\\/\\\/www.facebook.com\\\/RadioNacionaldeVenezuela\",\"https:\\\/\\\/x.com\\\/RNVinformativa\",\"https:\\\/\\\/www.instagram.com\\\/rnvinformativa\\\/\",\"https:\\\/\\\/www.youtube.com\\\/user\\\/RNVContigo\"]},{\"@type\":\"Person\",\"@id\":\"https:\\\/\\\/stage3.rnv.gob.ve\\\/wp\\\/#\\\/schema\\\/person\\\/7ac58b46615a2b4662fb86057c8e8033\",\"name\":\"Alexis Vega\",\"url\":\"https:\\\/\\\/stage3.rnv.gob.ve\\\/wp\\\/author\\\/alexis_vega\\\/\"}]}<\/script>\n<!-- \/ Yoast SEO plugin. -->","yoast_head_json":{"title":"Presidente Nicol\u00e1s Maduro activa sistema 1x10 del Buen Gobierno - DEV RNV","description":"Presidente de la Rep\u00fablica Bolivariana de Venezuela Nicol\u00e1s Maduro activ\u00f3 este viernes el sistema 1x10 del Buen Gobierno","robots":{"index":"noindex","follow":"follow","max-snippet":"max-snippet:-1","max-image-preview":"max-image-preview:large","max-video-preview":"max-video-preview:-1"},"og_locale":"es_ES","og_type":"article","og_title":"Presidente Nicol\u00e1s Maduro activa sistema 1x10 del Buen Gobierno - DEV RNV","og_description":"Presidente de la Rep\u00fablica Bolivariana de Venezuela Nicol\u00e1s Maduro activ\u00f3 este viernes el sistema 1x10 del Buen Gobierno","og_url":"https:\/\/stage3.rnv.gob.ve\/wp\/presidente-nicolas-maduro-activa-sistema-1x10-del-buen-gobierno\/","og_site_name":"DEV RNV","article_publisher":"https:\/\/www.facebook.com\/RadioNacionaldeVenezuela","article_published_time":"2022-05-21T00:18:52+00:00","article_modified_time":"2022-05-25T02:00:27+00:00","og_image":[{"width":680,"height":453,"url":"https:\/\/stage3.rnv.gob.ve\/wp\/wp-content\/uploads\/2022\/05\/1-5.jpg","type":"image\/jpeg"}],"author":"Alexis Vega","twitter_card":"summary_large_image","twitter_creator":"@RNVinformativa","twitter_site":"@RNVinformativa","twitter_misc":{"Escrito por":"Alexis Vega","Tiempo estimado de lectura":"3 minutos"},"schema":{"@context":"https:\/\/schema.org","@graph":[{"@type":"Article","@id":"https:\/\/stage3.rnv.gob.ve\/wp\/presidente-nicolas-maduro-activa-sistema-1x10-del-buen-gobierno\/#article","isPartOf":{"@id":"https:\/\/stage3.rnv.gob.ve\/wp\/presidente-nicolas-maduro-activa-sistema-1x10-del-buen-gobierno\/"},"author":{"name":"Alexis Vega","@id":"https:\/\/stage3.rnv.gob.ve\/wp\/#\/schema\/person\/7ac58b46615a2b4662fb86057c8e8033"},"headline":"Presidente Nicol\u00e1s Maduro activa sistema 1&#215;10 del Buen Gobierno","datePublished":"2022-05-21T00:18:52+00:00","dateModified":"2022-05-25T02:00:27+00:00","mainEntityOfPage":{"@id":"https:\/\/stage3.rnv.gob.ve\/wp\/presidente-nicolas-maduro-activa-sistema-1x10-del-buen-gobierno\/"},"wordCount":430,"publisher":{"@id":"https:\/\/stage3.rnv.gob.ve\/wp\/#organization"},"image":{"@id":"https:\/\/stage3.rnv.gob.ve\/wp\/presidente-nicolas-maduro-activa-sistema-1x10-del-buen-gobierno\/#primaryimage"},"thumbnailUrl":"https:\/\/stage3.rnv.gob.ve\/wp\/wp-content\/uploads\/2022\/05\/1-5.jpg","keywords":["1x10 BUen Gobierno","presidente Maduro","pueblo organizado","uni\u00f3n c\u00edvico-militar-policial","Venezuela"],"articleSection":["Destacado","Nacional"],"inLanguage":"es"},{"@type":"WebPage","@id":"https:\/\/stage3.rnv.gob.ve\/wp\/presidente-nicolas-maduro-activa-sistema-1x10-del-buen-gobierno\/","url":"https:\/\/stage3.rnv.gob.ve\/wp\/presidente-nicolas-maduro-activa-sistema-1x10-del-buen-gobierno\/","name":"Presidente Nicol\u00e1s Maduro activa sistema 1x10 del Buen Gobierno - DEV RNV","isPartOf":{"@id":"https:\/\/stage3.rnv.gob.ve\/wp\/#website"},"primaryImageOfPage":{"@id":"https:\/\/stage3.rnv.gob.ve\/wp\/presidente-nicolas-maduro-activa-sistema-1x10-del-buen-gobierno\/#primaryimage"},"image":{"@id":"https:\/\/stage3.rnv.gob.ve\/wp\/presidente-nicolas-maduro-activa-sistema-1x10-del-buen-gobierno\/#primaryimage"},"thumbnailUrl":"https:\/\/stage3.rnv.gob.ve\/wp\/wp-content\/uploads\/2022\/05\/1-5.jpg","datePublished":"2022-05-21T00:18:52+00:00","dateModified":"2022-05-25T02:00:27+00:00","description":"Presidente de la Rep\u00fablica Bolivariana de Venezuela Nicol\u00e1s Maduro activ\u00f3 este viernes el sistema 1x10 del Buen Gobierno","breadcrumb":{"@id":"https:\/\/stage3.rnv.gob.ve\/wp\/presidente-nicolas-maduro-activa-sistema-1x10-del-buen-gobierno\/#breadcrumb"},"inLanguage":"es","potentialAction":[{"@type":"ReadAction","target":["https:\/\/stage3.rnv.gob.ve\/wp\/presidente-nicolas-maduro-activa-sistema-1x10-del-buen-gobierno\/"]}]},{"@type":"ImageObject","inLanguage":"es","@id":"https:\/\/stage3.rnv.gob.ve\/wp\/presidente-nicolas-maduro-activa-sistema-1x10-del-buen-gobierno\/#primaryimage","url":"https:\/\/stage3.rnv.gob.ve\/wp\/wp-content\/uploads\/2022\/05\/1-5.jpg","contentUrl":"https:\/\/stage3.rnv.gob.ve\/wp\/wp-content\/uploads\/2022\/05\/1-5.jpg","width":680,"height":453},{"@type":"BreadcrumbList","@id":"https:\/\/stage3.rnv.gob.ve\/wp\/presidente-nicolas-maduro-activa-sistema-1x10-del-buen-gobierno\/#breadcrumb","itemListElement":[{"@type":"ListItem","position":1,"name":"Portada","item":"https:\/\/stage3.rnv.gob.ve\/wp\/"},{"@type":"ListItem","position":2,"name":"Presidente Nicol\u00e1s Maduro Activa Sistema 1&#215;10 Del Buen Gobierno"}]},{"@type":"WebSite","@id":"https:\/\/stage3.rnv.gob.ve\/wp\/#website","url":"https:\/\/stage3.rnv.gob.ve\/wp\/","name":"DEV RNV","description":"Radio Nacional de Venezuela C.A.","publisher":{"@id":"https:\/\/stage3.rnv.gob.ve\/wp\/#organization"},"potentialAction":[{"@type":"SearchAction","target":{"@type":"EntryPoint","urlTemplate":"https:\/\/stage3.rnv.gob.ve\/wp\/?s={search_term_string}"},"query-input":{"@type":"PropertyValueSpecification","valueRequired":true,"valueName":"search_term_string"}}],"inLanguage":"es"},{"@type":"Organization","@id":"https:\/\/stage3.rnv.gob.ve\/wp\/#organization","name":"Radio Nacional de Venezuela C.A.","url":"https:\/\/stage3.rnv.gob.ve\/wp\/","logo":{"@type":"ImageObject","inLanguage":"es","@id":"https:\/\/stage3.rnv.gob.ve\/wp\/#\/schema\/logo\/image\/","url":"http:\/\/rnv.ddns.net\/prensa\/wp-content\/uploads\/2022\/04\/rnv-1-300x227-1.jpg","contentUrl":"http:\/\/rnv.ddns.net\/prensa\/wp-content\/uploads\/2022\/04\/rnv-1-300x227-1.jpg","width":800,"height":455,"caption":"Radio Nacional de Venezuela C.A."},"image":{"@id":"https:\/\/stage3.rnv.gob.ve\/wp\/#\/schema\/logo\/image\/"},"sameAs":["https:\/\/www.facebook.com\/RadioNacionaldeVenezuela","https:\/\/x.com\/RNVinformativa","https:\/\/www.instagram.com\/rnvinformativa\/","https:\/\/www.youtube.com\/user\/RNVContigo"]},{"@type":"Person","@id":"https:\/\/stage3.rnv.gob.ve\/wp\/#\/schema\/person\/7ac58b46615a2b4662fb86057c8e8033","name":"Alexis Vega","url":"https:\/\/stage3.rnv.gob.ve\/wp\/author\/alexis_vega\/"}]}},"jetpack_featured_media_url":"https:\/\/stage3.rnv.gob.ve\/wp\/wp-content\/uploads\/2022\/05\/1-5.jpg","_links":{"self":[{"href":"https:\/\/stage3.rnv.gob.ve\/wp\/wp-json\/wp\/v2\/posts\/340546","targetHints":{"allow":["GET"]}}],"collection":[{"href":"https:\/\/stage3.rnv.gob.ve\/wp\/wp-json\/wp\/v2\/posts"}],"about":[{"href":"https:\/\/stage3.rnv.gob.ve\/wp\/wp-json\/wp\/v2\/types\/post"}],"author":[{"embeddable":true,"href":"https:\/\/stage3.rnv.gob.ve\/wp\/wp-json\/wp\/v2\/users\/36"}],"replies":[{"embeddable":true,"href":"https:\/\/stage3.rnv.gob.ve\/wp\/wp-json\/wp\/v2\/comments?post=340546"}],"version-history":[{"count":0,"href":"https:\/\/stage3.rnv.gob.ve\/wp\/wp-json\/wp\/v2\/posts\/340546\/revisions"}],"wp:featuredmedia":[{"embeddable":true,"href":"https:\/\/stage3.rnv.gob.ve\/wp\/wp-json\/wp\/v2\/media\/340547"}],"wp:attachment":[{"href":"https:\/\/stage3.rnv.gob.ve\/wp\/wp-json\/wp\/v2\/media?parent=340546"}],"wp:term":[{"taxonomy":"category","embeddable":true,"href":"https:\/\/stage3.rnv.gob.ve\/wp\/wp-json\/wp\/v2\/categories?post=340546"},{"taxonomy":"post_tag","embeddable":true,"href":"https:\/\/stage3.rnv.gob.ve\/wp\/wp-json\/wp\/v2\/tags?post=340546"}],"curies":[{"name":"wp","href":"https:\/\/api.w.org\/{rel}","templated":true}]}}