{"id":338862,"date":"2022-04-28T01:06:13","date_gmt":"2022-04-28T05:06:13","guid":{"rendered":"http:\/\/rnv.ddns.net\/prensa\/?p=338862"},"modified":"2022-04-28T01:06:13","modified_gmt":"2022-04-28T05:06:13","slug":"instalan-equipo-multidisciplinario-para-afectados-por-inundaciones-en-colon","status":"publish","type":"post","link":"https:\/\/stage3.rnv.gob.ve\/wp\/instalan-equipo-multidisciplinario-para-afectados-por-inundaciones-en-colon\/","title":{"rendered":"Instalan equipo multidisciplinario para afectados por inundaciones en Col\u00f3n"},"content":{"rendered":"<p>A consecuencia de las lluvias e inundaciones que se han presentado en el Sur del Lago de Maracaibo, personal de gesti\u00f3n se riesgo se traslad\u00f3 hasta el municipio Col\u00f3n para evaluar la situaci\u00f3n en las zonas afectadas.<\/p>\n<p>En uni\u00f3n c\u00edvico-militar, el Director Nacional de Gesti\u00f3n de Riesgos, Ing. Frank Colmenares, el jefe pol\u00edtico del PSUV en Col\u00f3n, Econ. Blagdimir Labrador, junto a un equipo multidisciplinario, realizan el monitoreo de da\u00f1os y an\u00e1lisis de necesidades, ante la situaci\u00f3n de emergencia.<\/p>\n<p>Indic\u00f3 Colmenares, que la primera evaluaci\u00f3n proyect\u00f3 711 viviendas, con Mil 413 familias afectadas, con un total de 6 Mil 249 personas y unas 12.500 hect\u00e1reas productivas inundadas aproximadamente. Igualmente fue activado un m\u00f3dulo de Barrio Adentro para atender a las familias vulnerables. <br \/>\nEn este sentido, el Ministro del Poder Popular para las Relaciones Interiores Justicia y Paz, A\/J Remigi Ceballos Ichaso; anunci\u00f3 que el Gobierno nacional est\u00e1 suministrando insumos, agua, alimentos y enseres para garantizar el bienestar del Pueblo Zuliano.<\/p>\n<p><strong>T\/Web RNV\/ TV<\/strong><\/p>\n","protected":false},"excerpt":{"rendered":"<p>A consecuencia de las lluvias e inundaciones que se han presentado en el Sur del Lago de Maracaibo, personal de gesti\u00f3n se riesgo se traslad\u00f3 hasta el municipio Col\u00f3n para evaluar la situaci\u00f3n en las zonas afectadas. En uni\u00f3n c\u00edvico-militar, el Director Nacional de Gesti\u00f3n de Riesgos, Ing. Frank Colmenares, el jefe pol\u00edtico del PSUV [&hellip;]<\/p>\n","protected":false},"author":18,"featured_media":338863,"comment_status":"closed","ping_status":"open","sticky":false,"template":"","format":"standard","meta":{"_acf_changed":false,"footnotes":""},"categories":[69],"tags":[343,608,318],"class_list":["post-338862","post","type-post","status-publish","format-standard","has-post-thumbnail","hentry","category-regional","tag-colon","tag-lluvias","tag-zulia"],"acf":[],"yoast_head":"<!-- This site is optimized with the Yoast SEO plugin v27.4 - https:\/\/yoast.com\/product\/yoast-seo-wordpress\/ -->\n<title>Instalan equipo multidisciplinario para afectados por inundaciones en Col\u00f3n - DEV RNV<\/title>\n<meta name=\"description\" content=\"A consecuencia de las lluvias que se han presentado en el Sur del Lago de Maracaibo, personal de gesti\u00f3n se riesgo se traslad\u00f3 hasta Col\u00f3n\" \/>\n<meta name=\"robots\" content=\"noindex, follow, max-snippet:-1, max-image-preview:large, max-video-preview:-1\" \/>\n<meta property=\"og:locale\" content=\"es_ES\" \/>\n<meta property=\"og:type\" content=\"article\" \/>\n<meta property=\"og:title\" content=\"Instalan equipo multidisciplinario para afectados por inundaciones en Col\u00f3n - DEV RNV\" \/>\n<meta property=\"og:description\" content=\"A consecuencia de las lluvias que se han presentado en el Sur del Lago de Maracaibo, personal de gesti\u00f3n se riesgo se traslad\u00f3 hasta Col\u00f3n\" \/>\n<meta property=\"og:url\" content=\"https:\/\/stage3.rnv.gob.ve\/wp\/instalan-equipo-multidisciplinario-para-afectados-por-inundaciones-en-colon\/\" \/>\n<meta property=\"og:site_name\" content=\"DEV RNV\" \/>\n<meta property=\"article:publisher\" content=\"https:\/\/www.facebook.com\/RadioNacionaldeVenezuela\" \/>\n<meta property=\"article:published_time\" content=\"2022-04-28T05:06:13+00:00\" \/>\n<meta property=\"og:image\" content=\"https:\/\/stage3.rnv.gob.ve\/wp\/wp-content\/uploads\/2022\/04\/colon.jpg\" \/>\n\t<meta property=\"og:image:width\" content=\"960\" \/>\n\t<meta property=\"og:image:height\" content=\"640\" \/>\n\t<meta property=\"og:image:type\" content=\"image\/jpeg\" \/>\n<meta name=\"author\" content=\"Nora Andrade\" \/>\n<meta name=\"twitter:card\" content=\"summary_large_image\" \/>\n<meta name=\"twitter:creator\" content=\"@RNVinformativa\" \/>\n<meta name=\"twitter:site\" content=\"@RNVinformativa\" \/>\n<meta name=\"twitter:label1\" content=\"Escrito por\" \/>\n\t<meta name=\"twitter:data1\" content=\"Nora Andrade\" \/>\n\t<meta name=\"twitter:label2\" content=\"Tiempo estimado de lectura\" \/>\n\t<meta name=\"twitter:data2\" content=\"1 minuto\" \/>\n<script type=\"application\/ld+json\" class=\"yoast-schema-graph\">{\"@context\":\"https:\\\/\\\/schema.org\",\"@graph\":[{\"@type\":\"Article\",\"@id\":\"https:\\\/\\\/stage3.rnv.gob.ve\\\/wp\\\/instalan-equipo-multidisciplinario-para-afectados-por-inundaciones-en-colon\\\/#article\",\"isPartOf\":{\"@id\":\"https:\\\/\\\/stage3.rnv.gob.ve\\\/wp\\\/instalan-equipo-multidisciplinario-para-afectados-por-inundaciones-en-colon\\\/\"},\"author\":{\"name\":\"Nora Andrade\",\"@id\":\"https:\\\/\\\/stage3.rnv.gob.ve\\\/wp\\\/#\\\/schema\\\/person\\\/b04f077485d4e004e355dd829c37feaa\"},\"headline\":\"Instalan equipo multidisciplinario para afectados por inundaciones en Col\u00f3n\",\"datePublished\":\"2022-04-28T05:06:13+00:00\",\"mainEntityOfPage\":{\"@id\":\"https:\\\/\\\/stage3.rnv.gob.ve\\\/wp\\\/instalan-equipo-multidisciplinario-para-afectados-por-inundaciones-en-colon\\\/\"},\"wordCount\":184,\"publisher\":{\"@id\":\"https:\\\/\\\/stage3.rnv.gob.ve\\\/wp\\\/#organization\"},\"image\":{\"@id\":\"https:\\\/\\\/stage3.rnv.gob.ve\\\/wp\\\/instalan-equipo-multidisciplinario-para-afectados-por-inundaciones-en-colon\\\/#primaryimage\"},\"thumbnailUrl\":\"https:\\\/\\\/stage3.rnv.gob.ve\\\/wp\\\/wp-content\\\/uploads\\\/2022\\\/04\\\/colon.jpg\",\"keywords\":[\"colon\",\"lluvias\",\"zulia\"],\"articleSection\":[\"Regional\"],\"inLanguage\":\"es\"},{\"@type\":\"WebPage\",\"@id\":\"https:\\\/\\\/stage3.rnv.gob.ve\\\/wp\\\/instalan-equipo-multidisciplinario-para-afectados-por-inundaciones-en-colon\\\/\",\"url\":\"https:\\\/\\\/stage3.rnv.gob.ve\\\/wp\\\/instalan-equipo-multidisciplinario-para-afectados-por-inundaciones-en-colon\\\/\",\"name\":\"Instalan equipo multidisciplinario para afectados por inundaciones en Col\u00f3n - DEV RNV\",\"isPartOf\":{\"@id\":\"https:\\\/\\\/stage3.rnv.gob.ve\\\/wp\\\/#website\"},\"primaryImageOfPage\":{\"@id\":\"https:\\\/\\\/stage3.rnv.gob.ve\\\/wp\\\/instalan-equipo-multidisciplinario-para-afectados-por-inundaciones-en-colon\\\/#primaryimage\"},\"image\":{\"@id\":\"https:\\\/\\\/stage3.rnv.gob.ve\\\/wp\\\/instalan-equipo-multidisciplinario-para-afectados-por-inundaciones-en-colon\\\/#primaryimage\"},\"thumbnailUrl\":\"https:\\\/\\\/stage3.rnv.gob.ve\\\/wp\\\/wp-content\\\/uploads\\\/2022\\\/04\\\/colon.jpg\",\"datePublished\":\"2022-04-28T05:06:13+00:00\",\"description\":\"A consecuencia de las lluvias que se han presentado en el Sur del Lago de Maracaibo, personal de gesti\u00f3n se riesgo se traslad\u00f3 hasta Col\u00f3n\",\"breadcrumb\":{\"@id\":\"https:\\\/\\\/stage3.rnv.gob.ve\\\/wp\\\/instalan-equipo-multidisciplinario-para-afectados-por-inundaciones-en-colon\\\/#breadcrumb\"},\"inLanguage\":\"es\",\"potentialAction\":[{\"@type\":\"ReadAction\",\"target\":[\"https:\\\/\\\/stage3.rnv.gob.ve\\\/wp\\\/instalan-equipo-multidisciplinario-para-afectados-por-inundaciones-en-colon\\\/\"]}]},{\"@type\":\"ImageObject\",\"inLanguage\":\"es\",\"@id\":\"https:\\\/\\\/stage3.rnv.gob.ve\\\/wp\\\/instalan-equipo-multidisciplinario-para-afectados-por-inundaciones-en-colon\\\/#primaryimage\",\"url\":\"https:\\\/\\\/stage3.rnv.gob.ve\\\/wp\\\/wp-content\\\/uploads\\\/2022\\\/04\\\/colon.jpg\",\"contentUrl\":\"https:\\\/\\\/stage3.rnv.gob.ve\\\/wp\\\/wp-content\\\/uploads\\\/2022\\\/04\\\/colon.jpg\",\"width\":960,\"height\":640},{\"@type\":\"BreadcrumbList\",\"@id\":\"https:\\\/\\\/stage3.rnv.gob.ve\\\/wp\\\/instalan-equipo-multidisciplinario-para-afectados-por-inundaciones-en-colon\\\/#breadcrumb\",\"itemListElement\":[{\"@type\":\"ListItem\",\"position\":1,\"name\":\"Portada\",\"item\":\"https:\\\/\\\/stage3.rnv.gob.ve\\\/wp\\\/\"},{\"@type\":\"ListItem\",\"position\":2,\"name\":\"Instalan Equipo Multidisciplinario Para Afectados Por Inundaciones En Col\u00f3n\"}]},{\"@type\":\"WebSite\",\"@id\":\"https:\\\/\\\/stage3.rnv.gob.ve\\\/wp\\\/#website\",\"url\":\"https:\\\/\\\/stage3.rnv.gob.ve\\\/wp\\\/\",\"name\":\"DEV RNV\",\"description\":\"Radio Nacional de Venezuela C.A.\",\"publisher\":{\"@id\":\"https:\\\/\\\/stage3.rnv.gob.ve\\\/wp\\\/#organization\"},\"potentialAction\":[{\"@type\":\"SearchAction\",\"target\":{\"@type\":\"EntryPoint\",\"urlTemplate\":\"https:\\\/\\\/stage3.rnv.gob.ve\\\/wp\\\/?s={search_term_string}\"},\"query-input\":{\"@type\":\"PropertyValueSpecification\",\"valueRequired\":true,\"valueName\":\"search_term_string\"}}],\"inLanguage\":\"es\"},{\"@type\":\"Organization\",\"@id\":\"https:\\\/\\\/stage3.rnv.gob.ve\\\/wp\\\/#organization\",\"name\":\"Radio Nacional de Venezuela C.A.\",\"url\":\"https:\\\/\\\/stage3.rnv.gob.ve\\\/wp\\\/\",\"logo\":{\"@type\":\"ImageObject\",\"inLanguage\":\"es\",\"@id\":\"https:\\\/\\\/stage3.rnv.gob.ve\\\/wp\\\/#\\\/schema\\\/logo\\\/image\\\/\",\"url\":\"http:\\\/\\\/rnv.ddns.net\\\/prensa\\\/wp-content\\\/uploads\\\/2022\\\/04\\\/rnv-1-300x227-1.jpg\",\"contentUrl\":\"http:\\\/\\\/rnv.ddns.net\\\/prensa\\\/wp-content\\\/uploads\\\/2022\\\/04\\\/rnv-1-300x227-1.jpg\",\"width\":800,\"height\":455,\"caption\":\"Radio Nacional de Venezuela C.A.\"},\"image\":{\"@id\":\"https:\\\/\\\/stage3.rnv.gob.ve\\\/wp\\\/#\\\/schema\\\/logo\\\/image\\\/\"},\"sameAs\":[\"https:\\\/\\\/www.facebook.com\\\/RadioNacionaldeVenezuela\",\"https:\\\/\\\/x.com\\\/RNVinformativa\",\"https:\\\/\\\/www.instagram.com\\\/rnvinformativa\\\/\",\"https:\\\/\\\/www.youtube.com\\\/user\\\/RNVContigo\"]},{\"@type\":\"Person\",\"@id\":\"https:\\\/\\\/stage3.rnv.gob.ve\\\/wp\\\/#\\\/schema\\\/person\\\/b04f077485d4e004e355dd829c37feaa\",\"name\":\"Nora Andrade\",\"url\":\"https:\\\/\\\/stage3.rnv.gob.ve\\\/wp\\\/author\\\/nora_andrade\\\/\"}]}<\/script>\n<!-- \/ Yoast SEO plugin. -->","yoast_head_json":{"title":"Instalan equipo multidisciplinario para afectados por inundaciones en Col\u00f3n - DEV RNV","description":"A consecuencia de las lluvias que se han presentado en el Sur del Lago de Maracaibo, personal de gesti\u00f3n se riesgo se traslad\u00f3 hasta Col\u00f3n","robots":{"index":"noindex","follow":"follow","max-snippet":"max-snippet:-1","max-image-preview":"max-image-preview:large","max-video-preview":"max-video-preview:-1"},"og_locale":"es_ES","og_type":"article","og_title":"Instalan equipo multidisciplinario para afectados por inundaciones en Col\u00f3n - DEV RNV","og_description":"A consecuencia de las lluvias que se han presentado en el Sur del Lago de Maracaibo, personal de gesti\u00f3n se riesgo se traslad\u00f3 hasta Col\u00f3n","og_url":"https:\/\/stage3.rnv.gob.ve\/wp\/instalan-equipo-multidisciplinario-para-afectados-por-inundaciones-en-colon\/","og_site_name":"DEV RNV","article_publisher":"https:\/\/www.facebook.com\/RadioNacionaldeVenezuela","article_published_time":"2022-04-28T05:06:13+00:00","og_image":[{"width":960,"height":640,"url":"https:\/\/stage3.rnv.gob.ve\/wp\/wp-content\/uploads\/2022\/04\/colon.jpg","type":"image\/jpeg"}],"author":"Nora Andrade","twitter_card":"summary_large_image","twitter_creator":"@RNVinformativa","twitter_site":"@RNVinformativa","twitter_misc":{"Escrito por":"Nora Andrade","Tiempo estimado de lectura":"1 minuto"},"schema":{"@context":"https:\/\/schema.org","@graph":[{"@type":"Article","@id":"https:\/\/stage3.rnv.gob.ve\/wp\/instalan-equipo-multidisciplinario-para-afectados-por-inundaciones-en-colon\/#article","isPartOf":{"@id":"https:\/\/stage3.rnv.gob.ve\/wp\/instalan-equipo-multidisciplinario-para-afectados-por-inundaciones-en-colon\/"},"author":{"name":"Nora Andrade","@id":"https:\/\/stage3.rnv.gob.ve\/wp\/#\/schema\/person\/b04f077485d4e004e355dd829c37feaa"},"headline":"Instalan equipo multidisciplinario para afectados por inundaciones en Col\u00f3n","datePublished":"2022-04-28T05:06:13+00:00","mainEntityOfPage":{"@id":"https:\/\/stage3.rnv.gob.ve\/wp\/instalan-equipo-multidisciplinario-para-afectados-por-inundaciones-en-colon\/"},"wordCount":184,"publisher":{"@id":"https:\/\/stage3.rnv.gob.ve\/wp\/#organization"},"image":{"@id":"https:\/\/stage3.rnv.gob.ve\/wp\/instalan-equipo-multidisciplinario-para-afectados-por-inundaciones-en-colon\/#primaryimage"},"thumbnailUrl":"https:\/\/stage3.rnv.gob.ve\/wp\/wp-content\/uploads\/2022\/04\/colon.jpg","keywords":["colon","lluvias","zulia"],"articleSection":["Regional"],"inLanguage":"es"},{"@type":"WebPage","@id":"https:\/\/stage3.rnv.gob.ve\/wp\/instalan-equipo-multidisciplinario-para-afectados-por-inundaciones-en-colon\/","url":"https:\/\/stage3.rnv.gob.ve\/wp\/instalan-equipo-multidisciplinario-para-afectados-por-inundaciones-en-colon\/","name":"Instalan equipo multidisciplinario para afectados por inundaciones en Col\u00f3n - DEV RNV","isPartOf":{"@id":"https:\/\/stage3.rnv.gob.ve\/wp\/#website"},"primaryImageOfPage":{"@id":"https:\/\/stage3.rnv.gob.ve\/wp\/instalan-equipo-multidisciplinario-para-afectados-por-inundaciones-en-colon\/#primaryimage"},"image":{"@id":"https:\/\/stage3.rnv.gob.ve\/wp\/instalan-equipo-multidisciplinario-para-afectados-por-inundaciones-en-colon\/#primaryimage"},"thumbnailUrl":"https:\/\/stage3.rnv.gob.ve\/wp\/wp-content\/uploads\/2022\/04\/colon.jpg","datePublished":"2022-04-28T05:06:13+00:00","description":"A consecuencia de las lluvias que se han presentado en el Sur del Lago de Maracaibo, personal de gesti\u00f3n se riesgo se traslad\u00f3 hasta Col\u00f3n","breadcrumb":{"@id":"https:\/\/stage3.rnv.gob.ve\/wp\/instalan-equipo-multidisciplinario-para-afectados-por-inundaciones-en-colon\/#breadcrumb"},"inLanguage":"es","potentialAction":[{"@type":"ReadAction","target":["https:\/\/stage3.rnv.gob.ve\/wp\/instalan-equipo-multidisciplinario-para-afectados-por-inundaciones-en-colon\/"]}]},{"@type":"ImageObject","inLanguage":"es","@id":"https:\/\/stage3.rnv.gob.ve\/wp\/instalan-equipo-multidisciplinario-para-afectados-por-inundaciones-en-colon\/#primaryimage","url":"https:\/\/stage3.rnv.gob.ve\/wp\/wp-content\/uploads\/2022\/04\/colon.jpg","contentUrl":"https:\/\/stage3.rnv.gob.ve\/wp\/wp-content\/uploads\/2022\/04\/colon.jpg","width":960,"height":640},{"@type":"BreadcrumbList","@id":"https:\/\/stage3.rnv.gob.ve\/wp\/instalan-equipo-multidisciplinario-para-afectados-por-inundaciones-en-colon\/#breadcrumb","itemListElement":[{"@type":"ListItem","position":1,"name":"Portada","item":"https:\/\/stage3.rnv.gob.ve\/wp\/"},{"@type":"ListItem","position":2,"name":"Instalan Equipo Multidisciplinario Para Afectados Por Inundaciones En Col\u00f3n"}]},{"@type":"WebSite","@id":"https:\/\/stage3.rnv.gob.ve\/wp\/#website","url":"https:\/\/stage3.rnv.gob.ve\/wp\/","name":"DEV RNV","description":"Radio Nacional de Venezuela C.A.","publisher":{"@id":"https:\/\/stage3.rnv.gob.ve\/wp\/#organization"},"potentialAction":[{"@type":"SearchAction","target":{"@type":"EntryPoint","urlTemplate":"https:\/\/stage3.rnv.gob.ve\/wp\/?s={search_term_string}"},"query-input":{"@type":"PropertyValueSpecification","valueRequired":true,"valueName":"search_term_string"}}],"inLanguage":"es"},{"@type":"Organization","@id":"https:\/\/stage3.rnv.gob.ve\/wp\/#organization","name":"Radio Nacional de Venezuela C.A.","url":"https:\/\/stage3.rnv.gob.ve\/wp\/","logo":{"@type":"ImageObject","inLanguage":"es","@id":"https:\/\/stage3.rnv.gob.ve\/wp\/#\/schema\/logo\/image\/","url":"http:\/\/rnv.ddns.net\/prensa\/wp-content\/uploads\/2022\/04\/rnv-1-300x227-1.jpg","contentUrl":"http:\/\/rnv.ddns.net\/prensa\/wp-content\/uploads\/2022\/04\/rnv-1-300x227-1.jpg","width":800,"height":455,"caption":"Radio Nacional de Venezuela C.A."},"image":{"@id":"https:\/\/stage3.rnv.gob.ve\/wp\/#\/schema\/logo\/image\/"},"sameAs":["https:\/\/www.facebook.com\/RadioNacionaldeVenezuela","https:\/\/x.com\/RNVinformativa","https:\/\/www.instagram.com\/rnvinformativa\/","https:\/\/www.youtube.com\/user\/RNVContigo"]},{"@type":"Person","@id":"https:\/\/stage3.rnv.gob.ve\/wp\/#\/schema\/person\/b04f077485d4e004e355dd829c37feaa","name":"Nora Andrade","url":"https:\/\/stage3.rnv.gob.ve\/wp\/author\/nora_andrade\/"}]}},"jetpack_featured_media_url":"https:\/\/stage3.rnv.gob.ve\/wp\/wp-content\/uploads\/2022\/04\/colon.jpg","_links":{"self":[{"href":"https:\/\/stage3.rnv.gob.ve\/wp\/wp-json\/wp\/v2\/posts\/338862","targetHints":{"allow":["GET"]}}],"collection":[{"href":"https:\/\/stage3.rnv.gob.ve\/wp\/wp-json\/wp\/v2\/posts"}],"about":[{"href":"https:\/\/stage3.rnv.gob.ve\/wp\/wp-json\/wp\/v2\/types\/post"}],"author":[{"embeddable":true,"href":"https:\/\/stage3.rnv.gob.ve\/wp\/wp-json\/wp\/v2\/users\/18"}],"replies":[{"embeddable":true,"href":"https:\/\/stage3.rnv.gob.ve\/wp\/wp-json\/wp\/v2\/comments?post=338862"}],"version-history":[{"count":0,"href":"https:\/\/stage3.rnv.gob.ve\/wp\/wp-json\/wp\/v2\/posts\/338862\/revisions"}],"wp:featuredmedia":[{"embeddable":true,"href":"https:\/\/stage3.rnv.gob.ve\/wp\/wp-json\/wp\/v2\/media\/338863"}],"wp:attachment":[{"href":"https:\/\/stage3.rnv.gob.ve\/wp\/wp-json\/wp\/v2\/media?parent=338862"}],"wp:term":[{"taxonomy":"category","embeddable":true,"href":"https:\/\/stage3.rnv.gob.ve\/wp\/wp-json\/wp\/v2\/categories?post=338862"},{"taxonomy":"post_tag","embeddable":true,"href":"https:\/\/stage3.rnv.gob.ve\/wp\/wp-json\/wp\/v2\/tags?post=338862"}],"curies":[{"name":"wp","href":"https:\/\/api.w.org\/{rel}","templated":true}]}}