{"id":335245,"date":"2022-02-15T20:45:09","date_gmt":"2022-02-16T00:45:09","guid":{"rendered":"http:\/\/rnv.ddns.net\/prensa\/?p=336432"},"modified":"2022-02-15T20:45:09","modified_gmt":"2022-02-16T00:45:09","slug":"venezuela-recibira-turistas-iranies-desde-el-2-de-marzo","status":"publish","type":"post","link":"https:\/\/stage3.rnv.gob.ve\/wp\/venezuela-recibira-turistas-iranies-desde-el-2-de-marzo\/","title":{"rendered":"Venezuela recibir\u00e1 turistas iran\u00edes desde el 2 de marzo"},"content":{"rendered":"<p><img fetchpriority=\"high\" decoding=\"async\" class=\"aligncenter  wp-image-336433\" src=\"http:\/\/rnv.ddns.net\/prensa\/wp-content\/uploads\/2022\/02\/169464496.jpg\" alt=\"\" width=\"600\" height=\"334\" \/><\/p>\n<p>El viceministro de Transporte A\u00e9reo y presidente de la aerol\u00ednea Conviasa, Ram\u00f3n Vel\u00e1zquez Araguay\u00e1n, inform\u00f3 este lunes que Venezuela recibir\u00e1 a turistas iran\u00edes a partir del pr\u00f3ximo 2 de marzo.<\/p>\n<p>En una entrevista exclusiva con HispanTV, explic\u00f3 el presidente de Conviasa, se contar\u00e1, al principio, con 50 operadores tur\u00edsticos iran\u00edes para mostrarles los atractivos que ofrece el pa\u00eds.<\/p>\n<p>Posteriormente, el 21 de marzo se iniciar\u00e1n los vuelos comerciales entre ambas naciones, los cuales tienen una duraci\u00f3n de 13 horas y se realizar\u00e1n en horas de la noche para que los pasajeros lleguen a su destino al amanecer, rese\u00f1a la Agencia de Noticias de la Rep\u00fablica Isl\u00e1mica (ANRI).<\/p>\n<p>\u201cUnir Teher\u00e1n con Caracas es un destino estrat\u00e9gico y aqu\u00ed el turismo va a tener una gran importancia, sobre todo, porque vamos a contar con aviones de largo alcance que, en vuelos directos, pueden llevar a pasajeros desde Teher\u00e1n a Caracas y traer nuevamente de Caracas a Teher\u00e1n\u201d, acot\u00f3.<\/p>\n<p>T\/RNV WEB\/CP<\/p>\n","protected":false},"excerpt":{"rendered":"<p>El viceministro de Transporte A\u00e9reo y presidente de la aerol\u00ednea Conviasa, Ram\u00f3n Vel\u00e1zquez Araguay\u00e1n, inform\u00f3 este lunes que Venezuela recibir\u00e1 a turistas iran\u00edes a partir del pr\u00f3ximo 2 de marzo. En una entrevista exclusiva con HispanTV, explic\u00f3 el presidente de Conviasa, se contar\u00e1, al principio, con 50 operadores tur\u00edsticos iran\u00edes para mostrarles los atractivos que [&hellip;]<\/p>\n","protected":false},"author":25,"featured_media":335232,"comment_status":"closed","ping_status":"open","sticky":false,"template":"","format":"standard","meta":{"_acf_changed":false,"footnotes":""},"categories":[65],"tags":[1944,104],"class_list":["post-335245","post","type-post","status-publish","format-standard","has-post-thumbnail","hentry","category-nacional","tag-turistas","tag-venezuela"],"acf":[],"yoast_head":"<!-- This site is optimized with the Yoast SEO plugin v27.4 - https:\/\/yoast.com\/product\/yoast-seo-wordpress\/ -->\n<title>Venezuela recibir\u00e1 turistas iran\u00edes desde el 2 de marzo - DEV RNV<\/title>\n<meta name=\"robots\" content=\"noindex, follow, max-snippet:-1, max-image-preview:large, max-video-preview:-1\" \/>\n<meta property=\"og:locale\" content=\"es_ES\" \/>\n<meta property=\"og:type\" content=\"article\" \/>\n<meta property=\"og:title\" content=\"Venezuela recibir\u00e1 turistas iran\u00edes desde el 2 de marzo - DEV RNV\" \/>\n<meta property=\"og:description\" content=\"El viceministro de Transporte A\u00e9reo y presidente de la aerol\u00ednea Conviasa, Ram\u00f3n Vel\u00e1zquez Araguay\u00e1n, inform\u00f3 este lunes que Venezuela recibir\u00e1 a turistas iran\u00edes a partir del pr\u00f3ximo 2 de marzo. En una entrevista exclusiva con HispanTV, explic\u00f3 el presidente de Conviasa, se contar\u00e1, al principio, con 50 operadores tur\u00edsticos iran\u00edes para mostrarles los atractivos que [&hellip;]\" \/>\n<meta property=\"og:url\" content=\"https:\/\/stage3.rnv.gob.ve\/wp\/venezuela-recibira-turistas-iranies-desde-el-2-de-marzo\/\" \/>\n<meta property=\"og:site_name\" content=\"DEV RNV\" \/>\n<meta property=\"article:publisher\" content=\"https:\/\/www.facebook.com\/RadioNacionaldeVenezuela\" \/>\n<meta property=\"article:published_time\" content=\"2022-02-16T00:45:09+00:00\" \/>\n<meta property=\"og:image\" content=\"https:\/\/stage3.rnv.gob.ve\/wp\/wp-content\/uploads\/2022\/02\/169464496.jpg\" \/>\n\t<meta property=\"og:image:width\" content=\"800\" \/>\n\t<meta property=\"og:image:height\" content=\"445\" \/>\n\t<meta property=\"og:image:type\" content=\"image\/jpeg\" \/>\n<meta name=\"author\" content=\"Claudimar Perche\" \/>\n<meta name=\"twitter:card\" content=\"summary_large_image\" \/>\n<meta name=\"twitter:creator\" content=\"@RNVinformativa\" \/>\n<meta name=\"twitter:site\" content=\"@RNVinformativa\" \/>\n<meta name=\"twitter:label1\" content=\"Escrito por\" \/>\n\t<meta name=\"twitter:data1\" content=\"Claudimar Perche\" \/>\n\t<meta name=\"twitter:label2\" content=\"Tiempo estimado de lectura\" \/>\n\t<meta name=\"twitter:data2\" content=\"1 minuto\" \/>\n<script type=\"application\/ld+json\" class=\"yoast-schema-graph\">{\"@context\":\"https:\\\/\\\/schema.org\",\"@graph\":[{\"@type\":\"Article\",\"@id\":\"https:\\\/\\\/stage3.rnv.gob.ve\\\/wp\\\/venezuela-recibira-turistas-iranies-desde-el-2-de-marzo\\\/#article\",\"isPartOf\":{\"@id\":\"https:\\\/\\\/stage3.rnv.gob.ve\\\/wp\\\/venezuela-recibira-turistas-iranies-desde-el-2-de-marzo\\\/\"},\"author\":{\"name\":\"Claudimar Perche\",\"@id\":\"https:\\\/\\\/stage3.rnv.gob.ve\\\/wp\\\/#\\\/schema\\\/person\\\/83bdb35224adaa872bbd4d90aaa57a06\"},\"headline\":\"Venezuela recibir\u00e1 turistas iran\u00edes desde el 2 de marzo\",\"datePublished\":\"2022-02-16T00:45:09+00:00\",\"mainEntityOfPage\":{\"@id\":\"https:\\\/\\\/stage3.rnv.gob.ve\\\/wp\\\/venezuela-recibira-turistas-iranies-desde-el-2-de-marzo\\\/\"},\"wordCount\":185,\"publisher\":{\"@id\":\"https:\\\/\\\/stage3.rnv.gob.ve\\\/wp\\\/#organization\"},\"image\":{\"@id\":\"https:\\\/\\\/stage3.rnv.gob.ve\\\/wp\\\/venezuela-recibira-turistas-iranies-desde-el-2-de-marzo\\\/#primaryimage\"},\"thumbnailUrl\":\"https:\\\/\\\/stage3.rnv.gob.ve\\\/wp\\\/wp-content\\\/uploads\\\/2022\\\/02\\\/169464496.jpg\",\"keywords\":[\"turistas\",\"Venezuela\"],\"articleSection\":[\"Nacional\"],\"inLanguage\":\"es\"},{\"@type\":\"WebPage\",\"@id\":\"https:\\\/\\\/stage3.rnv.gob.ve\\\/wp\\\/venezuela-recibira-turistas-iranies-desde-el-2-de-marzo\\\/\",\"url\":\"https:\\\/\\\/stage3.rnv.gob.ve\\\/wp\\\/venezuela-recibira-turistas-iranies-desde-el-2-de-marzo\\\/\",\"name\":\"Venezuela recibir\u00e1 turistas iran\u00edes desde el 2 de marzo - DEV RNV\",\"isPartOf\":{\"@id\":\"https:\\\/\\\/stage3.rnv.gob.ve\\\/wp\\\/#website\"},\"primaryImageOfPage\":{\"@id\":\"https:\\\/\\\/stage3.rnv.gob.ve\\\/wp\\\/venezuela-recibira-turistas-iranies-desde-el-2-de-marzo\\\/#primaryimage\"},\"image\":{\"@id\":\"https:\\\/\\\/stage3.rnv.gob.ve\\\/wp\\\/venezuela-recibira-turistas-iranies-desde-el-2-de-marzo\\\/#primaryimage\"},\"thumbnailUrl\":\"https:\\\/\\\/stage3.rnv.gob.ve\\\/wp\\\/wp-content\\\/uploads\\\/2022\\\/02\\\/169464496.jpg\",\"datePublished\":\"2022-02-16T00:45:09+00:00\",\"breadcrumb\":{\"@id\":\"https:\\\/\\\/stage3.rnv.gob.ve\\\/wp\\\/venezuela-recibira-turistas-iranies-desde-el-2-de-marzo\\\/#breadcrumb\"},\"inLanguage\":\"es\",\"potentialAction\":[{\"@type\":\"ReadAction\",\"target\":[\"https:\\\/\\\/stage3.rnv.gob.ve\\\/wp\\\/venezuela-recibira-turistas-iranies-desde-el-2-de-marzo\\\/\"]}]},{\"@type\":\"ImageObject\",\"inLanguage\":\"es\",\"@id\":\"https:\\\/\\\/stage3.rnv.gob.ve\\\/wp\\\/venezuela-recibira-turistas-iranies-desde-el-2-de-marzo\\\/#primaryimage\",\"url\":\"https:\\\/\\\/stage3.rnv.gob.ve\\\/wp\\\/wp-content\\\/uploads\\\/2022\\\/02\\\/169464496.jpg\",\"contentUrl\":\"https:\\\/\\\/stage3.rnv.gob.ve\\\/wp\\\/wp-content\\\/uploads\\\/2022\\\/02\\\/169464496.jpg\",\"width\":800,\"height\":445},{\"@type\":\"BreadcrumbList\",\"@id\":\"https:\\\/\\\/stage3.rnv.gob.ve\\\/wp\\\/venezuela-recibira-turistas-iranies-desde-el-2-de-marzo\\\/#breadcrumb\",\"itemListElement\":[{\"@type\":\"ListItem\",\"position\":1,\"name\":\"Portada\",\"item\":\"https:\\\/\\\/stage3.rnv.gob.ve\\\/wp\\\/\"},{\"@type\":\"ListItem\",\"position\":2,\"name\":\"Venezuela Recibir\u00e1 Turistas Iran\u00edes Desde El 2 De Marzo\"}]},{\"@type\":\"WebSite\",\"@id\":\"https:\\\/\\\/stage3.rnv.gob.ve\\\/wp\\\/#website\",\"url\":\"https:\\\/\\\/stage3.rnv.gob.ve\\\/wp\\\/\",\"name\":\"DEV RNV\",\"description\":\"Radio Nacional de Venezuela C.A.\",\"publisher\":{\"@id\":\"https:\\\/\\\/stage3.rnv.gob.ve\\\/wp\\\/#organization\"},\"potentialAction\":[{\"@type\":\"SearchAction\",\"target\":{\"@type\":\"EntryPoint\",\"urlTemplate\":\"https:\\\/\\\/stage3.rnv.gob.ve\\\/wp\\\/?s={search_term_string}\"},\"query-input\":{\"@type\":\"PropertyValueSpecification\",\"valueRequired\":true,\"valueName\":\"search_term_string\"}}],\"inLanguage\":\"es\"},{\"@type\":\"Organization\",\"@id\":\"https:\\\/\\\/stage3.rnv.gob.ve\\\/wp\\\/#organization\",\"name\":\"Radio Nacional de Venezuela C.A.\",\"url\":\"https:\\\/\\\/stage3.rnv.gob.ve\\\/wp\\\/\",\"logo\":{\"@type\":\"ImageObject\",\"inLanguage\":\"es\",\"@id\":\"https:\\\/\\\/stage3.rnv.gob.ve\\\/wp\\\/#\\\/schema\\\/logo\\\/image\\\/\",\"url\":\"http:\\\/\\\/rnv.ddns.net\\\/prensa\\\/wp-content\\\/uploads\\\/2022\\\/04\\\/rnv-1-300x227-1.jpg\",\"contentUrl\":\"http:\\\/\\\/rnv.ddns.net\\\/prensa\\\/wp-content\\\/uploads\\\/2022\\\/04\\\/rnv-1-300x227-1.jpg\",\"width\":800,\"height\":455,\"caption\":\"Radio Nacional de Venezuela C.A.\"},\"image\":{\"@id\":\"https:\\\/\\\/stage3.rnv.gob.ve\\\/wp\\\/#\\\/schema\\\/logo\\\/image\\\/\"},\"sameAs\":[\"https:\\\/\\\/www.facebook.com\\\/RadioNacionaldeVenezuela\",\"https:\\\/\\\/x.com\\\/RNVinformativa\",\"https:\\\/\\\/www.instagram.com\\\/rnvinformativa\\\/\",\"https:\\\/\\\/www.youtube.com\\\/user\\\/RNVContigo\"]},{\"@type\":\"Person\",\"@id\":\"https:\\\/\\\/stage3.rnv.gob.ve\\\/wp\\\/#\\\/schema\\\/person\\\/83bdb35224adaa872bbd4d90aaa57a06\",\"name\":\"Claudimar Perche\",\"url\":\"https:\\\/\\\/stage3.rnv.gob.ve\\\/wp\\\/author\\\/claudimar_perche\\\/\"}]}<\/script>\n<!-- \/ Yoast SEO plugin. -->","yoast_head_json":{"title":"Venezuela recibir\u00e1 turistas iran\u00edes desde el 2 de marzo - DEV RNV","robots":{"index":"noindex","follow":"follow","max-snippet":"max-snippet:-1","max-image-preview":"max-image-preview:large","max-video-preview":"max-video-preview:-1"},"og_locale":"es_ES","og_type":"article","og_title":"Venezuela recibir\u00e1 turistas iran\u00edes desde el 2 de marzo - DEV RNV","og_description":"El viceministro de Transporte A\u00e9reo y presidente de la aerol\u00ednea Conviasa, Ram\u00f3n Vel\u00e1zquez Araguay\u00e1n, inform\u00f3 este lunes que Venezuela recibir\u00e1 a turistas iran\u00edes a partir del pr\u00f3ximo 2 de marzo. En una entrevista exclusiva con HispanTV, explic\u00f3 el presidente de Conviasa, se contar\u00e1, al principio, con 50 operadores tur\u00edsticos iran\u00edes para mostrarles los atractivos que [&hellip;]","og_url":"https:\/\/stage3.rnv.gob.ve\/wp\/venezuela-recibira-turistas-iranies-desde-el-2-de-marzo\/","og_site_name":"DEV RNV","article_publisher":"https:\/\/www.facebook.com\/RadioNacionaldeVenezuela","article_published_time":"2022-02-16T00:45:09+00:00","og_image":[{"width":800,"height":445,"url":"https:\/\/stage3.rnv.gob.ve\/wp\/wp-content\/uploads\/2022\/02\/169464496.jpg","type":"image\/jpeg"}],"author":"Claudimar Perche","twitter_card":"summary_large_image","twitter_creator":"@RNVinformativa","twitter_site":"@RNVinformativa","twitter_misc":{"Escrito por":"Claudimar Perche","Tiempo estimado de lectura":"1 minuto"},"schema":{"@context":"https:\/\/schema.org","@graph":[{"@type":"Article","@id":"https:\/\/stage3.rnv.gob.ve\/wp\/venezuela-recibira-turistas-iranies-desde-el-2-de-marzo\/#article","isPartOf":{"@id":"https:\/\/stage3.rnv.gob.ve\/wp\/venezuela-recibira-turistas-iranies-desde-el-2-de-marzo\/"},"author":{"name":"Claudimar Perche","@id":"https:\/\/stage3.rnv.gob.ve\/wp\/#\/schema\/person\/83bdb35224adaa872bbd4d90aaa57a06"},"headline":"Venezuela recibir\u00e1 turistas iran\u00edes desde el 2 de marzo","datePublished":"2022-02-16T00:45:09+00:00","mainEntityOfPage":{"@id":"https:\/\/stage3.rnv.gob.ve\/wp\/venezuela-recibira-turistas-iranies-desde-el-2-de-marzo\/"},"wordCount":185,"publisher":{"@id":"https:\/\/stage3.rnv.gob.ve\/wp\/#organization"},"image":{"@id":"https:\/\/stage3.rnv.gob.ve\/wp\/venezuela-recibira-turistas-iranies-desde-el-2-de-marzo\/#primaryimage"},"thumbnailUrl":"https:\/\/stage3.rnv.gob.ve\/wp\/wp-content\/uploads\/2022\/02\/169464496.jpg","keywords":["turistas","Venezuela"],"articleSection":["Nacional"],"inLanguage":"es"},{"@type":"WebPage","@id":"https:\/\/stage3.rnv.gob.ve\/wp\/venezuela-recibira-turistas-iranies-desde-el-2-de-marzo\/","url":"https:\/\/stage3.rnv.gob.ve\/wp\/venezuela-recibira-turistas-iranies-desde-el-2-de-marzo\/","name":"Venezuela recibir\u00e1 turistas iran\u00edes desde el 2 de marzo - DEV RNV","isPartOf":{"@id":"https:\/\/stage3.rnv.gob.ve\/wp\/#website"},"primaryImageOfPage":{"@id":"https:\/\/stage3.rnv.gob.ve\/wp\/venezuela-recibira-turistas-iranies-desde-el-2-de-marzo\/#primaryimage"},"image":{"@id":"https:\/\/stage3.rnv.gob.ve\/wp\/venezuela-recibira-turistas-iranies-desde-el-2-de-marzo\/#primaryimage"},"thumbnailUrl":"https:\/\/stage3.rnv.gob.ve\/wp\/wp-content\/uploads\/2022\/02\/169464496.jpg","datePublished":"2022-02-16T00:45:09+00:00","breadcrumb":{"@id":"https:\/\/stage3.rnv.gob.ve\/wp\/venezuela-recibira-turistas-iranies-desde-el-2-de-marzo\/#breadcrumb"},"inLanguage":"es","potentialAction":[{"@type":"ReadAction","target":["https:\/\/stage3.rnv.gob.ve\/wp\/venezuela-recibira-turistas-iranies-desde-el-2-de-marzo\/"]}]},{"@type":"ImageObject","inLanguage":"es","@id":"https:\/\/stage3.rnv.gob.ve\/wp\/venezuela-recibira-turistas-iranies-desde-el-2-de-marzo\/#primaryimage","url":"https:\/\/stage3.rnv.gob.ve\/wp\/wp-content\/uploads\/2022\/02\/169464496.jpg","contentUrl":"https:\/\/stage3.rnv.gob.ve\/wp\/wp-content\/uploads\/2022\/02\/169464496.jpg","width":800,"height":445},{"@type":"BreadcrumbList","@id":"https:\/\/stage3.rnv.gob.ve\/wp\/venezuela-recibira-turistas-iranies-desde-el-2-de-marzo\/#breadcrumb","itemListElement":[{"@type":"ListItem","position":1,"name":"Portada","item":"https:\/\/stage3.rnv.gob.ve\/wp\/"},{"@type":"ListItem","position":2,"name":"Venezuela Recibir\u00e1 Turistas Iran\u00edes Desde El 2 De Marzo"}]},{"@type":"WebSite","@id":"https:\/\/stage3.rnv.gob.ve\/wp\/#website","url":"https:\/\/stage3.rnv.gob.ve\/wp\/","name":"DEV RNV","description":"Radio Nacional de Venezuela C.A.","publisher":{"@id":"https:\/\/stage3.rnv.gob.ve\/wp\/#organization"},"potentialAction":[{"@type":"SearchAction","target":{"@type":"EntryPoint","urlTemplate":"https:\/\/stage3.rnv.gob.ve\/wp\/?s={search_term_string}"},"query-input":{"@type":"PropertyValueSpecification","valueRequired":true,"valueName":"search_term_string"}}],"inLanguage":"es"},{"@type":"Organization","@id":"https:\/\/stage3.rnv.gob.ve\/wp\/#organization","name":"Radio Nacional de Venezuela C.A.","url":"https:\/\/stage3.rnv.gob.ve\/wp\/","logo":{"@type":"ImageObject","inLanguage":"es","@id":"https:\/\/stage3.rnv.gob.ve\/wp\/#\/schema\/logo\/image\/","url":"http:\/\/rnv.ddns.net\/prensa\/wp-content\/uploads\/2022\/04\/rnv-1-300x227-1.jpg","contentUrl":"http:\/\/rnv.ddns.net\/prensa\/wp-content\/uploads\/2022\/04\/rnv-1-300x227-1.jpg","width":800,"height":455,"caption":"Radio Nacional de Venezuela C.A."},"image":{"@id":"https:\/\/stage3.rnv.gob.ve\/wp\/#\/schema\/logo\/image\/"},"sameAs":["https:\/\/www.facebook.com\/RadioNacionaldeVenezuela","https:\/\/x.com\/RNVinformativa","https:\/\/www.instagram.com\/rnvinformativa\/","https:\/\/www.youtube.com\/user\/RNVContigo"]},{"@type":"Person","@id":"https:\/\/stage3.rnv.gob.ve\/wp\/#\/schema\/person\/83bdb35224adaa872bbd4d90aaa57a06","name":"Claudimar Perche","url":"https:\/\/stage3.rnv.gob.ve\/wp\/author\/claudimar_perche\/"}]}},"jetpack_featured_media_url":"https:\/\/stage3.rnv.gob.ve\/wp\/wp-content\/uploads\/2022\/02\/169464496.jpg","_links":{"self":[{"href":"https:\/\/stage3.rnv.gob.ve\/wp\/wp-json\/wp\/v2\/posts\/335245","targetHints":{"allow":["GET"]}}],"collection":[{"href":"https:\/\/stage3.rnv.gob.ve\/wp\/wp-json\/wp\/v2\/posts"}],"about":[{"href":"https:\/\/stage3.rnv.gob.ve\/wp\/wp-json\/wp\/v2\/types\/post"}],"author":[{"embeddable":true,"href":"https:\/\/stage3.rnv.gob.ve\/wp\/wp-json\/wp\/v2\/users\/25"}],"replies":[{"embeddable":true,"href":"https:\/\/stage3.rnv.gob.ve\/wp\/wp-json\/wp\/v2\/comments?post=335245"}],"version-history":[{"count":0,"href":"https:\/\/stage3.rnv.gob.ve\/wp\/wp-json\/wp\/v2\/posts\/335245\/revisions"}],"wp:featuredmedia":[{"embeddable":true,"href":"https:\/\/stage3.rnv.gob.ve\/wp\/wp-json\/wp\/v2\/media\/335232"}],"wp:attachment":[{"href":"https:\/\/stage3.rnv.gob.ve\/wp\/wp-json\/wp\/v2\/media?parent=335245"}],"wp:term":[{"taxonomy":"category","embeddable":true,"href":"https:\/\/stage3.rnv.gob.ve\/wp\/wp-json\/wp\/v2\/categories?post=335245"},{"taxonomy":"post_tag","embeddable":true,"href":"https:\/\/stage3.rnv.gob.ve\/wp\/wp-json\/wp\/v2\/tags?post=335245"}],"curies":[{"name":"wp","href":"https:\/\/api.w.org\/{rel}","templated":true}]}}