{"id":332079,"date":"2021-11-18T15:40:46","date_gmt":"2021-11-18T20:10:46","guid":{"rendered":"https:\/\/stage3.rnv.gob.ve\/wp\/?p=332079"},"modified":"2021-11-18T15:40:46","modified_gmt":"2021-11-18T20:10:46","slug":"metro-de-valencia-celebra-15-anos-de-operatividad-comercial","status":"publish","type":"post","link":"https:\/\/stage3.rnv.gob.ve\/wp\/metro-de-valencia-celebra-15-anos-de-operatividad-comercial\/","title":{"rendered":"Metro de Valencia celebra 15 a\u00f1os de operatividad comercial"},"content":{"rendered":"<figure id=\"attachment_332080\" aria-describedby=\"caption-attachment-332080\" style=\"width: 700px\" class=\"wp-caption aligncenter\"><a href=\"https:\/\/stage3.rnv.gob.ve\/wp\/wp-content\/uploads\/2021\/11\/FEer9hcWYAgYISl.jpg\"><img fetchpriority=\"high\" decoding=\"async\" class=\"wp-image-332080\" src=\"https:\/\/stage3.rnv.gob.ve\/wp\/wp-content\/uploads\/2021\/11\/FEer9hcWYAgYISl.jpg\" alt=\"Metro de Valencia celebra 15 a\u00f1os de operatividad comercial\" width=\"700\" height=\"877\" \/><\/a><figcaption id=\"caption-attachment-332080\" class=\"wp-caption-text\">Metro de Valencia celebra 15 a\u00f1os de operatividad comercial<\/figcaption><\/figure>\n<p style=\"text-align: justify;\">El 18 de noviembre del a\u00f1o 2006, el Presidente de la Rep\u00fablica Hugo Ch\u00e1vez, inaugur\u00f3 la L\u00ednea 1 de la Compa\u00f1\u00eda An\u00f3nima Metro de Valencia, la cual inici\u00f3 operaciones con 7 estaciones que conectan el sur con el norte de la ciudad de capital del estado Carabobo.<\/p>\n<p style=\"text-align: justify;\">\nCon m\u00e1s de 200 millones de traslados, el subterr\u00e1neo valenciano se consolid\u00f3 como uno de los sistemas de transporte masivos m\u00e1s importantes del pa\u00eds. En la actualidad, el Metro de Valencia cuenta con 2 l\u00edneas y 9 estaciones operativas: Monumental, Las Ferias, Palotal, Santa Rosa, Michelena, Lara, Cede\u00f1o, Rafael Urdaneta y Francisco de Miranda.<\/p>\n<p style=\"text-align: justify;\">\nGracias al Comandante Eterno Hugo Ch\u00e1vez, al Presidente de la Rep\u00fablica Nicol\u00e1s Maduro y a la Revoluci\u00f3n Bolivariana, el pueblo carabobe\u00f1o cuenta con un sistema de transporte subterr\u00e1neo que permite la movilizaci\u00f3n diaria de miles de usuarias y usuarios.<\/p>\n<p style=\"text-align: justify;\">\n<strong>T\/RNV Web\/WR<\/strong><\/p>\n","protected":false},"excerpt":{"rendered":"<p>El 18 de noviembre del a\u00f1o 2006, el Presidente de la Rep\u00fablica Hugo Ch\u00e1vez, inaugur\u00f3 la L\u00ednea 1 de la Compa\u00f1\u00eda An\u00f3nima Metro de Valencia, la cual inici\u00f3 operaciones con 7 estaciones que conectan el sur con el norte de la ciudad de capital del estado Carabobo. Con m\u00e1s de 200 millones de traslados, el [&hellip;]<\/p>\n","protected":false},"author":1,"featured_media":332080,"comment_status":"closed","ping_status":"open","sticky":false,"template":"","format":"standard","meta":{"_acf_changed":false,"footnotes":""},"categories":[69],"tags":[],"class_list":["post-332079","post","type-post","status-publish","format-standard","has-post-thumbnail","hentry","category-regional"],"acf":[],"yoast_head":"<!-- This site is optimized with the Yoast SEO plugin v27.4 - https:\/\/yoast.com\/product\/yoast-seo-wordpress\/ -->\n<title>Metro de Valencia celebra 15 a\u00f1os de operatividad comercial - DEV RNV<\/title>\n<meta name=\"robots\" content=\"noindex, follow, max-snippet:-1, max-image-preview:large, max-video-preview:-1\" \/>\n<meta property=\"og:locale\" content=\"es_ES\" \/>\n<meta property=\"og:type\" content=\"article\" \/>\n<meta property=\"og:title\" content=\"Metro de Valencia celebra 15 a\u00f1os de operatividad comercial - DEV RNV\" \/>\n<meta property=\"og:description\" content=\"El 18 de noviembre del a\u00f1o 2006, el Presidente de la Rep\u00fablica Hugo Ch\u00e1vez, inaugur\u00f3 la L\u00ednea 1 de la Compa\u00f1\u00eda An\u00f3nima Metro de Valencia, la cual inici\u00f3 operaciones con 7 estaciones que conectan el sur con el norte de la ciudad de capital del estado Carabobo. Con m\u00e1s de 200 millones de traslados, el [&hellip;]\" \/>\n<meta property=\"og:url\" content=\"https:\/\/stage3.rnv.gob.ve\/wp\/metro-de-valencia-celebra-15-anos-de-operatividad-comercial\/\" \/>\n<meta property=\"og:site_name\" content=\"DEV RNV\" \/>\n<meta property=\"article:publisher\" content=\"https:\/\/www.facebook.com\/RadioNacionaldeVenezuela\" \/>\n<meta property=\"article:published_time\" content=\"2021-11-18T20:10:46+00:00\" \/>\n<meta name=\"author\" content=\"administrador\" \/>\n<meta name=\"twitter:card\" content=\"summary_large_image\" \/>\n<meta name=\"twitter:creator\" content=\"@RNVinformativa\" \/>\n<meta name=\"twitter:site\" content=\"@RNVinformativa\" \/>\n<meta name=\"twitter:label1\" content=\"Escrito por\" \/>\n\t<meta name=\"twitter:data1\" content=\"administrador\" \/>\n\t<meta name=\"twitter:label2\" content=\"Tiempo estimado de lectura\" \/>\n\t<meta name=\"twitter:data2\" content=\"1 minuto\" \/>\n<script type=\"application\/ld+json\" class=\"yoast-schema-graph\">{\"@context\":\"https:\\\/\\\/schema.org\",\"@graph\":[{\"@type\":\"Article\",\"@id\":\"https:\\\/\\\/stage3.rnv.gob.ve\\\/wp\\\/metro-de-valencia-celebra-15-anos-de-operatividad-comercial\\\/#article\",\"isPartOf\":{\"@id\":\"https:\\\/\\\/stage3.rnv.gob.ve\\\/wp\\\/metro-de-valencia-celebra-15-anos-de-operatividad-comercial\\\/\"},\"author\":{\"name\":\"administrador\",\"@id\":\"https:\\\/\\\/stage3.rnv.gob.ve\\\/wp\\\/#\\\/schema\\\/person\\\/0862ce8cde332e0bc63b8a243f0eea2c\"},\"headline\":\"Metro de Valencia celebra 15 a\u00f1os de operatividad comercial\",\"datePublished\":\"2021-11-18T20:10:46+00:00\",\"mainEntityOfPage\":{\"@id\":\"https:\\\/\\\/stage3.rnv.gob.ve\\\/wp\\\/metro-de-valencia-celebra-15-anos-de-operatividad-comercial\\\/\"},\"wordCount\":181,\"publisher\":{\"@id\":\"https:\\\/\\\/stage3.rnv.gob.ve\\\/wp\\\/#organization\"},\"image\":{\"@id\":\"https:\\\/\\\/stage3.rnv.gob.ve\\\/wp\\\/metro-de-valencia-celebra-15-anos-de-operatividad-comercial\\\/#primaryimage\"},\"thumbnailUrl\":\"\",\"articleSection\":[\"Regional\"],\"inLanguage\":\"es\"},{\"@type\":\"WebPage\",\"@id\":\"https:\\\/\\\/stage3.rnv.gob.ve\\\/wp\\\/metro-de-valencia-celebra-15-anos-de-operatividad-comercial\\\/\",\"url\":\"https:\\\/\\\/stage3.rnv.gob.ve\\\/wp\\\/metro-de-valencia-celebra-15-anos-de-operatividad-comercial\\\/\",\"name\":\"Metro de Valencia celebra 15 a\u00f1os de operatividad comercial - DEV RNV\",\"isPartOf\":{\"@id\":\"https:\\\/\\\/stage3.rnv.gob.ve\\\/wp\\\/#website\"},\"primaryImageOfPage\":{\"@id\":\"https:\\\/\\\/stage3.rnv.gob.ve\\\/wp\\\/metro-de-valencia-celebra-15-anos-de-operatividad-comercial\\\/#primaryimage\"},\"image\":{\"@id\":\"https:\\\/\\\/stage3.rnv.gob.ve\\\/wp\\\/metro-de-valencia-celebra-15-anos-de-operatividad-comercial\\\/#primaryimage\"},\"thumbnailUrl\":\"\",\"datePublished\":\"2021-11-18T20:10:46+00:00\",\"breadcrumb\":{\"@id\":\"https:\\\/\\\/stage3.rnv.gob.ve\\\/wp\\\/metro-de-valencia-celebra-15-anos-de-operatividad-comercial\\\/#breadcrumb\"},\"inLanguage\":\"es\",\"potentialAction\":[{\"@type\":\"ReadAction\",\"target\":[\"https:\\\/\\\/stage3.rnv.gob.ve\\\/wp\\\/metro-de-valencia-celebra-15-anos-de-operatividad-comercial\\\/\"]}]},{\"@type\":\"ImageObject\",\"inLanguage\":\"es\",\"@id\":\"https:\\\/\\\/stage3.rnv.gob.ve\\\/wp\\\/metro-de-valencia-celebra-15-anos-de-operatividad-comercial\\\/#primaryimage\",\"url\":\"\",\"contentUrl\":\"\"},{\"@type\":\"BreadcrumbList\",\"@id\":\"https:\\\/\\\/stage3.rnv.gob.ve\\\/wp\\\/metro-de-valencia-celebra-15-anos-de-operatividad-comercial\\\/#breadcrumb\",\"itemListElement\":[{\"@type\":\"ListItem\",\"position\":1,\"name\":\"Portada\",\"item\":\"https:\\\/\\\/stage3.rnv.gob.ve\\\/wp\\\/\"},{\"@type\":\"ListItem\",\"position\":2,\"name\":\"Metro De Valencia Celebra 15 A\u00f1os De Operatividad Comercial\"}]},{\"@type\":\"WebSite\",\"@id\":\"https:\\\/\\\/stage3.rnv.gob.ve\\\/wp\\\/#website\",\"url\":\"https:\\\/\\\/stage3.rnv.gob.ve\\\/wp\\\/\",\"name\":\"DEV RNV\",\"description\":\"Radio Nacional de Venezuela C.A.\",\"publisher\":{\"@id\":\"https:\\\/\\\/stage3.rnv.gob.ve\\\/wp\\\/#organization\"},\"potentialAction\":[{\"@type\":\"SearchAction\",\"target\":{\"@type\":\"EntryPoint\",\"urlTemplate\":\"https:\\\/\\\/stage3.rnv.gob.ve\\\/wp\\\/?s={search_term_string}\"},\"query-input\":{\"@type\":\"PropertyValueSpecification\",\"valueRequired\":true,\"valueName\":\"search_term_string\"}}],\"inLanguage\":\"es\"},{\"@type\":\"Organization\",\"@id\":\"https:\\\/\\\/stage3.rnv.gob.ve\\\/wp\\\/#organization\",\"name\":\"Radio Nacional de Venezuela C.A.\",\"url\":\"https:\\\/\\\/stage3.rnv.gob.ve\\\/wp\\\/\",\"logo\":{\"@type\":\"ImageObject\",\"inLanguage\":\"es\",\"@id\":\"https:\\\/\\\/stage3.rnv.gob.ve\\\/wp\\\/#\\\/schema\\\/logo\\\/image\\\/\",\"url\":\"http:\\\/\\\/rnv.ddns.net\\\/prensa\\\/wp-content\\\/uploads\\\/2022\\\/04\\\/rnv-1-300x227-1.jpg\",\"contentUrl\":\"http:\\\/\\\/rnv.ddns.net\\\/prensa\\\/wp-content\\\/uploads\\\/2022\\\/04\\\/rnv-1-300x227-1.jpg\",\"width\":800,\"height\":455,\"caption\":\"Radio Nacional de Venezuela C.A.\"},\"image\":{\"@id\":\"https:\\\/\\\/stage3.rnv.gob.ve\\\/wp\\\/#\\\/schema\\\/logo\\\/image\\\/\"},\"sameAs\":[\"https:\\\/\\\/www.facebook.com\\\/RadioNacionaldeVenezuela\",\"https:\\\/\\\/x.com\\\/RNVinformativa\",\"https:\\\/\\\/www.instagram.com\\\/rnvinformativa\\\/\",\"https:\\\/\\\/www.youtube.com\\\/user\\\/RNVContigo\"]},{\"@type\":\"Person\",\"@id\":\"https:\\\/\\\/stage3.rnv.gob.ve\\\/wp\\\/#\\\/schema\\\/person\\\/0862ce8cde332e0bc63b8a243f0eea2c\",\"name\":\"administrador\",\"sameAs\":[\"http:\\\/\\\/arnoldoeloy.net\"],\"url\":\"https:\\\/\\\/stage3.rnv.gob.ve\\\/wp\\\/author\\\/administrador\\\/\"}]}<\/script>\n<!-- \/ Yoast SEO plugin. -->","yoast_head_json":{"title":"Metro de Valencia celebra 15 a\u00f1os de operatividad comercial - DEV RNV","robots":{"index":"noindex","follow":"follow","max-snippet":"max-snippet:-1","max-image-preview":"max-image-preview:large","max-video-preview":"max-video-preview:-1"},"og_locale":"es_ES","og_type":"article","og_title":"Metro de Valencia celebra 15 a\u00f1os de operatividad comercial - DEV RNV","og_description":"El 18 de noviembre del a\u00f1o 2006, el Presidente de la Rep\u00fablica Hugo Ch\u00e1vez, inaugur\u00f3 la L\u00ednea 1 de la Compa\u00f1\u00eda An\u00f3nima Metro de Valencia, la cual inici\u00f3 operaciones con 7 estaciones que conectan el sur con el norte de la ciudad de capital del estado Carabobo. Con m\u00e1s de 200 millones de traslados, el [&hellip;]","og_url":"https:\/\/stage3.rnv.gob.ve\/wp\/metro-de-valencia-celebra-15-anos-de-operatividad-comercial\/","og_site_name":"DEV RNV","article_publisher":"https:\/\/www.facebook.com\/RadioNacionaldeVenezuela","article_published_time":"2021-11-18T20:10:46+00:00","author":"administrador","twitter_card":"summary_large_image","twitter_creator":"@RNVinformativa","twitter_site":"@RNVinformativa","twitter_misc":{"Escrito por":"administrador","Tiempo estimado de lectura":"1 minuto"},"schema":{"@context":"https:\/\/schema.org","@graph":[{"@type":"Article","@id":"https:\/\/stage3.rnv.gob.ve\/wp\/metro-de-valencia-celebra-15-anos-de-operatividad-comercial\/#article","isPartOf":{"@id":"https:\/\/stage3.rnv.gob.ve\/wp\/metro-de-valencia-celebra-15-anos-de-operatividad-comercial\/"},"author":{"name":"administrador","@id":"https:\/\/stage3.rnv.gob.ve\/wp\/#\/schema\/person\/0862ce8cde332e0bc63b8a243f0eea2c"},"headline":"Metro de Valencia celebra 15 a\u00f1os de operatividad comercial","datePublished":"2021-11-18T20:10:46+00:00","mainEntityOfPage":{"@id":"https:\/\/stage3.rnv.gob.ve\/wp\/metro-de-valencia-celebra-15-anos-de-operatividad-comercial\/"},"wordCount":181,"publisher":{"@id":"https:\/\/stage3.rnv.gob.ve\/wp\/#organization"},"image":{"@id":"https:\/\/stage3.rnv.gob.ve\/wp\/metro-de-valencia-celebra-15-anos-de-operatividad-comercial\/#primaryimage"},"thumbnailUrl":"","articleSection":["Regional"],"inLanguage":"es"},{"@type":"WebPage","@id":"https:\/\/stage3.rnv.gob.ve\/wp\/metro-de-valencia-celebra-15-anos-de-operatividad-comercial\/","url":"https:\/\/stage3.rnv.gob.ve\/wp\/metro-de-valencia-celebra-15-anos-de-operatividad-comercial\/","name":"Metro de Valencia celebra 15 a\u00f1os de operatividad comercial - DEV RNV","isPartOf":{"@id":"https:\/\/stage3.rnv.gob.ve\/wp\/#website"},"primaryImageOfPage":{"@id":"https:\/\/stage3.rnv.gob.ve\/wp\/metro-de-valencia-celebra-15-anos-de-operatividad-comercial\/#primaryimage"},"image":{"@id":"https:\/\/stage3.rnv.gob.ve\/wp\/metro-de-valencia-celebra-15-anos-de-operatividad-comercial\/#primaryimage"},"thumbnailUrl":"","datePublished":"2021-11-18T20:10:46+00:00","breadcrumb":{"@id":"https:\/\/stage3.rnv.gob.ve\/wp\/metro-de-valencia-celebra-15-anos-de-operatividad-comercial\/#breadcrumb"},"inLanguage":"es","potentialAction":[{"@type":"ReadAction","target":["https:\/\/stage3.rnv.gob.ve\/wp\/metro-de-valencia-celebra-15-anos-de-operatividad-comercial\/"]}]},{"@type":"ImageObject","inLanguage":"es","@id":"https:\/\/stage3.rnv.gob.ve\/wp\/metro-de-valencia-celebra-15-anos-de-operatividad-comercial\/#primaryimage","url":"","contentUrl":""},{"@type":"BreadcrumbList","@id":"https:\/\/stage3.rnv.gob.ve\/wp\/metro-de-valencia-celebra-15-anos-de-operatividad-comercial\/#breadcrumb","itemListElement":[{"@type":"ListItem","position":1,"name":"Portada","item":"https:\/\/stage3.rnv.gob.ve\/wp\/"},{"@type":"ListItem","position":2,"name":"Metro De Valencia Celebra 15 A\u00f1os De Operatividad Comercial"}]},{"@type":"WebSite","@id":"https:\/\/stage3.rnv.gob.ve\/wp\/#website","url":"https:\/\/stage3.rnv.gob.ve\/wp\/","name":"DEV RNV","description":"Radio Nacional de Venezuela C.A.","publisher":{"@id":"https:\/\/stage3.rnv.gob.ve\/wp\/#organization"},"potentialAction":[{"@type":"SearchAction","target":{"@type":"EntryPoint","urlTemplate":"https:\/\/stage3.rnv.gob.ve\/wp\/?s={search_term_string}"},"query-input":{"@type":"PropertyValueSpecification","valueRequired":true,"valueName":"search_term_string"}}],"inLanguage":"es"},{"@type":"Organization","@id":"https:\/\/stage3.rnv.gob.ve\/wp\/#organization","name":"Radio Nacional de Venezuela C.A.","url":"https:\/\/stage3.rnv.gob.ve\/wp\/","logo":{"@type":"ImageObject","inLanguage":"es","@id":"https:\/\/stage3.rnv.gob.ve\/wp\/#\/schema\/logo\/image\/","url":"http:\/\/rnv.ddns.net\/prensa\/wp-content\/uploads\/2022\/04\/rnv-1-300x227-1.jpg","contentUrl":"http:\/\/rnv.ddns.net\/prensa\/wp-content\/uploads\/2022\/04\/rnv-1-300x227-1.jpg","width":800,"height":455,"caption":"Radio Nacional de Venezuela C.A."},"image":{"@id":"https:\/\/stage3.rnv.gob.ve\/wp\/#\/schema\/logo\/image\/"},"sameAs":["https:\/\/www.facebook.com\/RadioNacionaldeVenezuela","https:\/\/x.com\/RNVinformativa","https:\/\/www.instagram.com\/rnvinformativa\/","https:\/\/www.youtube.com\/user\/RNVContigo"]},{"@type":"Person","@id":"https:\/\/stage3.rnv.gob.ve\/wp\/#\/schema\/person\/0862ce8cde332e0bc63b8a243f0eea2c","name":"administrador","sameAs":["http:\/\/arnoldoeloy.net"],"url":"https:\/\/stage3.rnv.gob.ve\/wp\/author\/administrador\/"}]}},"jetpack_featured_media_url":"","_links":{"self":[{"href":"https:\/\/stage3.rnv.gob.ve\/wp\/wp-json\/wp\/v2\/posts\/332079","targetHints":{"allow":["GET"]}}],"collection":[{"href":"https:\/\/stage3.rnv.gob.ve\/wp\/wp-json\/wp\/v2\/posts"}],"about":[{"href":"https:\/\/stage3.rnv.gob.ve\/wp\/wp-json\/wp\/v2\/types\/post"}],"author":[{"embeddable":true,"href":"https:\/\/stage3.rnv.gob.ve\/wp\/wp-json\/wp\/v2\/users\/1"}],"replies":[{"embeddable":true,"href":"https:\/\/stage3.rnv.gob.ve\/wp\/wp-json\/wp\/v2\/comments?post=332079"}],"version-history":[{"count":0,"href":"https:\/\/stage3.rnv.gob.ve\/wp\/wp-json\/wp\/v2\/posts\/332079\/revisions"}],"wp:featuredmedia":[{"embeddable":true,"href":"https:\/\/stage3.rnv.gob.ve\/wp\/wp-json\/"}],"wp:attachment":[{"href":"https:\/\/stage3.rnv.gob.ve\/wp\/wp-json\/wp\/v2\/media?parent=332079"}],"wp:term":[{"taxonomy":"category","embeddable":true,"href":"https:\/\/stage3.rnv.gob.ve\/wp\/wp-json\/wp\/v2\/categories?post=332079"},{"taxonomy":"post_tag","embeddable":true,"href":"https:\/\/stage3.rnv.gob.ve\/wp\/wp-json\/wp\/v2\/tags?post=332079"}],"curies":[{"name":"wp","href":"https:\/\/api.w.org\/{rel}","templated":true}]}}