{"id":331859,"date":"2021-11-15T21:36:44","date_gmt":"2021-11-16T02:06:44","guid":{"rendered":"https:\/\/stage3.rnv.gob.ve\/wp\/?p=331859"},"modified":"2021-11-15T21:36:44","modified_gmt":"2021-11-16T02:06:44","slug":"lula-expreso-estar-muy-motivado-para-regresar-a-la-presidencia-en-primarias-de-2022","status":"publish","type":"post","link":"https:\/\/stage3.rnv.gob.ve\/wp\/lula-expreso-estar-muy-motivado-para-regresar-a-la-presidencia-en-primarias-de-2022\/","title":{"rendered":"Lula expres\u00f3 estar muy motivado para regresar a la Presidencia en primarias de 2022"},"content":{"rendered":"<p><img fetchpriority=\"high\" decoding=\"async\" class=\"aligncenter  wp-image-331860\" src=\"https:\/\/stage3.rnv.gob.ve\/wp\/wp-content\/uploads\/2021\/11\/lula-da-silva-foto-gettyimages.jpg\" alt=\"\" width=\"608\" height=\"342\" \/><\/p>\n<p>El expersidente de la Rep\u00fablica Federativa de Brasil, Luis In\u00e1cio Lula da Silva, manifest\u00f3 estar preparado y motivado para aspirar nuevamente al Ejecutivo Nacional en sustituci\u00f3n de Jair Bolsonaro.<\/p>\n<p>La agencia de noticias francesa, rese\u00f1\u00f3 palabras de Lula, quien dijo contar con las mejores condiciones de s\u00ed mismo para alcanzar esta meta, todo esto durante una conferencia de prensa en las instalaciones del Parlamento Europeo en Bruselas. Tambi\u00e9n expres\u00f3 que el Partido de los Trabajadores tendr\u00e1 un candidato al Ejecutivo sea \u00e9l u otra persona.<\/p>\n<p>Adem\u00e1s calific\u00f3 a Bolsonaro como una mala copia de Donald Trump, pues se\u00f1al\u00f3 que el gobernante no piensa ni tiene ideas, divulga noticias falsas y destruye lo que consume el pueblo brasile\u00f1o, manifest\u00f3 que Brasil no merec\u00eda pasar por lo que est\u00e1 pasando.<\/p>\n<p>&nbsp;<\/p>\n<p>T\/RNV WEB\/CP<\/p>\n","protected":false},"excerpt":{"rendered":"<p>El expersidente de la Rep\u00fablica Federativa de Brasil, Luis In\u00e1cio Lula da Silva, manifest\u00f3 estar preparado y motivado para aspirar nuevamente al Ejecutivo Nacional en sustituci\u00f3n de Jair Bolsonaro. La agencia de noticias francesa, rese\u00f1\u00f3 palabras de Lula, quien dijo contar con las mejores condiciones de s\u00ed mismo para alcanzar esta meta, todo esto durante [&hellip;]<\/p>\n","protected":false},"author":1,"featured_media":331860,"comment_status":"closed","ping_status":"open","sticky":false,"template":"","format":"standard","meta":{"_acf_changed":false,"footnotes":""},"categories":[61],"tags":[256],"class_list":["post-331859","post","type-post","status-publish","format-standard","has-post-thumbnail","hentry","category-internacional","tag-lula"],"acf":[],"yoast_head":"<!-- This site is optimized with the Yoast SEO plugin v27.4 - https:\/\/yoast.com\/product\/yoast-seo-wordpress\/ -->\n<title>Lula expres\u00f3 estar muy motivado para regresar a la Presidencia en primarias de 2022 - DEV RNV<\/title>\n<meta name=\"robots\" content=\"noindex, follow, max-snippet:-1, max-image-preview:large, max-video-preview:-1\" \/>\n<meta property=\"og:locale\" content=\"es_ES\" \/>\n<meta property=\"og:type\" content=\"article\" \/>\n<meta property=\"og:title\" content=\"Lula expres\u00f3 estar muy motivado para regresar a la Presidencia en primarias de 2022 - DEV RNV\" \/>\n<meta property=\"og:description\" content=\"El expersidente de la Rep\u00fablica Federativa de Brasil, Luis In\u00e1cio Lula da Silva, manifest\u00f3 estar preparado y motivado para aspirar nuevamente al Ejecutivo Nacional en sustituci\u00f3n de Jair Bolsonaro. La agencia de noticias francesa, rese\u00f1\u00f3 palabras de Lula, quien dijo contar con las mejores condiciones de s\u00ed mismo para alcanzar esta meta, todo esto durante [&hellip;]\" \/>\n<meta property=\"og:url\" content=\"https:\/\/stage3.rnv.gob.ve\/wp\/lula-expreso-estar-muy-motivado-para-regresar-a-la-presidencia-en-primarias-de-2022\/\" \/>\n<meta property=\"og:site_name\" content=\"DEV RNV\" \/>\n<meta property=\"article:publisher\" content=\"https:\/\/www.facebook.com\/RadioNacionaldeVenezuela\" \/>\n<meta property=\"article:published_time\" content=\"2021-11-16T02:06:44+00:00\" \/>\n<meta name=\"author\" content=\"administrador\" \/>\n<meta name=\"twitter:card\" content=\"summary_large_image\" \/>\n<meta name=\"twitter:creator\" content=\"@RNVinformativa\" \/>\n<meta name=\"twitter:site\" content=\"@RNVinformativa\" \/>\n<meta name=\"twitter:label1\" content=\"Escrito por\" \/>\n\t<meta name=\"twitter:data1\" content=\"administrador\" \/>\n\t<meta name=\"twitter:label2\" content=\"Tiempo estimado de lectura\" \/>\n\t<meta name=\"twitter:data2\" content=\"1 minuto\" \/>\n<script type=\"application\/ld+json\" class=\"yoast-schema-graph\">{\"@context\":\"https:\\\/\\\/schema.org\",\"@graph\":[{\"@type\":\"Article\",\"@id\":\"https:\\\/\\\/stage3.rnv.gob.ve\\\/wp\\\/lula-expreso-estar-muy-motivado-para-regresar-a-la-presidencia-en-primarias-de-2022\\\/#article\",\"isPartOf\":{\"@id\":\"https:\\\/\\\/stage3.rnv.gob.ve\\\/wp\\\/lula-expreso-estar-muy-motivado-para-regresar-a-la-presidencia-en-primarias-de-2022\\\/\"},\"author\":{\"name\":\"administrador\",\"@id\":\"https:\\\/\\\/stage3.rnv.gob.ve\\\/wp\\\/#\\\/schema\\\/person\\\/0862ce8cde332e0bc63b8a243f0eea2c\"},\"headline\":\"Lula expres\u00f3 estar muy motivado para regresar a la Presidencia en primarias de 2022\",\"datePublished\":\"2021-11-16T02:06:44+00:00\",\"mainEntityOfPage\":{\"@id\":\"https:\\\/\\\/stage3.rnv.gob.ve\\\/wp\\\/lula-expreso-estar-muy-motivado-para-regresar-a-la-presidencia-en-primarias-de-2022\\\/\"},\"wordCount\":154,\"publisher\":{\"@id\":\"https:\\\/\\\/stage3.rnv.gob.ve\\\/wp\\\/#organization\"},\"image\":{\"@id\":\"https:\\\/\\\/stage3.rnv.gob.ve\\\/wp\\\/lula-expreso-estar-muy-motivado-para-regresar-a-la-presidencia-en-primarias-de-2022\\\/#primaryimage\"},\"thumbnailUrl\":\"\",\"keywords\":[\"lula\"],\"articleSection\":[\"Internacional\"],\"inLanguage\":\"es\"},{\"@type\":\"WebPage\",\"@id\":\"https:\\\/\\\/stage3.rnv.gob.ve\\\/wp\\\/lula-expreso-estar-muy-motivado-para-regresar-a-la-presidencia-en-primarias-de-2022\\\/\",\"url\":\"https:\\\/\\\/stage3.rnv.gob.ve\\\/wp\\\/lula-expreso-estar-muy-motivado-para-regresar-a-la-presidencia-en-primarias-de-2022\\\/\",\"name\":\"Lula expres\u00f3 estar muy motivado para regresar a la Presidencia en primarias de 2022 - DEV RNV\",\"isPartOf\":{\"@id\":\"https:\\\/\\\/stage3.rnv.gob.ve\\\/wp\\\/#website\"},\"primaryImageOfPage\":{\"@id\":\"https:\\\/\\\/stage3.rnv.gob.ve\\\/wp\\\/lula-expreso-estar-muy-motivado-para-regresar-a-la-presidencia-en-primarias-de-2022\\\/#primaryimage\"},\"image\":{\"@id\":\"https:\\\/\\\/stage3.rnv.gob.ve\\\/wp\\\/lula-expreso-estar-muy-motivado-para-regresar-a-la-presidencia-en-primarias-de-2022\\\/#primaryimage\"},\"thumbnailUrl\":\"\",\"datePublished\":\"2021-11-16T02:06:44+00:00\",\"breadcrumb\":{\"@id\":\"https:\\\/\\\/stage3.rnv.gob.ve\\\/wp\\\/lula-expreso-estar-muy-motivado-para-regresar-a-la-presidencia-en-primarias-de-2022\\\/#breadcrumb\"},\"inLanguage\":\"es\",\"potentialAction\":[{\"@type\":\"ReadAction\",\"target\":[\"https:\\\/\\\/stage3.rnv.gob.ve\\\/wp\\\/lula-expreso-estar-muy-motivado-para-regresar-a-la-presidencia-en-primarias-de-2022\\\/\"]}]},{\"@type\":\"ImageObject\",\"inLanguage\":\"es\",\"@id\":\"https:\\\/\\\/stage3.rnv.gob.ve\\\/wp\\\/lula-expreso-estar-muy-motivado-para-regresar-a-la-presidencia-en-primarias-de-2022\\\/#primaryimage\",\"url\":\"\",\"contentUrl\":\"\"},{\"@type\":\"BreadcrumbList\",\"@id\":\"https:\\\/\\\/stage3.rnv.gob.ve\\\/wp\\\/lula-expreso-estar-muy-motivado-para-regresar-a-la-presidencia-en-primarias-de-2022\\\/#breadcrumb\",\"itemListElement\":[{\"@type\":\"ListItem\",\"position\":1,\"name\":\"Portada\",\"item\":\"https:\\\/\\\/stage3.rnv.gob.ve\\\/wp\\\/\"},{\"@type\":\"ListItem\",\"position\":2,\"name\":\"Lula Expres\u00f3 Estar Muy Motivado Para Regresar A La Presidencia En Primarias De 2022\"}]},{\"@type\":\"WebSite\",\"@id\":\"https:\\\/\\\/stage3.rnv.gob.ve\\\/wp\\\/#website\",\"url\":\"https:\\\/\\\/stage3.rnv.gob.ve\\\/wp\\\/\",\"name\":\"DEV RNV\",\"description\":\"Radio Nacional de Venezuela C.A.\",\"publisher\":{\"@id\":\"https:\\\/\\\/stage3.rnv.gob.ve\\\/wp\\\/#organization\"},\"potentialAction\":[{\"@type\":\"SearchAction\",\"target\":{\"@type\":\"EntryPoint\",\"urlTemplate\":\"https:\\\/\\\/stage3.rnv.gob.ve\\\/wp\\\/?s={search_term_string}\"},\"query-input\":{\"@type\":\"PropertyValueSpecification\",\"valueRequired\":true,\"valueName\":\"search_term_string\"}}],\"inLanguage\":\"es\"},{\"@type\":\"Organization\",\"@id\":\"https:\\\/\\\/stage3.rnv.gob.ve\\\/wp\\\/#organization\",\"name\":\"Radio Nacional de Venezuela C.A.\",\"url\":\"https:\\\/\\\/stage3.rnv.gob.ve\\\/wp\\\/\",\"logo\":{\"@type\":\"ImageObject\",\"inLanguage\":\"es\",\"@id\":\"https:\\\/\\\/stage3.rnv.gob.ve\\\/wp\\\/#\\\/schema\\\/logo\\\/image\\\/\",\"url\":\"http:\\\/\\\/rnv.ddns.net\\\/prensa\\\/wp-content\\\/uploads\\\/2022\\\/04\\\/rnv-1-300x227-1.jpg\",\"contentUrl\":\"http:\\\/\\\/rnv.ddns.net\\\/prensa\\\/wp-content\\\/uploads\\\/2022\\\/04\\\/rnv-1-300x227-1.jpg\",\"width\":800,\"height\":455,\"caption\":\"Radio Nacional de Venezuela C.A.\"},\"image\":{\"@id\":\"https:\\\/\\\/stage3.rnv.gob.ve\\\/wp\\\/#\\\/schema\\\/logo\\\/image\\\/\"},\"sameAs\":[\"https:\\\/\\\/www.facebook.com\\\/RadioNacionaldeVenezuela\",\"https:\\\/\\\/x.com\\\/RNVinformativa\",\"https:\\\/\\\/www.instagram.com\\\/rnvinformativa\\\/\",\"https:\\\/\\\/www.youtube.com\\\/user\\\/RNVContigo\"]},{\"@type\":\"Person\",\"@id\":\"https:\\\/\\\/stage3.rnv.gob.ve\\\/wp\\\/#\\\/schema\\\/person\\\/0862ce8cde332e0bc63b8a243f0eea2c\",\"name\":\"administrador\",\"sameAs\":[\"http:\\\/\\\/arnoldoeloy.net\"],\"url\":\"https:\\\/\\\/stage3.rnv.gob.ve\\\/wp\\\/author\\\/administrador\\\/\"}]}<\/script>\n<!-- \/ Yoast SEO plugin. -->","yoast_head_json":{"title":"Lula expres\u00f3 estar muy motivado para regresar a la Presidencia en primarias de 2022 - DEV RNV","robots":{"index":"noindex","follow":"follow","max-snippet":"max-snippet:-1","max-image-preview":"max-image-preview:large","max-video-preview":"max-video-preview:-1"},"og_locale":"es_ES","og_type":"article","og_title":"Lula expres\u00f3 estar muy motivado para regresar a la Presidencia en primarias de 2022 - DEV RNV","og_description":"El expersidente de la Rep\u00fablica Federativa de Brasil, Luis In\u00e1cio Lula da Silva, manifest\u00f3 estar preparado y motivado para aspirar nuevamente al Ejecutivo Nacional en sustituci\u00f3n de Jair Bolsonaro. La agencia de noticias francesa, rese\u00f1\u00f3 palabras de Lula, quien dijo contar con las mejores condiciones de s\u00ed mismo para alcanzar esta meta, todo esto durante [&hellip;]","og_url":"https:\/\/stage3.rnv.gob.ve\/wp\/lula-expreso-estar-muy-motivado-para-regresar-a-la-presidencia-en-primarias-de-2022\/","og_site_name":"DEV RNV","article_publisher":"https:\/\/www.facebook.com\/RadioNacionaldeVenezuela","article_published_time":"2021-11-16T02:06:44+00:00","author":"administrador","twitter_card":"summary_large_image","twitter_creator":"@RNVinformativa","twitter_site":"@RNVinformativa","twitter_misc":{"Escrito por":"administrador","Tiempo estimado de lectura":"1 minuto"},"schema":{"@context":"https:\/\/schema.org","@graph":[{"@type":"Article","@id":"https:\/\/stage3.rnv.gob.ve\/wp\/lula-expreso-estar-muy-motivado-para-regresar-a-la-presidencia-en-primarias-de-2022\/#article","isPartOf":{"@id":"https:\/\/stage3.rnv.gob.ve\/wp\/lula-expreso-estar-muy-motivado-para-regresar-a-la-presidencia-en-primarias-de-2022\/"},"author":{"name":"administrador","@id":"https:\/\/stage3.rnv.gob.ve\/wp\/#\/schema\/person\/0862ce8cde332e0bc63b8a243f0eea2c"},"headline":"Lula expres\u00f3 estar muy motivado para regresar a la Presidencia en primarias de 2022","datePublished":"2021-11-16T02:06:44+00:00","mainEntityOfPage":{"@id":"https:\/\/stage3.rnv.gob.ve\/wp\/lula-expreso-estar-muy-motivado-para-regresar-a-la-presidencia-en-primarias-de-2022\/"},"wordCount":154,"publisher":{"@id":"https:\/\/stage3.rnv.gob.ve\/wp\/#organization"},"image":{"@id":"https:\/\/stage3.rnv.gob.ve\/wp\/lula-expreso-estar-muy-motivado-para-regresar-a-la-presidencia-en-primarias-de-2022\/#primaryimage"},"thumbnailUrl":"","keywords":["lula"],"articleSection":["Internacional"],"inLanguage":"es"},{"@type":"WebPage","@id":"https:\/\/stage3.rnv.gob.ve\/wp\/lula-expreso-estar-muy-motivado-para-regresar-a-la-presidencia-en-primarias-de-2022\/","url":"https:\/\/stage3.rnv.gob.ve\/wp\/lula-expreso-estar-muy-motivado-para-regresar-a-la-presidencia-en-primarias-de-2022\/","name":"Lula expres\u00f3 estar muy motivado para regresar a la Presidencia en primarias de 2022 - DEV RNV","isPartOf":{"@id":"https:\/\/stage3.rnv.gob.ve\/wp\/#website"},"primaryImageOfPage":{"@id":"https:\/\/stage3.rnv.gob.ve\/wp\/lula-expreso-estar-muy-motivado-para-regresar-a-la-presidencia-en-primarias-de-2022\/#primaryimage"},"image":{"@id":"https:\/\/stage3.rnv.gob.ve\/wp\/lula-expreso-estar-muy-motivado-para-regresar-a-la-presidencia-en-primarias-de-2022\/#primaryimage"},"thumbnailUrl":"","datePublished":"2021-11-16T02:06:44+00:00","breadcrumb":{"@id":"https:\/\/stage3.rnv.gob.ve\/wp\/lula-expreso-estar-muy-motivado-para-regresar-a-la-presidencia-en-primarias-de-2022\/#breadcrumb"},"inLanguage":"es","potentialAction":[{"@type":"ReadAction","target":["https:\/\/stage3.rnv.gob.ve\/wp\/lula-expreso-estar-muy-motivado-para-regresar-a-la-presidencia-en-primarias-de-2022\/"]}]},{"@type":"ImageObject","inLanguage":"es","@id":"https:\/\/stage3.rnv.gob.ve\/wp\/lula-expreso-estar-muy-motivado-para-regresar-a-la-presidencia-en-primarias-de-2022\/#primaryimage","url":"","contentUrl":""},{"@type":"BreadcrumbList","@id":"https:\/\/stage3.rnv.gob.ve\/wp\/lula-expreso-estar-muy-motivado-para-regresar-a-la-presidencia-en-primarias-de-2022\/#breadcrumb","itemListElement":[{"@type":"ListItem","position":1,"name":"Portada","item":"https:\/\/stage3.rnv.gob.ve\/wp\/"},{"@type":"ListItem","position":2,"name":"Lula Expres\u00f3 Estar Muy Motivado Para Regresar A La Presidencia En Primarias De 2022"}]},{"@type":"WebSite","@id":"https:\/\/stage3.rnv.gob.ve\/wp\/#website","url":"https:\/\/stage3.rnv.gob.ve\/wp\/","name":"DEV RNV","description":"Radio Nacional de Venezuela C.A.","publisher":{"@id":"https:\/\/stage3.rnv.gob.ve\/wp\/#organization"},"potentialAction":[{"@type":"SearchAction","target":{"@type":"EntryPoint","urlTemplate":"https:\/\/stage3.rnv.gob.ve\/wp\/?s={search_term_string}"},"query-input":{"@type":"PropertyValueSpecification","valueRequired":true,"valueName":"search_term_string"}}],"inLanguage":"es"},{"@type":"Organization","@id":"https:\/\/stage3.rnv.gob.ve\/wp\/#organization","name":"Radio Nacional de Venezuela C.A.","url":"https:\/\/stage3.rnv.gob.ve\/wp\/","logo":{"@type":"ImageObject","inLanguage":"es","@id":"https:\/\/stage3.rnv.gob.ve\/wp\/#\/schema\/logo\/image\/","url":"http:\/\/rnv.ddns.net\/prensa\/wp-content\/uploads\/2022\/04\/rnv-1-300x227-1.jpg","contentUrl":"http:\/\/rnv.ddns.net\/prensa\/wp-content\/uploads\/2022\/04\/rnv-1-300x227-1.jpg","width":800,"height":455,"caption":"Radio Nacional de Venezuela C.A."},"image":{"@id":"https:\/\/stage3.rnv.gob.ve\/wp\/#\/schema\/logo\/image\/"},"sameAs":["https:\/\/www.facebook.com\/RadioNacionaldeVenezuela","https:\/\/x.com\/RNVinformativa","https:\/\/www.instagram.com\/rnvinformativa\/","https:\/\/www.youtube.com\/user\/RNVContigo"]},{"@type":"Person","@id":"https:\/\/stage3.rnv.gob.ve\/wp\/#\/schema\/person\/0862ce8cde332e0bc63b8a243f0eea2c","name":"administrador","sameAs":["http:\/\/arnoldoeloy.net"],"url":"https:\/\/stage3.rnv.gob.ve\/wp\/author\/administrador\/"}]}},"jetpack_featured_media_url":"","_links":{"self":[{"href":"https:\/\/stage3.rnv.gob.ve\/wp\/wp-json\/wp\/v2\/posts\/331859","targetHints":{"allow":["GET"]}}],"collection":[{"href":"https:\/\/stage3.rnv.gob.ve\/wp\/wp-json\/wp\/v2\/posts"}],"about":[{"href":"https:\/\/stage3.rnv.gob.ve\/wp\/wp-json\/wp\/v2\/types\/post"}],"author":[{"embeddable":true,"href":"https:\/\/stage3.rnv.gob.ve\/wp\/wp-json\/wp\/v2\/users\/1"}],"replies":[{"embeddable":true,"href":"https:\/\/stage3.rnv.gob.ve\/wp\/wp-json\/wp\/v2\/comments?post=331859"}],"version-history":[{"count":0,"href":"https:\/\/stage3.rnv.gob.ve\/wp\/wp-json\/wp\/v2\/posts\/331859\/revisions"}],"wp:featuredmedia":[{"embeddable":true,"href":"https:\/\/stage3.rnv.gob.ve\/wp\/wp-json\/"}],"wp:attachment":[{"href":"https:\/\/stage3.rnv.gob.ve\/wp\/wp-json\/wp\/v2\/media?parent=331859"}],"wp:term":[{"taxonomy":"category","embeddable":true,"href":"https:\/\/stage3.rnv.gob.ve\/wp\/wp-json\/wp\/v2\/categories?post=331859"},{"taxonomy":"post_tag","embeddable":true,"href":"https:\/\/stage3.rnv.gob.ve\/wp\/wp-json\/wp\/v2\/tags?post=331859"}],"curies":[{"name":"wp","href":"https:\/\/api.w.org\/{rel}","templated":true}]}}