{"id":329527,"date":"2021-10-12T19:19:41","date_gmt":"2021-10-12T23:49:41","guid":{"rendered":"https:\/\/stage3.rnv.gob.ve\/wp\/?p=329527"},"modified":"2021-10-12T19:19:41","modified_gmt":"2021-10-12T23:49:41","slug":"venezuela-crea-comision-de-la-verdad-para-reconstruir-historia-del-genocidio-indigena-en-el-pais","status":"publish","type":"post","link":"https:\/\/stage3.rnv.gob.ve\/wp\/venezuela-crea-comision-de-la-verdad-para-reconstruir-historia-del-genocidio-indigena-en-el-pais\/","title":{"rendered":"Venezuela crea Comisi\u00f3n de la Verdad para reconstruir historia del genocidio ind\u00edgena en el pa\u00eds"},"content":{"rendered":"<p><img fetchpriority=\"high\" decoding=\"async\" class=\"size-full wp-image-329528 aligncenter\" src=\"https:\/\/stage3.rnv.gob.ve\/wp\/wp-content\/uploads\/2021\/10\/3-7.jpg\" alt=\"\" width=\"680\" height=\"453\" \/><\/p>\n<p style=\"text-align: justify;\">\u00abHoy 12 de octubre la Patria india se lanz\u00f3 a las calles a decirle al mundo que seguimos en resistencia, m\u00e1s unidos que nunca\u00bb, expres\u00f3 el presidente Nicol\u00e1s Maduro al instruir la creaci\u00f3n de la Comisi\u00f3n de la Verdad para la reconstrucci\u00f3n de la historia del genocidio contra los pueblos ind\u00edgenas de Venezuela.<\/p>\n<p style=\"text-align: justify;\">Desde el Palacio de Miraflores, en Caracas, detall\u00f3 el mandatario nacional que la coordinaci\u00f3n de la Comisi\u00f3n de la Verdad estar\u00e1 bajo la responsabilidad del ministro del Poder Popular para la Cultura, Ernesto Villegas, quien deber\u00e1 \u201csumar a los mejores historiadores, l\u00edderes y lideresas para dar un aporte\u201d sobre las consecuencias del colonialismo en las comunidades originarias.<\/p>\n<p style=\"text-align: justify;\">\u201cDebemos avivar la consciencia profunda del anticolonialismo (\u2026) vamos a dar el ejemplo y dar el primer paso en Venezuela\u201d, recalc\u00f3, al reiterar que \u201cdesde la cultura deben surgir la verdad, los valores, los conceptos y la visi\u00f3n de lo que debemos hacer hacia el futuro\u201d.<\/p>\n<p style=\"text-align: justify;\">Al reflexionar sobre el resurgimiento de sectores extremistas que justifican el genocidio contra los pueblos ind\u00edgenas, instruy\u00f3 al Movimiento Ind\u00edgena Unido de Venezuela emprender acciones internacionales, en articulaci\u00f3n con organizaciones de los pueblos originarios, \u201cpara denunciar y enfrentar la campa\u00f1a neofascista y racista de Europa contra la historia original del genocidio indoamericano\u201d.<\/p>\n<p style=\"text-align: justify;\">\u201cHoy se ha reavivado en Europa, en Espa\u00f1a, un debate y han resurgido las posiciones extremistas colonialistas para justificar el genocidio\u201d, alert\u00f3, al tiempo que rechaz\u00f3 la corriente racista que pretende \u201clevantar banderas fascistas a trav\u00e9s de la reivindicaci\u00f3n del genocidio contra nuestra Patria\u201d.<\/p>\n<p style=\"text-align: justify;\">A prop\u00f3sito de la conmemoraci\u00f3n del 529\u00b0 del D\u00eda de la Resistencia Ind\u00edgena, el presidente Nicol\u00e1s Maduro exhort\u00f3 a profundizar la difusi\u00f3n de la cultura y la educaci\u00f3n biling\u00fce, as\u00ed como fortalecer las pol\u00edticas de salud, alimentaci\u00f3n y econom\u00eda productiva en favor de los pueblos originarios.<\/p>\n<p><strong>T\/RNV Web\/ AV<\/strong><\/p>\n","protected":false},"excerpt":{"rendered":"<p>\u00abHoy 12 de octubre la Patria india se lanz\u00f3 a las calles a decirle al mundo que seguimos en resistencia, m\u00e1s unidos que nunca\u00bb, expres\u00f3 el presidente Nicol\u00e1s Maduro al instruir la creaci\u00f3n de la Comisi\u00f3n de la Verdad para la reconstrucci\u00f3n de la historia del genocidio contra los pueblos ind\u00edgenas de Venezuela. Desde el [&hellip;]<\/p>\n","protected":false},"author":1,"featured_media":329530,"comment_status":"closed","ping_status":"open","sticky":false,"template":"","format":"standard","meta":{"_acf_changed":false,"footnotes":""},"categories":[65],"tags":[3004,4309,147,4795,104],"class_list":["post-329527","post","type-post","status-publish","format-standard","has-post-thumbnail","hentry","category-nacional","tag-comision-de-la-verdad","tag-ernesto-villegas","tag-maduro","tag-pueblos-originarios","tag-venezuela"],"acf":[],"yoast_head":"<!-- This site is optimized with the Yoast SEO plugin v27.4 - https:\/\/yoast.com\/product\/yoast-seo-wordpress\/ -->\n<title>Venezuela crea Comisi\u00f3n de la Verdad para reconstruir historia del genocidio ind\u00edgena en el pa\u00eds - DEV RNV<\/title>\n<meta name=\"description\" content=\"Presidente Nicol\u00e1s Maduro anunci\u00f3 la creaci\u00f3n de la Comisi\u00f3n de la Verdad para reconstruir historia del genocidio ind\u00edgena en Venezuela\" \/>\n<meta name=\"robots\" content=\"noindex, follow, max-snippet:-1, max-image-preview:large, max-video-preview:-1\" \/>\n<meta property=\"og:locale\" content=\"es_ES\" \/>\n<meta property=\"og:type\" content=\"article\" \/>\n<meta property=\"og:title\" content=\"Venezuela crea Comisi\u00f3n de la Verdad para reconstruir historia del genocidio ind\u00edgena en el pa\u00eds - DEV RNV\" \/>\n<meta property=\"og:description\" content=\"Presidente Nicol\u00e1s Maduro anunci\u00f3 la creaci\u00f3n de la Comisi\u00f3n de la Verdad para reconstruir historia del genocidio ind\u00edgena en Venezuela\" \/>\n<meta property=\"og:url\" content=\"https:\/\/stage3.rnv.gob.ve\/wp\/venezuela-crea-comision-de-la-verdad-para-reconstruir-historia-del-genocidio-indigena-en-el-pais\/\" \/>\n<meta property=\"og:site_name\" content=\"DEV RNV\" \/>\n<meta property=\"article:publisher\" content=\"https:\/\/www.facebook.com\/RadioNacionaldeVenezuela\" \/>\n<meta property=\"article:published_time\" content=\"2021-10-12T23:49:41+00:00\" \/>\n<meta name=\"author\" content=\"administrador\" \/>\n<meta name=\"twitter:card\" content=\"summary_large_image\" \/>\n<meta name=\"twitter:creator\" content=\"@RNVinformativa\" \/>\n<meta name=\"twitter:site\" content=\"@RNVinformativa\" \/>\n<meta name=\"twitter:label1\" content=\"Escrito por\" \/>\n\t<meta name=\"twitter:data1\" content=\"administrador\" \/>\n\t<meta name=\"twitter:label2\" content=\"Tiempo estimado de lectura\" \/>\n\t<meta name=\"twitter:data2\" content=\"2 minutos\" \/>\n<script type=\"application\/ld+json\" class=\"yoast-schema-graph\">{\"@context\":\"https:\\\/\\\/schema.org\",\"@graph\":[{\"@type\":\"Article\",\"@id\":\"https:\\\/\\\/stage3.rnv.gob.ve\\\/wp\\\/venezuela-crea-comision-de-la-verdad-para-reconstruir-historia-del-genocidio-indigena-en-el-pais\\\/#article\",\"isPartOf\":{\"@id\":\"https:\\\/\\\/stage3.rnv.gob.ve\\\/wp\\\/venezuela-crea-comision-de-la-verdad-para-reconstruir-historia-del-genocidio-indigena-en-el-pais\\\/\"},\"author\":{\"name\":\"administrador\",\"@id\":\"https:\\\/\\\/stage3.rnv.gob.ve\\\/wp\\\/#\\\/schema\\\/person\\\/0862ce8cde332e0bc63b8a243f0eea2c\"},\"headline\":\"Venezuela crea Comisi\u00f3n de la Verdad para reconstruir historia del genocidio ind\u00edgena en el pa\u00eds\",\"datePublished\":\"2021-10-12T23:49:41+00:00\",\"mainEntityOfPage\":{\"@id\":\"https:\\\/\\\/stage3.rnv.gob.ve\\\/wp\\\/venezuela-crea-comision-de-la-verdad-para-reconstruir-historia-del-genocidio-indigena-en-el-pais\\\/\"},\"wordCount\":345,\"publisher\":{\"@id\":\"https:\\\/\\\/stage3.rnv.gob.ve\\\/wp\\\/#organization\"},\"image\":{\"@id\":\"https:\\\/\\\/stage3.rnv.gob.ve\\\/wp\\\/venezuela-crea-comision-de-la-verdad-para-reconstruir-historia-del-genocidio-indigena-en-el-pais\\\/#primaryimage\"},\"thumbnailUrl\":\"\",\"keywords\":[\"comision de la verdad\",\"Ernesto Villegas\",\"maduro\",\"pueblos originarios\",\"Venezuela\"],\"articleSection\":[\"Nacional\"],\"inLanguage\":\"es\"},{\"@type\":\"WebPage\",\"@id\":\"https:\\\/\\\/stage3.rnv.gob.ve\\\/wp\\\/venezuela-crea-comision-de-la-verdad-para-reconstruir-historia-del-genocidio-indigena-en-el-pais\\\/\",\"url\":\"https:\\\/\\\/stage3.rnv.gob.ve\\\/wp\\\/venezuela-crea-comision-de-la-verdad-para-reconstruir-historia-del-genocidio-indigena-en-el-pais\\\/\",\"name\":\"Venezuela crea Comisi\u00f3n de la Verdad para reconstruir historia del genocidio ind\u00edgena en el pa\u00eds - DEV RNV\",\"isPartOf\":{\"@id\":\"https:\\\/\\\/stage3.rnv.gob.ve\\\/wp\\\/#website\"},\"primaryImageOfPage\":{\"@id\":\"https:\\\/\\\/stage3.rnv.gob.ve\\\/wp\\\/venezuela-crea-comision-de-la-verdad-para-reconstruir-historia-del-genocidio-indigena-en-el-pais\\\/#primaryimage\"},\"image\":{\"@id\":\"https:\\\/\\\/stage3.rnv.gob.ve\\\/wp\\\/venezuela-crea-comision-de-la-verdad-para-reconstruir-historia-del-genocidio-indigena-en-el-pais\\\/#primaryimage\"},\"thumbnailUrl\":\"\",\"datePublished\":\"2021-10-12T23:49:41+00:00\",\"description\":\"Presidente Nicol\u00e1s Maduro anunci\u00f3 la creaci\u00f3n de la Comisi\u00f3n de la Verdad para reconstruir historia del genocidio ind\u00edgena en Venezuela\",\"breadcrumb\":{\"@id\":\"https:\\\/\\\/stage3.rnv.gob.ve\\\/wp\\\/venezuela-crea-comision-de-la-verdad-para-reconstruir-historia-del-genocidio-indigena-en-el-pais\\\/#breadcrumb\"},\"inLanguage\":\"es\",\"potentialAction\":[{\"@type\":\"ReadAction\",\"target\":[\"https:\\\/\\\/stage3.rnv.gob.ve\\\/wp\\\/venezuela-crea-comision-de-la-verdad-para-reconstruir-historia-del-genocidio-indigena-en-el-pais\\\/\"]}]},{\"@type\":\"ImageObject\",\"inLanguage\":\"es\",\"@id\":\"https:\\\/\\\/stage3.rnv.gob.ve\\\/wp\\\/venezuela-crea-comision-de-la-verdad-para-reconstruir-historia-del-genocidio-indigena-en-el-pais\\\/#primaryimage\",\"url\":\"\",\"contentUrl\":\"\"},{\"@type\":\"BreadcrumbList\",\"@id\":\"https:\\\/\\\/stage3.rnv.gob.ve\\\/wp\\\/venezuela-crea-comision-de-la-verdad-para-reconstruir-historia-del-genocidio-indigena-en-el-pais\\\/#breadcrumb\",\"itemListElement\":[{\"@type\":\"ListItem\",\"position\":1,\"name\":\"Portada\",\"item\":\"https:\\\/\\\/stage3.rnv.gob.ve\\\/wp\\\/\"},{\"@type\":\"ListItem\",\"position\":2,\"name\":\"Venezuela Crea Comisi\u00f3n De La Verdad Para Reconstruir Historia Del Genocidio Ind\u00edgena En El Pa\u00eds\"}]},{\"@type\":\"WebSite\",\"@id\":\"https:\\\/\\\/stage3.rnv.gob.ve\\\/wp\\\/#website\",\"url\":\"https:\\\/\\\/stage3.rnv.gob.ve\\\/wp\\\/\",\"name\":\"DEV RNV\",\"description\":\"Radio Nacional de Venezuela C.A.\",\"publisher\":{\"@id\":\"https:\\\/\\\/stage3.rnv.gob.ve\\\/wp\\\/#organization\"},\"potentialAction\":[{\"@type\":\"SearchAction\",\"target\":{\"@type\":\"EntryPoint\",\"urlTemplate\":\"https:\\\/\\\/stage3.rnv.gob.ve\\\/wp\\\/?s={search_term_string}\"},\"query-input\":{\"@type\":\"PropertyValueSpecification\",\"valueRequired\":true,\"valueName\":\"search_term_string\"}}],\"inLanguage\":\"es\"},{\"@type\":\"Organization\",\"@id\":\"https:\\\/\\\/stage3.rnv.gob.ve\\\/wp\\\/#organization\",\"name\":\"Radio Nacional de Venezuela C.A.\",\"url\":\"https:\\\/\\\/stage3.rnv.gob.ve\\\/wp\\\/\",\"logo\":{\"@type\":\"ImageObject\",\"inLanguage\":\"es\",\"@id\":\"https:\\\/\\\/stage3.rnv.gob.ve\\\/wp\\\/#\\\/schema\\\/logo\\\/image\\\/\",\"url\":\"http:\\\/\\\/rnv.ddns.net\\\/prensa\\\/wp-content\\\/uploads\\\/2022\\\/04\\\/rnv-1-300x227-1.jpg\",\"contentUrl\":\"http:\\\/\\\/rnv.ddns.net\\\/prensa\\\/wp-content\\\/uploads\\\/2022\\\/04\\\/rnv-1-300x227-1.jpg\",\"width\":800,\"height\":455,\"caption\":\"Radio Nacional de Venezuela C.A.\"},\"image\":{\"@id\":\"https:\\\/\\\/stage3.rnv.gob.ve\\\/wp\\\/#\\\/schema\\\/logo\\\/image\\\/\"},\"sameAs\":[\"https:\\\/\\\/www.facebook.com\\\/RadioNacionaldeVenezuela\",\"https:\\\/\\\/x.com\\\/RNVinformativa\",\"https:\\\/\\\/www.instagram.com\\\/rnvinformativa\\\/\",\"https:\\\/\\\/www.youtube.com\\\/user\\\/RNVContigo\"]},{\"@type\":\"Person\",\"@id\":\"https:\\\/\\\/stage3.rnv.gob.ve\\\/wp\\\/#\\\/schema\\\/person\\\/0862ce8cde332e0bc63b8a243f0eea2c\",\"name\":\"administrador\",\"sameAs\":[\"http:\\\/\\\/arnoldoeloy.net\"],\"url\":\"https:\\\/\\\/stage3.rnv.gob.ve\\\/wp\\\/author\\\/administrador\\\/\"}]}<\/script>\n<!-- \/ Yoast SEO plugin. -->","yoast_head_json":{"title":"Venezuela crea Comisi\u00f3n de la Verdad para reconstruir historia del genocidio ind\u00edgena en el pa\u00eds - DEV RNV","description":"Presidente Nicol\u00e1s Maduro anunci\u00f3 la creaci\u00f3n de la Comisi\u00f3n de la Verdad para reconstruir historia del genocidio ind\u00edgena en Venezuela","robots":{"index":"noindex","follow":"follow","max-snippet":"max-snippet:-1","max-image-preview":"max-image-preview:large","max-video-preview":"max-video-preview:-1"},"og_locale":"es_ES","og_type":"article","og_title":"Venezuela crea Comisi\u00f3n de la Verdad para reconstruir historia del genocidio ind\u00edgena en el pa\u00eds - DEV RNV","og_description":"Presidente Nicol\u00e1s Maduro anunci\u00f3 la creaci\u00f3n de la Comisi\u00f3n de la Verdad para reconstruir historia del genocidio ind\u00edgena en Venezuela","og_url":"https:\/\/stage3.rnv.gob.ve\/wp\/venezuela-crea-comision-de-la-verdad-para-reconstruir-historia-del-genocidio-indigena-en-el-pais\/","og_site_name":"DEV RNV","article_publisher":"https:\/\/www.facebook.com\/RadioNacionaldeVenezuela","article_published_time":"2021-10-12T23:49:41+00:00","author":"administrador","twitter_card":"summary_large_image","twitter_creator":"@RNVinformativa","twitter_site":"@RNVinformativa","twitter_misc":{"Escrito por":"administrador","Tiempo estimado de lectura":"2 minutos"},"schema":{"@context":"https:\/\/schema.org","@graph":[{"@type":"Article","@id":"https:\/\/stage3.rnv.gob.ve\/wp\/venezuela-crea-comision-de-la-verdad-para-reconstruir-historia-del-genocidio-indigena-en-el-pais\/#article","isPartOf":{"@id":"https:\/\/stage3.rnv.gob.ve\/wp\/venezuela-crea-comision-de-la-verdad-para-reconstruir-historia-del-genocidio-indigena-en-el-pais\/"},"author":{"name":"administrador","@id":"https:\/\/stage3.rnv.gob.ve\/wp\/#\/schema\/person\/0862ce8cde332e0bc63b8a243f0eea2c"},"headline":"Venezuela crea Comisi\u00f3n de la Verdad para reconstruir historia del genocidio ind\u00edgena en el pa\u00eds","datePublished":"2021-10-12T23:49:41+00:00","mainEntityOfPage":{"@id":"https:\/\/stage3.rnv.gob.ve\/wp\/venezuela-crea-comision-de-la-verdad-para-reconstruir-historia-del-genocidio-indigena-en-el-pais\/"},"wordCount":345,"publisher":{"@id":"https:\/\/stage3.rnv.gob.ve\/wp\/#organization"},"image":{"@id":"https:\/\/stage3.rnv.gob.ve\/wp\/venezuela-crea-comision-de-la-verdad-para-reconstruir-historia-del-genocidio-indigena-en-el-pais\/#primaryimage"},"thumbnailUrl":"","keywords":["comision de la verdad","Ernesto Villegas","maduro","pueblos originarios","Venezuela"],"articleSection":["Nacional"],"inLanguage":"es"},{"@type":"WebPage","@id":"https:\/\/stage3.rnv.gob.ve\/wp\/venezuela-crea-comision-de-la-verdad-para-reconstruir-historia-del-genocidio-indigena-en-el-pais\/","url":"https:\/\/stage3.rnv.gob.ve\/wp\/venezuela-crea-comision-de-la-verdad-para-reconstruir-historia-del-genocidio-indigena-en-el-pais\/","name":"Venezuela crea Comisi\u00f3n de la Verdad para reconstruir historia del genocidio ind\u00edgena en el pa\u00eds - DEV RNV","isPartOf":{"@id":"https:\/\/stage3.rnv.gob.ve\/wp\/#website"},"primaryImageOfPage":{"@id":"https:\/\/stage3.rnv.gob.ve\/wp\/venezuela-crea-comision-de-la-verdad-para-reconstruir-historia-del-genocidio-indigena-en-el-pais\/#primaryimage"},"image":{"@id":"https:\/\/stage3.rnv.gob.ve\/wp\/venezuela-crea-comision-de-la-verdad-para-reconstruir-historia-del-genocidio-indigena-en-el-pais\/#primaryimage"},"thumbnailUrl":"","datePublished":"2021-10-12T23:49:41+00:00","description":"Presidente Nicol\u00e1s Maduro anunci\u00f3 la creaci\u00f3n de la Comisi\u00f3n de la Verdad para reconstruir historia del genocidio ind\u00edgena en Venezuela","breadcrumb":{"@id":"https:\/\/stage3.rnv.gob.ve\/wp\/venezuela-crea-comision-de-la-verdad-para-reconstruir-historia-del-genocidio-indigena-en-el-pais\/#breadcrumb"},"inLanguage":"es","potentialAction":[{"@type":"ReadAction","target":["https:\/\/stage3.rnv.gob.ve\/wp\/venezuela-crea-comision-de-la-verdad-para-reconstruir-historia-del-genocidio-indigena-en-el-pais\/"]}]},{"@type":"ImageObject","inLanguage":"es","@id":"https:\/\/stage3.rnv.gob.ve\/wp\/venezuela-crea-comision-de-la-verdad-para-reconstruir-historia-del-genocidio-indigena-en-el-pais\/#primaryimage","url":"","contentUrl":""},{"@type":"BreadcrumbList","@id":"https:\/\/stage3.rnv.gob.ve\/wp\/venezuela-crea-comision-de-la-verdad-para-reconstruir-historia-del-genocidio-indigena-en-el-pais\/#breadcrumb","itemListElement":[{"@type":"ListItem","position":1,"name":"Portada","item":"https:\/\/stage3.rnv.gob.ve\/wp\/"},{"@type":"ListItem","position":2,"name":"Venezuela Crea Comisi\u00f3n De La Verdad Para Reconstruir Historia Del Genocidio Ind\u00edgena En El Pa\u00eds"}]},{"@type":"WebSite","@id":"https:\/\/stage3.rnv.gob.ve\/wp\/#website","url":"https:\/\/stage3.rnv.gob.ve\/wp\/","name":"DEV RNV","description":"Radio Nacional de Venezuela C.A.","publisher":{"@id":"https:\/\/stage3.rnv.gob.ve\/wp\/#organization"},"potentialAction":[{"@type":"SearchAction","target":{"@type":"EntryPoint","urlTemplate":"https:\/\/stage3.rnv.gob.ve\/wp\/?s={search_term_string}"},"query-input":{"@type":"PropertyValueSpecification","valueRequired":true,"valueName":"search_term_string"}}],"inLanguage":"es"},{"@type":"Organization","@id":"https:\/\/stage3.rnv.gob.ve\/wp\/#organization","name":"Radio Nacional de Venezuela C.A.","url":"https:\/\/stage3.rnv.gob.ve\/wp\/","logo":{"@type":"ImageObject","inLanguage":"es","@id":"https:\/\/stage3.rnv.gob.ve\/wp\/#\/schema\/logo\/image\/","url":"http:\/\/rnv.ddns.net\/prensa\/wp-content\/uploads\/2022\/04\/rnv-1-300x227-1.jpg","contentUrl":"http:\/\/rnv.ddns.net\/prensa\/wp-content\/uploads\/2022\/04\/rnv-1-300x227-1.jpg","width":800,"height":455,"caption":"Radio Nacional de Venezuela C.A."},"image":{"@id":"https:\/\/stage3.rnv.gob.ve\/wp\/#\/schema\/logo\/image\/"},"sameAs":["https:\/\/www.facebook.com\/RadioNacionaldeVenezuela","https:\/\/x.com\/RNVinformativa","https:\/\/www.instagram.com\/rnvinformativa\/","https:\/\/www.youtube.com\/user\/RNVContigo"]},{"@type":"Person","@id":"https:\/\/stage3.rnv.gob.ve\/wp\/#\/schema\/person\/0862ce8cde332e0bc63b8a243f0eea2c","name":"administrador","sameAs":["http:\/\/arnoldoeloy.net"],"url":"https:\/\/stage3.rnv.gob.ve\/wp\/author\/administrador\/"}]}},"jetpack_featured_media_url":"","_links":{"self":[{"href":"https:\/\/stage3.rnv.gob.ve\/wp\/wp-json\/wp\/v2\/posts\/329527","targetHints":{"allow":["GET"]}}],"collection":[{"href":"https:\/\/stage3.rnv.gob.ve\/wp\/wp-json\/wp\/v2\/posts"}],"about":[{"href":"https:\/\/stage3.rnv.gob.ve\/wp\/wp-json\/wp\/v2\/types\/post"}],"author":[{"embeddable":true,"href":"https:\/\/stage3.rnv.gob.ve\/wp\/wp-json\/wp\/v2\/users\/1"}],"replies":[{"embeddable":true,"href":"https:\/\/stage3.rnv.gob.ve\/wp\/wp-json\/wp\/v2\/comments?post=329527"}],"version-history":[{"count":0,"href":"https:\/\/stage3.rnv.gob.ve\/wp\/wp-json\/wp\/v2\/posts\/329527\/revisions"}],"wp:featuredmedia":[{"embeddable":true,"href":"https:\/\/stage3.rnv.gob.ve\/wp\/wp-json\/"}],"wp:attachment":[{"href":"https:\/\/stage3.rnv.gob.ve\/wp\/wp-json\/wp\/v2\/media?parent=329527"}],"wp:term":[{"taxonomy":"category","embeddable":true,"href":"https:\/\/stage3.rnv.gob.ve\/wp\/wp-json\/wp\/v2\/categories?post=329527"},{"taxonomy":"post_tag","embeddable":true,"href":"https:\/\/stage3.rnv.gob.ve\/wp\/wp-json\/wp\/v2\/tags?post=329527"}],"curies":[{"name":"wp","href":"https:\/\/api.w.org\/{rel}","templated":true}]}}