{"id":32922,"date":"2016-05-28T20:36:42","date_gmt":"2016-05-29T01:06:42","guid":{"rendered":"http:\/\/wpeditor.rnv.gob.ve\/?p=32922"},"modified":"2016-05-28T20:36:42","modified_gmt":"2016-05-29T01:06:42","slug":"el-reggae-tomo-espacios-del-teatro-principal","status":"publish","type":"post","link":"https:\/\/stage3.rnv.gob.ve\/wp\/el-reggae-tomo-espacios-del-teatro-principal\/","title":{"rendered":"El Reggae tom\u00f3 espacios del Teatro Principal"},"content":{"rendered":"<figure id=\"attachment_32936\" aria-describedby=\"caption-attachment-32936\" style=\"width: 300px\" class=\"wp-caption alignleft\"><img fetchpriority=\"high\" decoding=\"async\" class=\"size-medium wp-image-32936\" src=\"http:\/\/wpeditor.rnv.gob.ve\/app\/uploads\/2016\/05\/DIOGENES-PRIMERA-.-14-300x200.jpg\" alt=\"Foto: Prensa Capital.\" width=\"300\" height=\"200\" \/><figcaption id=\"caption-attachment-32936\" class=\"wp-caption-text\">Foto: Prensa Capital.<\/figcaption><\/figure>\n<p style=\"text-align: justify;\">El Teatro Principal fue el escenario perfecto para la presentaci\u00f3n del cantautor y compositor venezolano, Adelking Farmer, quien hizo vibrar a los seguidores caraque\u00f1os del reggae con su primer trabajo como solista denominado \u201cSe prendi\u00f3\u201d.<\/p>\n<p style=\"text-align: justify;\">\u201cVecina\u201d, \u201cLa Jahma\u201d, \u201cTraigo\u201d y su sencillo como solista, fueron las canciones encargadas de contagiar de reggae a los asistentes a esta actividad.<\/p>\n<p style=\"text-align: justify;\">El cantautor venezolano explic\u00f3 que sus letras est\u00e1n cargadas de realidad y sentido social, donde la juventud enfrenta una batalla cultural, en un mundo globalizado que ha tergiversado la esencia com\u00fan del rastafari, no solamente en Venezuela sino a nivel mundial.<\/p>\n<p style=\"text-align: justify;\">\u201cNosotros continuamos con el legado de Bob Marley (\u2026) el mensaje del reggae es universal, sin importar color, credo ni raza\u201d, sentenci\u00f3 el cantante tras su presentaci\u00f3n al p\u00fablico asistente.<\/p>\n<p style=\"text-align: justify;\">Invit\u00f3 a la juventud venezolana a profundizar los valores de la vida para la construcci\u00f3n de una mejor sociedad: \u201cConserven valores, respeto, amor, mucho criterio y empe\u00f1o al hacer las cosas\u201d.<\/p>\n<p style=\"text-align: justify;\">Estas actividades culturales son posibles gracias a la recuperaci\u00f3n de espacios realizados por la Revoluci\u00f3n Bolivariana, a trav\u00e9s del Gobierno del Distrito Capital y la Fundaci\u00f3n para la Identidad Caraque\u00f1a, en aras de ofrecer esparcimiento fuera de la cotidianeidad que viven los caraque\u00f1os y caraque\u00f1as.<\/p>\n<p><br \/>\n<strong>T\/ Prensa Capital<\/strong><\/p>\n","protected":false},"excerpt":{"rendered":"<p>El Teatro Principal fue el escenario perfecto para la presentaci\u00f3n del cantautor y compositor venezolano, Adelking Farmer, quien hizo vibrar a los seguidores caraque\u00f1os del reggae con su primer trabajo como solista denominado \u201cSe prendi\u00f3\u201d. \u201cVecina\u201d, \u201cLa Jahma\u201d, \u201cTraigo\u201d y su sencillo como solista, fueron las canciones encargadas de contagiar de reggae a los asistentes [&hellip;]<\/p>\n","protected":false},"author":2,"featured_media":32936,"comment_status":"closed","ping_status":"open","sticky":false,"template":"","format":"standard","meta":{"_acf_changed":false,"footnotes":""},"categories":[55],"tags":[4984,88,865,4985],"class_list":["post-32922","post","type-post","status-publish","format-standard","has-post-thumbnail","hentry","category-cultura","tag-adelking-farmer","tag-caracas","tag-musica","tag-regguae"],"acf":[],"yoast_head":"<!-- This site is optimized with the Yoast SEO plugin v27.4 - https:\/\/yoast.com\/product\/yoast-seo-wordpress\/ -->\n<title>El Reggae tom\u00f3 espacios del Teatro Principal - DEV RNV<\/title>\n<meta name=\"robots\" content=\"noindex, follow, max-snippet:-1, max-image-preview:large, max-video-preview:-1\" \/>\n<meta property=\"og:locale\" content=\"es_ES\" \/>\n<meta property=\"og:type\" content=\"article\" \/>\n<meta property=\"og:title\" content=\"El Reggae tom\u00f3 espacios del Teatro Principal - DEV RNV\" \/>\n<meta property=\"og:description\" content=\"El Teatro Principal fue el escenario perfecto para la presentaci\u00f3n del cantautor y compositor venezolano, Adelking Farmer, quien hizo vibrar a los seguidores caraque\u00f1os del reggae con su primer trabajo como solista denominado \u201cSe prendi\u00f3\u201d. \u201cVecina\u201d, \u201cLa Jahma\u201d, \u201cTraigo\u201d y su sencillo como solista, fueron las canciones encargadas de contagiar de reggae a los asistentes [&hellip;]\" \/>\n<meta property=\"og:url\" content=\"https:\/\/stage3.rnv.gob.ve\/wp\/el-reggae-tomo-espacios-del-teatro-principal\/\" \/>\n<meta property=\"og:site_name\" content=\"DEV RNV\" \/>\n<meta property=\"article:publisher\" content=\"https:\/\/www.facebook.com\/RadioNacionaldeVenezuela\" \/>\n<meta property=\"article:published_time\" content=\"2016-05-29T01:06:42+00:00\" \/>\n<meta name=\"author\" content=\"Daniel Peralta\" \/>\n<meta name=\"twitter:card\" content=\"summary_large_image\" \/>\n<meta name=\"twitter:creator\" content=\"@RNVinformativa\" \/>\n<meta name=\"twitter:site\" content=\"@RNVinformativa\" \/>\n<meta name=\"twitter:label1\" content=\"Escrito por\" \/>\n\t<meta name=\"twitter:data1\" content=\"Daniel Peralta\" \/>\n\t<meta name=\"twitter:label2\" content=\"Tiempo estimado de lectura\" \/>\n\t<meta name=\"twitter:data2\" content=\"1 minuto\" \/>\n<script type=\"application\/ld+json\" class=\"yoast-schema-graph\">{\"@context\":\"https:\\\/\\\/schema.org\",\"@graph\":[{\"@type\":\"Article\",\"@id\":\"https:\\\/\\\/stage3.rnv.gob.ve\\\/wp\\\/el-reggae-tomo-espacios-del-teatro-principal\\\/#article\",\"isPartOf\":{\"@id\":\"https:\\\/\\\/stage3.rnv.gob.ve\\\/wp\\\/el-reggae-tomo-espacios-del-teatro-principal\\\/\"},\"author\":{\"name\":\"Daniel Peralta\",\"@id\":\"https:\\\/\\\/stage3.rnv.gob.ve\\\/wp\\\/#\\\/schema\\\/person\\\/d9cd31b2b60c5c2e489f54856b6cb03d\"},\"headline\":\"El Reggae tom\u00f3 espacios del Teatro Principal\",\"datePublished\":\"2016-05-29T01:06:42+00:00\",\"mainEntityOfPage\":{\"@id\":\"https:\\\/\\\/stage3.rnv.gob.ve\\\/wp\\\/el-reggae-tomo-espacios-del-teatro-principal\\\/\"},\"wordCount\":243,\"publisher\":{\"@id\":\"https:\\\/\\\/stage3.rnv.gob.ve\\\/wp\\\/#organization\"},\"image\":{\"@id\":\"https:\\\/\\\/stage3.rnv.gob.ve\\\/wp\\\/el-reggae-tomo-espacios-del-teatro-principal\\\/#primaryimage\"},\"thumbnailUrl\":\"\",\"keywords\":[\"Adelking Farmer\",\"caracas\",\"Musica\",\"regguae\"],\"articleSection\":[\"Cultura\"],\"inLanguage\":\"es\"},{\"@type\":\"WebPage\",\"@id\":\"https:\\\/\\\/stage3.rnv.gob.ve\\\/wp\\\/el-reggae-tomo-espacios-del-teatro-principal\\\/\",\"url\":\"https:\\\/\\\/stage3.rnv.gob.ve\\\/wp\\\/el-reggae-tomo-espacios-del-teatro-principal\\\/\",\"name\":\"El Reggae tom\u00f3 espacios del Teatro Principal - DEV RNV\",\"isPartOf\":{\"@id\":\"https:\\\/\\\/stage3.rnv.gob.ve\\\/wp\\\/#website\"},\"primaryImageOfPage\":{\"@id\":\"https:\\\/\\\/stage3.rnv.gob.ve\\\/wp\\\/el-reggae-tomo-espacios-del-teatro-principal\\\/#primaryimage\"},\"image\":{\"@id\":\"https:\\\/\\\/stage3.rnv.gob.ve\\\/wp\\\/el-reggae-tomo-espacios-del-teatro-principal\\\/#primaryimage\"},\"thumbnailUrl\":\"\",\"datePublished\":\"2016-05-29T01:06:42+00:00\",\"breadcrumb\":{\"@id\":\"https:\\\/\\\/stage3.rnv.gob.ve\\\/wp\\\/el-reggae-tomo-espacios-del-teatro-principal\\\/#breadcrumb\"},\"inLanguage\":\"es\",\"potentialAction\":[{\"@type\":\"ReadAction\",\"target\":[\"https:\\\/\\\/stage3.rnv.gob.ve\\\/wp\\\/el-reggae-tomo-espacios-del-teatro-principal\\\/\"]}]},{\"@type\":\"ImageObject\",\"inLanguage\":\"es\",\"@id\":\"https:\\\/\\\/stage3.rnv.gob.ve\\\/wp\\\/el-reggae-tomo-espacios-del-teatro-principal\\\/#primaryimage\",\"url\":\"\",\"contentUrl\":\"\"},{\"@type\":\"BreadcrumbList\",\"@id\":\"https:\\\/\\\/stage3.rnv.gob.ve\\\/wp\\\/el-reggae-tomo-espacios-del-teatro-principal\\\/#breadcrumb\",\"itemListElement\":[{\"@type\":\"ListItem\",\"position\":1,\"name\":\"Portada\",\"item\":\"https:\\\/\\\/stage3.rnv.gob.ve\\\/wp\\\/\"},{\"@type\":\"ListItem\",\"position\":2,\"name\":\"El Reggae Tom\u00f3 Espacios Del Teatro Principal\"}]},{\"@type\":\"WebSite\",\"@id\":\"https:\\\/\\\/stage3.rnv.gob.ve\\\/wp\\\/#website\",\"url\":\"https:\\\/\\\/stage3.rnv.gob.ve\\\/wp\\\/\",\"name\":\"DEV RNV\",\"description\":\"Radio Nacional de Venezuela C.A.\",\"publisher\":{\"@id\":\"https:\\\/\\\/stage3.rnv.gob.ve\\\/wp\\\/#organization\"},\"potentialAction\":[{\"@type\":\"SearchAction\",\"target\":{\"@type\":\"EntryPoint\",\"urlTemplate\":\"https:\\\/\\\/stage3.rnv.gob.ve\\\/wp\\\/?s={search_term_string}\"},\"query-input\":{\"@type\":\"PropertyValueSpecification\",\"valueRequired\":true,\"valueName\":\"search_term_string\"}}],\"inLanguage\":\"es\"},{\"@type\":\"Organization\",\"@id\":\"https:\\\/\\\/stage3.rnv.gob.ve\\\/wp\\\/#organization\",\"name\":\"Radio Nacional de Venezuela C.A.\",\"url\":\"https:\\\/\\\/stage3.rnv.gob.ve\\\/wp\\\/\",\"logo\":{\"@type\":\"ImageObject\",\"inLanguage\":\"es\",\"@id\":\"https:\\\/\\\/stage3.rnv.gob.ve\\\/wp\\\/#\\\/schema\\\/logo\\\/image\\\/\",\"url\":\"http:\\\/\\\/rnv.ddns.net\\\/prensa\\\/wp-content\\\/uploads\\\/2022\\\/04\\\/rnv-1-300x227-1.jpg\",\"contentUrl\":\"http:\\\/\\\/rnv.ddns.net\\\/prensa\\\/wp-content\\\/uploads\\\/2022\\\/04\\\/rnv-1-300x227-1.jpg\",\"width\":800,\"height\":455,\"caption\":\"Radio Nacional de Venezuela C.A.\"},\"image\":{\"@id\":\"https:\\\/\\\/stage3.rnv.gob.ve\\\/wp\\\/#\\\/schema\\\/logo\\\/image\\\/\"},\"sameAs\":[\"https:\\\/\\\/www.facebook.com\\\/RadioNacionaldeVenezuela\",\"https:\\\/\\\/x.com\\\/RNVinformativa\",\"https:\\\/\\\/www.instagram.com\\\/rnvinformativa\\\/\",\"https:\\\/\\\/www.youtube.com\\\/user\\\/RNVContigo\"]},{\"@type\":\"Person\",\"@id\":\"https:\\\/\\\/stage3.rnv.gob.ve\\\/wp\\\/#\\\/schema\\\/person\\\/d9cd31b2b60c5c2e489f54856b6cb03d\",\"name\":\"Daniel Peralta\",\"url\":\"https:\\\/\\\/stage3.rnv.gob.ve\\\/wp\\\/author\\\/daniel_peralta\\\/\"}]}<\/script>\n<!-- \/ Yoast SEO plugin. -->","yoast_head_json":{"title":"El Reggae tom\u00f3 espacios del Teatro Principal - DEV RNV","robots":{"index":"noindex","follow":"follow","max-snippet":"max-snippet:-1","max-image-preview":"max-image-preview:large","max-video-preview":"max-video-preview:-1"},"og_locale":"es_ES","og_type":"article","og_title":"El Reggae tom\u00f3 espacios del Teatro Principal - DEV RNV","og_description":"El Teatro Principal fue el escenario perfecto para la presentaci\u00f3n del cantautor y compositor venezolano, Adelking Farmer, quien hizo vibrar a los seguidores caraque\u00f1os del reggae con su primer trabajo como solista denominado \u201cSe prendi\u00f3\u201d. \u201cVecina\u201d, \u201cLa Jahma\u201d, \u201cTraigo\u201d y su sencillo como solista, fueron las canciones encargadas de contagiar de reggae a los asistentes [&hellip;]","og_url":"https:\/\/stage3.rnv.gob.ve\/wp\/el-reggae-tomo-espacios-del-teatro-principal\/","og_site_name":"DEV RNV","article_publisher":"https:\/\/www.facebook.com\/RadioNacionaldeVenezuela","article_published_time":"2016-05-29T01:06:42+00:00","author":"Daniel Peralta","twitter_card":"summary_large_image","twitter_creator":"@RNVinformativa","twitter_site":"@RNVinformativa","twitter_misc":{"Escrito por":"Daniel Peralta","Tiempo estimado de lectura":"1 minuto"},"schema":{"@context":"https:\/\/schema.org","@graph":[{"@type":"Article","@id":"https:\/\/stage3.rnv.gob.ve\/wp\/el-reggae-tomo-espacios-del-teatro-principal\/#article","isPartOf":{"@id":"https:\/\/stage3.rnv.gob.ve\/wp\/el-reggae-tomo-espacios-del-teatro-principal\/"},"author":{"name":"Daniel Peralta","@id":"https:\/\/stage3.rnv.gob.ve\/wp\/#\/schema\/person\/d9cd31b2b60c5c2e489f54856b6cb03d"},"headline":"El Reggae tom\u00f3 espacios del Teatro Principal","datePublished":"2016-05-29T01:06:42+00:00","mainEntityOfPage":{"@id":"https:\/\/stage3.rnv.gob.ve\/wp\/el-reggae-tomo-espacios-del-teatro-principal\/"},"wordCount":243,"publisher":{"@id":"https:\/\/stage3.rnv.gob.ve\/wp\/#organization"},"image":{"@id":"https:\/\/stage3.rnv.gob.ve\/wp\/el-reggae-tomo-espacios-del-teatro-principal\/#primaryimage"},"thumbnailUrl":"","keywords":["Adelking Farmer","caracas","Musica","regguae"],"articleSection":["Cultura"],"inLanguage":"es"},{"@type":"WebPage","@id":"https:\/\/stage3.rnv.gob.ve\/wp\/el-reggae-tomo-espacios-del-teatro-principal\/","url":"https:\/\/stage3.rnv.gob.ve\/wp\/el-reggae-tomo-espacios-del-teatro-principal\/","name":"El Reggae tom\u00f3 espacios del Teatro Principal - DEV RNV","isPartOf":{"@id":"https:\/\/stage3.rnv.gob.ve\/wp\/#website"},"primaryImageOfPage":{"@id":"https:\/\/stage3.rnv.gob.ve\/wp\/el-reggae-tomo-espacios-del-teatro-principal\/#primaryimage"},"image":{"@id":"https:\/\/stage3.rnv.gob.ve\/wp\/el-reggae-tomo-espacios-del-teatro-principal\/#primaryimage"},"thumbnailUrl":"","datePublished":"2016-05-29T01:06:42+00:00","breadcrumb":{"@id":"https:\/\/stage3.rnv.gob.ve\/wp\/el-reggae-tomo-espacios-del-teatro-principal\/#breadcrumb"},"inLanguage":"es","potentialAction":[{"@type":"ReadAction","target":["https:\/\/stage3.rnv.gob.ve\/wp\/el-reggae-tomo-espacios-del-teatro-principal\/"]}]},{"@type":"ImageObject","inLanguage":"es","@id":"https:\/\/stage3.rnv.gob.ve\/wp\/el-reggae-tomo-espacios-del-teatro-principal\/#primaryimage","url":"","contentUrl":""},{"@type":"BreadcrumbList","@id":"https:\/\/stage3.rnv.gob.ve\/wp\/el-reggae-tomo-espacios-del-teatro-principal\/#breadcrumb","itemListElement":[{"@type":"ListItem","position":1,"name":"Portada","item":"https:\/\/stage3.rnv.gob.ve\/wp\/"},{"@type":"ListItem","position":2,"name":"El Reggae Tom\u00f3 Espacios Del Teatro Principal"}]},{"@type":"WebSite","@id":"https:\/\/stage3.rnv.gob.ve\/wp\/#website","url":"https:\/\/stage3.rnv.gob.ve\/wp\/","name":"DEV RNV","description":"Radio Nacional de Venezuela C.A.","publisher":{"@id":"https:\/\/stage3.rnv.gob.ve\/wp\/#organization"},"potentialAction":[{"@type":"SearchAction","target":{"@type":"EntryPoint","urlTemplate":"https:\/\/stage3.rnv.gob.ve\/wp\/?s={search_term_string}"},"query-input":{"@type":"PropertyValueSpecification","valueRequired":true,"valueName":"search_term_string"}}],"inLanguage":"es"},{"@type":"Organization","@id":"https:\/\/stage3.rnv.gob.ve\/wp\/#organization","name":"Radio Nacional de Venezuela C.A.","url":"https:\/\/stage3.rnv.gob.ve\/wp\/","logo":{"@type":"ImageObject","inLanguage":"es","@id":"https:\/\/stage3.rnv.gob.ve\/wp\/#\/schema\/logo\/image\/","url":"http:\/\/rnv.ddns.net\/prensa\/wp-content\/uploads\/2022\/04\/rnv-1-300x227-1.jpg","contentUrl":"http:\/\/rnv.ddns.net\/prensa\/wp-content\/uploads\/2022\/04\/rnv-1-300x227-1.jpg","width":800,"height":455,"caption":"Radio Nacional de Venezuela C.A."},"image":{"@id":"https:\/\/stage3.rnv.gob.ve\/wp\/#\/schema\/logo\/image\/"},"sameAs":["https:\/\/www.facebook.com\/RadioNacionaldeVenezuela","https:\/\/x.com\/RNVinformativa","https:\/\/www.instagram.com\/rnvinformativa\/","https:\/\/www.youtube.com\/user\/RNVContigo"]},{"@type":"Person","@id":"https:\/\/stage3.rnv.gob.ve\/wp\/#\/schema\/person\/d9cd31b2b60c5c2e489f54856b6cb03d","name":"Daniel Peralta","url":"https:\/\/stage3.rnv.gob.ve\/wp\/author\/daniel_peralta\/"}]}},"jetpack_featured_media_url":"","_links":{"self":[{"href":"https:\/\/stage3.rnv.gob.ve\/wp\/wp-json\/wp\/v2\/posts\/32922","targetHints":{"allow":["GET"]}}],"collection":[{"href":"https:\/\/stage3.rnv.gob.ve\/wp\/wp-json\/wp\/v2\/posts"}],"about":[{"href":"https:\/\/stage3.rnv.gob.ve\/wp\/wp-json\/wp\/v2\/types\/post"}],"author":[{"embeddable":true,"href":"https:\/\/stage3.rnv.gob.ve\/wp\/wp-json\/wp\/v2\/users\/2"}],"replies":[{"embeddable":true,"href":"https:\/\/stage3.rnv.gob.ve\/wp\/wp-json\/wp\/v2\/comments?post=32922"}],"version-history":[{"count":0,"href":"https:\/\/stage3.rnv.gob.ve\/wp\/wp-json\/wp\/v2\/posts\/32922\/revisions"}],"wp:featuredmedia":[{"embeddable":true,"href":"https:\/\/stage3.rnv.gob.ve\/wp\/wp-json\/"}],"wp:attachment":[{"href":"https:\/\/stage3.rnv.gob.ve\/wp\/wp-json\/wp\/v2\/media?parent=32922"}],"wp:term":[{"taxonomy":"category","embeddable":true,"href":"https:\/\/stage3.rnv.gob.ve\/wp\/wp-json\/wp\/v2\/categories?post=32922"},{"taxonomy":"post_tag","embeddable":true,"href":"https:\/\/stage3.rnv.gob.ve\/wp\/wp-json\/wp\/v2\/tags?post=32922"}],"curies":[{"name":"wp","href":"https:\/\/api.w.org\/{rel}","templated":true}]}}