{"id":327732,"date":"2021-09-14T16:14:25","date_gmt":"2021-09-14T20:44:25","guid":{"rendered":"https:\/\/stage3.rnv.gob.ve\/wp\/?p=327732"},"modified":"2021-09-14T16:14:25","modified_gmt":"2021-09-14T20:44:25","slug":"cne-inicia-este-miercoles-discusion-del-reglamento-especial-de-campana-electoral-para-el-21n","status":"publish","type":"post","link":"https:\/\/stage3.rnv.gob.ve\/wp\/cne-inicia-este-miercoles-discusion-del-reglamento-especial-de-campana-electoral-para-el-21n\/","title":{"rendered":"CNE inicia este mi\u00e9rcoles discusi\u00f3n del reglamento especial de campa\u00f1a electoral para el 21N"},"content":{"rendered":"<p><img fetchpriority=\"high\" decoding=\"async\" class=\"size-full wp-image-327734 aligncenter\" src=\"https:\/\/stage3.rnv.gob.ve\/wp\/wp-content\/uploads\/2021\/09\/1-2.jpeg\" alt=\"\" width=\"700\" height=\"490\" \/><\/p>\n<p>&nbsp;<\/p>\n<p style=\"text-align: justify;\">El Consejo Nacional Electoral, CNE, iniciar\u00e1 ma\u00f1ana mi\u00e9rcoles la discusi\u00f3n del Reglamento Especial de Campa\u00f1a Electoral que regir\u00e1 las Elecciones Regionales y\u00a0Municipales convocadas para el pr\u00f3ximo 21 de noviembre.<\/p>\n<p style=\"text-align: justify;\">En la sesi\u00f3n de este martes, los rectores y la rectora del ente comicial aprobaron abrir el debate sobre los temas que contendr\u00e1 el instrumento que regular\u00e1 las\u00a0actividades de campa\u00f1a de las organizaciones con fines pol\u00edticos, las candidatas y los\u00a0candidatos que participar\u00e1n en las elecciones del 21 de noviembre, proceso en el cual ser\u00e1n electos gobernadoras y gobernadores, alcaldesas y alcaldes, legisladoras y\u00a0legisladores, concejalas y concejales de las c\u00e1maras muncipales en todo el pa\u00eds.<\/p>\n<p style=\"text-align: justify;\">De acuerdo al cronograma electoral aprobado el pasado 21 de junio, la campa\u00f1a electoral se desarrollar\u00e1 entre el jueves 28 de octubre y el jueves 18 de noviembre.<\/p>\n<p style=\"text-align: justify;\">Durante este per\u00edodo, las candidatas y los candidatos, as\u00ed como las organizaciones con fines pol\u00edticos postulantes, podr\u00e1n desarrollar sus actividades p\u00fablicas para motivar al electorado en favor de su oferta electoral.<\/p>\n<p>&nbsp;<\/p>\n<p><strong>T\/RNV Web\/ AV<\/strong><\/p>\n<p>Con informaci\u00f3n CNE<\/p>\n","protected":false},"excerpt":{"rendered":"<p>&nbsp; El Consejo Nacional Electoral, CNE, iniciar\u00e1 ma\u00f1ana mi\u00e9rcoles la discusi\u00f3n del Reglamento Especial de Campa\u00f1a Electoral que regir\u00e1 las Elecciones Regionales y\u00a0Municipales convocadas para el pr\u00f3ximo 21 de noviembre. En la sesi\u00f3n de este martes, los rectores y la rectora del ente comicial aprobaron abrir el debate sobre los temas que contendr\u00e1 el instrumento [&hellip;]<\/p>\n","protected":false},"author":1,"featured_media":327734,"comment_status":"closed","ping_status":"open","sticky":false,"template":"","format":"standard","meta":{"_acf_changed":false,"footnotes":""},"categories":[65],"tags":[32367,1983,32770,104],"class_list":["post-327732","post","type-post","status-publish","format-standard","has-post-thumbnail","hentry","category-nacional","tag-21n","tag-cne","tag-reglamento-de-campana","tag-venezuela"],"acf":[],"yoast_head":"<!-- This site is optimized with the Yoast SEO plugin v27.4 - https:\/\/yoast.com\/product\/yoast-seo-wordpress\/ -->\n<title>CNE inicia este mi\u00e9rcoles discusi\u00f3n del reglamento especial de campa\u00f1a electoral para el 21N - DEV RNV<\/title>\n<meta name=\"description\" content=\"El Consejo Nacional Electoral CNE, iniciar\u00e1 ma\u00f1ana mi\u00e9rcoles la discusi\u00f3n del Reglamento Especial de Campa\u00f1a Electoral que regir\u00e1 las Elecciones del 21N\" \/>\n<meta name=\"robots\" content=\"noindex, follow, max-snippet:-1, max-image-preview:large, max-video-preview:-1\" \/>\n<meta property=\"og:locale\" content=\"es_ES\" \/>\n<meta property=\"og:type\" content=\"article\" \/>\n<meta property=\"og:title\" content=\"CNE inicia este mi\u00e9rcoles discusi\u00f3n del reglamento especial de campa\u00f1a electoral para el 21N - DEV RNV\" \/>\n<meta property=\"og:description\" content=\"El Consejo Nacional Electoral CNE, iniciar\u00e1 ma\u00f1ana mi\u00e9rcoles la discusi\u00f3n del Reglamento Especial de Campa\u00f1a Electoral que regir\u00e1 las Elecciones del 21N\" \/>\n<meta property=\"og:url\" content=\"https:\/\/stage3.rnv.gob.ve\/wp\/cne-inicia-este-miercoles-discusion-del-reglamento-especial-de-campana-electoral-para-el-21n\/\" \/>\n<meta property=\"og:site_name\" content=\"DEV RNV\" \/>\n<meta property=\"article:publisher\" content=\"https:\/\/www.facebook.com\/RadioNacionaldeVenezuela\" \/>\n<meta property=\"article:published_time\" content=\"2021-09-14T20:44:25+00:00\" \/>\n<meta name=\"author\" content=\"administrador\" \/>\n<meta name=\"twitter:card\" content=\"summary_large_image\" \/>\n<meta name=\"twitter:creator\" content=\"@RNVinformativa\" \/>\n<meta name=\"twitter:site\" content=\"@RNVinformativa\" \/>\n<meta name=\"twitter:label1\" content=\"Escrito por\" \/>\n\t<meta name=\"twitter:data1\" content=\"administrador\" \/>\n\t<meta name=\"twitter:label2\" content=\"Tiempo estimado de lectura\" \/>\n\t<meta name=\"twitter:data2\" content=\"1 minuto\" \/>\n<script type=\"application\/ld+json\" class=\"yoast-schema-graph\">{\"@context\":\"https:\\\/\\\/schema.org\",\"@graph\":[{\"@type\":\"Article\",\"@id\":\"https:\\\/\\\/stage3.rnv.gob.ve\\\/wp\\\/cne-inicia-este-miercoles-discusion-del-reglamento-especial-de-campana-electoral-para-el-21n\\\/#article\",\"isPartOf\":{\"@id\":\"https:\\\/\\\/stage3.rnv.gob.ve\\\/wp\\\/cne-inicia-este-miercoles-discusion-del-reglamento-especial-de-campana-electoral-para-el-21n\\\/\"},\"author\":{\"name\":\"administrador\",\"@id\":\"https:\\\/\\\/stage3.rnv.gob.ve\\\/wp\\\/#\\\/schema\\\/person\\\/0862ce8cde332e0bc63b8a243f0eea2c\"},\"headline\":\"CNE inicia este mi\u00e9rcoles discusi\u00f3n del reglamento especial de campa\u00f1a electoral para el 21N\",\"datePublished\":\"2021-09-14T20:44:25+00:00\",\"mainEntityOfPage\":{\"@id\":\"https:\\\/\\\/stage3.rnv.gob.ve\\\/wp\\\/cne-inicia-este-miercoles-discusion-del-reglamento-especial-de-campana-electoral-para-el-21n\\\/\"},\"wordCount\":205,\"publisher\":{\"@id\":\"https:\\\/\\\/stage3.rnv.gob.ve\\\/wp\\\/#organization\"},\"image\":{\"@id\":\"https:\\\/\\\/stage3.rnv.gob.ve\\\/wp\\\/cne-inicia-este-miercoles-discusion-del-reglamento-especial-de-campana-electoral-para-el-21n\\\/#primaryimage\"},\"thumbnailUrl\":\"\",\"keywords\":[\"21N\",\"cne\",\"Reglamento de Campa\u00f1a\",\"Venezuela\"],\"articleSection\":[\"Nacional\"],\"inLanguage\":\"es\"},{\"@type\":\"WebPage\",\"@id\":\"https:\\\/\\\/stage3.rnv.gob.ve\\\/wp\\\/cne-inicia-este-miercoles-discusion-del-reglamento-especial-de-campana-electoral-para-el-21n\\\/\",\"url\":\"https:\\\/\\\/stage3.rnv.gob.ve\\\/wp\\\/cne-inicia-este-miercoles-discusion-del-reglamento-especial-de-campana-electoral-para-el-21n\\\/\",\"name\":\"CNE inicia este mi\u00e9rcoles discusi\u00f3n del reglamento especial de campa\u00f1a electoral para el 21N - DEV RNV\",\"isPartOf\":{\"@id\":\"https:\\\/\\\/stage3.rnv.gob.ve\\\/wp\\\/#website\"},\"primaryImageOfPage\":{\"@id\":\"https:\\\/\\\/stage3.rnv.gob.ve\\\/wp\\\/cne-inicia-este-miercoles-discusion-del-reglamento-especial-de-campana-electoral-para-el-21n\\\/#primaryimage\"},\"image\":{\"@id\":\"https:\\\/\\\/stage3.rnv.gob.ve\\\/wp\\\/cne-inicia-este-miercoles-discusion-del-reglamento-especial-de-campana-electoral-para-el-21n\\\/#primaryimage\"},\"thumbnailUrl\":\"\",\"datePublished\":\"2021-09-14T20:44:25+00:00\",\"description\":\"El Consejo Nacional Electoral CNE, iniciar\u00e1 ma\u00f1ana mi\u00e9rcoles la discusi\u00f3n del Reglamento Especial de Campa\u00f1a Electoral que regir\u00e1 las Elecciones del 21N\",\"breadcrumb\":{\"@id\":\"https:\\\/\\\/stage3.rnv.gob.ve\\\/wp\\\/cne-inicia-este-miercoles-discusion-del-reglamento-especial-de-campana-electoral-para-el-21n\\\/#breadcrumb\"},\"inLanguage\":\"es\",\"potentialAction\":[{\"@type\":\"ReadAction\",\"target\":[\"https:\\\/\\\/stage3.rnv.gob.ve\\\/wp\\\/cne-inicia-este-miercoles-discusion-del-reglamento-especial-de-campana-electoral-para-el-21n\\\/\"]}]},{\"@type\":\"ImageObject\",\"inLanguage\":\"es\",\"@id\":\"https:\\\/\\\/stage3.rnv.gob.ve\\\/wp\\\/cne-inicia-este-miercoles-discusion-del-reglamento-especial-de-campana-electoral-para-el-21n\\\/#primaryimage\",\"url\":\"\",\"contentUrl\":\"\"},{\"@type\":\"BreadcrumbList\",\"@id\":\"https:\\\/\\\/stage3.rnv.gob.ve\\\/wp\\\/cne-inicia-este-miercoles-discusion-del-reglamento-especial-de-campana-electoral-para-el-21n\\\/#breadcrumb\",\"itemListElement\":[{\"@type\":\"ListItem\",\"position\":1,\"name\":\"Portada\",\"item\":\"https:\\\/\\\/stage3.rnv.gob.ve\\\/wp\\\/\"},{\"@type\":\"ListItem\",\"position\":2,\"name\":\"Cne Inicia Este Mi\u00e9rcoles Discusi\u00f3n Del Reglamento Especial De Campa\u00f1a Electoral Para El 21N\"}]},{\"@type\":\"WebSite\",\"@id\":\"https:\\\/\\\/stage3.rnv.gob.ve\\\/wp\\\/#website\",\"url\":\"https:\\\/\\\/stage3.rnv.gob.ve\\\/wp\\\/\",\"name\":\"DEV RNV\",\"description\":\"Radio Nacional de Venezuela C.A.\",\"publisher\":{\"@id\":\"https:\\\/\\\/stage3.rnv.gob.ve\\\/wp\\\/#organization\"},\"potentialAction\":[{\"@type\":\"SearchAction\",\"target\":{\"@type\":\"EntryPoint\",\"urlTemplate\":\"https:\\\/\\\/stage3.rnv.gob.ve\\\/wp\\\/?s={search_term_string}\"},\"query-input\":{\"@type\":\"PropertyValueSpecification\",\"valueRequired\":true,\"valueName\":\"search_term_string\"}}],\"inLanguage\":\"es\"},{\"@type\":\"Organization\",\"@id\":\"https:\\\/\\\/stage3.rnv.gob.ve\\\/wp\\\/#organization\",\"name\":\"Radio Nacional de Venezuela C.A.\",\"url\":\"https:\\\/\\\/stage3.rnv.gob.ve\\\/wp\\\/\",\"logo\":{\"@type\":\"ImageObject\",\"inLanguage\":\"es\",\"@id\":\"https:\\\/\\\/stage3.rnv.gob.ve\\\/wp\\\/#\\\/schema\\\/logo\\\/image\\\/\",\"url\":\"http:\\\/\\\/rnv.ddns.net\\\/prensa\\\/wp-content\\\/uploads\\\/2022\\\/04\\\/rnv-1-300x227-1.jpg\",\"contentUrl\":\"http:\\\/\\\/rnv.ddns.net\\\/prensa\\\/wp-content\\\/uploads\\\/2022\\\/04\\\/rnv-1-300x227-1.jpg\",\"width\":800,\"height\":455,\"caption\":\"Radio Nacional de Venezuela C.A.\"},\"image\":{\"@id\":\"https:\\\/\\\/stage3.rnv.gob.ve\\\/wp\\\/#\\\/schema\\\/logo\\\/image\\\/\"},\"sameAs\":[\"https:\\\/\\\/www.facebook.com\\\/RadioNacionaldeVenezuela\",\"https:\\\/\\\/x.com\\\/RNVinformativa\",\"https:\\\/\\\/www.instagram.com\\\/rnvinformativa\\\/\",\"https:\\\/\\\/www.youtube.com\\\/user\\\/RNVContigo\"]},{\"@type\":\"Person\",\"@id\":\"https:\\\/\\\/stage3.rnv.gob.ve\\\/wp\\\/#\\\/schema\\\/person\\\/0862ce8cde332e0bc63b8a243f0eea2c\",\"name\":\"administrador\",\"sameAs\":[\"http:\\\/\\\/arnoldoeloy.net\"],\"url\":\"https:\\\/\\\/stage3.rnv.gob.ve\\\/wp\\\/author\\\/administrador\\\/\"}]}<\/script>\n<!-- \/ Yoast SEO plugin. -->","yoast_head_json":{"title":"CNE inicia este mi\u00e9rcoles discusi\u00f3n del reglamento especial de campa\u00f1a electoral para el 21N - DEV RNV","description":"El Consejo Nacional Electoral CNE, iniciar\u00e1 ma\u00f1ana mi\u00e9rcoles la discusi\u00f3n del Reglamento Especial de Campa\u00f1a Electoral que regir\u00e1 las Elecciones del 21N","robots":{"index":"noindex","follow":"follow","max-snippet":"max-snippet:-1","max-image-preview":"max-image-preview:large","max-video-preview":"max-video-preview:-1"},"og_locale":"es_ES","og_type":"article","og_title":"CNE inicia este mi\u00e9rcoles discusi\u00f3n del reglamento especial de campa\u00f1a electoral para el 21N - DEV RNV","og_description":"El Consejo Nacional Electoral CNE, iniciar\u00e1 ma\u00f1ana mi\u00e9rcoles la discusi\u00f3n del Reglamento Especial de Campa\u00f1a Electoral que regir\u00e1 las Elecciones del 21N","og_url":"https:\/\/stage3.rnv.gob.ve\/wp\/cne-inicia-este-miercoles-discusion-del-reglamento-especial-de-campana-electoral-para-el-21n\/","og_site_name":"DEV RNV","article_publisher":"https:\/\/www.facebook.com\/RadioNacionaldeVenezuela","article_published_time":"2021-09-14T20:44:25+00:00","author":"administrador","twitter_card":"summary_large_image","twitter_creator":"@RNVinformativa","twitter_site":"@RNVinformativa","twitter_misc":{"Escrito por":"administrador","Tiempo estimado de lectura":"1 minuto"},"schema":{"@context":"https:\/\/schema.org","@graph":[{"@type":"Article","@id":"https:\/\/stage3.rnv.gob.ve\/wp\/cne-inicia-este-miercoles-discusion-del-reglamento-especial-de-campana-electoral-para-el-21n\/#article","isPartOf":{"@id":"https:\/\/stage3.rnv.gob.ve\/wp\/cne-inicia-este-miercoles-discusion-del-reglamento-especial-de-campana-electoral-para-el-21n\/"},"author":{"name":"administrador","@id":"https:\/\/stage3.rnv.gob.ve\/wp\/#\/schema\/person\/0862ce8cde332e0bc63b8a243f0eea2c"},"headline":"CNE inicia este mi\u00e9rcoles discusi\u00f3n del reglamento especial de campa\u00f1a electoral para el 21N","datePublished":"2021-09-14T20:44:25+00:00","mainEntityOfPage":{"@id":"https:\/\/stage3.rnv.gob.ve\/wp\/cne-inicia-este-miercoles-discusion-del-reglamento-especial-de-campana-electoral-para-el-21n\/"},"wordCount":205,"publisher":{"@id":"https:\/\/stage3.rnv.gob.ve\/wp\/#organization"},"image":{"@id":"https:\/\/stage3.rnv.gob.ve\/wp\/cne-inicia-este-miercoles-discusion-del-reglamento-especial-de-campana-electoral-para-el-21n\/#primaryimage"},"thumbnailUrl":"","keywords":["21N","cne","Reglamento de Campa\u00f1a","Venezuela"],"articleSection":["Nacional"],"inLanguage":"es"},{"@type":"WebPage","@id":"https:\/\/stage3.rnv.gob.ve\/wp\/cne-inicia-este-miercoles-discusion-del-reglamento-especial-de-campana-electoral-para-el-21n\/","url":"https:\/\/stage3.rnv.gob.ve\/wp\/cne-inicia-este-miercoles-discusion-del-reglamento-especial-de-campana-electoral-para-el-21n\/","name":"CNE inicia este mi\u00e9rcoles discusi\u00f3n del reglamento especial de campa\u00f1a electoral para el 21N - DEV RNV","isPartOf":{"@id":"https:\/\/stage3.rnv.gob.ve\/wp\/#website"},"primaryImageOfPage":{"@id":"https:\/\/stage3.rnv.gob.ve\/wp\/cne-inicia-este-miercoles-discusion-del-reglamento-especial-de-campana-electoral-para-el-21n\/#primaryimage"},"image":{"@id":"https:\/\/stage3.rnv.gob.ve\/wp\/cne-inicia-este-miercoles-discusion-del-reglamento-especial-de-campana-electoral-para-el-21n\/#primaryimage"},"thumbnailUrl":"","datePublished":"2021-09-14T20:44:25+00:00","description":"El Consejo Nacional Electoral CNE, iniciar\u00e1 ma\u00f1ana mi\u00e9rcoles la discusi\u00f3n del Reglamento Especial de Campa\u00f1a Electoral que regir\u00e1 las Elecciones del 21N","breadcrumb":{"@id":"https:\/\/stage3.rnv.gob.ve\/wp\/cne-inicia-este-miercoles-discusion-del-reglamento-especial-de-campana-electoral-para-el-21n\/#breadcrumb"},"inLanguage":"es","potentialAction":[{"@type":"ReadAction","target":["https:\/\/stage3.rnv.gob.ve\/wp\/cne-inicia-este-miercoles-discusion-del-reglamento-especial-de-campana-electoral-para-el-21n\/"]}]},{"@type":"ImageObject","inLanguage":"es","@id":"https:\/\/stage3.rnv.gob.ve\/wp\/cne-inicia-este-miercoles-discusion-del-reglamento-especial-de-campana-electoral-para-el-21n\/#primaryimage","url":"","contentUrl":""},{"@type":"BreadcrumbList","@id":"https:\/\/stage3.rnv.gob.ve\/wp\/cne-inicia-este-miercoles-discusion-del-reglamento-especial-de-campana-electoral-para-el-21n\/#breadcrumb","itemListElement":[{"@type":"ListItem","position":1,"name":"Portada","item":"https:\/\/stage3.rnv.gob.ve\/wp\/"},{"@type":"ListItem","position":2,"name":"Cne Inicia Este Mi\u00e9rcoles Discusi\u00f3n Del Reglamento Especial De Campa\u00f1a Electoral Para El 21N"}]},{"@type":"WebSite","@id":"https:\/\/stage3.rnv.gob.ve\/wp\/#website","url":"https:\/\/stage3.rnv.gob.ve\/wp\/","name":"DEV RNV","description":"Radio Nacional de Venezuela C.A.","publisher":{"@id":"https:\/\/stage3.rnv.gob.ve\/wp\/#organization"},"potentialAction":[{"@type":"SearchAction","target":{"@type":"EntryPoint","urlTemplate":"https:\/\/stage3.rnv.gob.ve\/wp\/?s={search_term_string}"},"query-input":{"@type":"PropertyValueSpecification","valueRequired":true,"valueName":"search_term_string"}}],"inLanguage":"es"},{"@type":"Organization","@id":"https:\/\/stage3.rnv.gob.ve\/wp\/#organization","name":"Radio Nacional de Venezuela C.A.","url":"https:\/\/stage3.rnv.gob.ve\/wp\/","logo":{"@type":"ImageObject","inLanguage":"es","@id":"https:\/\/stage3.rnv.gob.ve\/wp\/#\/schema\/logo\/image\/","url":"http:\/\/rnv.ddns.net\/prensa\/wp-content\/uploads\/2022\/04\/rnv-1-300x227-1.jpg","contentUrl":"http:\/\/rnv.ddns.net\/prensa\/wp-content\/uploads\/2022\/04\/rnv-1-300x227-1.jpg","width":800,"height":455,"caption":"Radio Nacional de Venezuela C.A."},"image":{"@id":"https:\/\/stage3.rnv.gob.ve\/wp\/#\/schema\/logo\/image\/"},"sameAs":["https:\/\/www.facebook.com\/RadioNacionaldeVenezuela","https:\/\/x.com\/RNVinformativa","https:\/\/www.instagram.com\/rnvinformativa\/","https:\/\/www.youtube.com\/user\/RNVContigo"]},{"@type":"Person","@id":"https:\/\/stage3.rnv.gob.ve\/wp\/#\/schema\/person\/0862ce8cde332e0bc63b8a243f0eea2c","name":"administrador","sameAs":["http:\/\/arnoldoeloy.net"],"url":"https:\/\/stage3.rnv.gob.ve\/wp\/author\/administrador\/"}]}},"jetpack_featured_media_url":"","_links":{"self":[{"href":"https:\/\/stage3.rnv.gob.ve\/wp\/wp-json\/wp\/v2\/posts\/327732","targetHints":{"allow":["GET"]}}],"collection":[{"href":"https:\/\/stage3.rnv.gob.ve\/wp\/wp-json\/wp\/v2\/posts"}],"about":[{"href":"https:\/\/stage3.rnv.gob.ve\/wp\/wp-json\/wp\/v2\/types\/post"}],"author":[{"embeddable":true,"href":"https:\/\/stage3.rnv.gob.ve\/wp\/wp-json\/wp\/v2\/users\/1"}],"replies":[{"embeddable":true,"href":"https:\/\/stage3.rnv.gob.ve\/wp\/wp-json\/wp\/v2\/comments?post=327732"}],"version-history":[{"count":0,"href":"https:\/\/stage3.rnv.gob.ve\/wp\/wp-json\/wp\/v2\/posts\/327732\/revisions"}],"wp:featuredmedia":[{"embeddable":true,"href":"https:\/\/stage3.rnv.gob.ve\/wp\/wp-json\/"}],"wp:attachment":[{"href":"https:\/\/stage3.rnv.gob.ve\/wp\/wp-json\/wp\/v2\/media?parent=327732"}],"wp:term":[{"taxonomy":"category","embeddable":true,"href":"https:\/\/stage3.rnv.gob.ve\/wp\/wp-json\/wp\/v2\/categories?post=327732"},{"taxonomy":"post_tag","embeddable":true,"href":"https:\/\/stage3.rnv.gob.ve\/wp\/wp-json\/wp\/v2\/tags?post=327732"}],"curies":[{"name":"wp","href":"https:\/\/api.w.org\/{rel}","templated":true}]}}