{"id":327712,"date":"2021-09-14T15:36:17","date_gmt":"2021-09-14T20:06:17","guid":{"rendered":"https:\/\/stage3.rnv.gob.ve\/wp\/?p=327712"},"modified":"2021-09-14T15:36:17","modified_gmt":"2021-09-14T20:06:17","slug":"venezuela-incorpora-a-diplomatico-alex-saab-a-la-mesa-de-dialogo-de-mexico","status":"publish","type":"post","link":"https:\/\/stage3.rnv.gob.ve\/wp\/venezuela-incorpora-a-diplomatico-alex-saab-a-la-mesa-de-dialogo-de-mexico\/","title":{"rendered":"Venezuela incorpora a diplom\u00e1tico \u00c1lex Saab a la Mesa de Di\u00e1logo de M\u00e9xico"},"content":{"rendered":"<p><img fetchpriority=\"high\" decoding=\"async\" class=\"size-full wp-image-327713 aligncenter\" src=\"https:\/\/stage3.rnv.gob.ve\/wp\/wp-content\/uploads\/2021\/09\/Jorge-Rodriguez-Alex-Ssab.gif\" alt=\"\" width=\"700\" height=\"522\" \/><\/p>\n<p style=\"text-align: justify;\">El jefe de la delegaci\u00f3n del gobierno y presidente de la Asamblea Nacional, Jorge Rodr\u00edguez, inform\u00f3 este martes que el diplom\u00e1tico Alex Saab ha sido incorporado a la delegaci\u00f3n oficial del Gobierno Constitucional de la Rep\u00fablica Bolivariana de Venezuela a la Mesa de Di\u00e1logo instalada en Ciudad de M\u00e9xico.<\/p>\n<p style=\"text-align: justify;\">\u201cQueremos informar a la opini\u00f3n p\u00fablica que incorporamos al diplom\u00e1tico Alex Saab como miembro pleno de esta delegaci\u00f3n y como delegado ante la mesa social aprobada en el acuerdo parcial de atenci\u00f3n al pueblo de Venezuela\u201d, indic\u00f3.<\/p>\n<p style=\"text-align: justify;\">Enfatiz\u00f3 que el diplom\u00e1tico Alex Saab est\u00e1 perfectamente capacitado para formar parte como miembro pleno de la Delegaci\u00f3n en cuyo seno tambi\u00e9n integrar\u00e1 la Mesa Social junto al propio Jorge Rodr\u00edguez y Gabriela Jim\u00e9nez.<\/p>\n<p style=\"text-align: justify;\">Acerca de la situaci\u00f3n legal del diplom\u00e1tico Alex Saab en Cabo Verd, Rodr\u00edguez agreg\u00f3 que Saab \u201cno est\u00e1 detenido en Cabo Verde, sino secuestrado\u201d, en violaci\u00f3n de la Convenci\u00f3n de Viena y de todas leyes y acuerdos internacionales que resguardan la integridad de las relaciones diplom\u00e1ticas en el mundo entero.<\/p>\n<p style=\"text-align: justify;\">\n<h4 style=\"text-align: justify;\"><strong>Recuperaci\u00f3n de activos<\/strong><\/h4>\n<p style=\"text-align: justify;\">De igual manera, adelant\u00f3 que la delegaci\u00f3n oficial llevar\u00e1 a la pr\u00f3xima ronda de conversaciones, las pruebas de todas las acciones adelantadas por el Gobierno Bolivariano para enfrentar la pandemia \u00a0del COVID 19 y solicitar\u00e1 la devoluci\u00f3n de los activos robados al pa\u00eds en el extranjero.<\/p>\n<p style=\"text-align: justify;\">\u201cYa hemos demostrado como hemos podido combatir la pandemia del Covid19 (\u2026) ahora vamos a instalar la mesa social para recuperar los activos de Venezuela\u201d, enfatiz\u00f3.<\/p>\n<p style=\"text-align: justify;\">En este sentido, recalc\u00f3 la importancia de hacer p\u00fablico el da\u00f1o ocasionado por las acciones coercitivas uniaterales aplicadas por el gobierno de los Estados Unidos a todo el pueblo de Venezuela.<\/p>\n<p style=\"text-align: justify;\">\u201cLas mal llamadas sanciones son criminales, son un bombardeo contra todos los venezolanos, pero adem\u00e1s son inefectivas, eso no lo decimos nosotros, es lo que dice la C\u00e1mara de Comercio de Norteam\u00e9rica\u201d, se\u00f1al\u00f3.<\/p>\n<p style=\"text-align: justify;\">Adicionalmente denunci\u00f3 el robo de los activos de Venezuela en el exterior, \u201c\u00bfC\u00f3mo explican que Duque se apropi\u00f3 de una empresa que le pertenece hace 47 a\u00f1os al pueblo venezolano? (\u2026) Los recursos de Venezuela son de Venezuela, no son de Guaid\u00f3, no son de Iv\u00e1n Duque, no son de Carlos Vecchio\u201d, alert\u00f3.<\/p>\n<p>&nbsp;<\/p>\n<p><strong>T\/RNV Web\/AV<\/strong><\/p>\n","protected":false},"excerpt":{"rendered":"<p>El jefe de la delegaci\u00f3n del gobierno y presidente de la Asamblea Nacional, Jorge Rodr\u00edguez, inform\u00f3 este martes que el diplom\u00e1tico Alex Saab ha sido incorporado a la delegaci\u00f3n oficial del Gobierno Constitucional de la Rep\u00fablica Bolivariana de Venezuela a la Mesa de Di\u00e1logo instalada en Ciudad de M\u00e9xico. \u201cQueremos informar a la opini\u00f3n p\u00fablica [&hellip;]<\/p>\n","protected":false},"author":1,"featured_media":327714,"comment_status":"closed","ping_status":"open","sticky":false,"template":"","format":"standard","meta":{"_acf_changed":false,"footnotes":""},"categories":[65],"tags":[30305,149,1097,353,1961,104],"class_list":["post-327712","post","type-post","status-publish","format-standard","has-post-thumbnail","hentry","category-nacional","tag-alex-saab","tag-an","tag-dialogo","tag-jorge-rodriguez","tag-mexico","tag-venezuela"],"acf":[],"yoast_head":"<!-- This site is optimized with the Yoast SEO plugin v27.4 - https:\/\/yoast.com\/product\/yoast-seo-wordpress\/ -->\n<title>Venezuela incorpora a diplom\u00e1tico \u00c1lex Saab a la Mesa de Di\u00e1logo de M\u00e9xico - DEV RNV<\/title>\n<meta name=\"description\" content=\"El jefe de la delegaci\u00f3n del gobierno Jorge Rodr\u00edguez, inform\u00f3 que el diplom\u00e1tico Alex Saab ha sido incorporado a la Mesa de Di\u00e1logo en M\u00e9xico.\" \/>\n<meta name=\"robots\" content=\"noindex, follow, max-snippet:-1, max-image-preview:large, max-video-preview:-1\" \/>\n<meta property=\"og:locale\" content=\"es_ES\" \/>\n<meta property=\"og:type\" content=\"article\" \/>\n<meta property=\"og:title\" content=\"Venezuela incorpora a diplom\u00e1tico \u00c1lex Saab a la Mesa de Di\u00e1logo de M\u00e9xico - DEV RNV\" \/>\n<meta property=\"og:description\" content=\"El jefe de la delegaci\u00f3n del gobierno Jorge Rodr\u00edguez, inform\u00f3 que el diplom\u00e1tico Alex Saab ha sido incorporado a la Mesa de Di\u00e1logo en M\u00e9xico.\" \/>\n<meta property=\"og:url\" content=\"https:\/\/stage3.rnv.gob.ve\/wp\/venezuela-incorpora-a-diplomatico-alex-saab-a-la-mesa-de-dialogo-de-mexico\/\" \/>\n<meta property=\"og:site_name\" content=\"DEV RNV\" \/>\n<meta property=\"article:publisher\" content=\"https:\/\/www.facebook.com\/RadioNacionaldeVenezuela\" \/>\n<meta property=\"article:published_time\" content=\"2021-09-14T20:06:17+00:00\" \/>\n<meta name=\"author\" content=\"administrador\" \/>\n<meta name=\"twitter:card\" content=\"summary_large_image\" \/>\n<meta name=\"twitter:creator\" content=\"@RNVinformativa\" \/>\n<meta name=\"twitter:site\" content=\"@RNVinformativa\" \/>\n<meta name=\"twitter:label1\" content=\"Escrito por\" \/>\n\t<meta name=\"twitter:data1\" content=\"administrador\" \/>\n\t<meta name=\"twitter:label2\" content=\"Tiempo estimado de lectura\" \/>\n\t<meta name=\"twitter:data2\" content=\"2 minutos\" \/>\n<script type=\"application\/ld+json\" class=\"yoast-schema-graph\">{\"@context\":\"https:\\\/\\\/schema.org\",\"@graph\":[{\"@type\":\"Article\",\"@id\":\"https:\\\/\\\/stage3.rnv.gob.ve\\\/wp\\\/venezuela-incorpora-a-diplomatico-alex-saab-a-la-mesa-de-dialogo-de-mexico\\\/#article\",\"isPartOf\":{\"@id\":\"https:\\\/\\\/stage3.rnv.gob.ve\\\/wp\\\/venezuela-incorpora-a-diplomatico-alex-saab-a-la-mesa-de-dialogo-de-mexico\\\/\"},\"author\":{\"name\":\"administrador\",\"@id\":\"https:\\\/\\\/stage3.rnv.gob.ve\\\/wp\\\/#\\\/schema\\\/person\\\/0862ce8cde332e0bc63b8a243f0eea2c\"},\"headline\":\"Venezuela incorpora a diplom\u00e1tico \u00c1lex Saab a la Mesa de Di\u00e1logo de M\u00e9xico\",\"datePublished\":\"2021-09-14T20:06:17+00:00\",\"mainEntityOfPage\":{\"@id\":\"https:\\\/\\\/stage3.rnv.gob.ve\\\/wp\\\/venezuela-incorpora-a-diplomatico-alex-saab-a-la-mesa-de-dialogo-de-mexico\\\/\"},\"wordCount\":416,\"publisher\":{\"@id\":\"https:\\\/\\\/stage3.rnv.gob.ve\\\/wp\\\/#organization\"},\"image\":{\"@id\":\"https:\\\/\\\/stage3.rnv.gob.ve\\\/wp\\\/venezuela-incorpora-a-diplomatico-alex-saab-a-la-mesa-de-dialogo-de-mexico\\\/#primaryimage\"},\"thumbnailUrl\":\"\",\"keywords\":[\"Alex Saab\",\"AN\",\"dialogo\",\"jorge rodriguez\",\"mexico\",\"Venezuela\"],\"articleSection\":[\"Nacional\"],\"inLanguage\":\"es\"},{\"@type\":\"WebPage\",\"@id\":\"https:\\\/\\\/stage3.rnv.gob.ve\\\/wp\\\/venezuela-incorpora-a-diplomatico-alex-saab-a-la-mesa-de-dialogo-de-mexico\\\/\",\"url\":\"https:\\\/\\\/stage3.rnv.gob.ve\\\/wp\\\/venezuela-incorpora-a-diplomatico-alex-saab-a-la-mesa-de-dialogo-de-mexico\\\/\",\"name\":\"Venezuela incorpora a diplom\u00e1tico \u00c1lex Saab a la Mesa de Di\u00e1logo de M\u00e9xico - DEV RNV\",\"isPartOf\":{\"@id\":\"https:\\\/\\\/stage3.rnv.gob.ve\\\/wp\\\/#website\"},\"primaryImageOfPage\":{\"@id\":\"https:\\\/\\\/stage3.rnv.gob.ve\\\/wp\\\/venezuela-incorpora-a-diplomatico-alex-saab-a-la-mesa-de-dialogo-de-mexico\\\/#primaryimage\"},\"image\":{\"@id\":\"https:\\\/\\\/stage3.rnv.gob.ve\\\/wp\\\/venezuela-incorpora-a-diplomatico-alex-saab-a-la-mesa-de-dialogo-de-mexico\\\/#primaryimage\"},\"thumbnailUrl\":\"\",\"datePublished\":\"2021-09-14T20:06:17+00:00\",\"description\":\"El jefe de la delegaci\u00f3n del gobierno Jorge Rodr\u00edguez, inform\u00f3 que el diplom\u00e1tico Alex Saab ha sido incorporado a la Mesa de Di\u00e1logo en M\u00e9xico.\",\"breadcrumb\":{\"@id\":\"https:\\\/\\\/stage3.rnv.gob.ve\\\/wp\\\/venezuela-incorpora-a-diplomatico-alex-saab-a-la-mesa-de-dialogo-de-mexico\\\/#breadcrumb\"},\"inLanguage\":\"es\",\"potentialAction\":[{\"@type\":\"ReadAction\",\"target\":[\"https:\\\/\\\/stage3.rnv.gob.ve\\\/wp\\\/venezuela-incorpora-a-diplomatico-alex-saab-a-la-mesa-de-dialogo-de-mexico\\\/\"]}]},{\"@type\":\"ImageObject\",\"inLanguage\":\"es\",\"@id\":\"https:\\\/\\\/stage3.rnv.gob.ve\\\/wp\\\/venezuela-incorpora-a-diplomatico-alex-saab-a-la-mesa-de-dialogo-de-mexico\\\/#primaryimage\",\"url\":\"\",\"contentUrl\":\"\"},{\"@type\":\"BreadcrumbList\",\"@id\":\"https:\\\/\\\/stage3.rnv.gob.ve\\\/wp\\\/venezuela-incorpora-a-diplomatico-alex-saab-a-la-mesa-de-dialogo-de-mexico\\\/#breadcrumb\",\"itemListElement\":[{\"@type\":\"ListItem\",\"position\":1,\"name\":\"Portada\",\"item\":\"https:\\\/\\\/stage3.rnv.gob.ve\\\/wp\\\/\"},{\"@type\":\"ListItem\",\"position\":2,\"name\":\"Venezuela Incorpora A Diplom\u00e1tico \u00c1lex Saab A La Mesa De Di\u00e1logo De M\u00e9xico\"}]},{\"@type\":\"WebSite\",\"@id\":\"https:\\\/\\\/stage3.rnv.gob.ve\\\/wp\\\/#website\",\"url\":\"https:\\\/\\\/stage3.rnv.gob.ve\\\/wp\\\/\",\"name\":\"DEV RNV\",\"description\":\"Radio Nacional de Venezuela C.A.\",\"publisher\":{\"@id\":\"https:\\\/\\\/stage3.rnv.gob.ve\\\/wp\\\/#organization\"},\"potentialAction\":[{\"@type\":\"SearchAction\",\"target\":{\"@type\":\"EntryPoint\",\"urlTemplate\":\"https:\\\/\\\/stage3.rnv.gob.ve\\\/wp\\\/?s={search_term_string}\"},\"query-input\":{\"@type\":\"PropertyValueSpecification\",\"valueRequired\":true,\"valueName\":\"search_term_string\"}}],\"inLanguage\":\"es\"},{\"@type\":\"Organization\",\"@id\":\"https:\\\/\\\/stage3.rnv.gob.ve\\\/wp\\\/#organization\",\"name\":\"Radio Nacional de Venezuela C.A.\",\"url\":\"https:\\\/\\\/stage3.rnv.gob.ve\\\/wp\\\/\",\"logo\":{\"@type\":\"ImageObject\",\"inLanguage\":\"es\",\"@id\":\"https:\\\/\\\/stage3.rnv.gob.ve\\\/wp\\\/#\\\/schema\\\/logo\\\/image\\\/\",\"url\":\"http:\\\/\\\/rnv.ddns.net\\\/prensa\\\/wp-content\\\/uploads\\\/2022\\\/04\\\/rnv-1-300x227-1.jpg\",\"contentUrl\":\"http:\\\/\\\/rnv.ddns.net\\\/prensa\\\/wp-content\\\/uploads\\\/2022\\\/04\\\/rnv-1-300x227-1.jpg\",\"width\":800,\"height\":455,\"caption\":\"Radio Nacional de Venezuela C.A.\"},\"image\":{\"@id\":\"https:\\\/\\\/stage3.rnv.gob.ve\\\/wp\\\/#\\\/schema\\\/logo\\\/image\\\/\"},\"sameAs\":[\"https:\\\/\\\/www.facebook.com\\\/RadioNacionaldeVenezuela\",\"https:\\\/\\\/x.com\\\/RNVinformativa\",\"https:\\\/\\\/www.instagram.com\\\/rnvinformativa\\\/\",\"https:\\\/\\\/www.youtube.com\\\/user\\\/RNVContigo\"]},{\"@type\":\"Person\",\"@id\":\"https:\\\/\\\/stage3.rnv.gob.ve\\\/wp\\\/#\\\/schema\\\/person\\\/0862ce8cde332e0bc63b8a243f0eea2c\",\"name\":\"administrador\",\"sameAs\":[\"http:\\\/\\\/arnoldoeloy.net\"],\"url\":\"https:\\\/\\\/stage3.rnv.gob.ve\\\/wp\\\/author\\\/administrador\\\/\"}]}<\/script>\n<!-- \/ Yoast SEO plugin. -->","yoast_head_json":{"title":"Venezuela incorpora a diplom\u00e1tico \u00c1lex Saab a la Mesa de Di\u00e1logo de M\u00e9xico - DEV RNV","description":"El jefe de la delegaci\u00f3n del gobierno Jorge Rodr\u00edguez, inform\u00f3 que el diplom\u00e1tico Alex Saab ha sido incorporado a la Mesa de Di\u00e1logo en M\u00e9xico.","robots":{"index":"noindex","follow":"follow","max-snippet":"max-snippet:-1","max-image-preview":"max-image-preview:large","max-video-preview":"max-video-preview:-1"},"og_locale":"es_ES","og_type":"article","og_title":"Venezuela incorpora a diplom\u00e1tico \u00c1lex Saab a la Mesa de Di\u00e1logo de M\u00e9xico - DEV RNV","og_description":"El jefe de la delegaci\u00f3n del gobierno Jorge Rodr\u00edguez, inform\u00f3 que el diplom\u00e1tico Alex Saab ha sido incorporado a la Mesa de Di\u00e1logo en M\u00e9xico.","og_url":"https:\/\/stage3.rnv.gob.ve\/wp\/venezuela-incorpora-a-diplomatico-alex-saab-a-la-mesa-de-dialogo-de-mexico\/","og_site_name":"DEV RNV","article_publisher":"https:\/\/www.facebook.com\/RadioNacionaldeVenezuela","article_published_time":"2021-09-14T20:06:17+00:00","author":"administrador","twitter_card":"summary_large_image","twitter_creator":"@RNVinformativa","twitter_site":"@RNVinformativa","twitter_misc":{"Escrito por":"administrador","Tiempo estimado de lectura":"2 minutos"},"schema":{"@context":"https:\/\/schema.org","@graph":[{"@type":"Article","@id":"https:\/\/stage3.rnv.gob.ve\/wp\/venezuela-incorpora-a-diplomatico-alex-saab-a-la-mesa-de-dialogo-de-mexico\/#article","isPartOf":{"@id":"https:\/\/stage3.rnv.gob.ve\/wp\/venezuela-incorpora-a-diplomatico-alex-saab-a-la-mesa-de-dialogo-de-mexico\/"},"author":{"name":"administrador","@id":"https:\/\/stage3.rnv.gob.ve\/wp\/#\/schema\/person\/0862ce8cde332e0bc63b8a243f0eea2c"},"headline":"Venezuela incorpora a diplom\u00e1tico \u00c1lex Saab a la Mesa de Di\u00e1logo de M\u00e9xico","datePublished":"2021-09-14T20:06:17+00:00","mainEntityOfPage":{"@id":"https:\/\/stage3.rnv.gob.ve\/wp\/venezuela-incorpora-a-diplomatico-alex-saab-a-la-mesa-de-dialogo-de-mexico\/"},"wordCount":416,"publisher":{"@id":"https:\/\/stage3.rnv.gob.ve\/wp\/#organization"},"image":{"@id":"https:\/\/stage3.rnv.gob.ve\/wp\/venezuela-incorpora-a-diplomatico-alex-saab-a-la-mesa-de-dialogo-de-mexico\/#primaryimage"},"thumbnailUrl":"","keywords":["Alex Saab","AN","dialogo","jorge rodriguez","mexico","Venezuela"],"articleSection":["Nacional"],"inLanguage":"es"},{"@type":"WebPage","@id":"https:\/\/stage3.rnv.gob.ve\/wp\/venezuela-incorpora-a-diplomatico-alex-saab-a-la-mesa-de-dialogo-de-mexico\/","url":"https:\/\/stage3.rnv.gob.ve\/wp\/venezuela-incorpora-a-diplomatico-alex-saab-a-la-mesa-de-dialogo-de-mexico\/","name":"Venezuela incorpora a diplom\u00e1tico \u00c1lex Saab a la Mesa de Di\u00e1logo de M\u00e9xico - DEV RNV","isPartOf":{"@id":"https:\/\/stage3.rnv.gob.ve\/wp\/#website"},"primaryImageOfPage":{"@id":"https:\/\/stage3.rnv.gob.ve\/wp\/venezuela-incorpora-a-diplomatico-alex-saab-a-la-mesa-de-dialogo-de-mexico\/#primaryimage"},"image":{"@id":"https:\/\/stage3.rnv.gob.ve\/wp\/venezuela-incorpora-a-diplomatico-alex-saab-a-la-mesa-de-dialogo-de-mexico\/#primaryimage"},"thumbnailUrl":"","datePublished":"2021-09-14T20:06:17+00:00","description":"El jefe de la delegaci\u00f3n del gobierno Jorge Rodr\u00edguez, inform\u00f3 que el diplom\u00e1tico Alex Saab ha sido incorporado a la Mesa de Di\u00e1logo en M\u00e9xico.","breadcrumb":{"@id":"https:\/\/stage3.rnv.gob.ve\/wp\/venezuela-incorpora-a-diplomatico-alex-saab-a-la-mesa-de-dialogo-de-mexico\/#breadcrumb"},"inLanguage":"es","potentialAction":[{"@type":"ReadAction","target":["https:\/\/stage3.rnv.gob.ve\/wp\/venezuela-incorpora-a-diplomatico-alex-saab-a-la-mesa-de-dialogo-de-mexico\/"]}]},{"@type":"ImageObject","inLanguage":"es","@id":"https:\/\/stage3.rnv.gob.ve\/wp\/venezuela-incorpora-a-diplomatico-alex-saab-a-la-mesa-de-dialogo-de-mexico\/#primaryimage","url":"","contentUrl":""},{"@type":"BreadcrumbList","@id":"https:\/\/stage3.rnv.gob.ve\/wp\/venezuela-incorpora-a-diplomatico-alex-saab-a-la-mesa-de-dialogo-de-mexico\/#breadcrumb","itemListElement":[{"@type":"ListItem","position":1,"name":"Portada","item":"https:\/\/stage3.rnv.gob.ve\/wp\/"},{"@type":"ListItem","position":2,"name":"Venezuela Incorpora A Diplom\u00e1tico \u00c1lex Saab A La Mesa De Di\u00e1logo De M\u00e9xico"}]},{"@type":"WebSite","@id":"https:\/\/stage3.rnv.gob.ve\/wp\/#website","url":"https:\/\/stage3.rnv.gob.ve\/wp\/","name":"DEV RNV","description":"Radio Nacional de Venezuela C.A.","publisher":{"@id":"https:\/\/stage3.rnv.gob.ve\/wp\/#organization"},"potentialAction":[{"@type":"SearchAction","target":{"@type":"EntryPoint","urlTemplate":"https:\/\/stage3.rnv.gob.ve\/wp\/?s={search_term_string}"},"query-input":{"@type":"PropertyValueSpecification","valueRequired":true,"valueName":"search_term_string"}}],"inLanguage":"es"},{"@type":"Organization","@id":"https:\/\/stage3.rnv.gob.ve\/wp\/#organization","name":"Radio Nacional de Venezuela C.A.","url":"https:\/\/stage3.rnv.gob.ve\/wp\/","logo":{"@type":"ImageObject","inLanguage":"es","@id":"https:\/\/stage3.rnv.gob.ve\/wp\/#\/schema\/logo\/image\/","url":"http:\/\/rnv.ddns.net\/prensa\/wp-content\/uploads\/2022\/04\/rnv-1-300x227-1.jpg","contentUrl":"http:\/\/rnv.ddns.net\/prensa\/wp-content\/uploads\/2022\/04\/rnv-1-300x227-1.jpg","width":800,"height":455,"caption":"Radio Nacional de Venezuela C.A."},"image":{"@id":"https:\/\/stage3.rnv.gob.ve\/wp\/#\/schema\/logo\/image\/"},"sameAs":["https:\/\/www.facebook.com\/RadioNacionaldeVenezuela","https:\/\/x.com\/RNVinformativa","https:\/\/www.instagram.com\/rnvinformativa\/","https:\/\/www.youtube.com\/user\/RNVContigo"]},{"@type":"Person","@id":"https:\/\/stage3.rnv.gob.ve\/wp\/#\/schema\/person\/0862ce8cde332e0bc63b8a243f0eea2c","name":"administrador","sameAs":["http:\/\/arnoldoeloy.net"],"url":"https:\/\/stage3.rnv.gob.ve\/wp\/author\/administrador\/"}]}},"jetpack_featured_media_url":"","_links":{"self":[{"href":"https:\/\/stage3.rnv.gob.ve\/wp\/wp-json\/wp\/v2\/posts\/327712","targetHints":{"allow":["GET"]}}],"collection":[{"href":"https:\/\/stage3.rnv.gob.ve\/wp\/wp-json\/wp\/v2\/posts"}],"about":[{"href":"https:\/\/stage3.rnv.gob.ve\/wp\/wp-json\/wp\/v2\/types\/post"}],"author":[{"embeddable":true,"href":"https:\/\/stage3.rnv.gob.ve\/wp\/wp-json\/wp\/v2\/users\/1"}],"replies":[{"embeddable":true,"href":"https:\/\/stage3.rnv.gob.ve\/wp\/wp-json\/wp\/v2\/comments?post=327712"}],"version-history":[{"count":0,"href":"https:\/\/stage3.rnv.gob.ve\/wp\/wp-json\/wp\/v2\/posts\/327712\/revisions"}],"wp:featuredmedia":[{"embeddable":true,"href":"https:\/\/stage3.rnv.gob.ve\/wp\/wp-json\/"}],"wp:attachment":[{"href":"https:\/\/stage3.rnv.gob.ve\/wp\/wp-json\/wp\/v2\/media?parent=327712"}],"wp:term":[{"taxonomy":"category","embeddable":true,"href":"https:\/\/stage3.rnv.gob.ve\/wp\/wp-json\/wp\/v2\/categories?post=327712"},{"taxonomy":"post_tag","embeddable":true,"href":"https:\/\/stage3.rnv.gob.ve\/wp\/wp-json\/wp\/v2\/tags?post=327712"}],"curies":[{"name":"wp","href":"https:\/\/api.w.org\/{rel}","templated":true}]}}