{"id":326241,"date":"2021-08-20T18:58:42","date_gmt":"2021-08-20T23:28:42","guid":{"rendered":"https:\/\/stage3.rnv.gob.ve\/wp\/?p=326241"},"modified":"2021-08-20T18:58:42","modified_gmt":"2021-08-20T23:28:42","slug":"presidente-maduro-juramento-a-nuevos-integrantes-de-su-gabinete","status":"publish","type":"post","link":"https:\/\/stage3.rnv.gob.ve\/wp\/presidente-maduro-juramento-a-nuevos-integrantes-de-su-gabinete\/","title":{"rendered":"Presidente Maduro jurament\u00f3 a los nuevos ministros y ministras del Gabinete Ejecutivo"},"content":{"rendered":"<p><img fetchpriority=\"high\" decoding=\"async\" class=\"size-full wp-image-326249 aligncenter\" src=\"https:\/\/stage3.rnv.gob.ve\/wp\/wp-content\/uploads\/2021\/08\/2-7.jpg\" alt=\"\" width=\"680\" height=\"453\" \/><\/p>\n<p style=\"text-align: justify;\">El presidente constitucional de la Rep\u00fablica Bolivariana de Venezuela, Nicol\u00e1s Maduro Moros, jurament\u00f3 este viernes a los nuevos integrantes del gabinete ejecutivo, a quienes inst\u00f3 a avanzar en la atenci\u00f3n y resoluci\u00f3n de los problemas de nuestro pueblo.<\/p>\n<p style=\"text-align: justify;\">Desde el sal\u00f3n \u201cN\u00e9stor Kirchner\u201d del Palacio de Miraflores, el Jefe del Estado incorpor\u00f3 a los ocho nuevos ministros y 2 vicepresidentes sectoriales, en el marco de una jornada de trabajo del Consejo de Ministros.<\/p>\n<p style=\"text-align: justify;\">Al calificar al cuerpo de ministros como una \u201cs\u00faper vanguardia\u201d de trabajo, afirm\u00f3 que en su labor deben consolidar \u201cun Gobierno de soluciones, que consiga las respuestas a todos los problemas y que conozca los problemas antes de que surjan, que forme valores en nuestro pueblo \u00a1Un Gobierno del pueblo, con el pueblo y para el pueblo!\u00bb.<\/p>\n<p style=\"text-align: justify;\">Enfatiz\u00f3 que los ministros entrantes reciben una alta responsabilidad en momentos en que el pa\u00eds avanza hacia la superaci\u00f3n de la crisis generada por las acciones coercitivas unilaterales ejercidas contra el pueblo de Venezuela.<\/p>\n<p style=\"text-align: justify;\"><strong>\u00a0<\/strong><\/p>\n<h5 style=\"text-align: justify;\"><strong>Refrescamiento y reimpulso<\/strong><\/h5>\n<p style=\"text-align: justify;\">Record\u00f3 el presidente Nicol\u00e1s Maduro que ha sido muy pertinente la decisi\u00f3n de renovar al gabinete ejecutivo, con motivo de la elecci\u00f3n de algunos de los ministros salientes a cargos de elecci\u00f3n popular y a la batalla electoral del venidero 21 de Noviembre.<\/p>\n<p style=\"text-align: justify;\">Los nuevos integrantes del Consejo de Gobierno son el A\/J Remigio Ceballos como nuevo Ministro para Relaciones Interiores, Justicia y Paz y Vicepresidente de Gobierno para la Seguridad Ciudadana; Yelitze Santaella, quien asume el Ministerio del Poder Popular para la Educaci\u00f3n; en el Ministerio del Poder Popular para la Mujer y la Igualdad de G\u00e9nero asumir\u00e1 Margaud Godoy.<\/p>\n<p style=\"text-align: justify;\">El Almirante William Serantes Pinto, asume la responsabilidad como nuevo Ministro de Desarrollo Minero Ecol\u00f3gico; el nuevo Canciller de la Rep\u00fablica es el Licenciado F\u00e9lix Plasencia; Jorge Arreaza, ser\u00e1 el nuevo Ministro de Industrias y Producci\u00f3n Nacional y el Ministro del Deporte Mervin Maldonado, ser\u00e1 el nuevo Vicepresidente de Gobierno para el Socialismo Social y Territorial.<\/p>\n<p style=\"text-align: justify;\">El mandatario nacional exhort\u00f3 a conformar \u201cun equipo s\u00f3lido, con gran experiencia adquirida en todos estos a\u00f1os de lucha, con una juventud que llevamos en el alma\u201d.<\/p>\n<p style=\"text-align: justify;\">\u201cTodos ustedes tienen que responder por las responsabilidades que la patria les da. No hay excusa para fallar\u201d, enfatiz\u00f3.<\/p>\n<h5 style=\"text-align: justify;\"><strong>Siempre junto al pueblo<\/strong><\/h5>\n<p style=\"text-align: justify;\">El Jefe del Estado destac\u00f3 que algunos de los ministros salientes asumir\u00e1n el reto de ir a la contienda electoral del 21 de noviembre, como es el caso de la A\/J Carmen Mel\u00e9ndez, quien va a la contienda por Caracas y el profesor Eduardo Pi\u00f1ate, que se lanzar\u00e1 a la Gobernaci\u00f3n del estado Apure.<\/p>\n<p style=\"text-align: justify;\">\u201cAgradezco a los compa\u00f1eros que se van a la batalla electoral (\u2026)\u00a0 ya sue\u00f1o con el momento de ir a la juramentaci\u00f3n de sus nuevas responsabilidades\u201d, dijo.<\/p>\n<p style=\"text-align: justify;\">Agradeci\u00f3 el aporte de Mel\u00e9ndez al gobierno revolucionario, desde el ministerio de Interior, Justicia y Paz, al enfrentar a las bandas criminales organizadas y la promoci\u00f3n de los cuadrantes de paz y a Pi\u00f1ate, desde el ministerio de Educaci\u00f3n, en el tom\u00f3 el tim\u00f3n luego de la partida del profesor Arist\u00f3bulo Ist\u00fariz.<\/p>\n<p><strong>T\/RNV Web\/AV<\/strong><\/p>\n","protected":false},"excerpt":{"rendered":"<p>El presidente constitucional de la Rep\u00fablica Bolivariana de Venezuela, Nicol\u00e1s Maduro Moros, jurament\u00f3 este viernes a los nuevos integrantes del gabinete ejecutivo, a quienes inst\u00f3 a avanzar en la atenci\u00f3n y resoluci\u00f3n de los problemas de nuestro pueblo. Desde el sal\u00f3n \u201cN\u00e9stor Kirchner\u201d del Palacio de Miraflores, el Jefe del Estado incorpor\u00f3 a los ocho [&hellip;]<\/p>\n","protected":false},"author":1,"featured_media":326250,"comment_status":"closed","ping_status":"open","sticky":false,"template":"","format":"standard","meta":{"_acf_changed":false,"footnotes":""},"categories":[65],"tags":[11667,32691,147,15581,104],"class_list":["post-326241","post","type-post","status-publish","format-standard","has-post-thumbnail","hentry","category-nacional","tag-consejo-de-ministros","tag-gabinete-minsiterial","tag-maduro","tag-nuevos-ministros","tag-venezuela"],"acf":[],"yoast_head":"<!-- This site is optimized with the Yoast SEO plugin v27.4 - https:\/\/yoast.com\/product\/yoast-seo-wordpress\/ -->\n<title>Presidente Maduro jurament\u00f3 a los nuevos ministros y ministras del Gabinete Ejecutivo - DEV RNV<\/title>\n<meta name=\"description\" content=\"El Presidente Constitucional de la Rep\u00fabica Nicol\u00e1s Maduro jurament\u00f3 este viernes a los nuevos integrantes del gabinete ejecutivo\" \/>\n<meta name=\"robots\" content=\"noindex, follow, max-snippet:-1, max-image-preview:large, max-video-preview:-1\" \/>\n<meta property=\"og:locale\" content=\"es_ES\" \/>\n<meta property=\"og:type\" content=\"article\" \/>\n<meta property=\"og:title\" content=\"Presidente Maduro jurament\u00f3 a los nuevos ministros y ministras del Gabinete Ejecutivo - DEV RNV\" \/>\n<meta property=\"og:description\" content=\"El Presidente Constitucional de la Rep\u00fabica Nicol\u00e1s Maduro jurament\u00f3 este viernes a los nuevos integrantes del gabinete ejecutivo\" \/>\n<meta property=\"og:url\" content=\"https:\/\/stage3.rnv.gob.ve\/wp\/presidente-maduro-juramento-a-nuevos-integrantes-de-su-gabinete\/\" \/>\n<meta property=\"og:site_name\" content=\"DEV RNV\" \/>\n<meta property=\"article:publisher\" content=\"https:\/\/www.facebook.com\/RadioNacionaldeVenezuela\" \/>\n<meta property=\"article:published_time\" content=\"2021-08-20T23:28:42+00:00\" \/>\n<meta name=\"author\" content=\"administrador\" \/>\n<meta name=\"twitter:card\" content=\"summary_large_image\" \/>\n<meta name=\"twitter:creator\" content=\"@RNVinformativa\" \/>\n<meta name=\"twitter:site\" content=\"@RNVinformativa\" \/>\n<meta name=\"twitter:label1\" content=\"Escrito por\" \/>\n\t<meta name=\"twitter:data1\" content=\"administrador\" \/>\n\t<meta name=\"twitter:label2\" content=\"Tiempo estimado de lectura\" \/>\n\t<meta name=\"twitter:data2\" content=\"3 minutos\" \/>\n<script type=\"application\/ld+json\" class=\"yoast-schema-graph\">{\"@context\":\"https:\\\/\\\/schema.org\",\"@graph\":[{\"@type\":\"Article\",\"@id\":\"https:\\\/\\\/stage3.rnv.gob.ve\\\/wp\\\/presidente-maduro-juramento-a-nuevos-integrantes-de-su-gabinete\\\/#article\",\"isPartOf\":{\"@id\":\"https:\\\/\\\/stage3.rnv.gob.ve\\\/wp\\\/presidente-maduro-juramento-a-nuevos-integrantes-de-su-gabinete\\\/\"},\"author\":{\"name\":\"administrador\",\"@id\":\"https:\\\/\\\/stage3.rnv.gob.ve\\\/wp\\\/#\\\/schema\\\/person\\\/0862ce8cde332e0bc63b8a243f0eea2c\"},\"headline\":\"Presidente Maduro jurament\u00f3 a los nuevos ministros y ministras del Gabinete Ejecutivo\",\"datePublished\":\"2021-08-20T23:28:42+00:00\",\"mainEntityOfPage\":{\"@id\":\"https:\\\/\\\/stage3.rnv.gob.ve\\\/wp\\\/presidente-maduro-juramento-a-nuevos-integrantes-de-su-gabinete\\\/\"},\"wordCount\":556,\"publisher\":{\"@id\":\"https:\\\/\\\/stage3.rnv.gob.ve\\\/wp\\\/#organization\"},\"image\":{\"@id\":\"https:\\\/\\\/stage3.rnv.gob.ve\\\/wp\\\/presidente-maduro-juramento-a-nuevos-integrantes-de-su-gabinete\\\/#primaryimage\"},\"thumbnailUrl\":\"\",\"keywords\":[\"Consejo de Ministros\",\"Gabinete Minsiterial\",\"maduro\",\"nuevos ministros\",\"Venezuela\"],\"articleSection\":[\"Nacional\"],\"inLanguage\":\"es\"},{\"@type\":\"WebPage\",\"@id\":\"https:\\\/\\\/stage3.rnv.gob.ve\\\/wp\\\/presidente-maduro-juramento-a-nuevos-integrantes-de-su-gabinete\\\/\",\"url\":\"https:\\\/\\\/stage3.rnv.gob.ve\\\/wp\\\/presidente-maduro-juramento-a-nuevos-integrantes-de-su-gabinete\\\/\",\"name\":\"Presidente Maduro jurament\u00f3 a los nuevos ministros y ministras del Gabinete Ejecutivo - DEV RNV\",\"isPartOf\":{\"@id\":\"https:\\\/\\\/stage3.rnv.gob.ve\\\/wp\\\/#website\"},\"primaryImageOfPage\":{\"@id\":\"https:\\\/\\\/stage3.rnv.gob.ve\\\/wp\\\/presidente-maduro-juramento-a-nuevos-integrantes-de-su-gabinete\\\/#primaryimage\"},\"image\":{\"@id\":\"https:\\\/\\\/stage3.rnv.gob.ve\\\/wp\\\/presidente-maduro-juramento-a-nuevos-integrantes-de-su-gabinete\\\/#primaryimage\"},\"thumbnailUrl\":\"\",\"datePublished\":\"2021-08-20T23:28:42+00:00\",\"description\":\"El Presidente Constitucional de la Rep\u00fabica Nicol\u00e1s Maduro jurament\u00f3 este viernes a los nuevos integrantes del gabinete ejecutivo\",\"breadcrumb\":{\"@id\":\"https:\\\/\\\/stage3.rnv.gob.ve\\\/wp\\\/presidente-maduro-juramento-a-nuevos-integrantes-de-su-gabinete\\\/#breadcrumb\"},\"inLanguage\":\"es\",\"potentialAction\":[{\"@type\":\"ReadAction\",\"target\":[\"https:\\\/\\\/stage3.rnv.gob.ve\\\/wp\\\/presidente-maduro-juramento-a-nuevos-integrantes-de-su-gabinete\\\/\"]}]},{\"@type\":\"ImageObject\",\"inLanguage\":\"es\",\"@id\":\"https:\\\/\\\/stage3.rnv.gob.ve\\\/wp\\\/presidente-maduro-juramento-a-nuevos-integrantes-de-su-gabinete\\\/#primaryimage\",\"url\":\"\",\"contentUrl\":\"\"},{\"@type\":\"BreadcrumbList\",\"@id\":\"https:\\\/\\\/stage3.rnv.gob.ve\\\/wp\\\/presidente-maduro-juramento-a-nuevos-integrantes-de-su-gabinete\\\/#breadcrumb\",\"itemListElement\":[{\"@type\":\"ListItem\",\"position\":1,\"name\":\"Portada\",\"item\":\"https:\\\/\\\/stage3.rnv.gob.ve\\\/wp\\\/\"},{\"@type\":\"ListItem\",\"position\":2,\"name\":\"Presidente Maduro Jurament\u00f3 A Los Nuevos Ministros Y Ministras Del Gabinete Ejecutivo\"}]},{\"@type\":\"WebSite\",\"@id\":\"https:\\\/\\\/stage3.rnv.gob.ve\\\/wp\\\/#website\",\"url\":\"https:\\\/\\\/stage3.rnv.gob.ve\\\/wp\\\/\",\"name\":\"DEV RNV\",\"description\":\"Radio Nacional de Venezuela C.A.\",\"publisher\":{\"@id\":\"https:\\\/\\\/stage3.rnv.gob.ve\\\/wp\\\/#organization\"},\"potentialAction\":[{\"@type\":\"SearchAction\",\"target\":{\"@type\":\"EntryPoint\",\"urlTemplate\":\"https:\\\/\\\/stage3.rnv.gob.ve\\\/wp\\\/?s={search_term_string}\"},\"query-input\":{\"@type\":\"PropertyValueSpecification\",\"valueRequired\":true,\"valueName\":\"search_term_string\"}}],\"inLanguage\":\"es\"},{\"@type\":\"Organization\",\"@id\":\"https:\\\/\\\/stage3.rnv.gob.ve\\\/wp\\\/#organization\",\"name\":\"Radio Nacional de Venezuela C.A.\",\"url\":\"https:\\\/\\\/stage3.rnv.gob.ve\\\/wp\\\/\",\"logo\":{\"@type\":\"ImageObject\",\"inLanguage\":\"es\",\"@id\":\"https:\\\/\\\/stage3.rnv.gob.ve\\\/wp\\\/#\\\/schema\\\/logo\\\/image\\\/\",\"url\":\"http:\\\/\\\/rnv.ddns.net\\\/prensa\\\/wp-content\\\/uploads\\\/2022\\\/04\\\/rnv-1-300x227-1.jpg\",\"contentUrl\":\"http:\\\/\\\/rnv.ddns.net\\\/prensa\\\/wp-content\\\/uploads\\\/2022\\\/04\\\/rnv-1-300x227-1.jpg\",\"width\":800,\"height\":455,\"caption\":\"Radio Nacional de Venezuela C.A.\"},\"image\":{\"@id\":\"https:\\\/\\\/stage3.rnv.gob.ve\\\/wp\\\/#\\\/schema\\\/logo\\\/image\\\/\"},\"sameAs\":[\"https:\\\/\\\/www.facebook.com\\\/RadioNacionaldeVenezuela\",\"https:\\\/\\\/x.com\\\/RNVinformativa\",\"https:\\\/\\\/www.instagram.com\\\/rnvinformativa\\\/\",\"https:\\\/\\\/www.youtube.com\\\/user\\\/RNVContigo\"]},{\"@type\":\"Person\",\"@id\":\"https:\\\/\\\/stage3.rnv.gob.ve\\\/wp\\\/#\\\/schema\\\/person\\\/0862ce8cde332e0bc63b8a243f0eea2c\",\"name\":\"administrador\",\"sameAs\":[\"http:\\\/\\\/arnoldoeloy.net\"],\"url\":\"https:\\\/\\\/stage3.rnv.gob.ve\\\/wp\\\/author\\\/administrador\\\/\"}]}<\/script>\n<!-- \/ Yoast SEO plugin. -->","yoast_head_json":{"title":"Presidente Maduro jurament\u00f3 a los nuevos ministros y ministras del Gabinete Ejecutivo - DEV RNV","description":"El Presidente Constitucional de la Rep\u00fabica Nicol\u00e1s Maduro jurament\u00f3 este viernes a los nuevos integrantes del gabinete ejecutivo","robots":{"index":"noindex","follow":"follow","max-snippet":"max-snippet:-1","max-image-preview":"max-image-preview:large","max-video-preview":"max-video-preview:-1"},"og_locale":"es_ES","og_type":"article","og_title":"Presidente Maduro jurament\u00f3 a los nuevos ministros y ministras del Gabinete Ejecutivo - DEV RNV","og_description":"El Presidente Constitucional de la Rep\u00fabica Nicol\u00e1s Maduro jurament\u00f3 este viernes a los nuevos integrantes del gabinete ejecutivo","og_url":"https:\/\/stage3.rnv.gob.ve\/wp\/presidente-maduro-juramento-a-nuevos-integrantes-de-su-gabinete\/","og_site_name":"DEV RNV","article_publisher":"https:\/\/www.facebook.com\/RadioNacionaldeVenezuela","article_published_time":"2021-08-20T23:28:42+00:00","author":"administrador","twitter_card":"summary_large_image","twitter_creator":"@RNVinformativa","twitter_site":"@RNVinformativa","twitter_misc":{"Escrito por":"administrador","Tiempo estimado de lectura":"3 minutos"},"schema":{"@context":"https:\/\/schema.org","@graph":[{"@type":"Article","@id":"https:\/\/stage3.rnv.gob.ve\/wp\/presidente-maduro-juramento-a-nuevos-integrantes-de-su-gabinete\/#article","isPartOf":{"@id":"https:\/\/stage3.rnv.gob.ve\/wp\/presidente-maduro-juramento-a-nuevos-integrantes-de-su-gabinete\/"},"author":{"name":"administrador","@id":"https:\/\/stage3.rnv.gob.ve\/wp\/#\/schema\/person\/0862ce8cde332e0bc63b8a243f0eea2c"},"headline":"Presidente Maduro jurament\u00f3 a los nuevos ministros y ministras del Gabinete Ejecutivo","datePublished":"2021-08-20T23:28:42+00:00","mainEntityOfPage":{"@id":"https:\/\/stage3.rnv.gob.ve\/wp\/presidente-maduro-juramento-a-nuevos-integrantes-de-su-gabinete\/"},"wordCount":556,"publisher":{"@id":"https:\/\/stage3.rnv.gob.ve\/wp\/#organization"},"image":{"@id":"https:\/\/stage3.rnv.gob.ve\/wp\/presidente-maduro-juramento-a-nuevos-integrantes-de-su-gabinete\/#primaryimage"},"thumbnailUrl":"","keywords":["Consejo de Ministros","Gabinete Minsiterial","maduro","nuevos ministros","Venezuela"],"articleSection":["Nacional"],"inLanguage":"es"},{"@type":"WebPage","@id":"https:\/\/stage3.rnv.gob.ve\/wp\/presidente-maduro-juramento-a-nuevos-integrantes-de-su-gabinete\/","url":"https:\/\/stage3.rnv.gob.ve\/wp\/presidente-maduro-juramento-a-nuevos-integrantes-de-su-gabinete\/","name":"Presidente Maduro jurament\u00f3 a los nuevos ministros y ministras del Gabinete Ejecutivo - DEV RNV","isPartOf":{"@id":"https:\/\/stage3.rnv.gob.ve\/wp\/#website"},"primaryImageOfPage":{"@id":"https:\/\/stage3.rnv.gob.ve\/wp\/presidente-maduro-juramento-a-nuevos-integrantes-de-su-gabinete\/#primaryimage"},"image":{"@id":"https:\/\/stage3.rnv.gob.ve\/wp\/presidente-maduro-juramento-a-nuevos-integrantes-de-su-gabinete\/#primaryimage"},"thumbnailUrl":"","datePublished":"2021-08-20T23:28:42+00:00","description":"El Presidente Constitucional de la Rep\u00fabica Nicol\u00e1s Maduro jurament\u00f3 este viernes a los nuevos integrantes del gabinete ejecutivo","breadcrumb":{"@id":"https:\/\/stage3.rnv.gob.ve\/wp\/presidente-maduro-juramento-a-nuevos-integrantes-de-su-gabinete\/#breadcrumb"},"inLanguage":"es","potentialAction":[{"@type":"ReadAction","target":["https:\/\/stage3.rnv.gob.ve\/wp\/presidente-maduro-juramento-a-nuevos-integrantes-de-su-gabinete\/"]}]},{"@type":"ImageObject","inLanguage":"es","@id":"https:\/\/stage3.rnv.gob.ve\/wp\/presidente-maduro-juramento-a-nuevos-integrantes-de-su-gabinete\/#primaryimage","url":"","contentUrl":""},{"@type":"BreadcrumbList","@id":"https:\/\/stage3.rnv.gob.ve\/wp\/presidente-maduro-juramento-a-nuevos-integrantes-de-su-gabinete\/#breadcrumb","itemListElement":[{"@type":"ListItem","position":1,"name":"Portada","item":"https:\/\/stage3.rnv.gob.ve\/wp\/"},{"@type":"ListItem","position":2,"name":"Presidente Maduro Jurament\u00f3 A Los Nuevos Ministros Y Ministras Del Gabinete Ejecutivo"}]},{"@type":"WebSite","@id":"https:\/\/stage3.rnv.gob.ve\/wp\/#website","url":"https:\/\/stage3.rnv.gob.ve\/wp\/","name":"DEV RNV","description":"Radio Nacional de Venezuela C.A.","publisher":{"@id":"https:\/\/stage3.rnv.gob.ve\/wp\/#organization"},"potentialAction":[{"@type":"SearchAction","target":{"@type":"EntryPoint","urlTemplate":"https:\/\/stage3.rnv.gob.ve\/wp\/?s={search_term_string}"},"query-input":{"@type":"PropertyValueSpecification","valueRequired":true,"valueName":"search_term_string"}}],"inLanguage":"es"},{"@type":"Organization","@id":"https:\/\/stage3.rnv.gob.ve\/wp\/#organization","name":"Radio Nacional de Venezuela C.A.","url":"https:\/\/stage3.rnv.gob.ve\/wp\/","logo":{"@type":"ImageObject","inLanguage":"es","@id":"https:\/\/stage3.rnv.gob.ve\/wp\/#\/schema\/logo\/image\/","url":"http:\/\/rnv.ddns.net\/prensa\/wp-content\/uploads\/2022\/04\/rnv-1-300x227-1.jpg","contentUrl":"http:\/\/rnv.ddns.net\/prensa\/wp-content\/uploads\/2022\/04\/rnv-1-300x227-1.jpg","width":800,"height":455,"caption":"Radio Nacional de Venezuela C.A."},"image":{"@id":"https:\/\/stage3.rnv.gob.ve\/wp\/#\/schema\/logo\/image\/"},"sameAs":["https:\/\/www.facebook.com\/RadioNacionaldeVenezuela","https:\/\/x.com\/RNVinformativa","https:\/\/www.instagram.com\/rnvinformativa\/","https:\/\/www.youtube.com\/user\/RNVContigo"]},{"@type":"Person","@id":"https:\/\/stage3.rnv.gob.ve\/wp\/#\/schema\/person\/0862ce8cde332e0bc63b8a243f0eea2c","name":"administrador","sameAs":["http:\/\/arnoldoeloy.net"],"url":"https:\/\/stage3.rnv.gob.ve\/wp\/author\/administrador\/"}]}},"jetpack_featured_media_url":"","_links":{"self":[{"href":"https:\/\/stage3.rnv.gob.ve\/wp\/wp-json\/wp\/v2\/posts\/326241","targetHints":{"allow":["GET"]}}],"collection":[{"href":"https:\/\/stage3.rnv.gob.ve\/wp\/wp-json\/wp\/v2\/posts"}],"about":[{"href":"https:\/\/stage3.rnv.gob.ve\/wp\/wp-json\/wp\/v2\/types\/post"}],"author":[{"embeddable":true,"href":"https:\/\/stage3.rnv.gob.ve\/wp\/wp-json\/wp\/v2\/users\/1"}],"replies":[{"embeddable":true,"href":"https:\/\/stage3.rnv.gob.ve\/wp\/wp-json\/wp\/v2\/comments?post=326241"}],"version-history":[{"count":0,"href":"https:\/\/stage3.rnv.gob.ve\/wp\/wp-json\/wp\/v2\/posts\/326241\/revisions"}],"wp:featuredmedia":[{"embeddable":true,"href":"https:\/\/stage3.rnv.gob.ve\/wp\/wp-json\/"}],"wp:attachment":[{"href":"https:\/\/stage3.rnv.gob.ve\/wp\/wp-json\/wp\/v2\/media?parent=326241"}],"wp:term":[{"taxonomy":"category","embeddable":true,"href":"https:\/\/stage3.rnv.gob.ve\/wp\/wp-json\/wp\/v2\/categories?post=326241"},{"taxonomy":"post_tag","embeddable":true,"href":"https:\/\/stage3.rnv.gob.ve\/wp\/wp-json\/wp\/v2\/tags?post=326241"}],"curies":[{"name":"wp","href":"https:\/\/api.w.org\/{rel}","templated":true}]}}