{"id":32426,"date":"2016-05-27T11:23:00","date_gmt":"2016-05-27T15:53:00","guid":{"rendered":"http:\/\/wpeditor.rnv.gob.ve\/?p=32426"},"modified":"2016-05-27T11:23:00","modified_gmt":"2016-05-27T15:53:00","slug":"150-expositores-participan-en-muestra-agrourbana-somos-todas-y-todos","status":"publish","type":"post","link":"https:\/\/stage3.rnv.gob.ve\/wp\/150-expositores-participan-en-muestra-agrourbana-somos-todas-y-todos\/","title":{"rendered":"150 expositores participan en muestra Agrourbana somos todas y todos"},"content":{"rendered":"<div class=\"arriba\">\n<div class=\"inside\">\n<div class=\"panels_pane panel-pane pane-views pane-nodos\">\n<div class=\"pane-content\">\n<div class=\"views_view view view-Nodos view-id-Nodos view-display-id-block_1 view-dom-id-c999cec82a8de7a355936b3295d93f39\">\n<div class=\"view-content\">\n<div class=\"views-row views-row-1 views-row-odd views-row-first views-row-last\">\n<div class=\"noticia-encabezado\">\n<div class=\"titulo\">\n<figure id=\"attachment_32427\" aria-describedby=\"caption-attachment-32427\" style=\"width: 600px\" class=\"wp-caption aligncenter\"><img fetchpriority=\"high\" decoding=\"async\" class=\"size-full wp-image-32427\" src=\"http:\/\/wpeditor.rnv.gob.ve\/app\/uploads\/2016\/05\/CjAZq3CWEAAhGd4.jpg\" alt=\"Foto: archivo\" width=\"600\" height=\"338\" \/><figcaption id=\"caption-attachment-32427\" class=\"wp-caption-text\">Foto: archivo<\/figcaption><\/figure><br \/>\nM\u00e1s de 150 productores exponen sus rubros en la muestra agroecol\u00f3gica\u00a0\u00abAgrourbana somos todas y todos\u00bb, que se desarrolla en el Parque de Feria San Jacinto, en Maracay, estado Aragua.\n<\/div>\n<\/div>\n<\/div>\n<\/div>\n<\/div>\n<\/div>\n<\/div>\n<\/div>\n<\/div>\n<p><!--more--><\/p>\n<div class=\"medio\">\n<div class=\"izquierda\">\n<div class=\"inside\">\n<div class=\"panels_pane panel-pane pane-views pane-nodos\">\n<div class=\"pane-content\">\n<div class=\"views_view view view-Nodos view-id-Nodos view-display-id-block_2 view-dom-id-7412425386b6e8228b36f9979409c0dc\">\n<div class=\"view-content\">\n<div class=\"views-row views-row-1 views-row-odd views-row-first views-row-last\">\n<div class=\"noticia-cuerpo\">\n<div class=\"contenido\">\n<div>\nEn la muestra vinculada al Plan de 100 D\u00edas de Agricultura Urbana, se encuentran presentes la ministra del \u00e1rea, Lorena Freites; voceros de las brigadas ecol\u00f3gicas, unidades productivas y miembros del Poder Popular.\n<\/div>\n<p>El nuevo modelo alternativo de producci\u00f3n agr\u00edcola urbana que impulsa la Revoluci\u00f3n Bolivariana en el pa\u00eds rescata y defiende el valor de la semilla aut\u00f3ctona, la cultura de la emancipaci\u00f3n y de la soberan\u00eda en el \u00e1mbito productivo, indic\u00f3 este viernes la ministra Freitez.<br \/>\n\u00abA partir de todo este movimiento de agricultura urbana tenemos que lograr que las nuevas generaciones sientan que la agricultura es el oficio m\u00e1s valorado, m\u00e1s digno. Pr\u00e1cticamente hoy los agricultores y agricultoras del pa\u00eds son h\u00e9roes y son la nueva vanguardia de la revoluci\u00f3n que deben ocupar un lugar fundamental\u00bb, asever\u00f3 durante la muestra \u00abAgrourbana Somos Todas y Todos\u00bb.<br \/>\nEn la actividad, indic\u00f3\u00a0que el modelo alternativo agr\u00edcola diversifica la producci\u00f3n a trav\u00e9s de la participaci\u00f3n del poder popular organizado, incluso en peque\u00f1os espacios, para dar respuesta a la necesidad del pueblo, y subray\u00f3 que el reto hoy es lograr visibilizar una gran red nacional al respecto.<br \/>\n&nbsp;<br \/>\n<strong>Escuche a\u00a0Lorena Freitez<\/strong><br \/>\n<audio class=\"wp-audio-shortcode\" id=\"audio-32426-1\" preload=\"none\" style=\"width: 100%;\" controls=\"controls\"><source type=\"audio\/mpeg\" src=\"http:\/\/wpeditor.rnv.gob.ve\/app\/uploads\/2016\/05\/LORENA.mp3?_=1\" \/><a href=\"http:\/\/wpeditor.rnv.gob.ve\/app\/uploads\/2016\/05\/LORENA.mp3\">http:\/\/wpeditor.rnv.gob.ve\/app\/uploads\/2016\/05\/LORENA.mp3<\/a><\/audio><br \/>\n<strong>T\/AVN<\/strong>\n<\/div>\n<\/div>\n<\/div>\n<\/div>\n<\/div>\n<\/div>\n<\/div>\n<\/div>\n<\/div>\n<\/div>\n","protected":false},"excerpt":{"rendered":"<p>M\u00e1s de 150 productores exponen sus rubros en la muestra agroecol\u00f3gica\u00a0\u00abAgrourbana somos todas y todos\u00bb, que se desarrolla en el Parque de Feria San Jacinto, en Maracay, estado Aragua.<\/p>\n","protected":false},"author":5,"featured_media":32427,"comment_status":"closed","ping_status":"open","sticky":false,"template":"","format":"standard","meta":{"_acf_changed":false,"footnotes":""},"categories":[58],"tags":[4914,4915,4916],"class_list":["post-32426","post","type-post","status-publish","format-standard","has-post-thumbnail","hentry","category-economia","tag-agrourbana","tag-expositores","tag-muestras"],"acf":[],"yoast_head":"<!-- This site is optimized with the Yoast SEO plugin v27.4 - https:\/\/yoast.com\/product\/yoast-seo-wordpress\/ -->\n<title>150 expositores participan en muestra Agrourbana somos todas y todos - DEV RNV<\/title>\n<meta name=\"robots\" content=\"noindex, follow, max-snippet:-1, max-image-preview:large, max-video-preview:-1\" \/>\n<meta property=\"og:locale\" content=\"es_ES\" \/>\n<meta property=\"og:type\" content=\"article\" \/>\n<meta property=\"og:title\" content=\"150 expositores participan en muestra Agrourbana somos todas y todos - DEV RNV\" \/>\n<meta property=\"og:description\" content=\"M\u00e1s de 150 productores exponen sus rubros en la muestra agroecol\u00f3gica\u00a0\u00abAgrourbana somos todas y todos\u00bb, que se desarrolla en el Parque de Feria San Jacinto, en Maracay, estado Aragua.\" \/>\n<meta property=\"og:url\" content=\"https:\/\/stage3.rnv.gob.ve\/wp\/150-expositores-participan-en-muestra-agrourbana-somos-todas-y-todos\/\" \/>\n<meta property=\"og:site_name\" content=\"DEV RNV\" \/>\n<meta property=\"article:publisher\" content=\"https:\/\/www.facebook.com\/RadioNacionaldeVenezuela\" \/>\n<meta property=\"article:published_time\" content=\"2016-05-27T15:53:00+00:00\" \/>\n<meta name=\"author\" content=\"Dennis Contreras\" \/>\n<meta name=\"twitter:card\" content=\"summary_large_image\" \/>\n<meta name=\"twitter:creator\" content=\"@RNVinformativa\" \/>\n<meta name=\"twitter:site\" content=\"@RNVinformativa\" \/>\n<meta name=\"twitter:label1\" content=\"Escrito por\" \/>\n\t<meta name=\"twitter:data1\" content=\"Dennis Contreras\" \/>\n\t<meta name=\"twitter:label2\" content=\"Tiempo estimado de lectura\" \/>\n\t<meta name=\"twitter:data2\" content=\"1 minuto\" \/>\n<script type=\"application\/ld+json\" class=\"yoast-schema-graph\">{\"@context\":\"https:\\\/\\\/schema.org\",\"@graph\":[{\"@type\":\"Article\",\"@id\":\"https:\\\/\\\/stage3.rnv.gob.ve\\\/wp\\\/150-expositores-participan-en-muestra-agrourbana-somos-todas-y-todos\\\/#article\",\"isPartOf\":{\"@id\":\"https:\\\/\\\/stage3.rnv.gob.ve\\\/wp\\\/150-expositores-participan-en-muestra-agrourbana-somos-todas-y-todos\\\/\"},\"author\":{\"name\":\"Dennis Contreras\",\"@id\":\"https:\\\/\\\/stage3.rnv.gob.ve\\\/wp\\\/#\\\/schema\\\/person\\\/991592202fc6b714a00cdb0d400e4440\"},\"headline\":\"150 expositores participan en muestra Agrourbana somos todas y todos\",\"datePublished\":\"2016-05-27T15:53:00+00:00\",\"mainEntityOfPage\":{\"@id\":\"https:\\\/\\\/stage3.rnv.gob.ve\\\/wp\\\/150-expositores-participan-en-muestra-agrourbana-somos-todas-y-todos\\\/\"},\"wordCount\":272,\"publisher\":{\"@id\":\"https:\\\/\\\/stage3.rnv.gob.ve\\\/wp\\\/#organization\"},\"image\":{\"@id\":\"https:\\\/\\\/stage3.rnv.gob.ve\\\/wp\\\/150-expositores-participan-en-muestra-agrourbana-somos-todas-y-todos\\\/#primaryimage\"},\"thumbnailUrl\":\"\",\"keywords\":[\"agrourbana\",\"expositores\",\"muestras\"],\"articleSection\":[\"Econom\u00eda\"],\"inLanguage\":\"es\"},{\"@type\":\"WebPage\",\"@id\":\"https:\\\/\\\/stage3.rnv.gob.ve\\\/wp\\\/150-expositores-participan-en-muestra-agrourbana-somos-todas-y-todos\\\/\",\"url\":\"https:\\\/\\\/stage3.rnv.gob.ve\\\/wp\\\/150-expositores-participan-en-muestra-agrourbana-somos-todas-y-todos\\\/\",\"name\":\"150 expositores participan en muestra Agrourbana somos todas y todos - DEV RNV\",\"isPartOf\":{\"@id\":\"https:\\\/\\\/stage3.rnv.gob.ve\\\/wp\\\/#website\"},\"primaryImageOfPage\":{\"@id\":\"https:\\\/\\\/stage3.rnv.gob.ve\\\/wp\\\/150-expositores-participan-en-muestra-agrourbana-somos-todas-y-todos\\\/#primaryimage\"},\"image\":{\"@id\":\"https:\\\/\\\/stage3.rnv.gob.ve\\\/wp\\\/150-expositores-participan-en-muestra-agrourbana-somos-todas-y-todos\\\/#primaryimage\"},\"thumbnailUrl\":\"\",\"datePublished\":\"2016-05-27T15:53:00+00:00\",\"breadcrumb\":{\"@id\":\"https:\\\/\\\/stage3.rnv.gob.ve\\\/wp\\\/150-expositores-participan-en-muestra-agrourbana-somos-todas-y-todos\\\/#breadcrumb\"},\"inLanguage\":\"es\",\"potentialAction\":[{\"@type\":\"ReadAction\",\"target\":[\"https:\\\/\\\/stage3.rnv.gob.ve\\\/wp\\\/150-expositores-participan-en-muestra-agrourbana-somos-todas-y-todos\\\/\"]}]},{\"@type\":\"ImageObject\",\"inLanguage\":\"es\",\"@id\":\"https:\\\/\\\/stage3.rnv.gob.ve\\\/wp\\\/150-expositores-participan-en-muestra-agrourbana-somos-todas-y-todos\\\/#primaryimage\",\"url\":\"\",\"contentUrl\":\"\"},{\"@type\":\"BreadcrumbList\",\"@id\":\"https:\\\/\\\/stage3.rnv.gob.ve\\\/wp\\\/150-expositores-participan-en-muestra-agrourbana-somos-todas-y-todos\\\/#breadcrumb\",\"itemListElement\":[{\"@type\":\"ListItem\",\"position\":1,\"name\":\"Portada\",\"item\":\"https:\\\/\\\/stage3.rnv.gob.ve\\\/wp\\\/\"},{\"@type\":\"ListItem\",\"position\":2,\"name\":\"150 Expositores Participan En Muestra Agrourbana Somos Todas Y Todos\"}]},{\"@type\":\"WebSite\",\"@id\":\"https:\\\/\\\/stage3.rnv.gob.ve\\\/wp\\\/#website\",\"url\":\"https:\\\/\\\/stage3.rnv.gob.ve\\\/wp\\\/\",\"name\":\"DEV RNV\",\"description\":\"Radio Nacional de Venezuela C.A.\",\"publisher\":{\"@id\":\"https:\\\/\\\/stage3.rnv.gob.ve\\\/wp\\\/#organization\"},\"potentialAction\":[{\"@type\":\"SearchAction\",\"target\":{\"@type\":\"EntryPoint\",\"urlTemplate\":\"https:\\\/\\\/stage3.rnv.gob.ve\\\/wp\\\/?s={search_term_string}\"},\"query-input\":{\"@type\":\"PropertyValueSpecification\",\"valueRequired\":true,\"valueName\":\"search_term_string\"}}],\"inLanguage\":\"es\"},{\"@type\":\"Organization\",\"@id\":\"https:\\\/\\\/stage3.rnv.gob.ve\\\/wp\\\/#organization\",\"name\":\"Radio Nacional de Venezuela C.A.\",\"url\":\"https:\\\/\\\/stage3.rnv.gob.ve\\\/wp\\\/\",\"logo\":{\"@type\":\"ImageObject\",\"inLanguage\":\"es\",\"@id\":\"https:\\\/\\\/stage3.rnv.gob.ve\\\/wp\\\/#\\\/schema\\\/logo\\\/image\\\/\",\"url\":\"http:\\\/\\\/rnv.ddns.net\\\/prensa\\\/wp-content\\\/uploads\\\/2022\\\/04\\\/rnv-1-300x227-1.jpg\",\"contentUrl\":\"http:\\\/\\\/rnv.ddns.net\\\/prensa\\\/wp-content\\\/uploads\\\/2022\\\/04\\\/rnv-1-300x227-1.jpg\",\"width\":800,\"height\":455,\"caption\":\"Radio Nacional de Venezuela C.A.\"},\"image\":{\"@id\":\"https:\\\/\\\/stage3.rnv.gob.ve\\\/wp\\\/#\\\/schema\\\/logo\\\/image\\\/\"},\"sameAs\":[\"https:\\\/\\\/www.facebook.com\\\/RadioNacionaldeVenezuela\",\"https:\\\/\\\/x.com\\\/RNVinformativa\",\"https:\\\/\\\/www.instagram.com\\\/rnvinformativa\\\/\",\"https:\\\/\\\/www.youtube.com\\\/user\\\/RNVContigo\"]},{\"@type\":\"Person\",\"@id\":\"https:\\\/\\\/stage3.rnv.gob.ve\\\/wp\\\/#\\\/schema\\\/person\\\/991592202fc6b714a00cdb0d400e4440\",\"name\":\"Dennis Contreras\",\"url\":\"https:\\\/\\\/stage3.rnv.gob.ve\\\/wp\\\/author\\\/dennis_contreras\\\/\"}]}<\/script>\n<!-- \/ Yoast SEO plugin. -->","yoast_head_json":{"title":"150 expositores participan en muestra Agrourbana somos todas y todos - DEV RNV","robots":{"index":"noindex","follow":"follow","max-snippet":"max-snippet:-1","max-image-preview":"max-image-preview:large","max-video-preview":"max-video-preview:-1"},"og_locale":"es_ES","og_type":"article","og_title":"150 expositores participan en muestra Agrourbana somos todas y todos - DEV RNV","og_description":"M\u00e1s de 150 productores exponen sus rubros en la muestra agroecol\u00f3gica\u00a0\u00abAgrourbana somos todas y todos\u00bb, que se desarrolla en el Parque de Feria San Jacinto, en Maracay, estado Aragua.","og_url":"https:\/\/stage3.rnv.gob.ve\/wp\/150-expositores-participan-en-muestra-agrourbana-somos-todas-y-todos\/","og_site_name":"DEV RNV","article_publisher":"https:\/\/www.facebook.com\/RadioNacionaldeVenezuela","article_published_time":"2016-05-27T15:53:00+00:00","author":"Dennis Contreras","twitter_card":"summary_large_image","twitter_creator":"@RNVinformativa","twitter_site":"@RNVinformativa","twitter_misc":{"Escrito por":"Dennis Contreras","Tiempo estimado de lectura":"1 minuto"},"schema":{"@context":"https:\/\/schema.org","@graph":[{"@type":"Article","@id":"https:\/\/stage3.rnv.gob.ve\/wp\/150-expositores-participan-en-muestra-agrourbana-somos-todas-y-todos\/#article","isPartOf":{"@id":"https:\/\/stage3.rnv.gob.ve\/wp\/150-expositores-participan-en-muestra-agrourbana-somos-todas-y-todos\/"},"author":{"name":"Dennis Contreras","@id":"https:\/\/stage3.rnv.gob.ve\/wp\/#\/schema\/person\/991592202fc6b714a00cdb0d400e4440"},"headline":"150 expositores participan en muestra Agrourbana somos todas y todos","datePublished":"2016-05-27T15:53:00+00:00","mainEntityOfPage":{"@id":"https:\/\/stage3.rnv.gob.ve\/wp\/150-expositores-participan-en-muestra-agrourbana-somos-todas-y-todos\/"},"wordCount":272,"publisher":{"@id":"https:\/\/stage3.rnv.gob.ve\/wp\/#organization"},"image":{"@id":"https:\/\/stage3.rnv.gob.ve\/wp\/150-expositores-participan-en-muestra-agrourbana-somos-todas-y-todos\/#primaryimage"},"thumbnailUrl":"","keywords":["agrourbana","expositores","muestras"],"articleSection":["Econom\u00eda"],"inLanguage":"es"},{"@type":"WebPage","@id":"https:\/\/stage3.rnv.gob.ve\/wp\/150-expositores-participan-en-muestra-agrourbana-somos-todas-y-todos\/","url":"https:\/\/stage3.rnv.gob.ve\/wp\/150-expositores-participan-en-muestra-agrourbana-somos-todas-y-todos\/","name":"150 expositores participan en muestra Agrourbana somos todas y todos - DEV RNV","isPartOf":{"@id":"https:\/\/stage3.rnv.gob.ve\/wp\/#website"},"primaryImageOfPage":{"@id":"https:\/\/stage3.rnv.gob.ve\/wp\/150-expositores-participan-en-muestra-agrourbana-somos-todas-y-todos\/#primaryimage"},"image":{"@id":"https:\/\/stage3.rnv.gob.ve\/wp\/150-expositores-participan-en-muestra-agrourbana-somos-todas-y-todos\/#primaryimage"},"thumbnailUrl":"","datePublished":"2016-05-27T15:53:00+00:00","breadcrumb":{"@id":"https:\/\/stage3.rnv.gob.ve\/wp\/150-expositores-participan-en-muestra-agrourbana-somos-todas-y-todos\/#breadcrumb"},"inLanguage":"es","potentialAction":[{"@type":"ReadAction","target":["https:\/\/stage3.rnv.gob.ve\/wp\/150-expositores-participan-en-muestra-agrourbana-somos-todas-y-todos\/"]}]},{"@type":"ImageObject","inLanguage":"es","@id":"https:\/\/stage3.rnv.gob.ve\/wp\/150-expositores-participan-en-muestra-agrourbana-somos-todas-y-todos\/#primaryimage","url":"","contentUrl":""},{"@type":"BreadcrumbList","@id":"https:\/\/stage3.rnv.gob.ve\/wp\/150-expositores-participan-en-muestra-agrourbana-somos-todas-y-todos\/#breadcrumb","itemListElement":[{"@type":"ListItem","position":1,"name":"Portada","item":"https:\/\/stage3.rnv.gob.ve\/wp\/"},{"@type":"ListItem","position":2,"name":"150 Expositores Participan En Muestra Agrourbana Somos Todas Y Todos"}]},{"@type":"WebSite","@id":"https:\/\/stage3.rnv.gob.ve\/wp\/#website","url":"https:\/\/stage3.rnv.gob.ve\/wp\/","name":"DEV RNV","description":"Radio Nacional de Venezuela C.A.","publisher":{"@id":"https:\/\/stage3.rnv.gob.ve\/wp\/#organization"},"potentialAction":[{"@type":"SearchAction","target":{"@type":"EntryPoint","urlTemplate":"https:\/\/stage3.rnv.gob.ve\/wp\/?s={search_term_string}"},"query-input":{"@type":"PropertyValueSpecification","valueRequired":true,"valueName":"search_term_string"}}],"inLanguage":"es"},{"@type":"Organization","@id":"https:\/\/stage3.rnv.gob.ve\/wp\/#organization","name":"Radio Nacional de Venezuela C.A.","url":"https:\/\/stage3.rnv.gob.ve\/wp\/","logo":{"@type":"ImageObject","inLanguage":"es","@id":"https:\/\/stage3.rnv.gob.ve\/wp\/#\/schema\/logo\/image\/","url":"http:\/\/rnv.ddns.net\/prensa\/wp-content\/uploads\/2022\/04\/rnv-1-300x227-1.jpg","contentUrl":"http:\/\/rnv.ddns.net\/prensa\/wp-content\/uploads\/2022\/04\/rnv-1-300x227-1.jpg","width":800,"height":455,"caption":"Radio Nacional de Venezuela C.A."},"image":{"@id":"https:\/\/stage3.rnv.gob.ve\/wp\/#\/schema\/logo\/image\/"},"sameAs":["https:\/\/www.facebook.com\/RadioNacionaldeVenezuela","https:\/\/x.com\/RNVinformativa","https:\/\/www.instagram.com\/rnvinformativa\/","https:\/\/www.youtube.com\/user\/RNVContigo"]},{"@type":"Person","@id":"https:\/\/stage3.rnv.gob.ve\/wp\/#\/schema\/person\/991592202fc6b714a00cdb0d400e4440","name":"Dennis Contreras","url":"https:\/\/stage3.rnv.gob.ve\/wp\/author\/dennis_contreras\/"}]}},"jetpack_featured_media_url":"","_links":{"self":[{"href":"https:\/\/stage3.rnv.gob.ve\/wp\/wp-json\/wp\/v2\/posts\/32426","targetHints":{"allow":["GET"]}}],"collection":[{"href":"https:\/\/stage3.rnv.gob.ve\/wp\/wp-json\/wp\/v2\/posts"}],"about":[{"href":"https:\/\/stage3.rnv.gob.ve\/wp\/wp-json\/wp\/v2\/types\/post"}],"author":[{"embeddable":true,"href":"https:\/\/stage3.rnv.gob.ve\/wp\/wp-json\/wp\/v2\/users\/5"}],"replies":[{"embeddable":true,"href":"https:\/\/stage3.rnv.gob.ve\/wp\/wp-json\/wp\/v2\/comments?post=32426"}],"version-history":[{"count":0,"href":"https:\/\/stage3.rnv.gob.ve\/wp\/wp-json\/wp\/v2\/posts\/32426\/revisions"}],"wp:featuredmedia":[{"embeddable":true,"href":"https:\/\/stage3.rnv.gob.ve\/wp\/wp-json\/"}],"wp:attachment":[{"href":"https:\/\/stage3.rnv.gob.ve\/wp\/wp-json\/wp\/v2\/media?parent=32426"}],"wp:term":[{"taxonomy":"category","embeddable":true,"href":"https:\/\/stage3.rnv.gob.ve\/wp\/wp-json\/wp\/v2\/categories?post=32426"},{"taxonomy":"post_tag","embeddable":true,"href":"https:\/\/stage3.rnv.gob.ve\/wp\/wp-json\/wp\/v2\/tags?post=32426"}],"curies":[{"name":"wp","href":"https:\/\/api.w.org\/{rel}","templated":true}]}}