{"id":323221,"date":"2021-07-02T20:12:44","date_gmt":"2021-07-03T00:42:44","guid":{"rendered":"https:\/\/stage3.rnv.gob.ve\/wp\/?p=323221"},"modified":"2021-07-02T20:12:44","modified_gmt":"2021-07-03T00:42:44","slug":"maduro-comando-sur-y-la-cia-preparan-plan-magnicida-desde-colombia","status":"publish","type":"post","link":"https:\/\/stage3.rnv.gob.ve\/wp\/maduro-comando-sur-y-la-cia-preparan-plan-magnicida-desde-colombia\/","title":{"rendered":"Maduro: Comando Sur y la CIA preparan plan magnicida desde Colombia"},"content":{"rendered":"<figure id=\"attachment_323226\" aria-describedby=\"caption-attachment-323226\" style=\"width: 700px\" class=\"wp-caption aligncenter\"><img fetchpriority=\"high\" decoding=\"async\" class=\"wp-image-323226\" src=\"https:\/\/stage3.rnv.gob.ve\/wp\/wp-content\/uploads\/2021\/07\/20210702_192247.jpg\" alt=\"\" width=\"700\" height=\"426\" \/><figcaption id=\"caption-attachment-323226\" class=\"wp-caption-text\">Presidente Maduro reiter\u00f3 que la CIA y el Comando Sur preparan plan magnicida desde Colombia (Foto Prensa Presidencial)<\/figcaption><\/figure>\n<p>El presidente de la Rep\u00fablica,\u00a0Nicol\u00e1s Maduro, reiter\u00f3 este viernes sus denuncias sobre la planificaci\u00f3n de planes magnicida en su contra as\u00ed como contra l\u00edderes pol\u00edticos y militares de Venezuela, con participaci\u00f3n del Comando Sur, la CIA y el apoyo de Colombia, con la finalidad de desestabilizar al pa\u00eds.<\/p>\n<p>\u00abNuestras fuentes en Colombia nos aseguran que el jefe del Comando Sur y el director de la CIA han venido a preparar un plan para atentar contra mi vida y contra la vida de importantes l\u00edderes pol\u00edticos y militares de Venezuela, a eso vino Craig Faller y el director de la CIA a Colombia y para eso visitaron Brasil tambi\u00e9n, para ultimar los preparativos de un plan violento\u00bb, alert\u00f3 el Jefe del Estado.<\/p>\n<p>Durante el acto de ascensos a oficiales de la Guardia de Honor presidencial y la Direcci\u00f3n de Contrainteligencia Militar, celebrado en el Teatro de la Academia Militar, el mandatario nacional record\u00f3 que el expresidente Donald Trump dio la orden de matarle y de matar a los principales l\u00edderes pol\u00edticos y militares de la revoluci\u00f3n.<\/p>\n<p>Ante estas nuevas amenazas, reflejadas en la presencia de los m\u00e1s altos representantes de la CIA y el Comando Sur, en reuniones con funcionarios brasile\u00f1os y colombianos, el Presidente Maduro se pregunt\u00f3 si el nuevo presidente de Estados Unidos, Joe Biden habr\u00e1 cambiado la orden de Trump o incluso si est\u00e1 al tanto de estas acciones.<\/p>\n<p>\u201cAbiertamente lo intentaron una vez, y Dios puso su mano y salv\u00f3 nuestra integridad f\u00edsica, y salv\u00e1ndonos, salv\u00f3 la paz de Venezuela\u201d, record\u00f3.<\/p>\n<p>Se\u00f1al\u00f3 a este respecto que si aquel 8 de agosto hubiesen tenido \u00e9xito \u201cse hubiese desatado la furia bolivariana. Por eso le doy las gracias a la GHP y la DGCIM por haber salvado la vida y la paz de Venezuela\u201d, dijo el mandatario nacional.<\/p>\n<p>&nbsp;<\/p>\n<h5>Ascensos en la Guardia de Honor y DGCIM<\/h5>\n<p>En este contexto, el Presidente Nicol\u00e1s Maduro entreg\u00f3 las insignias de sus nuevos rangos y jerarqu\u00edas a 552 oficiales de la FANB en reconocimiento a sus m\u00e9ritos en la custodia de la paz y la integridad de la naci\u00f3n.<\/p>\n<p>Desde el Teatro de la Academia Militar del Ej\u00e9rcito de Venezuela, el jefe del Estado record\u00f3 que la Guardia de Honor fue instituida por el Libertador Sim\u00f3n Bol\u00edvar, y revitalizada por el Comandante Hugo Ch\u00e1vez, en tiempos en los que se ha fortalecido la uni\u00f3n c\u00edvico-militar.<\/p>\n<p>\u201cEste es un tiempo para revisarse internamente, revisar la trayectoria desde que entraron a las FANB, revisar lo hermoso de servir a la patria y ser leal a los valores y s\u00edmbolos de Venezuela\u201d, reflexion\u00f3.<\/p>\n<p>A este respecto se\u00f1al\u00f3 que \u201ceste ascenso tiene que ser una renovaci\u00f3n en la fe del futuro de Venezuela, porque ustedes son guardias y custodia de la integridad de toda la patria venezolana\u201d.<\/p>\n<p>El Presidente Maduro salud\u00f3 al personal militar que ha recibido sus ascensos en todo el pa\u00eds y les exhort\u00f3 a incrementar su compromiso con la Patria, al subir de rango en un a\u00f1o de mucho significado para el pa\u00eds como es el a\u00f1o del Bicentenario de Carabobo.<\/p>\n","protected":false},"excerpt":{"rendered":"<p>El presidente de la Rep\u00fablica,\u00a0Nicol\u00e1s Maduro, reiter\u00f3 este viernes sus denuncias sobre la planificaci\u00f3n de planes magnicida en su contra as\u00ed como contra l\u00edderes pol\u00edticos y militares de Venezuela, con participaci\u00f3n del Comando Sur, la CIA y el apoyo de Colombia, con la finalidad de desestabilizar al pa\u00eds. \u00abNuestras fuentes en Colombia nos aseguran que [&hellip;]<\/p>\n","protected":false},"author":1,"featured_media":323226,"comment_status":"closed","ping_status":"open","sticky":false,"template":"","format":"standard","meta":{"_acf_changed":false,"footnotes":""},"categories":[65],"tags":[2123,483,3174,147,32475,104],"class_list":["post-323221","post","type-post","status-publish","format-standard","has-post-thumbnail","hentry","category-nacional","tag-cia","tag-colombia","tag-comando-sur","tag-maduro","tag-plan-magnicida","tag-venezuela"],"acf":[],"yoast_head":"<!-- This site is optimized with the Yoast SEO plugin v27.4 - https:\/\/yoast.com\/product\/yoast-seo-wordpress\/ -->\n<title>Maduro: Comando Sur y la CIA preparan plan magnicida desde Colombia - DEV RNV<\/title>\n<meta name=\"description\" content=\"El Presidente Nicol\u00e1s Maduro denunci\u00f3 que la CIA y el Comando Sur preparan un plan magnicida desde Colombia para sembrar el caos en Venezuela\" \/>\n<meta name=\"robots\" content=\"noindex, follow, max-snippet:-1, max-image-preview:large, max-video-preview:-1\" \/>\n<meta property=\"og:locale\" content=\"es_ES\" \/>\n<meta property=\"og:type\" content=\"article\" \/>\n<meta property=\"og:title\" content=\"Maduro: Comando Sur y la CIA preparan plan magnicida desde Colombia - DEV RNV\" \/>\n<meta property=\"og:description\" content=\"El Presidente Nicol\u00e1s Maduro denunci\u00f3 que la CIA y el Comando Sur preparan un plan magnicida desde Colombia para sembrar el caos en Venezuela\" \/>\n<meta property=\"og:url\" content=\"https:\/\/stage3.rnv.gob.ve\/wp\/maduro-comando-sur-y-la-cia-preparan-plan-magnicida-desde-colombia\/\" \/>\n<meta property=\"og:site_name\" content=\"DEV RNV\" \/>\n<meta property=\"article:publisher\" content=\"https:\/\/www.facebook.com\/RadioNacionaldeVenezuela\" \/>\n<meta property=\"article:published_time\" content=\"2021-07-03T00:42:44+00:00\" \/>\n<meta name=\"author\" content=\"administrador\" \/>\n<meta name=\"twitter:card\" content=\"summary_large_image\" \/>\n<meta name=\"twitter:creator\" content=\"@RNVinformativa\" \/>\n<meta name=\"twitter:site\" content=\"@RNVinformativa\" \/>\n<meta name=\"twitter:label1\" content=\"Escrito por\" \/>\n\t<meta name=\"twitter:data1\" content=\"administrador\" \/>\n\t<meta name=\"twitter:label2\" content=\"Tiempo estimado de lectura\" \/>\n\t<meta name=\"twitter:data2\" content=\"3 minutos\" \/>\n<script type=\"application\/ld+json\" class=\"yoast-schema-graph\">{\"@context\":\"https:\\\/\\\/schema.org\",\"@graph\":[{\"@type\":\"Article\",\"@id\":\"https:\\\/\\\/stage3.rnv.gob.ve\\\/wp\\\/maduro-comando-sur-y-la-cia-preparan-plan-magnicida-desde-colombia\\\/#article\",\"isPartOf\":{\"@id\":\"https:\\\/\\\/stage3.rnv.gob.ve\\\/wp\\\/maduro-comando-sur-y-la-cia-preparan-plan-magnicida-desde-colombia\\\/\"},\"author\":{\"name\":\"administrador\",\"@id\":\"https:\\\/\\\/stage3.rnv.gob.ve\\\/wp\\\/#\\\/schema\\\/person\\\/0862ce8cde332e0bc63b8a243f0eea2c\"},\"headline\":\"Maduro: Comando Sur y la CIA preparan plan magnicida desde Colombia\",\"datePublished\":\"2021-07-03T00:42:44+00:00\",\"mainEntityOfPage\":{\"@id\":\"https:\\\/\\\/stage3.rnv.gob.ve\\\/wp\\\/maduro-comando-sur-y-la-cia-preparan-plan-magnicida-desde-colombia\\\/\"},\"wordCount\":579,\"publisher\":{\"@id\":\"https:\\\/\\\/stage3.rnv.gob.ve\\\/wp\\\/#organization\"},\"image\":{\"@id\":\"https:\\\/\\\/stage3.rnv.gob.ve\\\/wp\\\/maduro-comando-sur-y-la-cia-preparan-plan-magnicida-desde-colombia\\\/#primaryimage\"},\"thumbnailUrl\":\"\",\"keywords\":[\"CIA\",\"colombia\",\"comando sur\",\"maduro\",\"Plan Magnicida\",\"Venezuela\"],\"articleSection\":[\"Nacional\"],\"inLanguage\":\"es\"},{\"@type\":\"WebPage\",\"@id\":\"https:\\\/\\\/stage3.rnv.gob.ve\\\/wp\\\/maduro-comando-sur-y-la-cia-preparan-plan-magnicida-desde-colombia\\\/\",\"url\":\"https:\\\/\\\/stage3.rnv.gob.ve\\\/wp\\\/maduro-comando-sur-y-la-cia-preparan-plan-magnicida-desde-colombia\\\/\",\"name\":\"Maduro: Comando Sur y la CIA preparan plan magnicida desde Colombia - DEV RNV\",\"isPartOf\":{\"@id\":\"https:\\\/\\\/stage3.rnv.gob.ve\\\/wp\\\/#website\"},\"primaryImageOfPage\":{\"@id\":\"https:\\\/\\\/stage3.rnv.gob.ve\\\/wp\\\/maduro-comando-sur-y-la-cia-preparan-plan-magnicida-desde-colombia\\\/#primaryimage\"},\"image\":{\"@id\":\"https:\\\/\\\/stage3.rnv.gob.ve\\\/wp\\\/maduro-comando-sur-y-la-cia-preparan-plan-magnicida-desde-colombia\\\/#primaryimage\"},\"thumbnailUrl\":\"\",\"datePublished\":\"2021-07-03T00:42:44+00:00\",\"description\":\"El Presidente Nicol\u00e1s Maduro denunci\u00f3 que la CIA y el Comando Sur preparan un plan magnicida desde Colombia para sembrar el caos en Venezuela\",\"breadcrumb\":{\"@id\":\"https:\\\/\\\/stage3.rnv.gob.ve\\\/wp\\\/maduro-comando-sur-y-la-cia-preparan-plan-magnicida-desde-colombia\\\/#breadcrumb\"},\"inLanguage\":\"es\",\"potentialAction\":[{\"@type\":\"ReadAction\",\"target\":[\"https:\\\/\\\/stage3.rnv.gob.ve\\\/wp\\\/maduro-comando-sur-y-la-cia-preparan-plan-magnicida-desde-colombia\\\/\"]}]},{\"@type\":\"ImageObject\",\"inLanguage\":\"es\",\"@id\":\"https:\\\/\\\/stage3.rnv.gob.ve\\\/wp\\\/maduro-comando-sur-y-la-cia-preparan-plan-magnicida-desde-colombia\\\/#primaryimage\",\"url\":\"\",\"contentUrl\":\"\"},{\"@type\":\"BreadcrumbList\",\"@id\":\"https:\\\/\\\/stage3.rnv.gob.ve\\\/wp\\\/maduro-comando-sur-y-la-cia-preparan-plan-magnicida-desde-colombia\\\/#breadcrumb\",\"itemListElement\":[{\"@type\":\"ListItem\",\"position\":1,\"name\":\"Portada\",\"item\":\"https:\\\/\\\/stage3.rnv.gob.ve\\\/wp\\\/\"},{\"@type\":\"ListItem\",\"position\":2,\"name\":\"Maduro: Comando Sur Y La Cia Preparan Plan Magnicida Desde Colombia\"}]},{\"@type\":\"WebSite\",\"@id\":\"https:\\\/\\\/stage3.rnv.gob.ve\\\/wp\\\/#website\",\"url\":\"https:\\\/\\\/stage3.rnv.gob.ve\\\/wp\\\/\",\"name\":\"DEV RNV\",\"description\":\"Radio Nacional de Venezuela C.A.\",\"publisher\":{\"@id\":\"https:\\\/\\\/stage3.rnv.gob.ve\\\/wp\\\/#organization\"},\"potentialAction\":[{\"@type\":\"SearchAction\",\"target\":{\"@type\":\"EntryPoint\",\"urlTemplate\":\"https:\\\/\\\/stage3.rnv.gob.ve\\\/wp\\\/?s={search_term_string}\"},\"query-input\":{\"@type\":\"PropertyValueSpecification\",\"valueRequired\":true,\"valueName\":\"search_term_string\"}}],\"inLanguage\":\"es\"},{\"@type\":\"Organization\",\"@id\":\"https:\\\/\\\/stage3.rnv.gob.ve\\\/wp\\\/#organization\",\"name\":\"Radio Nacional de Venezuela C.A.\",\"url\":\"https:\\\/\\\/stage3.rnv.gob.ve\\\/wp\\\/\",\"logo\":{\"@type\":\"ImageObject\",\"inLanguage\":\"es\",\"@id\":\"https:\\\/\\\/stage3.rnv.gob.ve\\\/wp\\\/#\\\/schema\\\/logo\\\/image\\\/\",\"url\":\"http:\\\/\\\/rnv.ddns.net\\\/prensa\\\/wp-content\\\/uploads\\\/2022\\\/04\\\/rnv-1-300x227-1.jpg\",\"contentUrl\":\"http:\\\/\\\/rnv.ddns.net\\\/prensa\\\/wp-content\\\/uploads\\\/2022\\\/04\\\/rnv-1-300x227-1.jpg\",\"width\":800,\"height\":455,\"caption\":\"Radio Nacional de Venezuela C.A.\"},\"image\":{\"@id\":\"https:\\\/\\\/stage3.rnv.gob.ve\\\/wp\\\/#\\\/schema\\\/logo\\\/image\\\/\"},\"sameAs\":[\"https:\\\/\\\/www.facebook.com\\\/RadioNacionaldeVenezuela\",\"https:\\\/\\\/x.com\\\/RNVinformativa\",\"https:\\\/\\\/www.instagram.com\\\/rnvinformativa\\\/\",\"https:\\\/\\\/www.youtube.com\\\/user\\\/RNVContigo\"]},{\"@type\":\"Person\",\"@id\":\"https:\\\/\\\/stage3.rnv.gob.ve\\\/wp\\\/#\\\/schema\\\/person\\\/0862ce8cde332e0bc63b8a243f0eea2c\",\"name\":\"administrador\",\"sameAs\":[\"http:\\\/\\\/arnoldoeloy.net\"],\"url\":\"https:\\\/\\\/stage3.rnv.gob.ve\\\/wp\\\/author\\\/administrador\\\/\"}]}<\/script>\n<!-- \/ Yoast SEO plugin. -->","yoast_head_json":{"title":"Maduro: Comando Sur y la CIA preparan plan magnicida desde Colombia - DEV RNV","description":"El Presidente Nicol\u00e1s Maduro denunci\u00f3 que la CIA y el Comando Sur preparan un plan magnicida desde Colombia para sembrar el caos en Venezuela","robots":{"index":"noindex","follow":"follow","max-snippet":"max-snippet:-1","max-image-preview":"max-image-preview:large","max-video-preview":"max-video-preview:-1"},"og_locale":"es_ES","og_type":"article","og_title":"Maduro: Comando Sur y la CIA preparan plan magnicida desde Colombia - DEV RNV","og_description":"El Presidente Nicol\u00e1s Maduro denunci\u00f3 que la CIA y el Comando Sur preparan un plan magnicida desde Colombia para sembrar el caos en Venezuela","og_url":"https:\/\/stage3.rnv.gob.ve\/wp\/maduro-comando-sur-y-la-cia-preparan-plan-magnicida-desde-colombia\/","og_site_name":"DEV RNV","article_publisher":"https:\/\/www.facebook.com\/RadioNacionaldeVenezuela","article_published_time":"2021-07-03T00:42:44+00:00","author":"administrador","twitter_card":"summary_large_image","twitter_creator":"@RNVinformativa","twitter_site":"@RNVinformativa","twitter_misc":{"Escrito por":"administrador","Tiempo estimado de lectura":"3 minutos"},"schema":{"@context":"https:\/\/schema.org","@graph":[{"@type":"Article","@id":"https:\/\/stage3.rnv.gob.ve\/wp\/maduro-comando-sur-y-la-cia-preparan-plan-magnicida-desde-colombia\/#article","isPartOf":{"@id":"https:\/\/stage3.rnv.gob.ve\/wp\/maduro-comando-sur-y-la-cia-preparan-plan-magnicida-desde-colombia\/"},"author":{"name":"administrador","@id":"https:\/\/stage3.rnv.gob.ve\/wp\/#\/schema\/person\/0862ce8cde332e0bc63b8a243f0eea2c"},"headline":"Maduro: Comando Sur y la CIA preparan plan magnicida desde Colombia","datePublished":"2021-07-03T00:42:44+00:00","mainEntityOfPage":{"@id":"https:\/\/stage3.rnv.gob.ve\/wp\/maduro-comando-sur-y-la-cia-preparan-plan-magnicida-desde-colombia\/"},"wordCount":579,"publisher":{"@id":"https:\/\/stage3.rnv.gob.ve\/wp\/#organization"},"image":{"@id":"https:\/\/stage3.rnv.gob.ve\/wp\/maduro-comando-sur-y-la-cia-preparan-plan-magnicida-desde-colombia\/#primaryimage"},"thumbnailUrl":"","keywords":["CIA","colombia","comando sur","maduro","Plan Magnicida","Venezuela"],"articleSection":["Nacional"],"inLanguage":"es"},{"@type":"WebPage","@id":"https:\/\/stage3.rnv.gob.ve\/wp\/maduro-comando-sur-y-la-cia-preparan-plan-magnicida-desde-colombia\/","url":"https:\/\/stage3.rnv.gob.ve\/wp\/maduro-comando-sur-y-la-cia-preparan-plan-magnicida-desde-colombia\/","name":"Maduro: Comando Sur y la CIA preparan plan magnicida desde Colombia - DEV RNV","isPartOf":{"@id":"https:\/\/stage3.rnv.gob.ve\/wp\/#website"},"primaryImageOfPage":{"@id":"https:\/\/stage3.rnv.gob.ve\/wp\/maduro-comando-sur-y-la-cia-preparan-plan-magnicida-desde-colombia\/#primaryimage"},"image":{"@id":"https:\/\/stage3.rnv.gob.ve\/wp\/maduro-comando-sur-y-la-cia-preparan-plan-magnicida-desde-colombia\/#primaryimage"},"thumbnailUrl":"","datePublished":"2021-07-03T00:42:44+00:00","description":"El Presidente Nicol\u00e1s Maduro denunci\u00f3 que la CIA y el Comando Sur preparan un plan magnicida desde Colombia para sembrar el caos en Venezuela","breadcrumb":{"@id":"https:\/\/stage3.rnv.gob.ve\/wp\/maduro-comando-sur-y-la-cia-preparan-plan-magnicida-desde-colombia\/#breadcrumb"},"inLanguage":"es","potentialAction":[{"@type":"ReadAction","target":["https:\/\/stage3.rnv.gob.ve\/wp\/maduro-comando-sur-y-la-cia-preparan-plan-magnicida-desde-colombia\/"]}]},{"@type":"ImageObject","inLanguage":"es","@id":"https:\/\/stage3.rnv.gob.ve\/wp\/maduro-comando-sur-y-la-cia-preparan-plan-magnicida-desde-colombia\/#primaryimage","url":"","contentUrl":""},{"@type":"BreadcrumbList","@id":"https:\/\/stage3.rnv.gob.ve\/wp\/maduro-comando-sur-y-la-cia-preparan-plan-magnicida-desde-colombia\/#breadcrumb","itemListElement":[{"@type":"ListItem","position":1,"name":"Portada","item":"https:\/\/stage3.rnv.gob.ve\/wp\/"},{"@type":"ListItem","position":2,"name":"Maduro: Comando Sur Y La Cia Preparan Plan Magnicida Desde Colombia"}]},{"@type":"WebSite","@id":"https:\/\/stage3.rnv.gob.ve\/wp\/#website","url":"https:\/\/stage3.rnv.gob.ve\/wp\/","name":"DEV RNV","description":"Radio Nacional de Venezuela C.A.","publisher":{"@id":"https:\/\/stage3.rnv.gob.ve\/wp\/#organization"},"potentialAction":[{"@type":"SearchAction","target":{"@type":"EntryPoint","urlTemplate":"https:\/\/stage3.rnv.gob.ve\/wp\/?s={search_term_string}"},"query-input":{"@type":"PropertyValueSpecification","valueRequired":true,"valueName":"search_term_string"}}],"inLanguage":"es"},{"@type":"Organization","@id":"https:\/\/stage3.rnv.gob.ve\/wp\/#organization","name":"Radio Nacional de Venezuela C.A.","url":"https:\/\/stage3.rnv.gob.ve\/wp\/","logo":{"@type":"ImageObject","inLanguage":"es","@id":"https:\/\/stage3.rnv.gob.ve\/wp\/#\/schema\/logo\/image\/","url":"http:\/\/rnv.ddns.net\/prensa\/wp-content\/uploads\/2022\/04\/rnv-1-300x227-1.jpg","contentUrl":"http:\/\/rnv.ddns.net\/prensa\/wp-content\/uploads\/2022\/04\/rnv-1-300x227-1.jpg","width":800,"height":455,"caption":"Radio Nacional de Venezuela C.A."},"image":{"@id":"https:\/\/stage3.rnv.gob.ve\/wp\/#\/schema\/logo\/image\/"},"sameAs":["https:\/\/www.facebook.com\/RadioNacionaldeVenezuela","https:\/\/x.com\/RNVinformativa","https:\/\/www.instagram.com\/rnvinformativa\/","https:\/\/www.youtube.com\/user\/RNVContigo"]},{"@type":"Person","@id":"https:\/\/stage3.rnv.gob.ve\/wp\/#\/schema\/person\/0862ce8cde332e0bc63b8a243f0eea2c","name":"administrador","sameAs":["http:\/\/arnoldoeloy.net"],"url":"https:\/\/stage3.rnv.gob.ve\/wp\/author\/administrador\/"}]}},"jetpack_featured_media_url":"","_links":{"self":[{"href":"https:\/\/stage3.rnv.gob.ve\/wp\/wp-json\/wp\/v2\/posts\/323221","targetHints":{"allow":["GET"]}}],"collection":[{"href":"https:\/\/stage3.rnv.gob.ve\/wp\/wp-json\/wp\/v2\/posts"}],"about":[{"href":"https:\/\/stage3.rnv.gob.ve\/wp\/wp-json\/wp\/v2\/types\/post"}],"author":[{"embeddable":true,"href":"https:\/\/stage3.rnv.gob.ve\/wp\/wp-json\/wp\/v2\/users\/1"}],"replies":[{"embeddable":true,"href":"https:\/\/stage3.rnv.gob.ve\/wp\/wp-json\/wp\/v2\/comments?post=323221"}],"version-history":[{"count":0,"href":"https:\/\/stage3.rnv.gob.ve\/wp\/wp-json\/wp\/v2\/posts\/323221\/revisions"}],"wp:featuredmedia":[{"embeddable":true,"href":"https:\/\/stage3.rnv.gob.ve\/wp\/wp-json\/"}],"wp:attachment":[{"href":"https:\/\/stage3.rnv.gob.ve\/wp\/wp-json\/wp\/v2\/media?parent=323221"}],"wp:term":[{"taxonomy":"category","embeddable":true,"href":"https:\/\/stage3.rnv.gob.ve\/wp\/wp-json\/wp\/v2\/categories?post=323221"},{"taxonomy":"post_tag","embeddable":true,"href":"https:\/\/stage3.rnv.gob.ve\/wp\/wp-json\/wp\/v2\/tags?post=323221"}],"curies":[{"name":"wp","href":"https:\/\/api.w.org\/{rel}","templated":true}]}}