{"id":314948,"date":"2021-01-14T10:03:51","date_gmt":"2021-01-14T14:33:51","guid":{"rendered":"https:\/\/stage3.rnv.gob.ve\/wp\/?p=314948"},"modified":"2021-01-14T10:03:51","modified_gmt":"2021-01-14T14:33:51","slug":"continuan-las-jornadas-de-sumar-movil-en-la-ciudad-capital","status":"publish","type":"post","link":"https:\/\/stage3.rnv.gob.ve\/wp\/continuan-las-jornadas-de-sumar-movil-en-la-ciudad-capital\/","title":{"rendered":"Contin\u00faan las jornadas de Sumar M\u00f3vil en la ciudad capital"},"content":{"rendered":"<div dir=\"auto\">\n<p>\u00a0<img fetchpriority=\"high\" decoding=\"async\" class=\"wp-image-314950 aligncenter\" src=\"https:\/\/stage3.rnv.gob.ve\/wp\/wp-content\/uploads\/2021\/01\/IMG-20210113-WA0196.jpg\" alt=\"\" width=\"600\" height=\"401\" \/><\/p>\n<p>La Alcald\u00eda del Municipio Bolivariano Libertador, el Gobierno del Distrito Capital y la Superintendencia Municipal de Administraci\u00f3n y Recaudaci\u00f3n (SUMAR) dieron inicio este 13 de enero a una nueva jornada del despliegue informativo, de acompa\u00f1amiento y asesor\u00eda para la activaci\u00f3n del Registro \u00danico de Caracas (RUC).<\/p>\n<\/div>\n<div dir=\"auto\"><\/div>\n<div dir=\"auto\">En esta ocasi\u00f3n se realizaron una serie operativos en las zonas de mayor densidad comercial de la ciudad de Caracas, con la instalaci\u00f3n de cinco unidades m\u00f3viles de la Superintendencia Municipal de Administraci\u00f3n y Recaudaci\u00f3n (SUMAR), bajo la direcci\u00f3n de <strong>Mar\u00eda Gabriela Brice\u00f1o Scott<\/strong>.<\/div>\n<div dir=\"auto\"><\/div>\n<div dir=\"auto\">\u00abEl dia de hoy las unidades m\u00f3viles de la SUMAR se encuentran desplegadas en tres puntos importantes de la ciudad Caracas, en el Centro Comercial Galerias El Recreo, Centro Comercial City Market y el Mercado Municipal de San Mart\u00edn. La meta es participar en un proceso de acompa\u00f1amiento y orientaci\u00f3n para que los contribuyentes conozcan las bondades de la inscripci\u00f3n en el Registro \u00danico de Caracas\u00bb, inform\u00f3 Brice\u00f1o.<\/div>\n<div dir=\"auto\"><\/div>\n<div dir=\"auto\">La titular de la Superintendencia Municipal de Administraci\u00f3n, ratific\u00f3 la convocatoria a todos los actores comerciales de la capital para que se pongan al d\u00eda y record\u00f3 que estas unidades sirven de orientaci\u00f3n\u00a0 y acompa\u00f1amiento a los contribuyentes que as\u00ed lo requieran durante todo el proceso de inscripci\u00f3n en el RUC.<\/div>\n<div dir=\"auto\"><\/div>\n<div dir=\"auto\">\u00abEl llamado es a que con el Registro \u00danico de Caracas puedan hacer uso de las pol\u00edticas de incentivo al cumplimiento fiscal. Es simple y sencillo, sin intermediarios, solo necesitan registrarse, hacer la declaraci\u00f3n y comenzar a hacer uso de los beneficios fiscales mientras hacen la actualizaci\u00f3n de su licencia econ\u00f3mica\u00bb, dijo Brice\u00f1o.<\/div>\n<div dir=\"auto\"><\/div>\n<div dir=\"auto\">Para registrarse en el RUC, se debe ingresar al portal\u00a0<a href=\"http:\/\/www.sumar.gob.ve\/\" target=\"_blank\" rel=\"noopener\" data-saferedirecturl=\"https:\/\/www.google.com\/url?q=http:\/\/www.sumar.gob.ve&amp;source=gmail&amp;ust=1610681304911000&amp;usg=AFQjCNH3hKl8GNkCEq1-tZBtdwCp6Y9wWA\">www.sumar.gob.ve<\/a>\u00a0y desde all\u00ed conectarse a la p\u00e1gina del Registro \u00danico de Caracas.<\/div>\n<div dir=\"auto\"><\/div>\n<div dir=\"auto\"><strong>T\/Alcald\u00eda de Caracas<\/strong><\/div>\n","protected":false},"excerpt":{"rendered":"<p>\u00a0 La Alcald\u00eda del Municipio Bolivariano Libertador, el Gobierno del Distrito Capital y la Superintendencia Municipal de Administraci\u00f3n y Recaudaci\u00f3n (SUMAR) dieron inicio este 13 de enero a una nueva jornada del despliegue informativo, de acompa\u00f1amiento y asesor\u00eda para la activaci\u00f3n del Registro \u00danico de Caracas (RUC). En esta ocasi\u00f3n se realizaron una serie operativos [&hellip;]<\/p>\n","protected":false},"author":1,"featured_media":314950,"comment_status":"closed","ping_status":"open","sticky":false,"template":"","format":"standard","meta":{"_acf_changed":false,"footnotes":""},"categories":[52],"tags":[178,88,16512,31776,31653],"class_list":["post-314948","post","type-post","status-publish","format-standard","has-post-thumbnail","hentry","category-ciudad","tag-alcaldia","tag-caracas","tag-movil","tag-ruc","tag-sumar"],"acf":[],"yoast_head":"<!-- This site is optimized with the Yoast SEO plugin v27.4 - https:\/\/yoast.com\/product\/yoast-seo-wordpress\/ -->\n<title>Contin\u00faan las jornadas de Sumar M\u00f3vil en la ciudad capital - DEV RNV<\/title>\n<meta name=\"description\" content=\"Alcald\u00eda de Caracas, el Gobierno del Distrito Capital y la Superintendencia Municipal de Administraci\u00f3n y Recaudaci\u00f3n (SUMAR) iniciaron una jornada\" \/>\n<meta name=\"robots\" content=\"noindex, follow, max-snippet:-1, max-image-preview:large, max-video-preview:-1\" \/>\n<meta property=\"og:locale\" content=\"es_ES\" \/>\n<meta property=\"og:type\" content=\"article\" \/>\n<meta property=\"og:title\" content=\"Contin\u00faan las jornadas de Sumar M\u00f3vil en la ciudad capital - DEV RNV\" \/>\n<meta property=\"og:description\" content=\"Alcald\u00eda de Caracas, el Gobierno del Distrito Capital y la Superintendencia Municipal de Administraci\u00f3n y Recaudaci\u00f3n (SUMAR) iniciaron una jornada\" \/>\n<meta property=\"og:url\" content=\"https:\/\/stage3.rnv.gob.ve\/wp\/continuan-las-jornadas-de-sumar-movil-en-la-ciudad-capital\/\" \/>\n<meta property=\"og:site_name\" content=\"DEV RNV\" \/>\n<meta property=\"article:publisher\" content=\"https:\/\/www.facebook.com\/RadioNacionaldeVenezuela\" \/>\n<meta property=\"article:published_time\" content=\"2021-01-14T14:33:51+00:00\" \/>\n<meta name=\"author\" content=\"administrador\" \/>\n<meta name=\"twitter:card\" content=\"summary_large_image\" \/>\n<meta name=\"twitter:creator\" content=\"@RNVinformativa\" \/>\n<meta name=\"twitter:site\" content=\"@RNVinformativa\" \/>\n<meta name=\"twitter:label1\" content=\"Escrito por\" \/>\n\t<meta name=\"twitter:data1\" content=\"administrador\" \/>\n\t<meta name=\"twitter:label2\" content=\"Tiempo estimado de lectura\" \/>\n\t<meta name=\"twitter:data2\" content=\"2 minutos\" \/>\n<script type=\"application\/ld+json\" class=\"yoast-schema-graph\">{\"@context\":\"https:\\\/\\\/schema.org\",\"@graph\":[{\"@type\":\"Article\",\"@id\":\"https:\\\/\\\/stage3.rnv.gob.ve\\\/wp\\\/continuan-las-jornadas-de-sumar-movil-en-la-ciudad-capital\\\/#article\",\"isPartOf\":{\"@id\":\"https:\\\/\\\/stage3.rnv.gob.ve\\\/wp\\\/continuan-las-jornadas-de-sumar-movil-en-la-ciudad-capital\\\/\"},\"author\":{\"name\":\"administrador\",\"@id\":\"https:\\\/\\\/stage3.rnv.gob.ve\\\/wp\\\/#\\\/schema\\\/person\\\/0862ce8cde332e0bc63b8a243f0eea2c\"},\"headline\":\"Contin\u00faan las jornadas de Sumar M\u00f3vil en la ciudad capital\",\"datePublished\":\"2021-01-14T14:33:51+00:00\",\"mainEntityOfPage\":{\"@id\":\"https:\\\/\\\/stage3.rnv.gob.ve\\\/wp\\\/continuan-las-jornadas-de-sumar-movil-en-la-ciudad-capital\\\/\"},\"wordCount\":335,\"publisher\":{\"@id\":\"https:\\\/\\\/stage3.rnv.gob.ve\\\/wp\\\/#organization\"},\"image\":{\"@id\":\"https:\\\/\\\/stage3.rnv.gob.ve\\\/wp\\\/continuan-las-jornadas-de-sumar-movil-en-la-ciudad-capital\\\/#primaryimage\"},\"thumbnailUrl\":\"\",\"keywords\":[\"alcald\u00eda\",\"caracas\",\"m\u00f3vil\",\"ruc\",\"sumar\"],\"articleSection\":[\"Ciudad\"],\"inLanguage\":\"es\"},{\"@type\":\"WebPage\",\"@id\":\"https:\\\/\\\/stage3.rnv.gob.ve\\\/wp\\\/continuan-las-jornadas-de-sumar-movil-en-la-ciudad-capital\\\/\",\"url\":\"https:\\\/\\\/stage3.rnv.gob.ve\\\/wp\\\/continuan-las-jornadas-de-sumar-movil-en-la-ciudad-capital\\\/\",\"name\":\"Contin\u00faan las jornadas de Sumar M\u00f3vil en la ciudad capital - DEV RNV\",\"isPartOf\":{\"@id\":\"https:\\\/\\\/stage3.rnv.gob.ve\\\/wp\\\/#website\"},\"primaryImageOfPage\":{\"@id\":\"https:\\\/\\\/stage3.rnv.gob.ve\\\/wp\\\/continuan-las-jornadas-de-sumar-movil-en-la-ciudad-capital\\\/#primaryimage\"},\"image\":{\"@id\":\"https:\\\/\\\/stage3.rnv.gob.ve\\\/wp\\\/continuan-las-jornadas-de-sumar-movil-en-la-ciudad-capital\\\/#primaryimage\"},\"thumbnailUrl\":\"\",\"datePublished\":\"2021-01-14T14:33:51+00:00\",\"description\":\"Alcald\u00eda de Caracas, el Gobierno del Distrito Capital y la Superintendencia Municipal de Administraci\u00f3n y Recaudaci\u00f3n (SUMAR) iniciaron una jornada\",\"breadcrumb\":{\"@id\":\"https:\\\/\\\/stage3.rnv.gob.ve\\\/wp\\\/continuan-las-jornadas-de-sumar-movil-en-la-ciudad-capital\\\/#breadcrumb\"},\"inLanguage\":\"es\",\"potentialAction\":[{\"@type\":\"ReadAction\",\"target\":[\"https:\\\/\\\/stage3.rnv.gob.ve\\\/wp\\\/continuan-las-jornadas-de-sumar-movil-en-la-ciudad-capital\\\/\"]}]},{\"@type\":\"ImageObject\",\"inLanguage\":\"es\",\"@id\":\"https:\\\/\\\/stage3.rnv.gob.ve\\\/wp\\\/continuan-las-jornadas-de-sumar-movil-en-la-ciudad-capital\\\/#primaryimage\",\"url\":\"\",\"contentUrl\":\"\"},{\"@type\":\"BreadcrumbList\",\"@id\":\"https:\\\/\\\/stage3.rnv.gob.ve\\\/wp\\\/continuan-las-jornadas-de-sumar-movil-en-la-ciudad-capital\\\/#breadcrumb\",\"itemListElement\":[{\"@type\":\"ListItem\",\"position\":1,\"name\":\"Portada\",\"item\":\"https:\\\/\\\/stage3.rnv.gob.ve\\\/wp\\\/\"},{\"@type\":\"ListItem\",\"position\":2,\"name\":\"Contin\u00faan Las Jornadas De Sumar M\u00f3vil En La Ciudad Capital\"}]},{\"@type\":\"WebSite\",\"@id\":\"https:\\\/\\\/stage3.rnv.gob.ve\\\/wp\\\/#website\",\"url\":\"https:\\\/\\\/stage3.rnv.gob.ve\\\/wp\\\/\",\"name\":\"DEV RNV\",\"description\":\"Radio Nacional de Venezuela C.A.\",\"publisher\":{\"@id\":\"https:\\\/\\\/stage3.rnv.gob.ve\\\/wp\\\/#organization\"},\"potentialAction\":[{\"@type\":\"SearchAction\",\"target\":{\"@type\":\"EntryPoint\",\"urlTemplate\":\"https:\\\/\\\/stage3.rnv.gob.ve\\\/wp\\\/?s={search_term_string}\"},\"query-input\":{\"@type\":\"PropertyValueSpecification\",\"valueRequired\":true,\"valueName\":\"search_term_string\"}}],\"inLanguage\":\"es\"},{\"@type\":\"Organization\",\"@id\":\"https:\\\/\\\/stage3.rnv.gob.ve\\\/wp\\\/#organization\",\"name\":\"Radio Nacional de Venezuela C.A.\",\"url\":\"https:\\\/\\\/stage3.rnv.gob.ve\\\/wp\\\/\",\"logo\":{\"@type\":\"ImageObject\",\"inLanguage\":\"es\",\"@id\":\"https:\\\/\\\/stage3.rnv.gob.ve\\\/wp\\\/#\\\/schema\\\/logo\\\/image\\\/\",\"url\":\"http:\\\/\\\/rnv.ddns.net\\\/prensa\\\/wp-content\\\/uploads\\\/2022\\\/04\\\/rnv-1-300x227-1.jpg\",\"contentUrl\":\"http:\\\/\\\/rnv.ddns.net\\\/prensa\\\/wp-content\\\/uploads\\\/2022\\\/04\\\/rnv-1-300x227-1.jpg\",\"width\":800,\"height\":455,\"caption\":\"Radio Nacional de Venezuela C.A.\"},\"image\":{\"@id\":\"https:\\\/\\\/stage3.rnv.gob.ve\\\/wp\\\/#\\\/schema\\\/logo\\\/image\\\/\"},\"sameAs\":[\"https:\\\/\\\/www.facebook.com\\\/RadioNacionaldeVenezuela\",\"https:\\\/\\\/x.com\\\/RNVinformativa\",\"https:\\\/\\\/www.instagram.com\\\/rnvinformativa\\\/\",\"https:\\\/\\\/www.youtube.com\\\/user\\\/RNVContigo\"]},{\"@type\":\"Person\",\"@id\":\"https:\\\/\\\/stage3.rnv.gob.ve\\\/wp\\\/#\\\/schema\\\/person\\\/0862ce8cde332e0bc63b8a243f0eea2c\",\"name\":\"administrador\",\"sameAs\":[\"http:\\\/\\\/arnoldoeloy.net\"],\"url\":\"https:\\\/\\\/stage3.rnv.gob.ve\\\/wp\\\/author\\\/administrador\\\/\"}]}<\/script>\n<!-- \/ Yoast SEO plugin. -->","yoast_head_json":{"title":"Contin\u00faan las jornadas de Sumar M\u00f3vil en la ciudad capital - DEV RNV","description":"Alcald\u00eda de Caracas, el Gobierno del Distrito Capital y la Superintendencia Municipal de Administraci\u00f3n y Recaudaci\u00f3n (SUMAR) iniciaron una jornada","robots":{"index":"noindex","follow":"follow","max-snippet":"max-snippet:-1","max-image-preview":"max-image-preview:large","max-video-preview":"max-video-preview:-1"},"og_locale":"es_ES","og_type":"article","og_title":"Contin\u00faan las jornadas de Sumar M\u00f3vil en la ciudad capital - DEV RNV","og_description":"Alcald\u00eda de Caracas, el Gobierno del Distrito Capital y la Superintendencia Municipal de Administraci\u00f3n y Recaudaci\u00f3n (SUMAR) iniciaron una jornada","og_url":"https:\/\/stage3.rnv.gob.ve\/wp\/continuan-las-jornadas-de-sumar-movil-en-la-ciudad-capital\/","og_site_name":"DEV RNV","article_publisher":"https:\/\/www.facebook.com\/RadioNacionaldeVenezuela","article_published_time":"2021-01-14T14:33:51+00:00","author":"administrador","twitter_card":"summary_large_image","twitter_creator":"@RNVinformativa","twitter_site":"@RNVinformativa","twitter_misc":{"Escrito por":"administrador","Tiempo estimado de lectura":"2 minutos"},"schema":{"@context":"https:\/\/schema.org","@graph":[{"@type":"Article","@id":"https:\/\/stage3.rnv.gob.ve\/wp\/continuan-las-jornadas-de-sumar-movil-en-la-ciudad-capital\/#article","isPartOf":{"@id":"https:\/\/stage3.rnv.gob.ve\/wp\/continuan-las-jornadas-de-sumar-movil-en-la-ciudad-capital\/"},"author":{"name":"administrador","@id":"https:\/\/stage3.rnv.gob.ve\/wp\/#\/schema\/person\/0862ce8cde332e0bc63b8a243f0eea2c"},"headline":"Contin\u00faan las jornadas de Sumar M\u00f3vil en la ciudad capital","datePublished":"2021-01-14T14:33:51+00:00","mainEntityOfPage":{"@id":"https:\/\/stage3.rnv.gob.ve\/wp\/continuan-las-jornadas-de-sumar-movil-en-la-ciudad-capital\/"},"wordCount":335,"publisher":{"@id":"https:\/\/stage3.rnv.gob.ve\/wp\/#organization"},"image":{"@id":"https:\/\/stage3.rnv.gob.ve\/wp\/continuan-las-jornadas-de-sumar-movil-en-la-ciudad-capital\/#primaryimage"},"thumbnailUrl":"","keywords":["alcald\u00eda","caracas","m\u00f3vil","ruc","sumar"],"articleSection":["Ciudad"],"inLanguage":"es"},{"@type":"WebPage","@id":"https:\/\/stage3.rnv.gob.ve\/wp\/continuan-las-jornadas-de-sumar-movil-en-la-ciudad-capital\/","url":"https:\/\/stage3.rnv.gob.ve\/wp\/continuan-las-jornadas-de-sumar-movil-en-la-ciudad-capital\/","name":"Contin\u00faan las jornadas de Sumar M\u00f3vil en la ciudad capital - DEV RNV","isPartOf":{"@id":"https:\/\/stage3.rnv.gob.ve\/wp\/#website"},"primaryImageOfPage":{"@id":"https:\/\/stage3.rnv.gob.ve\/wp\/continuan-las-jornadas-de-sumar-movil-en-la-ciudad-capital\/#primaryimage"},"image":{"@id":"https:\/\/stage3.rnv.gob.ve\/wp\/continuan-las-jornadas-de-sumar-movil-en-la-ciudad-capital\/#primaryimage"},"thumbnailUrl":"","datePublished":"2021-01-14T14:33:51+00:00","description":"Alcald\u00eda de Caracas, el Gobierno del Distrito Capital y la Superintendencia Municipal de Administraci\u00f3n y Recaudaci\u00f3n (SUMAR) iniciaron una jornada","breadcrumb":{"@id":"https:\/\/stage3.rnv.gob.ve\/wp\/continuan-las-jornadas-de-sumar-movil-en-la-ciudad-capital\/#breadcrumb"},"inLanguage":"es","potentialAction":[{"@type":"ReadAction","target":["https:\/\/stage3.rnv.gob.ve\/wp\/continuan-las-jornadas-de-sumar-movil-en-la-ciudad-capital\/"]}]},{"@type":"ImageObject","inLanguage":"es","@id":"https:\/\/stage3.rnv.gob.ve\/wp\/continuan-las-jornadas-de-sumar-movil-en-la-ciudad-capital\/#primaryimage","url":"","contentUrl":""},{"@type":"BreadcrumbList","@id":"https:\/\/stage3.rnv.gob.ve\/wp\/continuan-las-jornadas-de-sumar-movil-en-la-ciudad-capital\/#breadcrumb","itemListElement":[{"@type":"ListItem","position":1,"name":"Portada","item":"https:\/\/stage3.rnv.gob.ve\/wp\/"},{"@type":"ListItem","position":2,"name":"Contin\u00faan Las Jornadas De Sumar M\u00f3vil En La Ciudad Capital"}]},{"@type":"WebSite","@id":"https:\/\/stage3.rnv.gob.ve\/wp\/#website","url":"https:\/\/stage3.rnv.gob.ve\/wp\/","name":"DEV RNV","description":"Radio Nacional de Venezuela C.A.","publisher":{"@id":"https:\/\/stage3.rnv.gob.ve\/wp\/#organization"},"potentialAction":[{"@type":"SearchAction","target":{"@type":"EntryPoint","urlTemplate":"https:\/\/stage3.rnv.gob.ve\/wp\/?s={search_term_string}"},"query-input":{"@type":"PropertyValueSpecification","valueRequired":true,"valueName":"search_term_string"}}],"inLanguage":"es"},{"@type":"Organization","@id":"https:\/\/stage3.rnv.gob.ve\/wp\/#organization","name":"Radio Nacional de Venezuela C.A.","url":"https:\/\/stage3.rnv.gob.ve\/wp\/","logo":{"@type":"ImageObject","inLanguage":"es","@id":"https:\/\/stage3.rnv.gob.ve\/wp\/#\/schema\/logo\/image\/","url":"http:\/\/rnv.ddns.net\/prensa\/wp-content\/uploads\/2022\/04\/rnv-1-300x227-1.jpg","contentUrl":"http:\/\/rnv.ddns.net\/prensa\/wp-content\/uploads\/2022\/04\/rnv-1-300x227-1.jpg","width":800,"height":455,"caption":"Radio Nacional de Venezuela C.A."},"image":{"@id":"https:\/\/stage3.rnv.gob.ve\/wp\/#\/schema\/logo\/image\/"},"sameAs":["https:\/\/www.facebook.com\/RadioNacionaldeVenezuela","https:\/\/x.com\/RNVinformativa","https:\/\/www.instagram.com\/rnvinformativa\/","https:\/\/www.youtube.com\/user\/RNVContigo"]},{"@type":"Person","@id":"https:\/\/stage3.rnv.gob.ve\/wp\/#\/schema\/person\/0862ce8cde332e0bc63b8a243f0eea2c","name":"administrador","sameAs":["http:\/\/arnoldoeloy.net"],"url":"https:\/\/stage3.rnv.gob.ve\/wp\/author\/administrador\/"}]}},"jetpack_featured_media_url":"","_links":{"self":[{"href":"https:\/\/stage3.rnv.gob.ve\/wp\/wp-json\/wp\/v2\/posts\/314948","targetHints":{"allow":["GET"]}}],"collection":[{"href":"https:\/\/stage3.rnv.gob.ve\/wp\/wp-json\/wp\/v2\/posts"}],"about":[{"href":"https:\/\/stage3.rnv.gob.ve\/wp\/wp-json\/wp\/v2\/types\/post"}],"author":[{"embeddable":true,"href":"https:\/\/stage3.rnv.gob.ve\/wp\/wp-json\/wp\/v2\/users\/1"}],"replies":[{"embeddable":true,"href":"https:\/\/stage3.rnv.gob.ve\/wp\/wp-json\/wp\/v2\/comments?post=314948"}],"version-history":[{"count":0,"href":"https:\/\/stage3.rnv.gob.ve\/wp\/wp-json\/wp\/v2\/posts\/314948\/revisions"}],"wp:featuredmedia":[{"embeddable":true,"href":"https:\/\/stage3.rnv.gob.ve\/wp\/wp-json\/"}],"wp:attachment":[{"href":"https:\/\/stage3.rnv.gob.ve\/wp\/wp-json\/wp\/v2\/media?parent=314948"}],"wp:term":[{"taxonomy":"category","embeddable":true,"href":"https:\/\/stage3.rnv.gob.ve\/wp\/wp-json\/wp\/v2\/categories?post=314948"},{"taxonomy":"post_tag","embeddable":true,"href":"https:\/\/stage3.rnv.gob.ve\/wp\/wp-json\/wp\/v2\/tags?post=314948"}],"curies":[{"name":"wp","href":"https:\/\/api.w.org\/{rel}","templated":true}]}}