{"id":314357,"date":"2021-01-03T14:02:25","date_gmt":"2021-01-03T18:32:25","guid":{"rendered":"https:\/\/stage3.rnv.gob.ve\/wp\/?p=314357"},"modified":"2021-01-03T14:02:25","modified_gmt":"2021-01-03T18:32:25","slug":"venezuela-rinde-tributo-a-la-memoria-del-martir-irani-qasem-soleimani-tras-un-ano-de-su-asesinato","status":"publish","type":"post","link":"https:\/\/stage3.rnv.gob.ve\/wp\/venezuela-rinde-tributo-a-la-memoria-del-martir-irani-qasem-soleimani-tras-un-ano-de-su-asesinato\/","title":{"rendered":"Venezuela rinde tributo a la memoria del m\u00e1rtir iran\u00ed Qasem Soleimani tras un a\u00f1o de su asesinato"},"content":{"rendered":"<p><img fetchpriority=\"high\" decoding=\"async\" class=\"wp-image-314358 aligncenter\" src=\"https:\/\/stage3.rnv.gob.ve\/wp\/wp-content\/uploads\/2021\/01\/Comunicado.jpg\" alt=\"\" width=\"600\" height=\"334\" \/><\/p>\n<p align=\"justify\"><span style=\"color: #444444;\"><span style=\"font-family: Arial, sans-serif;\"><span style=\"font-size: medium;\">Tras<\/span><\/span><\/span><span style=\"color: #444444;\"><span style=\"font-family: Arial, sans-serif;\"><span style=\"font-size: medium;\"> un a\u00f1o del asesinato del Mayor General,\u00a0<\/span><\/span><\/span><span style=\"color: #444444;\"><span style=\"font-family: Arial, sans-serif;\"><span style=\"font-size: medium;\"><strong>Qasem Soleimani<\/strong><\/span><\/span><\/span><span style=\"color: #444444;\"><span style=\"font-family: Arial, sans-serif;\"><span style=\"font-size: medium;\">, la\u00a0<\/span><\/span><\/span><span style=\"color: #444444;\"><span style=\"font-family: Arial, sans-serif;\"><span style=\"font-size: medium;\"><strong>Rep\u00fablica Bolivariana de Venezuela\u00a0<\/strong><\/span><\/span><\/span><span style=\"color: #444444;\"><span style=\"font-family: Arial, sans-serif;\"><span style=\"font-size: medium;\">rind<\/span><\/span><\/span><span style=\"color: #444444;\"><span style=\"font-family: Arial, sans-serif;\"><span style=\"font-size: medium;\">e<\/span><\/span><\/span><span style=\"color: #444444;\"><span style=\"font-family: Arial, sans-serif;\"><span style=\"font-size: medium;\"> tributo a quien calific\u00f3 como un inolvidable l\u00edder y Comandante de la Fuerza Quds del Cuerpo de Guardianes de la Revoluci\u00f3n Isl\u00e1mica, asesinado mediante dolosa acci\u00f3n criminal terrorista por \u00f3rdenes de la nefasta Administraci\u00f3n de Donald Trump.<\/span><\/span><\/span><\/p>\n<p align=\"justify\"><span style=\"font-family: Arial, sans-serif;\"><span style=\"font-size: medium;\"><span style=\"color: #444444;\">Por un comunicado de la canciller\u00eda venezolana, publicado a trav\u00e9s de la red social Twitter, donde destac\u00f3 que el General Soleimani fue ejemplo de valent\u00eda, lucha y firmeza en la garant\u00eda de la liberaci\u00f3n de territorios ocupados por fuerzas extranjeras y en el combate contra los grupos terroristas que las err\u00e1ticas intervenciones de occidente dejaron sembrados en el Medio Oriente.<\/span><\/span><\/span><\/p>\n<p align=\"justify\"><span style=\"font-family: Arial, sans-serif;\"><span style=\"font-size: medium;\"><span style=\"color: #444444;\">Igualmente, dicho texto asever\u00f3 el firme rechazo, de la Rep\u00fablica Bolivariana de Venezuela, a las acciones terroristas contra la hermana Rep\u00fablica Isl\u00e1mica de Ir\u00e1n, al tiempo que exige pleno respeto al Derecho Internacional, como garant\u00eda de paz y seguridad de todos los pueblos.<\/span><\/span><\/span><\/p>\n<blockquote class=\"twitter-tweet\" data-width=\"550\" data-dnt=\"true\">\n<p lang=\"es\" dir=\"ltr\"><a href=\"https:\/\/twitter.com\/hashtag\/COMUNICADO?src=hash&amp;ref_src=twsrc%5Etfw\">#COMUNICADO<\/a>: <a href=\"https:\/\/twitter.com\/hashtag\/Venezuela?src=hash&amp;ref_src=twsrc%5Etfw\">#Venezuela<\/a> saluda al pueblo y liderazgo de <a href=\"https:\/\/twitter.com\/hashtag\/Ir%C3%A1n?src=hash&amp;ref_src=twsrc%5Etfw\">#Ir\u00e1n<\/a>, al rendir tributo a la memoria del M\u00e1rtir, Mayor General Qasem Soleimani, inolvidable Comandante de la Fuerza Quds, asesinado mediante acci\u00f3n terrorista hace un a\u00f1o, por \u00f3rdenes de la Administraci\u00f3n de Donald Trump. <a href=\"https:\/\/t.co\/X58tAZtDLG\">pic.twitter.com\/X58tAZtDLG<\/a><\/p>\n<p>&mdash; Jorge Arreaza M (@jaarreaza) <a href=\"https:\/\/twitter.com\/jaarreaza\/status\/1345697837582061569?ref_src=twsrc%5Etfw\">January 3, 2021<\/a><\/p><\/blockquote>\n<p><script async src=\"https:\/\/platform.twitter.com\/widgets.js\" charset=\"utf-8\"><\/script><\/p>\n","protected":false},"excerpt":{"rendered":"<p>Tras un a\u00f1o del asesinato del Mayor General,\u00a0Qasem Soleimani, la\u00a0Rep\u00fablica Bolivariana de Venezuela\u00a0rinde tributo a quien calific\u00f3 como un inolvidable l\u00edder y Comandante de la Fuerza Quds del Cuerpo de Guardianes de la Revoluci\u00f3n Isl\u00e1mica, asesinado mediante dolosa acci\u00f3n criminal terrorista por \u00f3rdenes de la nefasta Administraci\u00f3n de Donald Trump. Por un comunicado de la [&hellip;]<\/p>\n","protected":false},"author":1,"featured_media":314358,"comment_status":"closed","ping_status":"open","sticky":false,"template":"","format":"standard","meta":{"_acf_changed":false,"footnotes":""},"categories":[65],"tags":[360,702,28435,104],"class_list":["post-314357","post","type-post","status-publish","format-standard","has-post-thumbnail","hentry","category-nacional","tag-aniversario","tag-comunicado","tag-qasem-soleimani","tag-venezuela"],"acf":[],"yoast_head":"<!-- This site is optimized with the Yoast SEO plugin v27.4 - https:\/\/yoast.com\/product\/yoast-seo-wordpress\/ -->\n<title>Venezuela rinde tributo a la memoria del m\u00e1rtir iran\u00ed Qasem Soleimani tras un a\u00f1o de su asesinato - DEV RNV<\/title>\n<meta name=\"robots\" content=\"noindex, follow, max-snippet:-1, max-image-preview:large, max-video-preview:-1\" \/>\n<meta property=\"og:locale\" content=\"es_ES\" \/>\n<meta property=\"og:type\" content=\"article\" \/>\n<meta property=\"og:title\" content=\"Venezuela rinde tributo a la memoria del m\u00e1rtir iran\u00ed Qasem Soleimani tras un a\u00f1o de su asesinato - DEV RNV\" \/>\n<meta property=\"og:description\" content=\"Tras un a\u00f1o del asesinato del Mayor General,\u00a0Qasem Soleimani, la\u00a0Rep\u00fablica Bolivariana de Venezuela\u00a0rinde tributo a quien calific\u00f3 como un inolvidable l\u00edder y Comandante de la Fuerza Quds del Cuerpo de Guardianes de la Revoluci\u00f3n Isl\u00e1mica, asesinado mediante dolosa acci\u00f3n criminal terrorista por \u00f3rdenes de la nefasta Administraci\u00f3n de Donald Trump. Por un comunicado de la [&hellip;]\" \/>\n<meta property=\"og:url\" content=\"https:\/\/stage3.rnv.gob.ve\/wp\/venezuela-rinde-tributo-a-la-memoria-del-martir-irani-qasem-soleimani-tras-un-ano-de-su-asesinato\/\" \/>\n<meta property=\"og:site_name\" content=\"DEV RNV\" \/>\n<meta property=\"article:publisher\" content=\"https:\/\/www.facebook.com\/RadioNacionaldeVenezuela\" \/>\n<meta property=\"article:published_time\" content=\"2021-01-03T18:32:25+00:00\" \/>\n<meta name=\"author\" content=\"administrador\" \/>\n<meta name=\"twitter:card\" content=\"summary_large_image\" \/>\n<meta name=\"twitter:creator\" content=\"@RNVinformativa\" \/>\n<meta name=\"twitter:site\" content=\"@RNVinformativa\" \/>\n<meta name=\"twitter:label1\" content=\"Escrito por\" \/>\n\t<meta name=\"twitter:data1\" content=\"administrador\" \/>\n\t<meta name=\"twitter:label2\" content=\"Tiempo estimado de lectura\" \/>\n\t<meta name=\"twitter:data2\" content=\"1 minuto\" \/>\n<script type=\"application\/ld+json\" class=\"yoast-schema-graph\">{\"@context\":\"https:\\\/\\\/schema.org\",\"@graph\":[{\"@type\":\"Article\",\"@id\":\"https:\\\/\\\/stage3.rnv.gob.ve\\\/wp\\\/venezuela-rinde-tributo-a-la-memoria-del-martir-irani-qasem-soleimani-tras-un-ano-de-su-asesinato\\\/#article\",\"isPartOf\":{\"@id\":\"https:\\\/\\\/stage3.rnv.gob.ve\\\/wp\\\/venezuela-rinde-tributo-a-la-memoria-del-martir-irani-qasem-soleimani-tras-un-ano-de-su-asesinato\\\/\"},\"author\":{\"name\":\"administrador\",\"@id\":\"https:\\\/\\\/stage3.rnv.gob.ve\\\/wp\\\/#\\\/schema\\\/person\\\/0862ce8cde332e0bc63b8a243f0eea2c\"},\"headline\":\"Venezuela rinde tributo a la memoria del m\u00e1rtir iran\u00ed Qasem Soleimani tras un a\u00f1o de su asesinato\",\"datePublished\":\"2021-01-03T18:32:25+00:00\",\"mainEntityOfPage\":{\"@id\":\"https:\\\/\\\/stage3.rnv.gob.ve\\\/wp\\\/venezuela-rinde-tributo-a-la-memoria-del-martir-irani-qasem-soleimani-tras-un-ano-de-su-asesinato\\\/\"},\"wordCount\":201,\"publisher\":{\"@id\":\"https:\\\/\\\/stage3.rnv.gob.ve\\\/wp\\\/#organization\"},\"image\":{\"@id\":\"https:\\\/\\\/stage3.rnv.gob.ve\\\/wp\\\/venezuela-rinde-tributo-a-la-memoria-del-martir-irani-qasem-soleimani-tras-un-ano-de-su-asesinato\\\/#primaryimage\"},\"thumbnailUrl\":\"\",\"keywords\":[\"aniversario\",\"comunicado\",\"Qasem Soleimani\",\"Venezuela\"],\"articleSection\":[\"Nacional\"],\"inLanguage\":\"es\"},{\"@type\":\"WebPage\",\"@id\":\"https:\\\/\\\/stage3.rnv.gob.ve\\\/wp\\\/venezuela-rinde-tributo-a-la-memoria-del-martir-irani-qasem-soleimani-tras-un-ano-de-su-asesinato\\\/\",\"url\":\"https:\\\/\\\/stage3.rnv.gob.ve\\\/wp\\\/venezuela-rinde-tributo-a-la-memoria-del-martir-irani-qasem-soleimani-tras-un-ano-de-su-asesinato\\\/\",\"name\":\"Venezuela rinde tributo a la memoria del m\u00e1rtir iran\u00ed Qasem Soleimani tras un a\u00f1o de su asesinato - DEV RNV\",\"isPartOf\":{\"@id\":\"https:\\\/\\\/stage3.rnv.gob.ve\\\/wp\\\/#website\"},\"primaryImageOfPage\":{\"@id\":\"https:\\\/\\\/stage3.rnv.gob.ve\\\/wp\\\/venezuela-rinde-tributo-a-la-memoria-del-martir-irani-qasem-soleimani-tras-un-ano-de-su-asesinato\\\/#primaryimage\"},\"image\":{\"@id\":\"https:\\\/\\\/stage3.rnv.gob.ve\\\/wp\\\/venezuela-rinde-tributo-a-la-memoria-del-martir-irani-qasem-soleimani-tras-un-ano-de-su-asesinato\\\/#primaryimage\"},\"thumbnailUrl\":\"\",\"datePublished\":\"2021-01-03T18:32:25+00:00\",\"breadcrumb\":{\"@id\":\"https:\\\/\\\/stage3.rnv.gob.ve\\\/wp\\\/venezuela-rinde-tributo-a-la-memoria-del-martir-irani-qasem-soleimani-tras-un-ano-de-su-asesinato\\\/#breadcrumb\"},\"inLanguage\":\"es\",\"potentialAction\":[{\"@type\":\"ReadAction\",\"target\":[\"https:\\\/\\\/stage3.rnv.gob.ve\\\/wp\\\/venezuela-rinde-tributo-a-la-memoria-del-martir-irani-qasem-soleimani-tras-un-ano-de-su-asesinato\\\/\"]}]},{\"@type\":\"ImageObject\",\"inLanguage\":\"es\",\"@id\":\"https:\\\/\\\/stage3.rnv.gob.ve\\\/wp\\\/venezuela-rinde-tributo-a-la-memoria-del-martir-irani-qasem-soleimani-tras-un-ano-de-su-asesinato\\\/#primaryimage\",\"url\":\"\",\"contentUrl\":\"\"},{\"@type\":\"BreadcrumbList\",\"@id\":\"https:\\\/\\\/stage3.rnv.gob.ve\\\/wp\\\/venezuela-rinde-tributo-a-la-memoria-del-martir-irani-qasem-soleimani-tras-un-ano-de-su-asesinato\\\/#breadcrumb\",\"itemListElement\":[{\"@type\":\"ListItem\",\"position\":1,\"name\":\"Portada\",\"item\":\"https:\\\/\\\/stage3.rnv.gob.ve\\\/wp\\\/\"},{\"@type\":\"ListItem\",\"position\":2,\"name\":\"Venezuela Rinde Tributo A La Memoria Del M\u00e1rtir Iran\u00ed Qasem Soleimani Tras Un A\u00f1o De Su Asesinato\"}]},{\"@type\":\"WebSite\",\"@id\":\"https:\\\/\\\/stage3.rnv.gob.ve\\\/wp\\\/#website\",\"url\":\"https:\\\/\\\/stage3.rnv.gob.ve\\\/wp\\\/\",\"name\":\"DEV RNV\",\"description\":\"Radio Nacional de Venezuela C.A.\",\"publisher\":{\"@id\":\"https:\\\/\\\/stage3.rnv.gob.ve\\\/wp\\\/#organization\"},\"potentialAction\":[{\"@type\":\"SearchAction\",\"target\":{\"@type\":\"EntryPoint\",\"urlTemplate\":\"https:\\\/\\\/stage3.rnv.gob.ve\\\/wp\\\/?s={search_term_string}\"},\"query-input\":{\"@type\":\"PropertyValueSpecification\",\"valueRequired\":true,\"valueName\":\"search_term_string\"}}],\"inLanguage\":\"es\"},{\"@type\":\"Organization\",\"@id\":\"https:\\\/\\\/stage3.rnv.gob.ve\\\/wp\\\/#organization\",\"name\":\"Radio Nacional de Venezuela C.A.\",\"url\":\"https:\\\/\\\/stage3.rnv.gob.ve\\\/wp\\\/\",\"logo\":{\"@type\":\"ImageObject\",\"inLanguage\":\"es\",\"@id\":\"https:\\\/\\\/stage3.rnv.gob.ve\\\/wp\\\/#\\\/schema\\\/logo\\\/image\\\/\",\"url\":\"http:\\\/\\\/rnv.ddns.net\\\/prensa\\\/wp-content\\\/uploads\\\/2022\\\/04\\\/rnv-1-300x227-1.jpg\",\"contentUrl\":\"http:\\\/\\\/rnv.ddns.net\\\/prensa\\\/wp-content\\\/uploads\\\/2022\\\/04\\\/rnv-1-300x227-1.jpg\",\"width\":800,\"height\":455,\"caption\":\"Radio Nacional de Venezuela C.A.\"},\"image\":{\"@id\":\"https:\\\/\\\/stage3.rnv.gob.ve\\\/wp\\\/#\\\/schema\\\/logo\\\/image\\\/\"},\"sameAs\":[\"https:\\\/\\\/www.facebook.com\\\/RadioNacionaldeVenezuela\",\"https:\\\/\\\/x.com\\\/RNVinformativa\",\"https:\\\/\\\/www.instagram.com\\\/rnvinformativa\\\/\",\"https:\\\/\\\/www.youtube.com\\\/user\\\/RNVContigo\"]},{\"@type\":\"Person\",\"@id\":\"https:\\\/\\\/stage3.rnv.gob.ve\\\/wp\\\/#\\\/schema\\\/person\\\/0862ce8cde332e0bc63b8a243f0eea2c\",\"name\":\"administrador\",\"sameAs\":[\"http:\\\/\\\/arnoldoeloy.net\"],\"url\":\"https:\\\/\\\/stage3.rnv.gob.ve\\\/wp\\\/author\\\/administrador\\\/\"}]}<\/script>\n<!-- \/ Yoast SEO plugin. -->","yoast_head_json":{"title":"Venezuela rinde tributo a la memoria del m\u00e1rtir iran\u00ed Qasem Soleimani tras un a\u00f1o de su asesinato - DEV RNV","robots":{"index":"noindex","follow":"follow","max-snippet":"max-snippet:-1","max-image-preview":"max-image-preview:large","max-video-preview":"max-video-preview:-1"},"og_locale":"es_ES","og_type":"article","og_title":"Venezuela rinde tributo a la memoria del m\u00e1rtir iran\u00ed Qasem Soleimani tras un a\u00f1o de su asesinato - DEV RNV","og_description":"Tras un a\u00f1o del asesinato del Mayor General,\u00a0Qasem Soleimani, la\u00a0Rep\u00fablica Bolivariana de Venezuela\u00a0rinde tributo a quien calific\u00f3 como un inolvidable l\u00edder y Comandante de la Fuerza Quds del Cuerpo de Guardianes de la Revoluci\u00f3n Isl\u00e1mica, asesinado mediante dolosa acci\u00f3n criminal terrorista por \u00f3rdenes de la nefasta Administraci\u00f3n de Donald Trump. Por un comunicado de la [&hellip;]","og_url":"https:\/\/stage3.rnv.gob.ve\/wp\/venezuela-rinde-tributo-a-la-memoria-del-martir-irani-qasem-soleimani-tras-un-ano-de-su-asesinato\/","og_site_name":"DEV RNV","article_publisher":"https:\/\/www.facebook.com\/RadioNacionaldeVenezuela","article_published_time":"2021-01-03T18:32:25+00:00","author":"administrador","twitter_card":"summary_large_image","twitter_creator":"@RNVinformativa","twitter_site":"@RNVinformativa","twitter_misc":{"Escrito por":"administrador","Tiempo estimado de lectura":"1 minuto"},"schema":{"@context":"https:\/\/schema.org","@graph":[{"@type":"Article","@id":"https:\/\/stage3.rnv.gob.ve\/wp\/venezuela-rinde-tributo-a-la-memoria-del-martir-irani-qasem-soleimani-tras-un-ano-de-su-asesinato\/#article","isPartOf":{"@id":"https:\/\/stage3.rnv.gob.ve\/wp\/venezuela-rinde-tributo-a-la-memoria-del-martir-irani-qasem-soleimani-tras-un-ano-de-su-asesinato\/"},"author":{"name":"administrador","@id":"https:\/\/stage3.rnv.gob.ve\/wp\/#\/schema\/person\/0862ce8cde332e0bc63b8a243f0eea2c"},"headline":"Venezuela rinde tributo a la memoria del m\u00e1rtir iran\u00ed Qasem Soleimani tras un a\u00f1o de su asesinato","datePublished":"2021-01-03T18:32:25+00:00","mainEntityOfPage":{"@id":"https:\/\/stage3.rnv.gob.ve\/wp\/venezuela-rinde-tributo-a-la-memoria-del-martir-irani-qasem-soleimani-tras-un-ano-de-su-asesinato\/"},"wordCount":201,"publisher":{"@id":"https:\/\/stage3.rnv.gob.ve\/wp\/#organization"},"image":{"@id":"https:\/\/stage3.rnv.gob.ve\/wp\/venezuela-rinde-tributo-a-la-memoria-del-martir-irani-qasem-soleimani-tras-un-ano-de-su-asesinato\/#primaryimage"},"thumbnailUrl":"","keywords":["aniversario","comunicado","Qasem Soleimani","Venezuela"],"articleSection":["Nacional"],"inLanguage":"es"},{"@type":"WebPage","@id":"https:\/\/stage3.rnv.gob.ve\/wp\/venezuela-rinde-tributo-a-la-memoria-del-martir-irani-qasem-soleimani-tras-un-ano-de-su-asesinato\/","url":"https:\/\/stage3.rnv.gob.ve\/wp\/venezuela-rinde-tributo-a-la-memoria-del-martir-irani-qasem-soleimani-tras-un-ano-de-su-asesinato\/","name":"Venezuela rinde tributo a la memoria del m\u00e1rtir iran\u00ed Qasem Soleimani tras un a\u00f1o de su asesinato - DEV RNV","isPartOf":{"@id":"https:\/\/stage3.rnv.gob.ve\/wp\/#website"},"primaryImageOfPage":{"@id":"https:\/\/stage3.rnv.gob.ve\/wp\/venezuela-rinde-tributo-a-la-memoria-del-martir-irani-qasem-soleimani-tras-un-ano-de-su-asesinato\/#primaryimage"},"image":{"@id":"https:\/\/stage3.rnv.gob.ve\/wp\/venezuela-rinde-tributo-a-la-memoria-del-martir-irani-qasem-soleimani-tras-un-ano-de-su-asesinato\/#primaryimage"},"thumbnailUrl":"","datePublished":"2021-01-03T18:32:25+00:00","breadcrumb":{"@id":"https:\/\/stage3.rnv.gob.ve\/wp\/venezuela-rinde-tributo-a-la-memoria-del-martir-irani-qasem-soleimani-tras-un-ano-de-su-asesinato\/#breadcrumb"},"inLanguage":"es","potentialAction":[{"@type":"ReadAction","target":["https:\/\/stage3.rnv.gob.ve\/wp\/venezuela-rinde-tributo-a-la-memoria-del-martir-irani-qasem-soleimani-tras-un-ano-de-su-asesinato\/"]}]},{"@type":"ImageObject","inLanguage":"es","@id":"https:\/\/stage3.rnv.gob.ve\/wp\/venezuela-rinde-tributo-a-la-memoria-del-martir-irani-qasem-soleimani-tras-un-ano-de-su-asesinato\/#primaryimage","url":"","contentUrl":""},{"@type":"BreadcrumbList","@id":"https:\/\/stage3.rnv.gob.ve\/wp\/venezuela-rinde-tributo-a-la-memoria-del-martir-irani-qasem-soleimani-tras-un-ano-de-su-asesinato\/#breadcrumb","itemListElement":[{"@type":"ListItem","position":1,"name":"Portada","item":"https:\/\/stage3.rnv.gob.ve\/wp\/"},{"@type":"ListItem","position":2,"name":"Venezuela Rinde Tributo A La Memoria Del M\u00e1rtir Iran\u00ed Qasem Soleimani Tras Un A\u00f1o De Su Asesinato"}]},{"@type":"WebSite","@id":"https:\/\/stage3.rnv.gob.ve\/wp\/#website","url":"https:\/\/stage3.rnv.gob.ve\/wp\/","name":"DEV RNV","description":"Radio Nacional de Venezuela C.A.","publisher":{"@id":"https:\/\/stage3.rnv.gob.ve\/wp\/#organization"},"potentialAction":[{"@type":"SearchAction","target":{"@type":"EntryPoint","urlTemplate":"https:\/\/stage3.rnv.gob.ve\/wp\/?s={search_term_string}"},"query-input":{"@type":"PropertyValueSpecification","valueRequired":true,"valueName":"search_term_string"}}],"inLanguage":"es"},{"@type":"Organization","@id":"https:\/\/stage3.rnv.gob.ve\/wp\/#organization","name":"Radio Nacional de Venezuela C.A.","url":"https:\/\/stage3.rnv.gob.ve\/wp\/","logo":{"@type":"ImageObject","inLanguage":"es","@id":"https:\/\/stage3.rnv.gob.ve\/wp\/#\/schema\/logo\/image\/","url":"http:\/\/rnv.ddns.net\/prensa\/wp-content\/uploads\/2022\/04\/rnv-1-300x227-1.jpg","contentUrl":"http:\/\/rnv.ddns.net\/prensa\/wp-content\/uploads\/2022\/04\/rnv-1-300x227-1.jpg","width":800,"height":455,"caption":"Radio Nacional de Venezuela C.A."},"image":{"@id":"https:\/\/stage3.rnv.gob.ve\/wp\/#\/schema\/logo\/image\/"},"sameAs":["https:\/\/www.facebook.com\/RadioNacionaldeVenezuela","https:\/\/x.com\/RNVinformativa","https:\/\/www.instagram.com\/rnvinformativa\/","https:\/\/www.youtube.com\/user\/RNVContigo"]},{"@type":"Person","@id":"https:\/\/stage3.rnv.gob.ve\/wp\/#\/schema\/person\/0862ce8cde332e0bc63b8a243f0eea2c","name":"administrador","sameAs":["http:\/\/arnoldoeloy.net"],"url":"https:\/\/stage3.rnv.gob.ve\/wp\/author\/administrador\/"}]}},"jetpack_featured_media_url":"","_links":{"self":[{"href":"https:\/\/stage3.rnv.gob.ve\/wp\/wp-json\/wp\/v2\/posts\/314357","targetHints":{"allow":["GET"]}}],"collection":[{"href":"https:\/\/stage3.rnv.gob.ve\/wp\/wp-json\/wp\/v2\/posts"}],"about":[{"href":"https:\/\/stage3.rnv.gob.ve\/wp\/wp-json\/wp\/v2\/types\/post"}],"author":[{"embeddable":true,"href":"https:\/\/stage3.rnv.gob.ve\/wp\/wp-json\/wp\/v2\/users\/1"}],"replies":[{"embeddable":true,"href":"https:\/\/stage3.rnv.gob.ve\/wp\/wp-json\/wp\/v2\/comments?post=314357"}],"version-history":[{"count":0,"href":"https:\/\/stage3.rnv.gob.ve\/wp\/wp-json\/wp\/v2\/posts\/314357\/revisions"}],"wp:featuredmedia":[{"embeddable":true,"href":"https:\/\/stage3.rnv.gob.ve\/wp\/wp-json\/"}],"wp:attachment":[{"href":"https:\/\/stage3.rnv.gob.ve\/wp\/wp-json\/wp\/v2\/media?parent=314357"}],"wp:term":[{"taxonomy":"category","embeddable":true,"href":"https:\/\/stage3.rnv.gob.ve\/wp\/wp-json\/wp\/v2\/categories?post=314357"},{"taxonomy":"post_tag","embeddable":true,"href":"https:\/\/stage3.rnv.gob.ve\/wp\/wp-json\/wp\/v2\/tags?post=314357"}],"curies":[{"name":"wp","href":"https:\/\/api.w.org\/{rel}","templated":true}]}}