{"id":313585,"date":"2020-12-17T21:31:43","date_gmt":"2020-12-18T02:01:43","guid":{"rendered":"https:\/\/stage3.rnv.gob.ve\/wp\/?p=313585"},"modified":"2020-12-17T21:31:43","modified_gmt":"2020-12-18T02:01:43","slug":"maduro-venezuela-se-nutre-de-la-moral-de-bolivar-para-avanzar-hacia-el-futuro","status":"publish","type":"post","link":"https:\/\/stage3.rnv.gob.ve\/wp\/maduro-venezuela-se-nutre-de-la-moral-de-bolivar-para-avanzar-hacia-el-futuro\/","title":{"rendered":"Maduro: Venezuela se nutre de la moral de Bol\u00edvar para avanzar hacia el futuro"},"content":{"rendered":"<div>\n<div lang=\"es\"><img fetchpriority=\"high\" decoding=\"async\" class=\"aligncenter  wp-image-300322\" src=\"https:\/\/stage3.rnv.gob.ve\/wp\/wp-content\/uploads\/2020\/06\/55003670304-FF-DISCURSO-MADURO-MASCARILLA-CORONAVIRUS-MIRAFLORES-PRESIDENTIAL-PALACE-EFE-2020504-scaled.jpg\" alt=\"\" width=\"615\" height=\"410\" \/><\/div>\n<div lang=\"es\" style=\"text-align: justify;\">El presidente de la Rep\u00fablica Bolivariana de Venezuela, Nicol\u00e1s Maduro, asever\u00f3 este jueves que el pueblo de Venezuela se nutre de la fuerza y moral del padre de la patria Sim\u00f3n Bol\u00edvar para avanzar hacia el futuro victorioso.<\/div>\n<div lang=\"es\" style=\"text-align: justify;\"><\/div>\n<div lang=\"es\" style=\"text-align: justify;\">\u00abHoy le cantamos a nuestro Padre Bol\u00edvar, Libertador de la Patria Grande, forjador de los sue\u00f1os m\u00e1s nobles de justicia y hermandad. A 190 a\u00f1os de su paso a la eternidad, el Pueblo venezolano se nutre de su fuerza espiritual y moral, para seguir abriendo paso al futuro victorioso\u00bb, escribi\u00f3 el jefe de Estado a trav\u00e9s de su cuenta en la red social Twitter.<\/div>\n<div lang=\"es\" style=\"text-align: justify;\"><\/div>\n<\/div>\n<div style=\"text-align: justify;\">El mensaje del mandatario Nacional lo acompa\u00f1a un material audiovisual que relata las haza\u00f1as de Bol\u00edvar por la libertad de los pueblos.<\/div>\n<div style=\"text-align: justify;\"><\/div>\n<div style=\"text-align: justify;\">Adem\u00e1s, destaca el jefe de Estado que el l\u00edder de la Revoluci\u00f3n Bolivariana, Hugo Ch\u00e1vez, retom\u00f3 el proyecto de Bol\u00edvar que hoy se ha convertido en pueblo.<\/div>\n<div style=\"text-align: justify;\"><\/div>\n<div style=\"text-align: justify;\">Sim\u00f3n Jos\u00e9 Antonio de la Sant\u00edsima Trinidad Bol\u00edvar y Palacios Blanco, conocido en Am\u00e9rica Latina y el mundo como El Libertador, naci\u00f3 en la ciudad de Caracas el 24 de julio de 1783. Sus padres fueron el Coronel don Juan Vicente Bol\u00edvar y Ponte, y do\u00f1a Concepci\u00f3n Palacios Blanco.<\/div>\n<div style=\"text-align: justify;\"><\/div>\n<div style=\"text-align: justify;\">A la edad de 14 a\u00f1os comenz\u00f3 a involucrarse en lo que ser\u00eda su carrera militar, en 1799 viaj\u00f3 a Madrid, Espa\u00f1a, para dedicarse a los estudios; Bol\u00edvar sobresali\u00f3 entre sus contempor\u00e1neos por sus talentos, su inteligencia, su voluntad y abnegaci\u00f3n, cualidades que puso \u00edntegramente al servicio de una grande y noble empresa: la de libertar y organizar para la vida civil a muchas naciones que hoy ven en \u00e9l a un padre.<\/div>\n<div style=\"text-align: justify;\"><\/div>\n<div style=\"text-align: justify;\">El 17 de diciembre de 1830, muere Bol\u00edvar a causa de una enfermedad en Santa Marta, Colombia. Sus restos mortales, tra\u00eddos a Venezuela en 1842, reposan actualmente en el Pante\u00f3n Nacional<\/div>\n<div><\/div>\n<div><\/div>\n<blockquote class=\"twitter-tweet\">\n<p dir=\"ltr\" lang=\"es\">Hoy le cantamos a nuestro Padre Bol\u00edvar, Libertador de la Patria Grande, forjador de los sue\u00f1os m\u00e1s nobles de justicia y hermandad. A 190 a\u00f1os de su paso a la eternidad, el Pueblo venezolano se nutre de su fuerza espiritual y moral, para seguir abriendo paso al futuro victorioso. <a href=\"https:\/\/t.co\/JKoCL43OSS\">pic.twitter.com\/JKoCL43OSS<\/a><\/p>\n<p>\u2014 Nicol\u00e1s Maduro (@NicolasMaduro) <a href=\"https:\/\/twitter.com\/NicolasMaduro\/status\/1339565479854288896?ref_src=twsrc%5Etfw\">December 17, 2020<\/a><\/p><\/blockquote>\n<p><script async src=\"https:\/\/platform.twitter.com\/widgets.js\" charset=\"utf-8\"><\/script><\/p>\n","protected":false},"excerpt":{"rendered":"<p>El presidente de la Rep\u00fablica Bolivariana de Venezuela, Nicol\u00e1s Maduro, asever\u00f3 este jueves que el pueblo de Venezuela se nutre de la fuerza y moral del padre de la patria Sim\u00f3n Bol\u00edvar para avanzar hacia el futuro victorioso. \u00abHoy le cantamos a nuestro Padre Bol\u00edvar, Libertador de la Patria Grande, forjador de los sue\u00f1os m\u00e1s [&hellip;]<\/p>\n","protected":false},"author":1,"featured_media":302693,"comment_status":"closed","ping_status":"open","sticky":false,"template":"","format":"standard","meta":{"_acf_changed":false,"footnotes":""},"categories":[65],"tags":[147,2295,104],"class_list":["post-313585","post","type-post","status-publish","format-standard","has-post-thumbnail","hentry","category-nacional","tag-maduro","tag-simon-bolivar","tag-venezuela"],"acf":[],"yoast_head":"<!-- This site is optimized with the Yoast SEO plugin v27.4 - https:\/\/yoast.com\/product\/yoast-seo-wordpress\/ -->\n<title>Maduro: Venezuela se nutre de la moral de Bol\u00edvar para avanzar hacia el futuro - DEV RNV<\/title>\n<meta name=\"robots\" content=\"noindex, follow, max-snippet:-1, max-image-preview:large, max-video-preview:-1\" \/>\n<meta property=\"og:locale\" content=\"es_ES\" \/>\n<meta property=\"og:type\" content=\"article\" \/>\n<meta property=\"og:title\" content=\"Maduro: Venezuela se nutre de la moral de Bol\u00edvar para avanzar hacia el futuro - DEV RNV\" \/>\n<meta property=\"og:description\" content=\"El presidente de la Rep\u00fablica Bolivariana de Venezuela, Nicol\u00e1s Maduro, asever\u00f3 este jueves que el pueblo de Venezuela se nutre de la fuerza y moral del padre de la patria Sim\u00f3n Bol\u00edvar para avanzar hacia el futuro victorioso. \u00abHoy le cantamos a nuestro Padre Bol\u00edvar, Libertador de la Patria Grande, forjador de los sue\u00f1os m\u00e1s [&hellip;]\" \/>\n<meta property=\"og:url\" content=\"https:\/\/stage3.rnv.gob.ve\/wp\/maduro-venezuela-se-nutre-de-la-moral-de-bolivar-para-avanzar-hacia-el-futuro\/\" \/>\n<meta property=\"og:site_name\" content=\"DEV RNV\" \/>\n<meta property=\"article:publisher\" content=\"https:\/\/www.facebook.com\/RadioNacionaldeVenezuela\" \/>\n<meta property=\"article:published_time\" content=\"2020-12-18T02:01:43+00:00\" \/>\n<meta name=\"author\" content=\"administrador\" \/>\n<meta name=\"twitter:card\" content=\"summary_large_image\" \/>\n<meta name=\"twitter:creator\" content=\"@RNVinformativa\" \/>\n<meta name=\"twitter:site\" content=\"@RNVinformativa\" \/>\n<meta name=\"twitter:label1\" content=\"Escrito por\" \/>\n\t<meta name=\"twitter:data1\" content=\"administrador\" \/>\n\t<meta name=\"twitter:label2\" content=\"Tiempo estimado de lectura\" \/>\n\t<meta name=\"twitter:data2\" content=\"2 minutos\" \/>\n<script type=\"application\/ld+json\" class=\"yoast-schema-graph\">{\"@context\":\"https:\\\/\\\/schema.org\",\"@graph\":[{\"@type\":\"Article\",\"@id\":\"https:\\\/\\\/stage3.rnv.gob.ve\\\/wp\\\/maduro-venezuela-se-nutre-de-la-moral-de-bolivar-para-avanzar-hacia-el-futuro\\\/#article\",\"isPartOf\":{\"@id\":\"https:\\\/\\\/stage3.rnv.gob.ve\\\/wp\\\/maduro-venezuela-se-nutre-de-la-moral-de-bolivar-para-avanzar-hacia-el-futuro\\\/\"},\"author\":{\"name\":\"administrador\",\"@id\":\"https:\\\/\\\/stage3.rnv.gob.ve\\\/wp\\\/#\\\/schema\\\/person\\\/0862ce8cde332e0bc63b8a243f0eea2c\"},\"headline\":\"Maduro: Venezuela se nutre de la moral de Bol\u00edvar para avanzar hacia el futuro\",\"datePublished\":\"2020-12-18T02:01:43+00:00\",\"mainEntityOfPage\":{\"@id\":\"https:\\\/\\\/stage3.rnv.gob.ve\\\/wp\\\/maduro-venezuela-se-nutre-de-la-moral-de-bolivar-para-avanzar-hacia-el-futuro\\\/\"},\"wordCount\":406,\"publisher\":{\"@id\":\"https:\\\/\\\/stage3.rnv.gob.ve\\\/wp\\\/#organization\"},\"image\":{\"@id\":\"https:\\\/\\\/stage3.rnv.gob.ve\\\/wp\\\/maduro-venezuela-se-nutre-de-la-moral-de-bolivar-para-avanzar-hacia-el-futuro\\\/#primaryimage\"},\"thumbnailUrl\":\"\",\"keywords\":[\"maduro\",\"Simon Bolivar\",\"Venezuela\"],\"articleSection\":[\"Nacional\"],\"inLanguage\":\"es\"},{\"@type\":\"WebPage\",\"@id\":\"https:\\\/\\\/stage3.rnv.gob.ve\\\/wp\\\/maduro-venezuela-se-nutre-de-la-moral-de-bolivar-para-avanzar-hacia-el-futuro\\\/\",\"url\":\"https:\\\/\\\/stage3.rnv.gob.ve\\\/wp\\\/maduro-venezuela-se-nutre-de-la-moral-de-bolivar-para-avanzar-hacia-el-futuro\\\/\",\"name\":\"Maduro: Venezuela se nutre de la moral de Bol\u00edvar para avanzar hacia el futuro - DEV RNV\",\"isPartOf\":{\"@id\":\"https:\\\/\\\/stage3.rnv.gob.ve\\\/wp\\\/#website\"},\"primaryImageOfPage\":{\"@id\":\"https:\\\/\\\/stage3.rnv.gob.ve\\\/wp\\\/maduro-venezuela-se-nutre-de-la-moral-de-bolivar-para-avanzar-hacia-el-futuro\\\/#primaryimage\"},\"image\":{\"@id\":\"https:\\\/\\\/stage3.rnv.gob.ve\\\/wp\\\/maduro-venezuela-se-nutre-de-la-moral-de-bolivar-para-avanzar-hacia-el-futuro\\\/#primaryimage\"},\"thumbnailUrl\":\"\",\"datePublished\":\"2020-12-18T02:01:43+00:00\",\"breadcrumb\":{\"@id\":\"https:\\\/\\\/stage3.rnv.gob.ve\\\/wp\\\/maduro-venezuela-se-nutre-de-la-moral-de-bolivar-para-avanzar-hacia-el-futuro\\\/#breadcrumb\"},\"inLanguage\":\"es\",\"potentialAction\":[{\"@type\":\"ReadAction\",\"target\":[\"https:\\\/\\\/stage3.rnv.gob.ve\\\/wp\\\/maduro-venezuela-se-nutre-de-la-moral-de-bolivar-para-avanzar-hacia-el-futuro\\\/\"]}]},{\"@type\":\"ImageObject\",\"inLanguage\":\"es\",\"@id\":\"https:\\\/\\\/stage3.rnv.gob.ve\\\/wp\\\/maduro-venezuela-se-nutre-de-la-moral-de-bolivar-para-avanzar-hacia-el-futuro\\\/#primaryimage\",\"url\":\"\",\"contentUrl\":\"\"},{\"@type\":\"BreadcrumbList\",\"@id\":\"https:\\\/\\\/stage3.rnv.gob.ve\\\/wp\\\/maduro-venezuela-se-nutre-de-la-moral-de-bolivar-para-avanzar-hacia-el-futuro\\\/#breadcrumb\",\"itemListElement\":[{\"@type\":\"ListItem\",\"position\":1,\"name\":\"Portada\",\"item\":\"https:\\\/\\\/stage3.rnv.gob.ve\\\/wp\\\/\"},{\"@type\":\"ListItem\",\"position\":2,\"name\":\"Maduro: Venezuela Se Nutre De La Moral De Bol\u00edvar Para Avanzar Hacia El Futuro\"}]},{\"@type\":\"WebSite\",\"@id\":\"https:\\\/\\\/stage3.rnv.gob.ve\\\/wp\\\/#website\",\"url\":\"https:\\\/\\\/stage3.rnv.gob.ve\\\/wp\\\/\",\"name\":\"DEV RNV\",\"description\":\"Radio Nacional de Venezuela C.A.\",\"publisher\":{\"@id\":\"https:\\\/\\\/stage3.rnv.gob.ve\\\/wp\\\/#organization\"},\"potentialAction\":[{\"@type\":\"SearchAction\",\"target\":{\"@type\":\"EntryPoint\",\"urlTemplate\":\"https:\\\/\\\/stage3.rnv.gob.ve\\\/wp\\\/?s={search_term_string}\"},\"query-input\":{\"@type\":\"PropertyValueSpecification\",\"valueRequired\":true,\"valueName\":\"search_term_string\"}}],\"inLanguage\":\"es\"},{\"@type\":\"Organization\",\"@id\":\"https:\\\/\\\/stage3.rnv.gob.ve\\\/wp\\\/#organization\",\"name\":\"Radio Nacional de Venezuela C.A.\",\"url\":\"https:\\\/\\\/stage3.rnv.gob.ve\\\/wp\\\/\",\"logo\":{\"@type\":\"ImageObject\",\"inLanguage\":\"es\",\"@id\":\"https:\\\/\\\/stage3.rnv.gob.ve\\\/wp\\\/#\\\/schema\\\/logo\\\/image\\\/\",\"url\":\"http:\\\/\\\/rnv.ddns.net\\\/prensa\\\/wp-content\\\/uploads\\\/2022\\\/04\\\/rnv-1-300x227-1.jpg\",\"contentUrl\":\"http:\\\/\\\/rnv.ddns.net\\\/prensa\\\/wp-content\\\/uploads\\\/2022\\\/04\\\/rnv-1-300x227-1.jpg\",\"width\":800,\"height\":455,\"caption\":\"Radio Nacional de Venezuela C.A.\"},\"image\":{\"@id\":\"https:\\\/\\\/stage3.rnv.gob.ve\\\/wp\\\/#\\\/schema\\\/logo\\\/image\\\/\"},\"sameAs\":[\"https:\\\/\\\/www.facebook.com\\\/RadioNacionaldeVenezuela\",\"https:\\\/\\\/x.com\\\/RNVinformativa\",\"https:\\\/\\\/www.instagram.com\\\/rnvinformativa\\\/\",\"https:\\\/\\\/www.youtube.com\\\/user\\\/RNVContigo\"]},{\"@type\":\"Person\",\"@id\":\"https:\\\/\\\/stage3.rnv.gob.ve\\\/wp\\\/#\\\/schema\\\/person\\\/0862ce8cde332e0bc63b8a243f0eea2c\",\"name\":\"administrador\",\"sameAs\":[\"http:\\\/\\\/arnoldoeloy.net\"],\"url\":\"https:\\\/\\\/stage3.rnv.gob.ve\\\/wp\\\/author\\\/administrador\\\/\"}]}<\/script>\n<!-- \/ Yoast SEO plugin. -->","yoast_head_json":{"title":"Maduro: Venezuela se nutre de la moral de Bol\u00edvar para avanzar hacia el futuro - DEV RNV","robots":{"index":"noindex","follow":"follow","max-snippet":"max-snippet:-1","max-image-preview":"max-image-preview:large","max-video-preview":"max-video-preview:-1"},"og_locale":"es_ES","og_type":"article","og_title":"Maduro: Venezuela se nutre de la moral de Bol\u00edvar para avanzar hacia el futuro - DEV RNV","og_description":"El presidente de la Rep\u00fablica Bolivariana de Venezuela, Nicol\u00e1s Maduro, asever\u00f3 este jueves que el pueblo de Venezuela se nutre de la fuerza y moral del padre de la patria Sim\u00f3n Bol\u00edvar para avanzar hacia el futuro victorioso. \u00abHoy le cantamos a nuestro Padre Bol\u00edvar, Libertador de la Patria Grande, forjador de los sue\u00f1os m\u00e1s [&hellip;]","og_url":"https:\/\/stage3.rnv.gob.ve\/wp\/maduro-venezuela-se-nutre-de-la-moral-de-bolivar-para-avanzar-hacia-el-futuro\/","og_site_name":"DEV RNV","article_publisher":"https:\/\/www.facebook.com\/RadioNacionaldeVenezuela","article_published_time":"2020-12-18T02:01:43+00:00","author":"administrador","twitter_card":"summary_large_image","twitter_creator":"@RNVinformativa","twitter_site":"@RNVinformativa","twitter_misc":{"Escrito por":"administrador","Tiempo estimado de lectura":"2 minutos"},"schema":{"@context":"https:\/\/schema.org","@graph":[{"@type":"Article","@id":"https:\/\/stage3.rnv.gob.ve\/wp\/maduro-venezuela-se-nutre-de-la-moral-de-bolivar-para-avanzar-hacia-el-futuro\/#article","isPartOf":{"@id":"https:\/\/stage3.rnv.gob.ve\/wp\/maduro-venezuela-se-nutre-de-la-moral-de-bolivar-para-avanzar-hacia-el-futuro\/"},"author":{"name":"administrador","@id":"https:\/\/stage3.rnv.gob.ve\/wp\/#\/schema\/person\/0862ce8cde332e0bc63b8a243f0eea2c"},"headline":"Maduro: Venezuela se nutre de la moral de Bol\u00edvar para avanzar hacia el futuro","datePublished":"2020-12-18T02:01:43+00:00","mainEntityOfPage":{"@id":"https:\/\/stage3.rnv.gob.ve\/wp\/maduro-venezuela-se-nutre-de-la-moral-de-bolivar-para-avanzar-hacia-el-futuro\/"},"wordCount":406,"publisher":{"@id":"https:\/\/stage3.rnv.gob.ve\/wp\/#organization"},"image":{"@id":"https:\/\/stage3.rnv.gob.ve\/wp\/maduro-venezuela-se-nutre-de-la-moral-de-bolivar-para-avanzar-hacia-el-futuro\/#primaryimage"},"thumbnailUrl":"","keywords":["maduro","Simon Bolivar","Venezuela"],"articleSection":["Nacional"],"inLanguage":"es"},{"@type":"WebPage","@id":"https:\/\/stage3.rnv.gob.ve\/wp\/maduro-venezuela-se-nutre-de-la-moral-de-bolivar-para-avanzar-hacia-el-futuro\/","url":"https:\/\/stage3.rnv.gob.ve\/wp\/maduro-venezuela-se-nutre-de-la-moral-de-bolivar-para-avanzar-hacia-el-futuro\/","name":"Maduro: Venezuela se nutre de la moral de Bol\u00edvar para avanzar hacia el futuro - DEV RNV","isPartOf":{"@id":"https:\/\/stage3.rnv.gob.ve\/wp\/#website"},"primaryImageOfPage":{"@id":"https:\/\/stage3.rnv.gob.ve\/wp\/maduro-venezuela-se-nutre-de-la-moral-de-bolivar-para-avanzar-hacia-el-futuro\/#primaryimage"},"image":{"@id":"https:\/\/stage3.rnv.gob.ve\/wp\/maduro-venezuela-se-nutre-de-la-moral-de-bolivar-para-avanzar-hacia-el-futuro\/#primaryimage"},"thumbnailUrl":"","datePublished":"2020-12-18T02:01:43+00:00","breadcrumb":{"@id":"https:\/\/stage3.rnv.gob.ve\/wp\/maduro-venezuela-se-nutre-de-la-moral-de-bolivar-para-avanzar-hacia-el-futuro\/#breadcrumb"},"inLanguage":"es","potentialAction":[{"@type":"ReadAction","target":["https:\/\/stage3.rnv.gob.ve\/wp\/maduro-venezuela-se-nutre-de-la-moral-de-bolivar-para-avanzar-hacia-el-futuro\/"]}]},{"@type":"ImageObject","inLanguage":"es","@id":"https:\/\/stage3.rnv.gob.ve\/wp\/maduro-venezuela-se-nutre-de-la-moral-de-bolivar-para-avanzar-hacia-el-futuro\/#primaryimage","url":"","contentUrl":""},{"@type":"BreadcrumbList","@id":"https:\/\/stage3.rnv.gob.ve\/wp\/maduro-venezuela-se-nutre-de-la-moral-de-bolivar-para-avanzar-hacia-el-futuro\/#breadcrumb","itemListElement":[{"@type":"ListItem","position":1,"name":"Portada","item":"https:\/\/stage3.rnv.gob.ve\/wp\/"},{"@type":"ListItem","position":2,"name":"Maduro: Venezuela Se Nutre De La Moral De Bol\u00edvar Para Avanzar Hacia El Futuro"}]},{"@type":"WebSite","@id":"https:\/\/stage3.rnv.gob.ve\/wp\/#website","url":"https:\/\/stage3.rnv.gob.ve\/wp\/","name":"DEV RNV","description":"Radio Nacional de Venezuela C.A.","publisher":{"@id":"https:\/\/stage3.rnv.gob.ve\/wp\/#organization"},"potentialAction":[{"@type":"SearchAction","target":{"@type":"EntryPoint","urlTemplate":"https:\/\/stage3.rnv.gob.ve\/wp\/?s={search_term_string}"},"query-input":{"@type":"PropertyValueSpecification","valueRequired":true,"valueName":"search_term_string"}}],"inLanguage":"es"},{"@type":"Organization","@id":"https:\/\/stage3.rnv.gob.ve\/wp\/#organization","name":"Radio Nacional de Venezuela C.A.","url":"https:\/\/stage3.rnv.gob.ve\/wp\/","logo":{"@type":"ImageObject","inLanguage":"es","@id":"https:\/\/stage3.rnv.gob.ve\/wp\/#\/schema\/logo\/image\/","url":"http:\/\/rnv.ddns.net\/prensa\/wp-content\/uploads\/2022\/04\/rnv-1-300x227-1.jpg","contentUrl":"http:\/\/rnv.ddns.net\/prensa\/wp-content\/uploads\/2022\/04\/rnv-1-300x227-1.jpg","width":800,"height":455,"caption":"Radio Nacional de Venezuela C.A."},"image":{"@id":"https:\/\/stage3.rnv.gob.ve\/wp\/#\/schema\/logo\/image\/"},"sameAs":["https:\/\/www.facebook.com\/RadioNacionaldeVenezuela","https:\/\/x.com\/RNVinformativa","https:\/\/www.instagram.com\/rnvinformativa\/","https:\/\/www.youtube.com\/user\/RNVContigo"]},{"@type":"Person","@id":"https:\/\/stage3.rnv.gob.ve\/wp\/#\/schema\/person\/0862ce8cde332e0bc63b8a243f0eea2c","name":"administrador","sameAs":["http:\/\/arnoldoeloy.net"],"url":"https:\/\/stage3.rnv.gob.ve\/wp\/author\/administrador\/"}]}},"jetpack_featured_media_url":"","_links":{"self":[{"href":"https:\/\/stage3.rnv.gob.ve\/wp\/wp-json\/wp\/v2\/posts\/313585","targetHints":{"allow":["GET"]}}],"collection":[{"href":"https:\/\/stage3.rnv.gob.ve\/wp\/wp-json\/wp\/v2\/posts"}],"about":[{"href":"https:\/\/stage3.rnv.gob.ve\/wp\/wp-json\/wp\/v2\/types\/post"}],"author":[{"embeddable":true,"href":"https:\/\/stage3.rnv.gob.ve\/wp\/wp-json\/wp\/v2\/users\/1"}],"replies":[{"embeddable":true,"href":"https:\/\/stage3.rnv.gob.ve\/wp\/wp-json\/wp\/v2\/comments?post=313585"}],"version-history":[{"count":0,"href":"https:\/\/stage3.rnv.gob.ve\/wp\/wp-json\/wp\/v2\/posts\/313585\/revisions"}],"wp:featuredmedia":[{"embeddable":true,"href":"https:\/\/stage3.rnv.gob.ve\/wp\/wp-json\/"}],"wp:attachment":[{"href":"https:\/\/stage3.rnv.gob.ve\/wp\/wp-json\/wp\/v2\/media?parent=313585"}],"wp:term":[{"taxonomy":"category","embeddable":true,"href":"https:\/\/stage3.rnv.gob.ve\/wp\/wp-json\/wp\/v2\/categories?post=313585"},{"taxonomy":"post_tag","embeddable":true,"href":"https:\/\/stage3.rnv.gob.ve\/wp\/wp-json\/wp\/v2\/tags?post=313585"}],"curies":[{"name":"wp","href":"https:\/\/api.w.org\/{rel}","templated":true}]}}