{"id":313547,"date":"2020-12-16T12:53:14","date_gmt":"2020-12-16T17:23:14","guid":{"rendered":"https:\/\/stage3.rnv.gob.ve\/wp\/?p=313547"},"modified":"2020-12-16T12:53:14","modified_gmt":"2020-12-16T17:23:14","slug":"comision-especial-fortalece-proceso-investigativo-para-determinar-responsables-de-la-tragedia-en-costas-de-guiria-en-la-que-perdieron-la-vida-23-personas","status":"publish","type":"post","link":"https:\/\/stage3.rnv.gob.ve\/wp\/comision-especial-fortalece-proceso-investigativo-para-determinar-responsables-de-la-tragedia-en-costas-de-guiria-en-la-que-perdieron-la-vida-23-personas\/","title":{"rendered":"Comisi\u00f3n Especial fortalece proceso investigativo para determinar responsables en el caso de G\u00fciria"},"content":{"rendered":"<p><img fetchpriority=\"high\" decoding=\"async\" class=\"aligncenter wp-image-313550\" src=\"https:\/\/stage3.rnv.gob.ve\/wp\/wp-content\/uploads\/2020\/12\/Comunicado-Ministerio-del-Interior.jpg\" alt=\"\" width=\"600\" height=\"334\" \/><\/p>\n<p>El Ejecutivo Nacional, ante la existencia de mafias que trafican con las necesidades del pueblo humilde de este sector, conform\u00f3 una Comisi\u00f3n Especial que fortalece proceso investigativo para determinar responsables de la tragedia en costas de G\u00fciria, estado Sucre, en la que perdieron la vida 23 personas: \u201chasta ahora, se ha logrado la identificaci\u00f3n de 21 cad\u00e1veres, que han sido entregados a sus familiares, en medio de un profundo pesar\u201d.<\/p>\n<p>As\u00ed lo inform\u00f3 este mi\u00e9rcoles el Gobierno Nacional, a trav\u00e9s de un comunicado oficial publicado por el Ministerio del Poder Popular para Relaciones Interiores, Justicia y Paz, el cual se\u00f1ala que las autoridades detuvieron a dos ciudadanos, uno de ellos, el due\u00f1o de la embarcaci\u00f3n, quien tiene antecedentes penales por los delitos de tr\u00e1fico de drogas y tr\u00e1fico il\u00edcito de personas; y el due\u00f1o de la hacienda de donde sali\u00f3 \u00a0la embarcaci\u00f3n.<\/p>\n<p><strong>A continuaci\u00f3n el contenido \u00edntegro del comunicado:<\/strong><\/p>\n<p><img decoding=\"async\" class=\"wp-image-313549 aligncenter\" src=\"https:\/\/stage3.rnv.gob.ve\/wp\/wp-content\/uploads\/2020\/12\/comunicado.jpg\" alt=\"\" width=\"600\" height=\"763\" \/><\/p>\n","protected":false},"excerpt":{"rendered":"<p>El Ejecutivo Nacional, ante la existencia de mafias que trafican con las necesidades del pueblo humilde de este sector, conform\u00f3 una Comisi\u00f3n Especial que fortalece proceso investigativo para determinar responsables de la tragedia en costas de G\u00fciria, estado Sucre, en la que perdieron la vida 23 personas: \u201chasta ahora, se ha logrado la identificaci\u00f3n de [&hellip;]<\/p>\n","protected":false},"author":1,"featured_media":313550,"comment_status":"closed","ping_status":"open","sticky":false,"template":"","format":"standard","meta":{"_acf_changed":false,"footnotes":""},"categories":[65],"tags":[2731,277,29266],"class_list":["post-313547","post","type-post","status-publish","format-standard","has-post-thumbnail","hentry","category-nacional","tag-comision","tag-especial","tag-guiria"],"acf":[],"yoast_head":"<!-- This site is optimized with the Yoast SEO plugin v27.4 - https:\/\/yoast.com\/product\/yoast-seo-wordpress\/ -->\n<title>Comisi\u00f3n Especial fortalece proceso investigativo para determinar responsables en el caso de G\u00fciria - DEV RNV<\/title>\n<meta name=\"robots\" content=\"noindex, follow, max-snippet:-1, max-image-preview:large, max-video-preview:-1\" \/>\n<meta property=\"og:locale\" content=\"es_ES\" \/>\n<meta property=\"og:type\" content=\"article\" \/>\n<meta property=\"og:title\" content=\"Comisi\u00f3n Especial fortalece proceso investigativo para determinar responsables en el caso de G\u00fciria - DEV RNV\" \/>\n<meta property=\"og:description\" content=\"El Ejecutivo Nacional, ante la existencia de mafias que trafican con las necesidades del pueblo humilde de este sector, conform\u00f3 una Comisi\u00f3n Especial que fortalece proceso investigativo para determinar responsables de la tragedia en costas de G\u00fciria, estado Sucre, en la que perdieron la vida 23 personas: \u201chasta ahora, se ha logrado la identificaci\u00f3n de [&hellip;]\" \/>\n<meta property=\"og:url\" content=\"https:\/\/stage3.rnv.gob.ve\/wp\/comision-especial-fortalece-proceso-investigativo-para-determinar-responsables-de-la-tragedia-en-costas-de-guiria-en-la-que-perdieron-la-vida-23-personas\/\" \/>\n<meta property=\"og:site_name\" content=\"DEV RNV\" \/>\n<meta property=\"article:publisher\" content=\"https:\/\/www.facebook.com\/RadioNacionaldeVenezuela\" \/>\n<meta property=\"article:published_time\" content=\"2020-12-16T17:23:14+00:00\" \/>\n<meta name=\"author\" content=\"administrador\" \/>\n<meta name=\"twitter:card\" content=\"summary_large_image\" \/>\n<meta name=\"twitter:creator\" content=\"@RNVinformativa\" \/>\n<meta name=\"twitter:site\" content=\"@RNVinformativa\" \/>\n<meta name=\"twitter:label1\" content=\"Escrito por\" \/>\n\t<meta name=\"twitter:data1\" content=\"administrador\" \/>\n\t<meta name=\"twitter:label2\" content=\"Tiempo estimado de lectura\" \/>\n\t<meta name=\"twitter:data2\" content=\"1 minuto\" \/>\n<script type=\"application\/ld+json\" class=\"yoast-schema-graph\">{\"@context\":\"https:\\\/\\\/schema.org\",\"@graph\":[{\"@type\":\"Article\",\"@id\":\"https:\\\/\\\/stage3.rnv.gob.ve\\\/wp\\\/comision-especial-fortalece-proceso-investigativo-para-determinar-responsables-de-la-tragedia-en-costas-de-guiria-en-la-que-perdieron-la-vida-23-personas\\\/#article\",\"isPartOf\":{\"@id\":\"https:\\\/\\\/stage3.rnv.gob.ve\\\/wp\\\/comision-especial-fortalece-proceso-investigativo-para-determinar-responsables-de-la-tragedia-en-costas-de-guiria-en-la-que-perdieron-la-vida-23-personas\\\/\"},\"author\":{\"name\":\"administrador\",\"@id\":\"https:\\\/\\\/stage3.rnv.gob.ve\\\/wp\\\/#\\\/schema\\\/person\\\/0862ce8cde332e0bc63b8a243f0eea2c\"},\"headline\":\"Comisi\u00f3n Especial fortalece proceso investigativo para determinar responsables en el caso de G\u00fciria\",\"datePublished\":\"2020-12-16T17:23:14+00:00\",\"mainEntityOfPage\":{\"@id\":\"https:\\\/\\\/stage3.rnv.gob.ve\\\/wp\\\/comision-especial-fortalece-proceso-investigativo-para-determinar-responsables-de-la-tragedia-en-costas-de-guiria-en-la-que-perdieron-la-vida-23-personas\\\/\"},\"wordCount\":177,\"publisher\":{\"@id\":\"https:\\\/\\\/stage3.rnv.gob.ve\\\/wp\\\/#organization\"},\"image\":{\"@id\":\"https:\\\/\\\/stage3.rnv.gob.ve\\\/wp\\\/comision-especial-fortalece-proceso-investigativo-para-determinar-responsables-de-la-tragedia-en-costas-de-guiria-en-la-que-perdieron-la-vida-23-personas\\\/#primaryimage\"},\"thumbnailUrl\":\"\",\"keywords\":[\"comisi\u00f3n\",\"especial\",\"G\u00fciria\"],\"articleSection\":[\"Nacional\"],\"inLanguage\":\"es\"},{\"@type\":\"WebPage\",\"@id\":\"https:\\\/\\\/stage3.rnv.gob.ve\\\/wp\\\/comision-especial-fortalece-proceso-investigativo-para-determinar-responsables-de-la-tragedia-en-costas-de-guiria-en-la-que-perdieron-la-vida-23-personas\\\/\",\"url\":\"https:\\\/\\\/stage3.rnv.gob.ve\\\/wp\\\/comision-especial-fortalece-proceso-investigativo-para-determinar-responsables-de-la-tragedia-en-costas-de-guiria-en-la-que-perdieron-la-vida-23-personas\\\/\",\"name\":\"Comisi\u00f3n Especial fortalece proceso investigativo para determinar responsables en el caso de G\u00fciria - DEV RNV\",\"isPartOf\":{\"@id\":\"https:\\\/\\\/stage3.rnv.gob.ve\\\/wp\\\/#website\"},\"primaryImageOfPage\":{\"@id\":\"https:\\\/\\\/stage3.rnv.gob.ve\\\/wp\\\/comision-especial-fortalece-proceso-investigativo-para-determinar-responsables-de-la-tragedia-en-costas-de-guiria-en-la-que-perdieron-la-vida-23-personas\\\/#primaryimage\"},\"image\":{\"@id\":\"https:\\\/\\\/stage3.rnv.gob.ve\\\/wp\\\/comision-especial-fortalece-proceso-investigativo-para-determinar-responsables-de-la-tragedia-en-costas-de-guiria-en-la-que-perdieron-la-vida-23-personas\\\/#primaryimage\"},\"thumbnailUrl\":\"\",\"datePublished\":\"2020-12-16T17:23:14+00:00\",\"breadcrumb\":{\"@id\":\"https:\\\/\\\/stage3.rnv.gob.ve\\\/wp\\\/comision-especial-fortalece-proceso-investigativo-para-determinar-responsables-de-la-tragedia-en-costas-de-guiria-en-la-que-perdieron-la-vida-23-personas\\\/#breadcrumb\"},\"inLanguage\":\"es\",\"potentialAction\":[{\"@type\":\"ReadAction\",\"target\":[\"https:\\\/\\\/stage3.rnv.gob.ve\\\/wp\\\/comision-especial-fortalece-proceso-investigativo-para-determinar-responsables-de-la-tragedia-en-costas-de-guiria-en-la-que-perdieron-la-vida-23-personas\\\/\"]}]},{\"@type\":\"ImageObject\",\"inLanguage\":\"es\",\"@id\":\"https:\\\/\\\/stage3.rnv.gob.ve\\\/wp\\\/comision-especial-fortalece-proceso-investigativo-para-determinar-responsables-de-la-tragedia-en-costas-de-guiria-en-la-que-perdieron-la-vida-23-personas\\\/#primaryimage\",\"url\":\"\",\"contentUrl\":\"\"},{\"@type\":\"BreadcrumbList\",\"@id\":\"https:\\\/\\\/stage3.rnv.gob.ve\\\/wp\\\/comision-especial-fortalece-proceso-investigativo-para-determinar-responsables-de-la-tragedia-en-costas-de-guiria-en-la-que-perdieron-la-vida-23-personas\\\/#breadcrumb\",\"itemListElement\":[{\"@type\":\"ListItem\",\"position\":1,\"name\":\"Portada\",\"item\":\"https:\\\/\\\/stage3.rnv.gob.ve\\\/wp\\\/\"},{\"@type\":\"ListItem\",\"position\":2,\"name\":\"Comisi\u00f3n Especial Fortalece Proceso Investigativo Para Determinar Responsables En El Caso De G\u00fciria\"}]},{\"@type\":\"WebSite\",\"@id\":\"https:\\\/\\\/stage3.rnv.gob.ve\\\/wp\\\/#website\",\"url\":\"https:\\\/\\\/stage3.rnv.gob.ve\\\/wp\\\/\",\"name\":\"DEV RNV\",\"description\":\"Radio Nacional de Venezuela C.A.\",\"publisher\":{\"@id\":\"https:\\\/\\\/stage3.rnv.gob.ve\\\/wp\\\/#organization\"},\"potentialAction\":[{\"@type\":\"SearchAction\",\"target\":{\"@type\":\"EntryPoint\",\"urlTemplate\":\"https:\\\/\\\/stage3.rnv.gob.ve\\\/wp\\\/?s={search_term_string}\"},\"query-input\":{\"@type\":\"PropertyValueSpecification\",\"valueRequired\":true,\"valueName\":\"search_term_string\"}}],\"inLanguage\":\"es\"},{\"@type\":\"Organization\",\"@id\":\"https:\\\/\\\/stage3.rnv.gob.ve\\\/wp\\\/#organization\",\"name\":\"Radio Nacional de Venezuela C.A.\",\"url\":\"https:\\\/\\\/stage3.rnv.gob.ve\\\/wp\\\/\",\"logo\":{\"@type\":\"ImageObject\",\"inLanguage\":\"es\",\"@id\":\"https:\\\/\\\/stage3.rnv.gob.ve\\\/wp\\\/#\\\/schema\\\/logo\\\/image\\\/\",\"url\":\"http:\\\/\\\/rnv.ddns.net\\\/prensa\\\/wp-content\\\/uploads\\\/2022\\\/04\\\/rnv-1-300x227-1.jpg\",\"contentUrl\":\"http:\\\/\\\/rnv.ddns.net\\\/prensa\\\/wp-content\\\/uploads\\\/2022\\\/04\\\/rnv-1-300x227-1.jpg\",\"width\":800,\"height\":455,\"caption\":\"Radio Nacional de Venezuela C.A.\"},\"image\":{\"@id\":\"https:\\\/\\\/stage3.rnv.gob.ve\\\/wp\\\/#\\\/schema\\\/logo\\\/image\\\/\"},\"sameAs\":[\"https:\\\/\\\/www.facebook.com\\\/RadioNacionaldeVenezuela\",\"https:\\\/\\\/x.com\\\/RNVinformativa\",\"https:\\\/\\\/www.instagram.com\\\/rnvinformativa\\\/\",\"https:\\\/\\\/www.youtube.com\\\/user\\\/RNVContigo\"]},{\"@type\":\"Person\",\"@id\":\"https:\\\/\\\/stage3.rnv.gob.ve\\\/wp\\\/#\\\/schema\\\/person\\\/0862ce8cde332e0bc63b8a243f0eea2c\",\"name\":\"administrador\",\"sameAs\":[\"http:\\\/\\\/arnoldoeloy.net\"],\"url\":\"https:\\\/\\\/stage3.rnv.gob.ve\\\/wp\\\/author\\\/administrador\\\/\"}]}<\/script>\n<!-- \/ Yoast SEO plugin. -->","yoast_head_json":{"title":"Comisi\u00f3n Especial fortalece proceso investigativo para determinar responsables en el caso de G\u00fciria - DEV RNV","robots":{"index":"noindex","follow":"follow","max-snippet":"max-snippet:-1","max-image-preview":"max-image-preview:large","max-video-preview":"max-video-preview:-1"},"og_locale":"es_ES","og_type":"article","og_title":"Comisi\u00f3n Especial fortalece proceso investigativo para determinar responsables en el caso de G\u00fciria - DEV RNV","og_description":"El Ejecutivo Nacional, ante la existencia de mafias que trafican con las necesidades del pueblo humilde de este sector, conform\u00f3 una Comisi\u00f3n Especial que fortalece proceso investigativo para determinar responsables de la tragedia en costas de G\u00fciria, estado Sucre, en la que perdieron la vida 23 personas: \u201chasta ahora, se ha logrado la identificaci\u00f3n de [&hellip;]","og_url":"https:\/\/stage3.rnv.gob.ve\/wp\/comision-especial-fortalece-proceso-investigativo-para-determinar-responsables-de-la-tragedia-en-costas-de-guiria-en-la-que-perdieron-la-vida-23-personas\/","og_site_name":"DEV RNV","article_publisher":"https:\/\/www.facebook.com\/RadioNacionaldeVenezuela","article_published_time":"2020-12-16T17:23:14+00:00","author":"administrador","twitter_card":"summary_large_image","twitter_creator":"@RNVinformativa","twitter_site":"@RNVinformativa","twitter_misc":{"Escrito por":"administrador","Tiempo estimado de lectura":"1 minuto"},"schema":{"@context":"https:\/\/schema.org","@graph":[{"@type":"Article","@id":"https:\/\/stage3.rnv.gob.ve\/wp\/comision-especial-fortalece-proceso-investigativo-para-determinar-responsables-de-la-tragedia-en-costas-de-guiria-en-la-que-perdieron-la-vida-23-personas\/#article","isPartOf":{"@id":"https:\/\/stage3.rnv.gob.ve\/wp\/comision-especial-fortalece-proceso-investigativo-para-determinar-responsables-de-la-tragedia-en-costas-de-guiria-en-la-que-perdieron-la-vida-23-personas\/"},"author":{"name":"administrador","@id":"https:\/\/stage3.rnv.gob.ve\/wp\/#\/schema\/person\/0862ce8cde332e0bc63b8a243f0eea2c"},"headline":"Comisi\u00f3n Especial fortalece proceso investigativo para determinar responsables en el caso de G\u00fciria","datePublished":"2020-12-16T17:23:14+00:00","mainEntityOfPage":{"@id":"https:\/\/stage3.rnv.gob.ve\/wp\/comision-especial-fortalece-proceso-investigativo-para-determinar-responsables-de-la-tragedia-en-costas-de-guiria-en-la-que-perdieron-la-vida-23-personas\/"},"wordCount":177,"publisher":{"@id":"https:\/\/stage3.rnv.gob.ve\/wp\/#organization"},"image":{"@id":"https:\/\/stage3.rnv.gob.ve\/wp\/comision-especial-fortalece-proceso-investigativo-para-determinar-responsables-de-la-tragedia-en-costas-de-guiria-en-la-que-perdieron-la-vida-23-personas\/#primaryimage"},"thumbnailUrl":"","keywords":["comisi\u00f3n","especial","G\u00fciria"],"articleSection":["Nacional"],"inLanguage":"es"},{"@type":"WebPage","@id":"https:\/\/stage3.rnv.gob.ve\/wp\/comision-especial-fortalece-proceso-investigativo-para-determinar-responsables-de-la-tragedia-en-costas-de-guiria-en-la-que-perdieron-la-vida-23-personas\/","url":"https:\/\/stage3.rnv.gob.ve\/wp\/comision-especial-fortalece-proceso-investigativo-para-determinar-responsables-de-la-tragedia-en-costas-de-guiria-en-la-que-perdieron-la-vida-23-personas\/","name":"Comisi\u00f3n Especial fortalece proceso investigativo para determinar responsables en el caso de G\u00fciria - DEV RNV","isPartOf":{"@id":"https:\/\/stage3.rnv.gob.ve\/wp\/#website"},"primaryImageOfPage":{"@id":"https:\/\/stage3.rnv.gob.ve\/wp\/comision-especial-fortalece-proceso-investigativo-para-determinar-responsables-de-la-tragedia-en-costas-de-guiria-en-la-que-perdieron-la-vida-23-personas\/#primaryimage"},"image":{"@id":"https:\/\/stage3.rnv.gob.ve\/wp\/comision-especial-fortalece-proceso-investigativo-para-determinar-responsables-de-la-tragedia-en-costas-de-guiria-en-la-que-perdieron-la-vida-23-personas\/#primaryimage"},"thumbnailUrl":"","datePublished":"2020-12-16T17:23:14+00:00","breadcrumb":{"@id":"https:\/\/stage3.rnv.gob.ve\/wp\/comision-especial-fortalece-proceso-investigativo-para-determinar-responsables-de-la-tragedia-en-costas-de-guiria-en-la-que-perdieron-la-vida-23-personas\/#breadcrumb"},"inLanguage":"es","potentialAction":[{"@type":"ReadAction","target":["https:\/\/stage3.rnv.gob.ve\/wp\/comision-especial-fortalece-proceso-investigativo-para-determinar-responsables-de-la-tragedia-en-costas-de-guiria-en-la-que-perdieron-la-vida-23-personas\/"]}]},{"@type":"ImageObject","inLanguage":"es","@id":"https:\/\/stage3.rnv.gob.ve\/wp\/comision-especial-fortalece-proceso-investigativo-para-determinar-responsables-de-la-tragedia-en-costas-de-guiria-en-la-que-perdieron-la-vida-23-personas\/#primaryimage","url":"","contentUrl":""},{"@type":"BreadcrumbList","@id":"https:\/\/stage3.rnv.gob.ve\/wp\/comision-especial-fortalece-proceso-investigativo-para-determinar-responsables-de-la-tragedia-en-costas-de-guiria-en-la-que-perdieron-la-vida-23-personas\/#breadcrumb","itemListElement":[{"@type":"ListItem","position":1,"name":"Portada","item":"https:\/\/stage3.rnv.gob.ve\/wp\/"},{"@type":"ListItem","position":2,"name":"Comisi\u00f3n Especial Fortalece Proceso Investigativo Para Determinar Responsables En El Caso De G\u00fciria"}]},{"@type":"WebSite","@id":"https:\/\/stage3.rnv.gob.ve\/wp\/#website","url":"https:\/\/stage3.rnv.gob.ve\/wp\/","name":"DEV RNV","description":"Radio Nacional de Venezuela C.A.","publisher":{"@id":"https:\/\/stage3.rnv.gob.ve\/wp\/#organization"},"potentialAction":[{"@type":"SearchAction","target":{"@type":"EntryPoint","urlTemplate":"https:\/\/stage3.rnv.gob.ve\/wp\/?s={search_term_string}"},"query-input":{"@type":"PropertyValueSpecification","valueRequired":true,"valueName":"search_term_string"}}],"inLanguage":"es"},{"@type":"Organization","@id":"https:\/\/stage3.rnv.gob.ve\/wp\/#organization","name":"Radio Nacional de Venezuela C.A.","url":"https:\/\/stage3.rnv.gob.ve\/wp\/","logo":{"@type":"ImageObject","inLanguage":"es","@id":"https:\/\/stage3.rnv.gob.ve\/wp\/#\/schema\/logo\/image\/","url":"http:\/\/rnv.ddns.net\/prensa\/wp-content\/uploads\/2022\/04\/rnv-1-300x227-1.jpg","contentUrl":"http:\/\/rnv.ddns.net\/prensa\/wp-content\/uploads\/2022\/04\/rnv-1-300x227-1.jpg","width":800,"height":455,"caption":"Radio Nacional de Venezuela C.A."},"image":{"@id":"https:\/\/stage3.rnv.gob.ve\/wp\/#\/schema\/logo\/image\/"},"sameAs":["https:\/\/www.facebook.com\/RadioNacionaldeVenezuela","https:\/\/x.com\/RNVinformativa","https:\/\/www.instagram.com\/rnvinformativa\/","https:\/\/www.youtube.com\/user\/RNVContigo"]},{"@type":"Person","@id":"https:\/\/stage3.rnv.gob.ve\/wp\/#\/schema\/person\/0862ce8cde332e0bc63b8a243f0eea2c","name":"administrador","sameAs":["http:\/\/arnoldoeloy.net"],"url":"https:\/\/stage3.rnv.gob.ve\/wp\/author\/administrador\/"}]}},"jetpack_featured_media_url":"","_links":{"self":[{"href":"https:\/\/stage3.rnv.gob.ve\/wp\/wp-json\/wp\/v2\/posts\/313547","targetHints":{"allow":["GET"]}}],"collection":[{"href":"https:\/\/stage3.rnv.gob.ve\/wp\/wp-json\/wp\/v2\/posts"}],"about":[{"href":"https:\/\/stage3.rnv.gob.ve\/wp\/wp-json\/wp\/v2\/types\/post"}],"author":[{"embeddable":true,"href":"https:\/\/stage3.rnv.gob.ve\/wp\/wp-json\/wp\/v2\/users\/1"}],"replies":[{"embeddable":true,"href":"https:\/\/stage3.rnv.gob.ve\/wp\/wp-json\/wp\/v2\/comments?post=313547"}],"version-history":[{"count":0,"href":"https:\/\/stage3.rnv.gob.ve\/wp\/wp-json\/wp\/v2\/posts\/313547\/revisions"}],"wp:featuredmedia":[{"embeddable":true,"href":"https:\/\/stage3.rnv.gob.ve\/wp\/wp-json\/"}],"wp:attachment":[{"href":"https:\/\/stage3.rnv.gob.ve\/wp\/wp-json\/wp\/v2\/media?parent=313547"}],"wp:term":[{"taxonomy":"category","embeddable":true,"href":"https:\/\/stage3.rnv.gob.ve\/wp\/wp-json\/wp\/v2\/categories?post=313547"},{"taxonomy":"post_tag","embeddable":true,"href":"https:\/\/stage3.rnv.gob.ve\/wp\/wp-json\/wp\/v2\/tags?post=313547"}],"curies":[{"name":"wp","href":"https:\/\/api.w.org\/{rel}","templated":true}]}}