{"id":313541,"date":"2020-12-16T12:10:04","date_gmt":"2020-12-16T16:40:04","guid":{"rendered":"https:\/\/stage3.rnv.gob.ve\/wp\/?p=313541"},"modified":"2020-12-16T12:10:04","modified_gmt":"2020-12-16T16:40:04","slug":"cnh-convoco-el-premio-nacional-de-historia-2020","status":"publish","type":"post","link":"https:\/\/stage3.rnv.gob.ve\/wp\/cnh-convoco-el-premio-nacional-de-historia-2020\/","title":{"rendered":"CNH convoc\u00f3 el Premio Nacional de Historia 2020"},"content":{"rendered":"<p><img fetchpriority=\"high\" decoding=\"async\" class=\"aligncenter wp-image-313544\" src=\"https:\/\/stage3.rnv.gob.ve\/wp\/wp-content\/uploads\/2020\/12\/Premio-Historia-2020-680x382.jpg\" alt=\"\" width=\"600\" height=\"337\" \/><\/p>\n<p>La Fundaci\u00f3n Centro Nacional de Estudios Hist\u00f3ricos anunci\u00f3 este martes 15 de diciembre la convocatoria para el Premio Nacional de la Historia 2020, que ser\u00e1 otorgado a la trayectoria m\u00e1s destacada en el estudio, la investigaci\u00f3n, la docencia y la difusi\u00f3n de la historia en cualquiera de sus modalidades y especialidades.<\/p>\n<p>En un encuentro realizado este martes, entre los miembros de la Fundaci\u00f3n Centro Nacional de Estudios Hist\u00f3ricos, tambi\u00e9n denominada Centro Nacional de la Historia, con los integrantes del Centro de Estudios Sim\u00f3n Bol\u00edvar, la Red de Historia, Memoria y Patrimonio e historiadores, Alexander Torres, presidente de la referida Fundaci\u00f3n, explic\u00f3 que este premio se convoc\u00f3 por primera vez en 2017.<\/p>\n<p>El mismo, detall\u00f3 Torres, es un reconocimiento a todos los hombres y mujeres de dilatada, intensa y entusiasta labor que han cumplido con la investigaci\u00f3n, divulgaci\u00f3n y ense\u00f1anza de la historia. \u00abSon profesionales con m\u00e1s de 30 a\u00f1os de carrera en el mundo de la defensa de la identidad, de la memoria y el patrimonio nacional. El premio tiene una amplia receptividad en el mundo de los historiadores, cultores y cronistas. Ya connotados historiadores y estudiosos de la historia han sido acreedores del mismo en sus ediciones anteriores\u00bb, refiri\u00f3.<\/p>\n<p>La convocatoria inicia este 15 de diciembre y culmina el 15 marzo de 2021. El anuncio del ganador o ganadora se realizar\u00e1 en abril.<\/p>\n<p><strong>A continuaci\u00f3n las bases del Premio Nacional de la Historia 2020:<\/strong><\/p>\n<p><strong>Bases del Premio<\/strong><br \/>\nLa Fundaci\u00f3n Centro Nacional de Estudios Hist\u00f3ricos, ente adscrito al Ministerio del Despacho de la Presidencia y Seguimiento de la Gesti\u00f3n de Gobierno, en cumplimiento con lo establecido en el Decreto N\u00b0. 2.979, publicado en Gaceta Oficial de la Rep\u00fablica Bolivariana de Venezuela N\u00b0 41.187, de fecha 6 de julio de 2017, abre convocatoria a la Tercera Edici\u00f3n del Premio Nacional de Historia bajo las siguientes bases:<\/p>\n<p><strong>El Premio<\/strong><br \/>\n1.- El Premio Nacional de Historia 2020 ser\u00e1 otorgado a la trayectoria m\u00e1s destacada en el estudio, investigaci\u00f3n, docencia y difusi\u00f3n de la historia en cualquiera de sus modalidades y especialidades.<\/p>\n<p>2.- El Premio podr\u00e1 ser entregado a una o varias personas, a criterio del jurado calificador.<\/p>\n<p>3.- El Premio Nacional de Historia 2020 consta de un diploma, una estatuilla y una asignaci\u00f3n de un premio en met\u00e1lico.<\/p>\n<p>4.- Dicha premiaci\u00f3n se realizar\u00e1 en un acto p\u00fablico organizado por el Centro Nacional de Estudios Hist\u00f3ricos.<\/p>\n<p>5.- El Premio no podr\u00e1 ser declarado desierto.<\/p>\n<p><strong>Los participantes<\/strong><br \/>\n6.- Podr\u00e1n postularse o ser postulados para optar al Premio Nacional de Historia 2020 las ciudadanas y los ciudadanos venezolanos con m\u00e1s de 30 a\u00f1os de trayectoria en el campo de la divulgaci\u00f3n, investigaci\u00f3n y ense\u00f1anza de la historia.<\/p>\n<p><strong>Requisitos<\/strong><br \/>\n7.- Las postulaciones deber\u00e1n ser entregadas a la Presidencia del Centro Nacional de Estudios Hist\u00f3ricos junto con los siguientes recaudos, impresos y digitalizados, en un disco compacto (CD):<\/p>\n<p>Carta de postulaci\u00f3n<br \/>\nCopia de la c\u00e9dula de identidad<br \/>\nCurr\u00edculum Vitae (incluir resumen curricular de una p\u00e1gina)<br \/>\nN\u00famero telef\u00f3nico fijo y celular<br \/>\nDirecci\u00f3n de habitaci\u00f3n<br \/>\nCorreo electr\u00f3nico<br \/>\nSoportes digitales que avalen la trayectoria (diplomas, constancias, art\u00edculos, cat\u00e1logo de investigaciones, rese\u00f1as, cr\u00edticas, reconocimientos, asistencia a eventos, copia de portada de publicaciones, entre otros).<br \/>\nEl jurado<br \/>\n8.- El proceso de evaluaci\u00f3n y selecci\u00f3n del Premio Nacional de Historia 2020 estar\u00e1 a cargo de un jurado compuesto por tres (3) especialistas en el \u00e1rea, designados por el Consejo Directivo del Centro Nacional de Estudios Hist\u00f3ricos.<\/p>\n<p>9.- El jurado emitir\u00e1 su veredicto una vez revisados los soportes y tomar\u00e1 las decisiones por mayor\u00eda. El veredicto se registrar\u00e1 en un acta, de conformidad con lo establecido en las bases del Premio Nacional de Historia.<\/p>\n<p>10.- El veredicto del jurado ser\u00e1 inapelable.<\/p>\n<p>11.- No se devolver\u00e1n copias o soportes de los requisitos consignados por los participantes.<\/p>\n<p>Disposiciones finales<br \/>\n12.- El plazo de postulaci\u00f3n estar\u00e1 comprendido desde el 15 de diciembre y el 15 de marzo de 2021, ambas fechas inclusive.<\/p>\n<p>13.- El veredicto ser\u00e1 anunciado durante el mes de abril de 2021 a trav\u00e9s del portal web del Centro Nacional de Estudios Hist\u00f3ricos www.cnh.gob.ve, as\u00ed como medios de comunicaci\u00f3n impresos, audiovisuales y redes sociales.<\/p>\n<p>14.- La fecha y lugar de la premiaci\u00f3n ser\u00e1n anunciados oportunamente.<\/p>\n<p>15.- Las postulaciones deben enviarse a la siguiente direcci\u00f3n: Centro Nacional de Estudios Hist\u00f3ricos. Casa de la Historia Insurgente Bol\u00edvar-Ch\u00e1vez. Planta Baja. Avenida Universidad, esquina de Traposos. Parroquia Catedral, municipio Libertador. Caracas D.C. Telf. 0212 509-5780 y 0426-5208630.<\/p>\n<p>16.- Todo lo no previsto en estas bases ser\u00e1 resuelto por el Comit\u00e9 Organizador del Premio Nacional de Historia 2020.<\/p>\n<p><strong>T\/CNH<\/strong><\/p>\n","protected":false},"excerpt":{"rendered":"<p>La Fundaci\u00f3n Centro Nacional de Estudios Hist\u00f3ricos anunci\u00f3 este martes 15 de diciembre la convocatoria para el Premio Nacional de la Historia 2020, que ser\u00e1 otorgado a la trayectoria m\u00e1s destacada en el estudio, la investigaci\u00f3n, la docencia y la difusi\u00f3n de la historia en cualquiera de sus modalidades y especialidades. En un encuentro realizado [&hellip;]<\/p>\n","protected":false},"author":1,"featured_media":313544,"comment_status":"closed","ping_status":"open","sticky":false,"template":"","format":"standard","meta":{"_acf_changed":false,"footnotes":""},"categories":[55],"tags":[24882,880,1915],"class_list":["post-313541","post","type-post","status-publish","format-standard","has-post-thumbnail","hentry","category-cultura","tag-cnh","tag-historia","tag-premio"],"acf":[],"yoast_head":"<!-- This site is optimized with the Yoast SEO plugin v27.4 - https:\/\/yoast.com\/product\/yoast-seo-wordpress\/ -->\n<title>CNH convoc\u00f3 el Premio Nacional de Historia 2020 - DEV RNV<\/title>\n<meta name=\"robots\" content=\"noindex, follow, max-snippet:-1, max-image-preview:large, max-video-preview:-1\" \/>\n<meta property=\"og:locale\" content=\"es_ES\" \/>\n<meta property=\"og:type\" content=\"article\" \/>\n<meta property=\"og:title\" content=\"CNH convoc\u00f3 el Premio Nacional de Historia 2020 - DEV RNV\" \/>\n<meta property=\"og:description\" content=\"La Fundaci\u00f3n Centro Nacional de Estudios Hist\u00f3ricos anunci\u00f3 este martes 15 de diciembre la convocatoria para el Premio Nacional de la Historia 2020, que ser\u00e1 otorgado a la trayectoria m\u00e1s destacada en el estudio, la investigaci\u00f3n, la docencia y la difusi\u00f3n de la historia en cualquiera de sus modalidades y especialidades. En un encuentro realizado [&hellip;]\" \/>\n<meta property=\"og:url\" content=\"https:\/\/stage3.rnv.gob.ve\/wp\/cnh-convoco-el-premio-nacional-de-historia-2020\/\" \/>\n<meta property=\"og:site_name\" content=\"DEV RNV\" \/>\n<meta property=\"article:publisher\" content=\"https:\/\/www.facebook.com\/RadioNacionaldeVenezuela\" \/>\n<meta property=\"article:published_time\" content=\"2020-12-16T16:40:04+00:00\" \/>\n<meta name=\"author\" content=\"administrador\" \/>\n<meta name=\"twitter:card\" content=\"summary_large_image\" \/>\n<meta name=\"twitter:creator\" content=\"@RNVinformativa\" \/>\n<meta name=\"twitter:site\" content=\"@RNVinformativa\" \/>\n<meta name=\"twitter:label1\" content=\"Escrito por\" \/>\n\t<meta name=\"twitter:data1\" content=\"administrador\" \/>\n\t<meta name=\"twitter:label2\" content=\"Tiempo estimado de lectura\" \/>\n\t<meta name=\"twitter:data2\" content=\"4 minutos\" \/>\n<script type=\"application\/ld+json\" class=\"yoast-schema-graph\">{\"@context\":\"https:\\\/\\\/schema.org\",\"@graph\":[{\"@type\":\"Article\",\"@id\":\"https:\\\/\\\/stage3.rnv.gob.ve\\\/wp\\\/cnh-convoco-el-premio-nacional-de-historia-2020\\\/#article\",\"isPartOf\":{\"@id\":\"https:\\\/\\\/stage3.rnv.gob.ve\\\/wp\\\/cnh-convoco-el-premio-nacional-de-historia-2020\\\/\"},\"author\":{\"name\":\"administrador\",\"@id\":\"https:\\\/\\\/stage3.rnv.gob.ve\\\/wp\\\/#\\\/schema\\\/person\\\/0862ce8cde332e0bc63b8a243f0eea2c\"},\"headline\":\"CNH convoc\u00f3 el Premio Nacional de Historia 2020\",\"datePublished\":\"2020-12-16T16:40:04+00:00\",\"mainEntityOfPage\":{\"@id\":\"https:\\\/\\\/stage3.rnv.gob.ve\\\/wp\\\/cnh-convoco-el-premio-nacional-de-historia-2020\\\/\"},\"wordCount\":802,\"publisher\":{\"@id\":\"https:\\\/\\\/stage3.rnv.gob.ve\\\/wp\\\/#organization\"},\"image\":{\"@id\":\"https:\\\/\\\/stage3.rnv.gob.ve\\\/wp\\\/cnh-convoco-el-premio-nacional-de-historia-2020\\\/#primaryimage\"},\"thumbnailUrl\":\"\",\"keywords\":[\"cnh\",\"historia\",\"premio\"],\"articleSection\":[\"Cultura\"],\"inLanguage\":\"es\"},{\"@type\":\"WebPage\",\"@id\":\"https:\\\/\\\/stage3.rnv.gob.ve\\\/wp\\\/cnh-convoco-el-premio-nacional-de-historia-2020\\\/\",\"url\":\"https:\\\/\\\/stage3.rnv.gob.ve\\\/wp\\\/cnh-convoco-el-premio-nacional-de-historia-2020\\\/\",\"name\":\"CNH convoc\u00f3 el Premio Nacional de Historia 2020 - DEV RNV\",\"isPartOf\":{\"@id\":\"https:\\\/\\\/stage3.rnv.gob.ve\\\/wp\\\/#website\"},\"primaryImageOfPage\":{\"@id\":\"https:\\\/\\\/stage3.rnv.gob.ve\\\/wp\\\/cnh-convoco-el-premio-nacional-de-historia-2020\\\/#primaryimage\"},\"image\":{\"@id\":\"https:\\\/\\\/stage3.rnv.gob.ve\\\/wp\\\/cnh-convoco-el-premio-nacional-de-historia-2020\\\/#primaryimage\"},\"thumbnailUrl\":\"\",\"datePublished\":\"2020-12-16T16:40:04+00:00\",\"breadcrumb\":{\"@id\":\"https:\\\/\\\/stage3.rnv.gob.ve\\\/wp\\\/cnh-convoco-el-premio-nacional-de-historia-2020\\\/#breadcrumb\"},\"inLanguage\":\"es\",\"potentialAction\":[{\"@type\":\"ReadAction\",\"target\":[\"https:\\\/\\\/stage3.rnv.gob.ve\\\/wp\\\/cnh-convoco-el-premio-nacional-de-historia-2020\\\/\"]}]},{\"@type\":\"ImageObject\",\"inLanguage\":\"es\",\"@id\":\"https:\\\/\\\/stage3.rnv.gob.ve\\\/wp\\\/cnh-convoco-el-premio-nacional-de-historia-2020\\\/#primaryimage\",\"url\":\"\",\"contentUrl\":\"\"},{\"@type\":\"BreadcrumbList\",\"@id\":\"https:\\\/\\\/stage3.rnv.gob.ve\\\/wp\\\/cnh-convoco-el-premio-nacional-de-historia-2020\\\/#breadcrumb\",\"itemListElement\":[{\"@type\":\"ListItem\",\"position\":1,\"name\":\"Portada\",\"item\":\"https:\\\/\\\/stage3.rnv.gob.ve\\\/wp\\\/\"},{\"@type\":\"ListItem\",\"position\":2,\"name\":\"Cnh Convoc\u00f3 El Premio Nacional De Historia 2020\"}]},{\"@type\":\"WebSite\",\"@id\":\"https:\\\/\\\/stage3.rnv.gob.ve\\\/wp\\\/#website\",\"url\":\"https:\\\/\\\/stage3.rnv.gob.ve\\\/wp\\\/\",\"name\":\"DEV RNV\",\"description\":\"Radio Nacional de Venezuela C.A.\",\"publisher\":{\"@id\":\"https:\\\/\\\/stage3.rnv.gob.ve\\\/wp\\\/#organization\"},\"potentialAction\":[{\"@type\":\"SearchAction\",\"target\":{\"@type\":\"EntryPoint\",\"urlTemplate\":\"https:\\\/\\\/stage3.rnv.gob.ve\\\/wp\\\/?s={search_term_string}\"},\"query-input\":{\"@type\":\"PropertyValueSpecification\",\"valueRequired\":true,\"valueName\":\"search_term_string\"}}],\"inLanguage\":\"es\"},{\"@type\":\"Organization\",\"@id\":\"https:\\\/\\\/stage3.rnv.gob.ve\\\/wp\\\/#organization\",\"name\":\"Radio Nacional de Venezuela C.A.\",\"url\":\"https:\\\/\\\/stage3.rnv.gob.ve\\\/wp\\\/\",\"logo\":{\"@type\":\"ImageObject\",\"inLanguage\":\"es\",\"@id\":\"https:\\\/\\\/stage3.rnv.gob.ve\\\/wp\\\/#\\\/schema\\\/logo\\\/image\\\/\",\"url\":\"http:\\\/\\\/rnv.ddns.net\\\/prensa\\\/wp-content\\\/uploads\\\/2022\\\/04\\\/rnv-1-300x227-1.jpg\",\"contentUrl\":\"http:\\\/\\\/rnv.ddns.net\\\/prensa\\\/wp-content\\\/uploads\\\/2022\\\/04\\\/rnv-1-300x227-1.jpg\",\"width\":800,\"height\":455,\"caption\":\"Radio Nacional de Venezuela C.A.\"},\"image\":{\"@id\":\"https:\\\/\\\/stage3.rnv.gob.ve\\\/wp\\\/#\\\/schema\\\/logo\\\/image\\\/\"},\"sameAs\":[\"https:\\\/\\\/www.facebook.com\\\/RadioNacionaldeVenezuela\",\"https:\\\/\\\/x.com\\\/RNVinformativa\",\"https:\\\/\\\/www.instagram.com\\\/rnvinformativa\\\/\",\"https:\\\/\\\/www.youtube.com\\\/user\\\/RNVContigo\"]},{\"@type\":\"Person\",\"@id\":\"https:\\\/\\\/stage3.rnv.gob.ve\\\/wp\\\/#\\\/schema\\\/person\\\/0862ce8cde332e0bc63b8a243f0eea2c\",\"name\":\"administrador\",\"sameAs\":[\"http:\\\/\\\/arnoldoeloy.net\"],\"url\":\"https:\\\/\\\/stage3.rnv.gob.ve\\\/wp\\\/author\\\/administrador\\\/\"}]}<\/script>\n<!-- \/ Yoast SEO plugin. -->","yoast_head_json":{"title":"CNH convoc\u00f3 el Premio Nacional de Historia 2020 - DEV RNV","robots":{"index":"noindex","follow":"follow","max-snippet":"max-snippet:-1","max-image-preview":"max-image-preview:large","max-video-preview":"max-video-preview:-1"},"og_locale":"es_ES","og_type":"article","og_title":"CNH convoc\u00f3 el Premio Nacional de Historia 2020 - DEV RNV","og_description":"La Fundaci\u00f3n Centro Nacional de Estudios Hist\u00f3ricos anunci\u00f3 este martes 15 de diciembre la convocatoria para el Premio Nacional de la Historia 2020, que ser\u00e1 otorgado a la trayectoria m\u00e1s destacada en el estudio, la investigaci\u00f3n, la docencia y la difusi\u00f3n de la historia en cualquiera de sus modalidades y especialidades. En un encuentro realizado [&hellip;]","og_url":"https:\/\/stage3.rnv.gob.ve\/wp\/cnh-convoco-el-premio-nacional-de-historia-2020\/","og_site_name":"DEV RNV","article_publisher":"https:\/\/www.facebook.com\/RadioNacionaldeVenezuela","article_published_time":"2020-12-16T16:40:04+00:00","author":"administrador","twitter_card":"summary_large_image","twitter_creator":"@RNVinformativa","twitter_site":"@RNVinformativa","twitter_misc":{"Escrito por":"administrador","Tiempo estimado de lectura":"4 minutos"},"schema":{"@context":"https:\/\/schema.org","@graph":[{"@type":"Article","@id":"https:\/\/stage3.rnv.gob.ve\/wp\/cnh-convoco-el-premio-nacional-de-historia-2020\/#article","isPartOf":{"@id":"https:\/\/stage3.rnv.gob.ve\/wp\/cnh-convoco-el-premio-nacional-de-historia-2020\/"},"author":{"name":"administrador","@id":"https:\/\/stage3.rnv.gob.ve\/wp\/#\/schema\/person\/0862ce8cde332e0bc63b8a243f0eea2c"},"headline":"CNH convoc\u00f3 el Premio Nacional de Historia 2020","datePublished":"2020-12-16T16:40:04+00:00","mainEntityOfPage":{"@id":"https:\/\/stage3.rnv.gob.ve\/wp\/cnh-convoco-el-premio-nacional-de-historia-2020\/"},"wordCount":802,"publisher":{"@id":"https:\/\/stage3.rnv.gob.ve\/wp\/#organization"},"image":{"@id":"https:\/\/stage3.rnv.gob.ve\/wp\/cnh-convoco-el-premio-nacional-de-historia-2020\/#primaryimage"},"thumbnailUrl":"","keywords":["cnh","historia","premio"],"articleSection":["Cultura"],"inLanguage":"es"},{"@type":"WebPage","@id":"https:\/\/stage3.rnv.gob.ve\/wp\/cnh-convoco-el-premio-nacional-de-historia-2020\/","url":"https:\/\/stage3.rnv.gob.ve\/wp\/cnh-convoco-el-premio-nacional-de-historia-2020\/","name":"CNH convoc\u00f3 el Premio Nacional de Historia 2020 - DEV RNV","isPartOf":{"@id":"https:\/\/stage3.rnv.gob.ve\/wp\/#website"},"primaryImageOfPage":{"@id":"https:\/\/stage3.rnv.gob.ve\/wp\/cnh-convoco-el-premio-nacional-de-historia-2020\/#primaryimage"},"image":{"@id":"https:\/\/stage3.rnv.gob.ve\/wp\/cnh-convoco-el-premio-nacional-de-historia-2020\/#primaryimage"},"thumbnailUrl":"","datePublished":"2020-12-16T16:40:04+00:00","breadcrumb":{"@id":"https:\/\/stage3.rnv.gob.ve\/wp\/cnh-convoco-el-premio-nacional-de-historia-2020\/#breadcrumb"},"inLanguage":"es","potentialAction":[{"@type":"ReadAction","target":["https:\/\/stage3.rnv.gob.ve\/wp\/cnh-convoco-el-premio-nacional-de-historia-2020\/"]}]},{"@type":"ImageObject","inLanguage":"es","@id":"https:\/\/stage3.rnv.gob.ve\/wp\/cnh-convoco-el-premio-nacional-de-historia-2020\/#primaryimage","url":"","contentUrl":""},{"@type":"BreadcrumbList","@id":"https:\/\/stage3.rnv.gob.ve\/wp\/cnh-convoco-el-premio-nacional-de-historia-2020\/#breadcrumb","itemListElement":[{"@type":"ListItem","position":1,"name":"Portada","item":"https:\/\/stage3.rnv.gob.ve\/wp\/"},{"@type":"ListItem","position":2,"name":"Cnh Convoc\u00f3 El Premio Nacional De Historia 2020"}]},{"@type":"WebSite","@id":"https:\/\/stage3.rnv.gob.ve\/wp\/#website","url":"https:\/\/stage3.rnv.gob.ve\/wp\/","name":"DEV RNV","description":"Radio Nacional de Venezuela C.A.","publisher":{"@id":"https:\/\/stage3.rnv.gob.ve\/wp\/#organization"},"potentialAction":[{"@type":"SearchAction","target":{"@type":"EntryPoint","urlTemplate":"https:\/\/stage3.rnv.gob.ve\/wp\/?s={search_term_string}"},"query-input":{"@type":"PropertyValueSpecification","valueRequired":true,"valueName":"search_term_string"}}],"inLanguage":"es"},{"@type":"Organization","@id":"https:\/\/stage3.rnv.gob.ve\/wp\/#organization","name":"Radio Nacional de Venezuela C.A.","url":"https:\/\/stage3.rnv.gob.ve\/wp\/","logo":{"@type":"ImageObject","inLanguage":"es","@id":"https:\/\/stage3.rnv.gob.ve\/wp\/#\/schema\/logo\/image\/","url":"http:\/\/rnv.ddns.net\/prensa\/wp-content\/uploads\/2022\/04\/rnv-1-300x227-1.jpg","contentUrl":"http:\/\/rnv.ddns.net\/prensa\/wp-content\/uploads\/2022\/04\/rnv-1-300x227-1.jpg","width":800,"height":455,"caption":"Radio Nacional de Venezuela C.A."},"image":{"@id":"https:\/\/stage3.rnv.gob.ve\/wp\/#\/schema\/logo\/image\/"},"sameAs":["https:\/\/www.facebook.com\/RadioNacionaldeVenezuela","https:\/\/x.com\/RNVinformativa","https:\/\/www.instagram.com\/rnvinformativa\/","https:\/\/www.youtube.com\/user\/RNVContigo"]},{"@type":"Person","@id":"https:\/\/stage3.rnv.gob.ve\/wp\/#\/schema\/person\/0862ce8cde332e0bc63b8a243f0eea2c","name":"administrador","sameAs":["http:\/\/arnoldoeloy.net"],"url":"https:\/\/stage3.rnv.gob.ve\/wp\/author\/administrador\/"}]}},"jetpack_featured_media_url":"","_links":{"self":[{"href":"https:\/\/stage3.rnv.gob.ve\/wp\/wp-json\/wp\/v2\/posts\/313541","targetHints":{"allow":["GET"]}}],"collection":[{"href":"https:\/\/stage3.rnv.gob.ve\/wp\/wp-json\/wp\/v2\/posts"}],"about":[{"href":"https:\/\/stage3.rnv.gob.ve\/wp\/wp-json\/wp\/v2\/types\/post"}],"author":[{"embeddable":true,"href":"https:\/\/stage3.rnv.gob.ve\/wp\/wp-json\/wp\/v2\/users\/1"}],"replies":[{"embeddable":true,"href":"https:\/\/stage3.rnv.gob.ve\/wp\/wp-json\/wp\/v2\/comments?post=313541"}],"version-history":[{"count":0,"href":"https:\/\/stage3.rnv.gob.ve\/wp\/wp-json\/wp\/v2\/posts\/313541\/revisions"}],"wp:featuredmedia":[{"embeddable":true,"href":"https:\/\/stage3.rnv.gob.ve\/wp\/wp-json\/"}],"wp:attachment":[{"href":"https:\/\/stage3.rnv.gob.ve\/wp\/wp-json\/wp\/v2\/media?parent=313541"}],"wp:term":[{"taxonomy":"category","embeddable":true,"href":"https:\/\/stage3.rnv.gob.ve\/wp\/wp-json\/wp\/v2\/categories?post=313541"},{"taxonomy":"post_tag","embeddable":true,"href":"https:\/\/stage3.rnv.gob.ve\/wp\/wp-json\/wp\/v2\/tags?post=313541"}],"curies":[{"name":"wp","href":"https:\/\/api.w.org\/{rel}","templated":true}]}}