{"id":312446,"date":"2020-11-29T15:05:35","date_gmt":"2020-11-29T19:35:35","guid":{"rendered":"https:\/\/stage3.rnv.gob.ve\/wp\/?p=312446"},"modified":"2020-11-29T15:05:35","modified_gmt":"2020-11-29T19:35:35","slug":"imputan-al-doctor-de-maradona-de-homicidio-culposo","status":"publish","type":"post","link":"https:\/\/stage3.rnv.gob.ve\/wp\/imputan-al-doctor-de-maradona-de-homicidio-culposo\/","title":{"rendered":"Imputan al doctor de Maradona de homicidio culposo"},"content":{"rendered":"<p><img fetchpriority=\"high\" decoding=\"async\" class=\"wp-image-312448 aligncenter\" src=\"https:\/\/stage3.rnv.gob.ve\/wp\/wp-content\/uploads\/2020\/11\/Luque-y-Maradona.jpg\" alt=\"\" width=\"603\" height=\"339\" \/><\/p>\n<p align=\"justify\"><span style=\"color: #000000;\"><span style=\"font-family: Arial, sans-serif;\"><span style=\"font-size: medium;\">Este domingo, la justicia argentina realiz\u00f3 diversos allanamientos en la casa y consultorio de Leopoldo Luque, el \u00faltimo m\u00e9dico personal de Diego Armando Maradona, quien fue imputado en la investigaci\u00f3n por su posible responsabilidad en el fatal desenlace del \u00eddolo argentino. <\/span><\/span><\/span><\/p>\n<p align=\"justify\"><span style=\"color: #000000;\"><span style=\"font-family: Arial, sans-serif;\"><span style=\"font-size: medium;\">En este sentido, Luque fue imputado del delito homicidio culposo en el marco de la causa en la que se investigan las circunstancias del fallecimiento del astro del f\u00fatbol. Por ello, la\u00a0justicia de San Isidro, por orden del juez Orlando D\u00edaz, ha allanado este domingo la casa y el consultorio de Leopoldo Luque.<\/span><\/span><\/span><\/p>\n<p align=\"justify\"><span style=\"color: #000000;\"><span style=\"font-family: Arial, sans-serif;\"><span style=\"font-size: medium;\">Asimismo, medios argentinos informaron que el objetivo de los allanamientos fue retirar documentaci\u00f3n que pueda ayudar a entender c\u00f3mo fueron los \u00faltimos d\u00edas de Maradona respecto de su atenci\u00f3n m\u00e9dica.<\/span><\/span><\/span><\/p>\n<p align=\"justify\"><span style=\"color: #000000;\"><span style=\"font-family: Arial, sans-serif;\"><span style=\"font-size: medium;\">De la misma manera, Luque fue notificado formalmente de sus derechos esta ma\u00f1ana, mientras se allanaba su domicilio ubicado en la calle 30 de Septiembre al 1800, de Adrogu\u00e9, en la zona sur del conurbano.\u00a0<\/span><\/span><\/span><\/p>\n<h1 align=\"justify\">Giro de la investigaci\u00f3n<\/h1>\n<p align=\"justify\"><span style=\"color: #000000;\"><span style=\"font-family: Arial, sans-serif;\"><span style=\"font-size: medium;\">El giro en la investigaci\u00f3n se produjo despu\u00e9s que este s\u00e1bado, los fiscales recibieron la declaraci\u00f3n de Dalma, Giannina y Jana, hijas de Maradona, quienes fueron contundentes en contra de c\u00f3mo se manejo el tratamiento de su padre.<\/span><\/span><\/span><\/p>\n<p align=\"justify\"><span style=\"color: #000000;\"><span style=\"font-family: Arial, sans-serif;\"><span style=\"font-size: medium;\">Igualmente, la Fiscal\u00eda General de San Isidro inform\u00f3 en un comunicado que el s\u00e1bado siguieron \u00ablas tareas investigativas y la sustanciaci\u00f3n de la prueba en curso, tom\u00e1ndose algunas declaraciones testimoniales, incluidos familiares directos\u00bb de Maradona.<\/span><\/span><\/span><\/p>\n<p align=\"justify\"><span style=\"color: #000000;\"><span style=\"font-family: Arial, sans-serif;\"><span style=\"font-size: medium;\">Las hijas le reclamaron a la justicia conocer cu\u00e1les fueron los medicamentos que recibi\u00f3 el futbolista argentino en sus \u00faltimas semanas de vida, principalmente desde que apareci\u00f3 el hematoma subdural en la cabeza, que por recomendaci\u00f3n de Luque, fue operado en la Cl\u00ednica de Olivos.<\/span><\/span><\/span><\/p>\n<p align=\"justify\">\n<p align=\"justify\"><span style=\"color: #000000;\"><span style=\"font-family: Arial, sans-serif;\"><span style=\"font-size: medium;\">T\/ Telesur<\/span><\/span><\/span><\/p>\n","protected":false},"excerpt":{"rendered":"<p>Este domingo, la justicia argentina realiz\u00f3 diversos allanamientos en la casa y consultorio de Leopoldo Luque, el \u00faltimo m\u00e9dico personal de Diego Armando Maradona, quien fue imputado en la investigaci\u00f3n por su posible responsabilidad en el fatal desenlace del \u00eddolo argentino. En este sentido, Luque fue imputado del delito homicidio culposo en el marco de [&hellip;]<\/p>\n","protected":false},"author":46,"featured_media":312448,"comment_status":"closed","ping_status":"open","sticky":false,"template":"","format":"standard","meta":{"_acf_changed":false,"footnotes":""},"categories":[61],"tags":[3876,16444,826],"class_list":["post-312446","post","type-post","status-publish","format-standard","has-post-thumbnail","hentry","category-internacional","tag-imputacion","tag-maradona","tag-medico"],"acf":[],"yoast_head":"<!-- This site is optimized with the Yoast SEO plugin v27.4 - https:\/\/yoast.com\/product\/yoast-seo-wordpress\/ -->\n<title>Imputan al doctor de Maradona de homicidio culposo - DEV RNV<\/title>\n<meta name=\"robots\" content=\"noindex, follow, max-snippet:-1, max-image-preview:large, max-video-preview:-1\" \/>\n<meta property=\"og:locale\" content=\"es_ES\" \/>\n<meta property=\"og:type\" content=\"article\" \/>\n<meta property=\"og:title\" content=\"Imputan al doctor de Maradona de homicidio culposo - DEV RNV\" \/>\n<meta property=\"og:description\" content=\"Este domingo, la justicia argentina realiz\u00f3 diversos allanamientos en la casa y consultorio de Leopoldo Luque, el \u00faltimo m\u00e9dico personal de Diego Armando Maradona, quien fue imputado en la investigaci\u00f3n por su posible responsabilidad en el fatal desenlace del \u00eddolo argentino. En este sentido, Luque fue imputado del delito homicidio culposo en el marco de [&hellip;]\" \/>\n<meta property=\"og:url\" content=\"https:\/\/stage3.rnv.gob.ve\/wp\/imputan-al-doctor-de-maradona-de-homicidio-culposo\/\" \/>\n<meta property=\"og:site_name\" content=\"DEV RNV\" \/>\n<meta property=\"article:publisher\" content=\"https:\/\/www.facebook.com\/RadioNacionaldeVenezuela\" \/>\n<meta property=\"article:published_time\" content=\"2020-11-29T19:35:35+00:00\" \/>\n<meta name=\"author\" content=\"Mariana Rojas\" \/>\n<meta name=\"twitter:card\" content=\"summary_large_image\" \/>\n<meta name=\"twitter:creator\" content=\"@RNVinformativa\" \/>\n<meta name=\"twitter:site\" content=\"@RNVinformativa\" \/>\n<meta name=\"twitter:label1\" content=\"Escrito por\" \/>\n\t<meta name=\"twitter:data1\" content=\"Mariana Rojas\" \/>\n\t<meta name=\"twitter:label2\" content=\"Tiempo estimado de lectura\" \/>\n\t<meta name=\"twitter:data2\" content=\"2 minutos\" \/>\n<script type=\"application\/ld+json\" class=\"yoast-schema-graph\">{\"@context\":\"https:\\\/\\\/schema.org\",\"@graph\":[{\"@type\":\"Article\",\"@id\":\"https:\\\/\\\/stage3.rnv.gob.ve\\\/wp\\\/imputan-al-doctor-de-maradona-de-homicidio-culposo\\\/#article\",\"isPartOf\":{\"@id\":\"https:\\\/\\\/stage3.rnv.gob.ve\\\/wp\\\/imputan-al-doctor-de-maradona-de-homicidio-culposo\\\/\"},\"author\":{\"name\":\"Mariana Rojas\",\"@id\":\"https:\\\/\\\/stage3.rnv.gob.ve\\\/wp\\\/#\\\/schema\\\/person\\\/65fc86ff20641450b2a02f101e8eca9c\"},\"headline\":\"Imputan al doctor de Maradona de homicidio culposo\",\"datePublished\":\"2020-11-29T19:35:35+00:00\",\"mainEntityOfPage\":{\"@id\":\"https:\\\/\\\/stage3.rnv.gob.ve\\\/wp\\\/imputan-al-doctor-de-maradona-de-homicidio-culposo\\\/\"},\"wordCount\":313,\"publisher\":{\"@id\":\"https:\\\/\\\/stage3.rnv.gob.ve\\\/wp\\\/#organization\"},\"image\":{\"@id\":\"https:\\\/\\\/stage3.rnv.gob.ve\\\/wp\\\/imputan-al-doctor-de-maradona-de-homicidio-culposo\\\/#primaryimage\"},\"thumbnailUrl\":\"\",\"keywords\":[\"imputacion\",\"Maradona\",\"medico\"],\"articleSection\":[\"Internacional\"],\"inLanguage\":\"es\"},{\"@type\":\"WebPage\",\"@id\":\"https:\\\/\\\/stage3.rnv.gob.ve\\\/wp\\\/imputan-al-doctor-de-maradona-de-homicidio-culposo\\\/\",\"url\":\"https:\\\/\\\/stage3.rnv.gob.ve\\\/wp\\\/imputan-al-doctor-de-maradona-de-homicidio-culposo\\\/\",\"name\":\"Imputan al doctor de Maradona de homicidio culposo - DEV RNV\",\"isPartOf\":{\"@id\":\"https:\\\/\\\/stage3.rnv.gob.ve\\\/wp\\\/#website\"},\"primaryImageOfPage\":{\"@id\":\"https:\\\/\\\/stage3.rnv.gob.ve\\\/wp\\\/imputan-al-doctor-de-maradona-de-homicidio-culposo\\\/#primaryimage\"},\"image\":{\"@id\":\"https:\\\/\\\/stage3.rnv.gob.ve\\\/wp\\\/imputan-al-doctor-de-maradona-de-homicidio-culposo\\\/#primaryimage\"},\"thumbnailUrl\":\"\",\"datePublished\":\"2020-11-29T19:35:35+00:00\",\"breadcrumb\":{\"@id\":\"https:\\\/\\\/stage3.rnv.gob.ve\\\/wp\\\/imputan-al-doctor-de-maradona-de-homicidio-culposo\\\/#breadcrumb\"},\"inLanguage\":\"es\",\"potentialAction\":[{\"@type\":\"ReadAction\",\"target\":[\"https:\\\/\\\/stage3.rnv.gob.ve\\\/wp\\\/imputan-al-doctor-de-maradona-de-homicidio-culposo\\\/\"]}]},{\"@type\":\"ImageObject\",\"inLanguage\":\"es\",\"@id\":\"https:\\\/\\\/stage3.rnv.gob.ve\\\/wp\\\/imputan-al-doctor-de-maradona-de-homicidio-culposo\\\/#primaryimage\",\"url\":\"\",\"contentUrl\":\"\"},{\"@type\":\"BreadcrumbList\",\"@id\":\"https:\\\/\\\/stage3.rnv.gob.ve\\\/wp\\\/imputan-al-doctor-de-maradona-de-homicidio-culposo\\\/#breadcrumb\",\"itemListElement\":[{\"@type\":\"ListItem\",\"position\":1,\"name\":\"Portada\",\"item\":\"https:\\\/\\\/stage3.rnv.gob.ve\\\/wp\\\/\"},{\"@type\":\"ListItem\",\"position\":2,\"name\":\"Imputan Al Doctor De Maradona De Homicidio Culposo\"}]},{\"@type\":\"WebSite\",\"@id\":\"https:\\\/\\\/stage3.rnv.gob.ve\\\/wp\\\/#website\",\"url\":\"https:\\\/\\\/stage3.rnv.gob.ve\\\/wp\\\/\",\"name\":\"DEV RNV\",\"description\":\"Radio Nacional de Venezuela C.A.\",\"publisher\":{\"@id\":\"https:\\\/\\\/stage3.rnv.gob.ve\\\/wp\\\/#organization\"},\"potentialAction\":[{\"@type\":\"SearchAction\",\"target\":{\"@type\":\"EntryPoint\",\"urlTemplate\":\"https:\\\/\\\/stage3.rnv.gob.ve\\\/wp\\\/?s={search_term_string}\"},\"query-input\":{\"@type\":\"PropertyValueSpecification\",\"valueRequired\":true,\"valueName\":\"search_term_string\"}}],\"inLanguage\":\"es\"},{\"@type\":\"Organization\",\"@id\":\"https:\\\/\\\/stage3.rnv.gob.ve\\\/wp\\\/#organization\",\"name\":\"Radio Nacional de Venezuela C.A.\",\"url\":\"https:\\\/\\\/stage3.rnv.gob.ve\\\/wp\\\/\",\"logo\":{\"@type\":\"ImageObject\",\"inLanguage\":\"es\",\"@id\":\"https:\\\/\\\/stage3.rnv.gob.ve\\\/wp\\\/#\\\/schema\\\/logo\\\/image\\\/\",\"url\":\"http:\\\/\\\/rnv.ddns.net\\\/prensa\\\/wp-content\\\/uploads\\\/2022\\\/04\\\/rnv-1-300x227-1.jpg\",\"contentUrl\":\"http:\\\/\\\/rnv.ddns.net\\\/prensa\\\/wp-content\\\/uploads\\\/2022\\\/04\\\/rnv-1-300x227-1.jpg\",\"width\":800,\"height\":455,\"caption\":\"Radio Nacional de Venezuela C.A.\"},\"image\":{\"@id\":\"https:\\\/\\\/stage3.rnv.gob.ve\\\/wp\\\/#\\\/schema\\\/logo\\\/image\\\/\"},\"sameAs\":[\"https:\\\/\\\/www.facebook.com\\\/RadioNacionaldeVenezuela\",\"https:\\\/\\\/x.com\\\/RNVinformativa\",\"https:\\\/\\\/www.instagram.com\\\/rnvinformativa\\\/\",\"https:\\\/\\\/www.youtube.com\\\/user\\\/RNVContigo\"]},{\"@type\":\"Person\",\"@id\":\"https:\\\/\\\/stage3.rnv.gob.ve\\\/wp\\\/#\\\/schema\\\/person\\\/65fc86ff20641450b2a02f101e8eca9c\",\"name\":\"Mariana Rojas\",\"url\":\"https:\\\/\\\/stage3.rnv.gob.ve\\\/wp\\\/author\\\/mariana-rojas\\\/\"}]}<\/script>\n<!-- \/ Yoast SEO plugin. -->","yoast_head_json":{"title":"Imputan al doctor de Maradona de homicidio culposo - DEV RNV","robots":{"index":"noindex","follow":"follow","max-snippet":"max-snippet:-1","max-image-preview":"max-image-preview:large","max-video-preview":"max-video-preview:-1"},"og_locale":"es_ES","og_type":"article","og_title":"Imputan al doctor de Maradona de homicidio culposo - DEV RNV","og_description":"Este domingo, la justicia argentina realiz\u00f3 diversos allanamientos en la casa y consultorio de Leopoldo Luque, el \u00faltimo m\u00e9dico personal de Diego Armando Maradona, quien fue imputado en la investigaci\u00f3n por su posible responsabilidad en el fatal desenlace del \u00eddolo argentino. En este sentido, Luque fue imputado del delito homicidio culposo en el marco de [&hellip;]","og_url":"https:\/\/stage3.rnv.gob.ve\/wp\/imputan-al-doctor-de-maradona-de-homicidio-culposo\/","og_site_name":"DEV RNV","article_publisher":"https:\/\/www.facebook.com\/RadioNacionaldeVenezuela","article_published_time":"2020-11-29T19:35:35+00:00","author":"Mariana Rojas","twitter_card":"summary_large_image","twitter_creator":"@RNVinformativa","twitter_site":"@RNVinformativa","twitter_misc":{"Escrito por":"Mariana Rojas","Tiempo estimado de lectura":"2 minutos"},"schema":{"@context":"https:\/\/schema.org","@graph":[{"@type":"Article","@id":"https:\/\/stage3.rnv.gob.ve\/wp\/imputan-al-doctor-de-maradona-de-homicidio-culposo\/#article","isPartOf":{"@id":"https:\/\/stage3.rnv.gob.ve\/wp\/imputan-al-doctor-de-maradona-de-homicidio-culposo\/"},"author":{"name":"Mariana Rojas","@id":"https:\/\/stage3.rnv.gob.ve\/wp\/#\/schema\/person\/65fc86ff20641450b2a02f101e8eca9c"},"headline":"Imputan al doctor de Maradona de homicidio culposo","datePublished":"2020-11-29T19:35:35+00:00","mainEntityOfPage":{"@id":"https:\/\/stage3.rnv.gob.ve\/wp\/imputan-al-doctor-de-maradona-de-homicidio-culposo\/"},"wordCount":313,"publisher":{"@id":"https:\/\/stage3.rnv.gob.ve\/wp\/#organization"},"image":{"@id":"https:\/\/stage3.rnv.gob.ve\/wp\/imputan-al-doctor-de-maradona-de-homicidio-culposo\/#primaryimage"},"thumbnailUrl":"","keywords":["imputacion","Maradona","medico"],"articleSection":["Internacional"],"inLanguage":"es"},{"@type":"WebPage","@id":"https:\/\/stage3.rnv.gob.ve\/wp\/imputan-al-doctor-de-maradona-de-homicidio-culposo\/","url":"https:\/\/stage3.rnv.gob.ve\/wp\/imputan-al-doctor-de-maradona-de-homicidio-culposo\/","name":"Imputan al doctor de Maradona de homicidio culposo - DEV RNV","isPartOf":{"@id":"https:\/\/stage3.rnv.gob.ve\/wp\/#website"},"primaryImageOfPage":{"@id":"https:\/\/stage3.rnv.gob.ve\/wp\/imputan-al-doctor-de-maradona-de-homicidio-culposo\/#primaryimage"},"image":{"@id":"https:\/\/stage3.rnv.gob.ve\/wp\/imputan-al-doctor-de-maradona-de-homicidio-culposo\/#primaryimage"},"thumbnailUrl":"","datePublished":"2020-11-29T19:35:35+00:00","breadcrumb":{"@id":"https:\/\/stage3.rnv.gob.ve\/wp\/imputan-al-doctor-de-maradona-de-homicidio-culposo\/#breadcrumb"},"inLanguage":"es","potentialAction":[{"@type":"ReadAction","target":["https:\/\/stage3.rnv.gob.ve\/wp\/imputan-al-doctor-de-maradona-de-homicidio-culposo\/"]}]},{"@type":"ImageObject","inLanguage":"es","@id":"https:\/\/stage3.rnv.gob.ve\/wp\/imputan-al-doctor-de-maradona-de-homicidio-culposo\/#primaryimage","url":"","contentUrl":""},{"@type":"BreadcrumbList","@id":"https:\/\/stage3.rnv.gob.ve\/wp\/imputan-al-doctor-de-maradona-de-homicidio-culposo\/#breadcrumb","itemListElement":[{"@type":"ListItem","position":1,"name":"Portada","item":"https:\/\/stage3.rnv.gob.ve\/wp\/"},{"@type":"ListItem","position":2,"name":"Imputan Al Doctor De Maradona De Homicidio Culposo"}]},{"@type":"WebSite","@id":"https:\/\/stage3.rnv.gob.ve\/wp\/#website","url":"https:\/\/stage3.rnv.gob.ve\/wp\/","name":"DEV RNV","description":"Radio Nacional de Venezuela C.A.","publisher":{"@id":"https:\/\/stage3.rnv.gob.ve\/wp\/#organization"},"potentialAction":[{"@type":"SearchAction","target":{"@type":"EntryPoint","urlTemplate":"https:\/\/stage3.rnv.gob.ve\/wp\/?s={search_term_string}"},"query-input":{"@type":"PropertyValueSpecification","valueRequired":true,"valueName":"search_term_string"}}],"inLanguage":"es"},{"@type":"Organization","@id":"https:\/\/stage3.rnv.gob.ve\/wp\/#organization","name":"Radio Nacional de Venezuela C.A.","url":"https:\/\/stage3.rnv.gob.ve\/wp\/","logo":{"@type":"ImageObject","inLanguage":"es","@id":"https:\/\/stage3.rnv.gob.ve\/wp\/#\/schema\/logo\/image\/","url":"http:\/\/rnv.ddns.net\/prensa\/wp-content\/uploads\/2022\/04\/rnv-1-300x227-1.jpg","contentUrl":"http:\/\/rnv.ddns.net\/prensa\/wp-content\/uploads\/2022\/04\/rnv-1-300x227-1.jpg","width":800,"height":455,"caption":"Radio Nacional de Venezuela C.A."},"image":{"@id":"https:\/\/stage3.rnv.gob.ve\/wp\/#\/schema\/logo\/image\/"},"sameAs":["https:\/\/www.facebook.com\/RadioNacionaldeVenezuela","https:\/\/x.com\/RNVinformativa","https:\/\/www.instagram.com\/rnvinformativa\/","https:\/\/www.youtube.com\/user\/RNVContigo"]},{"@type":"Person","@id":"https:\/\/stage3.rnv.gob.ve\/wp\/#\/schema\/person\/65fc86ff20641450b2a02f101e8eca9c","name":"Mariana Rojas","url":"https:\/\/stage3.rnv.gob.ve\/wp\/author\/mariana-rojas\/"}]}},"jetpack_featured_media_url":"","_links":{"self":[{"href":"https:\/\/stage3.rnv.gob.ve\/wp\/wp-json\/wp\/v2\/posts\/312446","targetHints":{"allow":["GET"]}}],"collection":[{"href":"https:\/\/stage3.rnv.gob.ve\/wp\/wp-json\/wp\/v2\/posts"}],"about":[{"href":"https:\/\/stage3.rnv.gob.ve\/wp\/wp-json\/wp\/v2\/types\/post"}],"author":[{"embeddable":true,"href":"https:\/\/stage3.rnv.gob.ve\/wp\/wp-json\/wp\/v2\/users\/46"}],"replies":[{"embeddable":true,"href":"https:\/\/stage3.rnv.gob.ve\/wp\/wp-json\/wp\/v2\/comments?post=312446"}],"version-history":[{"count":0,"href":"https:\/\/stage3.rnv.gob.ve\/wp\/wp-json\/wp\/v2\/posts\/312446\/revisions"}],"wp:featuredmedia":[{"embeddable":true,"href":"https:\/\/stage3.rnv.gob.ve\/wp\/wp-json\/"}],"wp:attachment":[{"href":"https:\/\/stage3.rnv.gob.ve\/wp\/wp-json\/wp\/v2\/media?parent=312446"}],"wp:term":[{"taxonomy":"category","embeddable":true,"href":"https:\/\/stage3.rnv.gob.ve\/wp\/wp-json\/wp\/v2\/categories?post=312446"},{"taxonomy":"post_tag","embeddable":true,"href":"https:\/\/stage3.rnv.gob.ve\/wp\/wp-json\/wp\/v2\/tags?post=312446"}],"curies":[{"name":"wp","href":"https:\/\/api.w.org\/{rel}","templated":true}]}}