{"id":312371,"date":"2020-11-28T20:41:25","date_gmt":"2020-11-29T01:11:25","guid":{"rendered":"https:\/\/stage3.rnv.gob.ve\/wp\/?p=312371"},"modified":"2026-04-14T17:31:14","modified_gmt":"2026-04-14T21:31:14","slug":"cardenales-de-lara-le-devolvio-el-golpe-a-las-aguilas-del-zulia","status":"publish","type":"post","link":"https:\/\/stage3.rnv.gob.ve\/wp\/cardenales-de-lara-le-devolvio-el-golpe-a-las-aguilas-del-zulia\/","title":{"rendered":"Cardenales de Lara le devolvi\u00f3 el golpe a las \u00c1guilas del Zulia"},"content":{"rendered":"<p><img fetchpriority=\"high\" decoding=\"async\" class=\"wp-image-312372 aligncenter\" src=\"https:\/\/stage3.rnv.gob.ve\/wp\/wp-content\/uploads\/2020\/11\/Yordanys-Linares.jpg\" alt=\"\" width=\"600\" height=\"448\" \/><\/p>\n<p align=\"justify\"><span style=\"color: #000000;\"><span style=\"font-family: Arial, sans-serif;\"><span style=\"font-size: medium;\">Despu\u00e9s de un tropiezo en su debut, Cardenales de Lara sac\u00f3 este s\u00e1bado toda su artiller\u00eda y le devolvi\u00f3 el golpe a las \u00c1guilas del Zulia, venciendolos 10-4 como visitante en el Antonio Herrera Guti\u00e9rrez de Barquisimeto.<\/span><\/span><\/span><\/p>\n<p align=\"justify\"><span style=\"font-family: Arial, sans-serif;\"><span style=\"font-size: medium;\"><span style=\"color: #000000;\">Los peloteros <\/span><span style=\"color: #000000;\">Yordanys Linares, Jecksson Flores y Osman Marval comandaron la ofensiva crepuscular al terminar todos de 4-2 con dos remolques cada uno.<\/span><\/span><\/span><\/p>\n<p align=\"justify\"><span style=\"color: #000000;\"><span style=\"font-family: Arial, sans-serif;\"><span style=\"font-size: medium;\">Al comienzo del juego estuvo dominado por el pitcheo, pero ya en el quinto inning los bates comenzaron a hacer vibrar el coso crepuscular.<\/span><\/span><\/span><\/p>\n<p align=\"justify\"><span style=\"color: #000000;\"><span style=\"font-family: Arial, sans-serif;\"><span style=\"font-size: medium;\">Lara desestabiliz\u00f3 al lanzador C\u00e9sar Jimenez, que ten\u00eda un relevo perfecto de dos entradas en blanco, y termin\u00f3 fabricando cuatro carreras con dos sencillos y un par dobles.<\/span><\/span><\/span><\/p>\n<p align=\"justify\"><span style=\"color: #000000;\"><span style=\"font-family: Arial, sans-serif;\"><span style=\"font-size: medium;\">Los rapaces descontaron en la baja de esa misma entrada con dos rayitas gracias a un jonr\u00f3n de \u00d3scar Campos ante el experimentado Ra\u00fal Rivero, quien solo permiti\u00f3 esas anotaciones en 4.2 innings de labor.<\/span><\/span><\/span><\/p>\n<p align=\"justify\"><span style=\"color: #000000;\"><span style=\"font-family: Arial, sans-serif;\"><span style=\"font-size: medium;\">La pizarra se mantuvo cerrada hasta el s\u00e9ptimo, cuando explot\u00f3 nuevamente la ofensiva barsiquimetana y anot\u00f3 otras cuatro carreras con sencillos de Flores y Marval, adem\u00e1s de un elevado de sacrificio de Joantgel Segovia.<\/span><\/span><\/span><\/p>\n<p align=\"justify\"><span style=\"color: #000000;\"><span style=\"font-family: Arial, sans-serif;\"><span style=\"font-size: medium;\">Zulia anot\u00f3 un par de rayitas entre el octavo y el noveno, pero ya no hab\u00eda mucho que hacer.<\/span><\/span><\/span><\/p>\n<p align=\"justify\"><span style=\"color: #000000;\"><span style=\"font-family: Arial, sans-serif;\"><span style=\"font-size: medium;\">La victoria fue para Vicente Campos, que ayud\u00f3 a Rivero a resolver el quinto episodio y adem\u00e1s lanz\u00f3 perfecto en el sexto para dejar su efectividad inmaculada.<\/span><\/span><\/span><\/p>\n<p align=\"justify\"><span style=\"color: #000000;\"><span style=\"font-family: Arial, sans-serif;\"><span style=\"font-size: medium;\">Mientras tanto, Jimenez se qued\u00f3 con la derrota al pemitir las primeras dos carreras de Cardenales en el quinto y termin\u00f3 dejando una abultada efectividad de 9.00.<\/span><\/span><\/span><\/p>\n<p align=\"justify\"><span style=\"font-family: Arial, sans-serif;\"><span style=\"font-size: medium;\">T\/ Agencias.<\/span><\/span><\/p>\n","protected":false},"excerpt":{"rendered":"<p>Despu\u00e9s de un tropiezo en su debut, Cardenales de Lara sac\u00f3 este s\u00e1bado toda su artiller\u00eda y le devolvi\u00f3 el golpe a las \u00c1guilas del Zulia, venciendolos 10-4 como visitante en el Antonio Herrera Guti\u00e9rrez de Barquisimeto. Los peloteros Yordanys Linares, Jecksson Flores y Osman Marval comandaron la ofensiva crepuscular al terminar todos de 4-2 [&hellip;]<\/p>\n","protected":false},"author":46,"featured_media":312372,"comment_status":"closed","ping_status":"open","sticky":false,"template":"","format":"standard","meta":{"_acf_changed":false,"footnotes":""},"categories":[56],"tags":[18087,112,28804,154,31543],"class_list":["post-312371","post","type-post","status-publish","format-standard","has-post-thumbnail","hentry","category-deporte","tag-aguilas-del-zulia","tag-beisbol","tag-cardenales-de-lara","tag-golpe","tag-lpbv"],"acf":[],"yoast_head":"<!-- This site is optimized with the Yoast SEO plugin v27.4 - https:\/\/yoast.com\/product\/yoast-seo-wordpress\/ -->\n<title>Cardenales de Lara le devolvi\u00f3 el golpe a las \u00c1guilas del Zulia - DEV RNV<\/title>\n<meta name=\"robots\" content=\"noindex, follow, max-snippet:-1, max-image-preview:large, max-video-preview:-1\" \/>\n<meta property=\"og:locale\" content=\"es_ES\" \/>\n<meta property=\"og:type\" content=\"article\" \/>\n<meta property=\"og:title\" content=\"Cardenales de Lara le devolvi\u00f3 el golpe a las \u00c1guilas del Zulia - DEV RNV\" \/>\n<meta property=\"og:description\" content=\"Despu\u00e9s de un tropiezo en su debut, Cardenales de Lara sac\u00f3 este s\u00e1bado toda su artiller\u00eda y le devolvi\u00f3 el golpe a las \u00c1guilas del Zulia, venciendolos 10-4 como visitante en el Antonio Herrera Guti\u00e9rrez de Barquisimeto. Los peloteros Yordanys Linares, Jecksson Flores y Osman Marval comandaron la ofensiva crepuscular al terminar todos de 4-2 [&hellip;]\" \/>\n<meta property=\"og:url\" content=\"https:\/\/stage3.rnv.gob.ve\/wp\/cardenales-de-lara-le-devolvio-el-golpe-a-las-aguilas-del-zulia\/\" \/>\n<meta property=\"og:site_name\" content=\"DEV RNV\" \/>\n<meta property=\"article:publisher\" content=\"https:\/\/www.facebook.com\/RadioNacionaldeVenezuela\" \/>\n<meta property=\"article:published_time\" content=\"2020-11-29T01:11:25+00:00\" \/>\n<meta property=\"article:modified_time\" content=\"2026-04-14T21:31:14+00:00\" \/>\n<meta name=\"author\" content=\"Mariana Rojas\" \/>\n<meta name=\"twitter:card\" content=\"summary_large_image\" \/>\n<meta name=\"twitter:creator\" content=\"@RNVinformativa\" \/>\n<meta name=\"twitter:site\" content=\"@RNVinformativa\" \/>\n<meta name=\"twitter:label1\" content=\"Escrito por\" \/>\n\t<meta name=\"twitter:data1\" content=\"Mariana Rojas\" \/>\n\t<meta name=\"twitter:label2\" content=\"Tiempo estimado de lectura\" \/>\n\t<meta name=\"twitter:data2\" content=\"1 minuto\" \/>\n<script type=\"application\/ld+json\" class=\"yoast-schema-graph\">{\"@context\":\"https:\\\/\\\/schema.org\",\"@graph\":[{\"@type\":\"Article\",\"@id\":\"https:\\\/\\\/stage3.rnv.gob.ve\\\/wp\\\/cardenales-de-lara-le-devolvio-el-golpe-a-las-aguilas-del-zulia\\\/#article\",\"isPartOf\":{\"@id\":\"https:\\\/\\\/stage3.rnv.gob.ve\\\/wp\\\/cardenales-de-lara-le-devolvio-el-golpe-a-las-aguilas-del-zulia\\\/\"},\"author\":{\"name\":\"Mariana Rojas\",\"@id\":\"https:\\\/\\\/stage3.rnv.gob.ve\\\/wp\\\/#\\\/schema\\\/person\\\/65fc86ff20641450b2a02f101e8eca9c\"},\"headline\":\"Cardenales de Lara le devolvi\u00f3 el golpe a las \u00c1guilas del Zulia\",\"datePublished\":\"2020-11-29T01:11:25+00:00\",\"dateModified\":\"2026-04-14T21:31:14+00:00\",\"mainEntityOfPage\":{\"@id\":\"https:\\\/\\\/stage3.rnv.gob.ve\\\/wp\\\/cardenales-de-lara-le-devolvio-el-golpe-a-las-aguilas-del-zulia\\\/\"},\"wordCount\":278,\"publisher\":{\"@id\":\"https:\\\/\\\/stage3.rnv.gob.ve\\\/wp\\\/#organization\"},\"image\":{\"@id\":\"https:\\\/\\\/stage3.rnv.gob.ve\\\/wp\\\/cardenales-de-lara-le-devolvio-el-golpe-a-las-aguilas-del-zulia\\\/#primaryimage\"},\"thumbnailUrl\":\"\",\"keywords\":[\"aguilas.del.zulia\",\"Beisbol\",\"Cardenales de Lara\",\"golpe\",\"LPBV\"],\"articleSection\":[\"Deporte\"],\"inLanguage\":\"es\"},{\"@type\":\"WebPage\",\"@id\":\"https:\\\/\\\/stage3.rnv.gob.ve\\\/wp\\\/cardenales-de-lara-le-devolvio-el-golpe-a-las-aguilas-del-zulia\\\/\",\"url\":\"https:\\\/\\\/stage3.rnv.gob.ve\\\/wp\\\/cardenales-de-lara-le-devolvio-el-golpe-a-las-aguilas-del-zulia\\\/\",\"name\":\"Cardenales de Lara le devolvi\u00f3 el golpe a las \u00c1guilas del Zulia - DEV RNV\",\"isPartOf\":{\"@id\":\"https:\\\/\\\/stage3.rnv.gob.ve\\\/wp\\\/#website\"},\"primaryImageOfPage\":{\"@id\":\"https:\\\/\\\/stage3.rnv.gob.ve\\\/wp\\\/cardenales-de-lara-le-devolvio-el-golpe-a-las-aguilas-del-zulia\\\/#primaryimage\"},\"image\":{\"@id\":\"https:\\\/\\\/stage3.rnv.gob.ve\\\/wp\\\/cardenales-de-lara-le-devolvio-el-golpe-a-las-aguilas-del-zulia\\\/#primaryimage\"},\"thumbnailUrl\":\"\",\"datePublished\":\"2020-11-29T01:11:25+00:00\",\"dateModified\":\"2026-04-14T21:31:14+00:00\",\"breadcrumb\":{\"@id\":\"https:\\\/\\\/stage3.rnv.gob.ve\\\/wp\\\/cardenales-de-lara-le-devolvio-el-golpe-a-las-aguilas-del-zulia\\\/#breadcrumb\"},\"inLanguage\":\"es\",\"potentialAction\":[{\"@type\":\"ReadAction\",\"target\":[\"https:\\\/\\\/stage3.rnv.gob.ve\\\/wp\\\/cardenales-de-lara-le-devolvio-el-golpe-a-las-aguilas-del-zulia\\\/\"]}]},{\"@type\":\"ImageObject\",\"inLanguage\":\"es\",\"@id\":\"https:\\\/\\\/stage3.rnv.gob.ve\\\/wp\\\/cardenales-de-lara-le-devolvio-el-golpe-a-las-aguilas-del-zulia\\\/#primaryimage\",\"url\":\"\",\"contentUrl\":\"\"},{\"@type\":\"BreadcrumbList\",\"@id\":\"https:\\\/\\\/stage3.rnv.gob.ve\\\/wp\\\/cardenales-de-lara-le-devolvio-el-golpe-a-las-aguilas-del-zulia\\\/#breadcrumb\",\"itemListElement\":[{\"@type\":\"ListItem\",\"position\":1,\"name\":\"Portada\",\"item\":\"https:\\\/\\\/stage3.rnv.gob.ve\\\/wp\\\/\"},{\"@type\":\"ListItem\",\"position\":2,\"name\":\"Cardenales De Lara Le Devolvi\u00f3 El Golpe A Las \u00c1guilas Del Zulia\"}]},{\"@type\":\"WebSite\",\"@id\":\"https:\\\/\\\/stage3.rnv.gob.ve\\\/wp\\\/#website\",\"url\":\"https:\\\/\\\/stage3.rnv.gob.ve\\\/wp\\\/\",\"name\":\"DEV RNV\",\"description\":\"Radio Nacional de Venezuela C.A.\",\"publisher\":{\"@id\":\"https:\\\/\\\/stage3.rnv.gob.ve\\\/wp\\\/#organization\"},\"potentialAction\":[{\"@type\":\"SearchAction\",\"target\":{\"@type\":\"EntryPoint\",\"urlTemplate\":\"https:\\\/\\\/stage3.rnv.gob.ve\\\/wp\\\/?s={search_term_string}\"},\"query-input\":{\"@type\":\"PropertyValueSpecification\",\"valueRequired\":true,\"valueName\":\"search_term_string\"}}],\"inLanguage\":\"es\"},{\"@type\":\"Organization\",\"@id\":\"https:\\\/\\\/stage3.rnv.gob.ve\\\/wp\\\/#organization\",\"name\":\"Radio Nacional de Venezuela C.A.\",\"url\":\"https:\\\/\\\/stage3.rnv.gob.ve\\\/wp\\\/\",\"logo\":{\"@type\":\"ImageObject\",\"inLanguage\":\"es\",\"@id\":\"https:\\\/\\\/stage3.rnv.gob.ve\\\/wp\\\/#\\\/schema\\\/logo\\\/image\\\/\",\"url\":\"http:\\\/\\\/rnv.ddns.net\\\/prensa\\\/wp-content\\\/uploads\\\/2022\\\/04\\\/rnv-1-300x227-1.jpg\",\"contentUrl\":\"http:\\\/\\\/rnv.ddns.net\\\/prensa\\\/wp-content\\\/uploads\\\/2022\\\/04\\\/rnv-1-300x227-1.jpg\",\"width\":800,\"height\":455,\"caption\":\"Radio Nacional de Venezuela C.A.\"},\"image\":{\"@id\":\"https:\\\/\\\/stage3.rnv.gob.ve\\\/wp\\\/#\\\/schema\\\/logo\\\/image\\\/\"},\"sameAs\":[\"https:\\\/\\\/www.facebook.com\\\/RadioNacionaldeVenezuela\",\"https:\\\/\\\/x.com\\\/RNVinformativa\",\"https:\\\/\\\/www.instagram.com\\\/rnvinformativa\\\/\",\"https:\\\/\\\/www.youtube.com\\\/user\\\/RNVContigo\"]},{\"@type\":\"Person\",\"@id\":\"https:\\\/\\\/stage3.rnv.gob.ve\\\/wp\\\/#\\\/schema\\\/person\\\/65fc86ff20641450b2a02f101e8eca9c\",\"name\":\"Mariana Rojas\",\"url\":\"https:\\\/\\\/stage3.rnv.gob.ve\\\/wp\\\/author\\\/mariana-rojas\\\/\"}]}<\/script>\n<!-- \/ Yoast SEO plugin. -->","yoast_head_json":{"title":"Cardenales de Lara le devolvi\u00f3 el golpe a las \u00c1guilas del Zulia - DEV RNV","robots":{"index":"noindex","follow":"follow","max-snippet":"max-snippet:-1","max-image-preview":"max-image-preview:large","max-video-preview":"max-video-preview:-1"},"og_locale":"es_ES","og_type":"article","og_title":"Cardenales de Lara le devolvi\u00f3 el golpe a las \u00c1guilas del Zulia - DEV RNV","og_description":"Despu\u00e9s de un tropiezo en su debut, Cardenales de Lara sac\u00f3 este s\u00e1bado toda su artiller\u00eda y le devolvi\u00f3 el golpe a las \u00c1guilas del Zulia, venciendolos 10-4 como visitante en el Antonio Herrera Guti\u00e9rrez de Barquisimeto. Los peloteros Yordanys Linares, Jecksson Flores y Osman Marval comandaron la ofensiva crepuscular al terminar todos de 4-2 [&hellip;]","og_url":"https:\/\/stage3.rnv.gob.ve\/wp\/cardenales-de-lara-le-devolvio-el-golpe-a-las-aguilas-del-zulia\/","og_site_name":"DEV RNV","article_publisher":"https:\/\/www.facebook.com\/RadioNacionaldeVenezuela","article_published_time":"2020-11-29T01:11:25+00:00","article_modified_time":"2026-04-14T21:31:14+00:00","author":"Mariana Rojas","twitter_card":"summary_large_image","twitter_creator":"@RNVinformativa","twitter_site":"@RNVinformativa","twitter_misc":{"Escrito por":"Mariana Rojas","Tiempo estimado de lectura":"1 minuto"},"schema":{"@context":"https:\/\/schema.org","@graph":[{"@type":"Article","@id":"https:\/\/stage3.rnv.gob.ve\/wp\/cardenales-de-lara-le-devolvio-el-golpe-a-las-aguilas-del-zulia\/#article","isPartOf":{"@id":"https:\/\/stage3.rnv.gob.ve\/wp\/cardenales-de-lara-le-devolvio-el-golpe-a-las-aguilas-del-zulia\/"},"author":{"name":"Mariana Rojas","@id":"https:\/\/stage3.rnv.gob.ve\/wp\/#\/schema\/person\/65fc86ff20641450b2a02f101e8eca9c"},"headline":"Cardenales de Lara le devolvi\u00f3 el golpe a las \u00c1guilas del Zulia","datePublished":"2020-11-29T01:11:25+00:00","dateModified":"2026-04-14T21:31:14+00:00","mainEntityOfPage":{"@id":"https:\/\/stage3.rnv.gob.ve\/wp\/cardenales-de-lara-le-devolvio-el-golpe-a-las-aguilas-del-zulia\/"},"wordCount":278,"publisher":{"@id":"https:\/\/stage3.rnv.gob.ve\/wp\/#organization"},"image":{"@id":"https:\/\/stage3.rnv.gob.ve\/wp\/cardenales-de-lara-le-devolvio-el-golpe-a-las-aguilas-del-zulia\/#primaryimage"},"thumbnailUrl":"","keywords":["aguilas.del.zulia","Beisbol","Cardenales de Lara","golpe","LPBV"],"articleSection":["Deporte"],"inLanguage":"es"},{"@type":"WebPage","@id":"https:\/\/stage3.rnv.gob.ve\/wp\/cardenales-de-lara-le-devolvio-el-golpe-a-las-aguilas-del-zulia\/","url":"https:\/\/stage3.rnv.gob.ve\/wp\/cardenales-de-lara-le-devolvio-el-golpe-a-las-aguilas-del-zulia\/","name":"Cardenales de Lara le devolvi\u00f3 el golpe a las \u00c1guilas del Zulia - DEV RNV","isPartOf":{"@id":"https:\/\/stage3.rnv.gob.ve\/wp\/#website"},"primaryImageOfPage":{"@id":"https:\/\/stage3.rnv.gob.ve\/wp\/cardenales-de-lara-le-devolvio-el-golpe-a-las-aguilas-del-zulia\/#primaryimage"},"image":{"@id":"https:\/\/stage3.rnv.gob.ve\/wp\/cardenales-de-lara-le-devolvio-el-golpe-a-las-aguilas-del-zulia\/#primaryimage"},"thumbnailUrl":"","datePublished":"2020-11-29T01:11:25+00:00","dateModified":"2026-04-14T21:31:14+00:00","breadcrumb":{"@id":"https:\/\/stage3.rnv.gob.ve\/wp\/cardenales-de-lara-le-devolvio-el-golpe-a-las-aguilas-del-zulia\/#breadcrumb"},"inLanguage":"es","potentialAction":[{"@type":"ReadAction","target":["https:\/\/stage3.rnv.gob.ve\/wp\/cardenales-de-lara-le-devolvio-el-golpe-a-las-aguilas-del-zulia\/"]}]},{"@type":"ImageObject","inLanguage":"es","@id":"https:\/\/stage3.rnv.gob.ve\/wp\/cardenales-de-lara-le-devolvio-el-golpe-a-las-aguilas-del-zulia\/#primaryimage","url":"","contentUrl":""},{"@type":"BreadcrumbList","@id":"https:\/\/stage3.rnv.gob.ve\/wp\/cardenales-de-lara-le-devolvio-el-golpe-a-las-aguilas-del-zulia\/#breadcrumb","itemListElement":[{"@type":"ListItem","position":1,"name":"Portada","item":"https:\/\/stage3.rnv.gob.ve\/wp\/"},{"@type":"ListItem","position":2,"name":"Cardenales De Lara Le Devolvi\u00f3 El Golpe A Las \u00c1guilas Del Zulia"}]},{"@type":"WebSite","@id":"https:\/\/stage3.rnv.gob.ve\/wp\/#website","url":"https:\/\/stage3.rnv.gob.ve\/wp\/","name":"DEV RNV","description":"Radio Nacional de Venezuela C.A.","publisher":{"@id":"https:\/\/stage3.rnv.gob.ve\/wp\/#organization"},"potentialAction":[{"@type":"SearchAction","target":{"@type":"EntryPoint","urlTemplate":"https:\/\/stage3.rnv.gob.ve\/wp\/?s={search_term_string}"},"query-input":{"@type":"PropertyValueSpecification","valueRequired":true,"valueName":"search_term_string"}}],"inLanguage":"es"},{"@type":"Organization","@id":"https:\/\/stage3.rnv.gob.ve\/wp\/#organization","name":"Radio Nacional de Venezuela C.A.","url":"https:\/\/stage3.rnv.gob.ve\/wp\/","logo":{"@type":"ImageObject","inLanguage":"es","@id":"https:\/\/stage3.rnv.gob.ve\/wp\/#\/schema\/logo\/image\/","url":"http:\/\/rnv.ddns.net\/prensa\/wp-content\/uploads\/2022\/04\/rnv-1-300x227-1.jpg","contentUrl":"http:\/\/rnv.ddns.net\/prensa\/wp-content\/uploads\/2022\/04\/rnv-1-300x227-1.jpg","width":800,"height":455,"caption":"Radio Nacional de Venezuela C.A."},"image":{"@id":"https:\/\/stage3.rnv.gob.ve\/wp\/#\/schema\/logo\/image\/"},"sameAs":["https:\/\/www.facebook.com\/RadioNacionaldeVenezuela","https:\/\/x.com\/RNVinformativa","https:\/\/www.instagram.com\/rnvinformativa\/","https:\/\/www.youtube.com\/user\/RNVContigo"]},{"@type":"Person","@id":"https:\/\/stage3.rnv.gob.ve\/wp\/#\/schema\/person\/65fc86ff20641450b2a02f101e8eca9c","name":"Mariana Rojas","url":"https:\/\/stage3.rnv.gob.ve\/wp\/author\/mariana-rojas\/"}]}},"jetpack_featured_media_url":"","_links":{"self":[{"href":"https:\/\/stage3.rnv.gob.ve\/wp\/wp-json\/wp\/v2\/posts\/312371","targetHints":{"allow":["GET"]}}],"collection":[{"href":"https:\/\/stage3.rnv.gob.ve\/wp\/wp-json\/wp\/v2\/posts"}],"about":[{"href":"https:\/\/stage3.rnv.gob.ve\/wp\/wp-json\/wp\/v2\/types\/post"}],"author":[{"embeddable":true,"href":"https:\/\/stage3.rnv.gob.ve\/wp\/wp-json\/wp\/v2\/users\/46"}],"replies":[{"embeddable":true,"href":"https:\/\/stage3.rnv.gob.ve\/wp\/wp-json\/wp\/v2\/comments?post=312371"}],"version-history":[{"count":0,"href":"https:\/\/stage3.rnv.gob.ve\/wp\/wp-json\/wp\/v2\/posts\/312371\/revisions"}],"wp:featuredmedia":[{"embeddable":true,"href":"https:\/\/stage3.rnv.gob.ve\/wp\/wp-json\/"}],"wp:attachment":[{"href":"https:\/\/stage3.rnv.gob.ve\/wp\/wp-json\/wp\/v2\/media?parent=312371"}],"wp:term":[{"taxonomy":"category","embeddable":true,"href":"https:\/\/stage3.rnv.gob.ve\/wp\/wp-json\/wp\/v2\/categories?post=312371"},{"taxonomy":"post_tag","embeddable":true,"href":"https:\/\/stage3.rnv.gob.ve\/wp\/wp-json\/wp\/v2\/tags?post=312371"}],"curies":[{"name":"wp","href":"https:\/\/api.w.org\/{rel}","templated":true}]}}