{"id":306741,"date":"2020-09-06T12:36:05","date_gmt":"2020-09-06T17:06:05","guid":{"rendered":"https:\/\/stage3.rnv.gob.ve\/wp\/?p=306741"},"modified":"2020-09-06T12:36:05","modified_gmt":"2020-09-06T17:06:05","slug":"cabello-el-covid-19-es-una-enfermedad-terrible-y-estar-ahi-no-es-sencillo","status":"publish","type":"post","link":"https:\/\/stage3.rnv.gob.ve\/wp\/cabello-el-covid-19-es-una-enfermedad-terrible-y-estar-ahi-no-es-sencillo\/","title":{"rendered":"Cabello: El Covid-19 es una enfermedad terrible y estar ah\u00ed no es sencillo"},"content":{"rendered":"<p><img fetchpriority=\"high\" decoding=\"async\" class=\"wp-image-306742 aligncenter\" src=\"https:\/\/stage3.rnv.gob.ve\/wp\/wp-content\/uploads\/2020\/09\/cabello-1.jpg\" alt=\"\" width=\"600\" height=\"338\" \/><\/p>\n<p style=\"font-weight: 400;\">El primer vicepresidente del\u00a0<b><strong>Partido Socialista Unido de Venezuela<\/strong><\/b>\u00a0(Psuv),\u00a0<b><strong>Diosdado Cabello<\/strong><\/b>, calific\u00f3 como terrible la enfermedad del\u00a0<b><strong>Covid-19<\/strong><\/b>, por lo que inst\u00f3 al pueblo a cuidarse para evitar el contagio.<\/p>\n<p style=\"font-weight: 400;\">\u201cEs terrible porque estar ah\u00ed no es sencillo yo creo que lo que m\u00e1s le pega a los pacientes de\u00a0<b><strong>Covid<\/strong><\/b>\u00a0es el aislamiento no conocer de esa enfermedad porque se conoce muy poco y las medicinas se ha ido aprendiendo sobre la marcha y la gente que est\u00e1 ah\u00ed solo no sabe cu\u00e1l realmente ser\u00e1 el resultado de las medicinas, porque no hay un tratamiento, porque cada paciente es distinto\u201d, indic\u00f3.<\/p>\n<p style=\"font-weight: 400;\">Durante su entrevista en el programa \u201c<b><strong>Aqu\u00ed con Ernesto<\/strong><\/b>\u201d dirigido por el ministro para la Cultura y periodista\u00a0<b><strong>Ernesto Villegas<\/strong><\/b>, destac\u00f3 que en la actualidad se encuentra en el proceso de recuperaci\u00f3n.<\/p>\n<p style=\"font-weight: 400;\">\u201cLa \u00faltima prueba me la hice hace tres semanas y sal\u00ed negativo nuevamente, pero uno no est\u00e1 curado de los efectos de la enfermedad porque vienen el proceso de rehabilitaci\u00f3n f\u00edsica para ir recuperando fuerzas y todo el dinamismo que uno quisiera tener\u201d, apunt\u00f3 al tiempo que afirm\u00f3 que su equipo ha extremado las medidas dado que a\u00fan no se sabe qu\u00e9 \u201cefectos puede tener sobre una persona que fue positivo una enfermedad como una gripe por ejemplo\u201d.<\/p>\n<p style=\"font-weight: 400;\"><strong>Partida f\u00edsica de Dar\u00edo fue un golpe muy duro<\/strong><\/p>\n<p><b><strong>Cabello<\/strong><\/b>, se refiri\u00f3 al momento en que conoce sobre la partida f\u00edsica del revolucionario\u00a0<b><strong>Dar\u00edo Vivas<\/strong><\/b>.<\/p>\n<p>\u201cUn golpe de esos certeros de los uno dice, \u00a1Dios!\u201d, revel\u00f3 al tiempo que afirm\u00f3 que hab\u00eda solicitado a los m\u00e9dicos tratantes de<b><strong><em>\u00a0<\/em>Dar\u00edo<\/strong><\/b>\u00a0para que pusieran mucha atenci\u00f3n al caso de este revolucionario.<\/p>\n<p>\u201cYo hab\u00eda hablado con los m\u00e9dicos y le dije p\u00f3nganle mucha atenci\u00f3n a Dar\u00edo porque \u00e9l ven\u00eda de una situaci\u00f3n m\u00e9dica complicada hace como unos cinco a\u00f1os y yo dec\u00eda Dios que no vaya a complicarse Dar\u00edo con esta enfermedad y desafortunadamente no pudo y as\u00ed como Dar\u00edo otros compa\u00f1eros\u201d, record\u00f3.<\/p>\n<p>El dirigente psuvista se\u00f1al\u00f3 que todo el tratamiento para superar esta enfermedad lo recibi\u00f3 en un hospital p\u00fablico, donde tambi\u00e9n fue atendida su familia que hab\u00eda contra\u00eddo el virus, as\u00ed como otros dirigentes y funcionarios del Estado venezolano.<\/p>\n<p>\u201cAh\u00ed lleg\u00f3\u00a0<b><strong>Tareck\u00a0<\/strong><\/b>(El Aissami), mi familia, mi esposa y mis hijos llegaron ah\u00ed tambi\u00e9n (\u2026). Estuvo el padre\u00a0<b><strong>Numa\u00a0<\/strong><\/b>(Molina) y otros compa\u00f1eros que llegaron ah\u00ed a ese centro, algunos que ni me enter\u00e9 (\u2026). Luego llevaron al doctor (Miguel)\u00a0<b><strong>Rangel\u00a0<\/strong><\/b>(director del hospital perif\u00e9rico de Coche), al\u00a0<b><strong><em>Potro<\/em><\/strong><\/b>\u00a0(Antonio \u00c1lvarez), porque t\u00fa sabes que le gente empieza a especular \u2018<b><strong>Diosdado\u00a0<\/strong><\/b>debe estar en una cl\u00ednica\u2019, no, a m\u00ed me atendieron exactamente igual que a cualquier persona me pusieron las medicinas que le ponen a cualquier persona\u201d, recalc\u00f3.<\/p>\n<p><strong>T\/Con el Mazo Dando<\/strong><\/p>\n","protected":false},"excerpt":{"rendered":"<p>El primer vicepresidente del\u00a0Partido Socialista Unido de Venezuela\u00a0(Psuv),\u00a0Diosdado Cabello, calific\u00f3 como terrible la enfermedad del\u00a0Covid-19, por lo que inst\u00f3 al pueblo a cuidarse para evitar el contagio. \u201cEs terrible porque estar ah\u00ed no es sencillo yo creo que lo que m\u00e1s le pega a los pacientes de\u00a0Covid\u00a0es el aislamiento no conocer de esa enfermedad porque [&hellip;]<\/p>\n","protected":false},"author":1,"featured_media":306742,"comment_status":"closed","ping_status":"open","sticky":false,"template":"","format":"standard","meta":{"_acf_changed":false,"footnotes":""},"categories":[65],"tags":[382,29374,525],"class_list":["post-306741","post","type-post","status-publish","format-standard","has-post-thumbnail","hentry","category-nacional","tag-cabello","tag-covid","tag-diosdado"],"acf":[],"yoast_head":"<!-- This site is optimized with the Yoast SEO plugin v27.4 - https:\/\/yoast.com\/product\/yoast-seo-wordpress\/ -->\n<title>Cabello: El Covid-19 es una enfermedad terrible y estar ah\u00ed no es sencillo - DEV RNV<\/title>\n<meta name=\"robots\" content=\"noindex, follow, max-snippet:-1, max-image-preview:large, max-video-preview:-1\" \/>\n<meta property=\"og:locale\" content=\"es_ES\" \/>\n<meta property=\"og:type\" content=\"article\" \/>\n<meta property=\"og:title\" content=\"Cabello: El Covid-19 es una enfermedad terrible y estar ah\u00ed no es sencillo - DEV RNV\" \/>\n<meta property=\"og:description\" content=\"El primer vicepresidente del\u00a0Partido Socialista Unido de Venezuela\u00a0(Psuv),\u00a0Diosdado Cabello, calific\u00f3 como terrible la enfermedad del\u00a0Covid-19, por lo que inst\u00f3 al pueblo a cuidarse para evitar el contagio. \u201cEs terrible porque estar ah\u00ed no es sencillo yo creo que lo que m\u00e1s le pega a los pacientes de\u00a0Covid\u00a0es el aislamiento no conocer de esa enfermedad porque [&hellip;]\" \/>\n<meta property=\"og:url\" content=\"https:\/\/stage3.rnv.gob.ve\/wp\/cabello-el-covid-19-es-una-enfermedad-terrible-y-estar-ahi-no-es-sencillo\/\" \/>\n<meta property=\"og:site_name\" content=\"DEV RNV\" \/>\n<meta property=\"article:publisher\" content=\"https:\/\/www.facebook.com\/RadioNacionaldeVenezuela\" \/>\n<meta property=\"article:published_time\" content=\"2020-09-06T17:06:05+00:00\" \/>\n<meta name=\"author\" content=\"administrador\" \/>\n<meta name=\"twitter:card\" content=\"summary_large_image\" \/>\n<meta name=\"twitter:creator\" content=\"@RNVinformativa\" \/>\n<meta name=\"twitter:site\" content=\"@RNVinformativa\" \/>\n<meta name=\"twitter:label1\" content=\"Escrito por\" \/>\n\t<meta name=\"twitter:data1\" content=\"administrador\" \/>\n\t<meta name=\"twitter:label2\" content=\"Tiempo estimado de lectura\" \/>\n\t<meta name=\"twitter:data2\" content=\"2 minutos\" \/>\n<script type=\"application\/ld+json\" class=\"yoast-schema-graph\">{\"@context\":\"https:\\\/\\\/schema.org\",\"@graph\":[{\"@type\":\"Article\",\"@id\":\"https:\\\/\\\/stage3.rnv.gob.ve\\\/wp\\\/cabello-el-covid-19-es-una-enfermedad-terrible-y-estar-ahi-no-es-sencillo\\\/#article\",\"isPartOf\":{\"@id\":\"https:\\\/\\\/stage3.rnv.gob.ve\\\/wp\\\/cabello-el-covid-19-es-una-enfermedad-terrible-y-estar-ahi-no-es-sencillo\\\/\"},\"author\":{\"name\":\"administrador\",\"@id\":\"https:\\\/\\\/stage3.rnv.gob.ve\\\/wp\\\/#\\\/schema\\\/person\\\/0862ce8cde332e0bc63b8a243f0eea2c\"},\"headline\":\"Cabello: El Covid-19 es una enfermedad terrible y estar ah\u00ed no es sencillo\",\"datePublished\":\"2020-09-06T17:06:05+00:00\",\"mainEntityOfPage\":{\"@id\":\"https:\\\/\\\/stage3.rnv.gob.ve\\\/wp\\\/cabello-el-covid-19-es-una-enfermedad-terrible-y-estar-ahi-no-es-sencillo\\\/\"},\"wordCount\":502,\"publisher\":{\"@id\":\"https:\\\/\\\/stage3.rnv.gob.ve\\\/wp\\\/#organization\"},\"image\":{\"@id\":\"https:\\\/\\\/stage3.rnv.gob.ve\\\/wp\\\/cabello-el-covid-19-es-una-enfermedad-terrible-y-estar-ahi-no-es-sencillo\\\/#primaryimage\"},\"thumbnailUrl\":\"\",\"keywords\":[\"cabello\",\"covid\",\"diosdado\"],\"articleSection\":[\"Nacional\"],\"inLanguage\":\"es\"},{\"@type\":\"WebPage\",\"@id\":\"https:\\\/\\\/stage3.rnv.gob.ve\\\/wp\\\/cabello-el-covid-19-es-una-enfermedad-terrible-y-estar-ahi-no-es-sencillo\\\/\",\"url\":\"https:\\\/\\\/stage3.rnv.gob.ve\\\/wp\\\/cabello-el-covid-19-es-una-enfermedad-terrible-y-estar-ahi-no-es-sencillo\\\/\",\"name\":\"Cabello: El Covid-19 es una enfermedad terrible y estar ah\u00ed no es sencillo - DEV RNV\",\"isPartOf\":{\"@id\":\"https:\\\/\\\/stage3.rnv.gob.ve\\\/wp\\\/#website\"},\"primaryImageOfPage\":{\"@id\":\"https:\\\/\\\/stage3.rnv.gob.ve\\\/wp\\\/cabello-el-covid-19-es-una-enfermedad-terrible-y-estar-ahi-no-es-sencillo\\\/#primaryimage\"},\"image\":{\"@id\":\"https:\\\/\\\/stage3.rnv.gob.ve\\\/wp\\\/cabello-el-covid-19-es-una-enfermedad-terrible-y-estar-ahi-no-es-sencillo\\\/#primaryimage\"},\"thumbnailUrl\":\"\",\"datePublished\":\"2020-09-06T17:06:05+00:00\",\"breadcrumb\":{\"@id\":\"https:\\\/\\\/stage3.rnv.gob.ve\\\/wp\\\/cabello-el-covid-19-es-una-enfermedad-terrible-y-estar-ahi-no-es-sencillo\\\/#breadcrumb\"},\"inLanguage\":\"es\",\"potentialAction\":[{\"@type\":\"ReadAction\",\"target\":[\"https:\\\/\\\/stage3.rnv.gob.ve\\\/wp\\\/cabello-el-covid-19-es-una-enfermedad-terrible-y-estar-ahi-no-es-sencillo\\\/\"]}]},{\"@type\":\"ImageObject\",\"inLanguage\":\"es\",\"@id\":\"https:\\\/\\\/stage3.rnv.gob.ve\\\/wp\\\/cabello-el-covid-19-es-una-enfermedad-terrible-y-estar-ahi-no-es-sencillo\\\/#primaryimage\",\"url\":\"\",\"contentUrl\":\"\"},{\"@type\":\"BreadcrumbList\",\"@id\":\"https:\\\/\\\/stage3.rnv.gob.ve\\\/wp\\\/cabello-el-covid-19-es-una-enfermedad-terrible-y-estar-ahi-no-es-sencillo\\\/#breadcrumb\",\"itemListElement\":[{\"@type\":\"ListItem\",\"position\":1,\"name\":\"Portada\",\"item\":\"https:\\\/\\\/stage3.rnv.gob.ve\\\/wp\\\/\"},{\"@type\":\"ListItem\",\"position\":2,\"name\":\"Cabello: El Covid-19 Es Una Enfermedad Terrible Y Estar Ah\u00ed No Es Sencillo\"}]},{\"@type\":\"WebSite\",\"@id\":\"https:\\\/\\\/stage3.rnv.gob.ve\\\/wp\\\/#website\",\"url\":\"https:\\\/\\\/stage3.rnv.gob.ve\\\/wp\\\/\",\"name\":\"DEV RNV\",\"description\":\"Radio Nacional de Venezuela C.A.\",\"publisher\":{\"@id\":\"https:\\\/\\\/stage3.rnv.gob.ve\\\/wp\\\/#organization\"},\"potentialAction\":[{\"@type\":\"SearchAction\",\"target\":{\"@type\":\"EntryPoint\",\"urlTemplate\":\"https:\\\/\\\/stage3.rnv.gob.ve\\\/wp\\\/?s={search_term_string}\"},\"query-input\":{\"@type\":\"PropertyValueSpecification\",\"valueRequired\":true,\"valueName\":\"search_term_string\"}}],\"inLanguage\":\"es\"},{\"@type\":\"Organization\",\"@id\":\"https:\\\/\\\/stage3.rnv.gob.ve\\\/wp\\\/#organization\",\"name\":\"Radio Nacional de Venezuela C.A.\",\"url\":\"https:\\\/\\\/stage3.rnv.gob.ve\\\/wp\\\/\",\"logo\":{\"@type\":\"ImageObject\",\"inLanguage\":\"es\",\"@id\":\"https:\\\/\\\/stage3.rnv.gob.ve\\\/wp\\\/#\\\/schema\\\/logo\\\/image\\\/\",\"url\":\"http:\\\/\\\/rnv.ddns.net\\\/prensa\\\/wp-content\\\/uploads\\\/2022\\\/04\\\/rnv-1-300x227-1.jpg\",\"contentUrl\":\"http:\\\/\\\/rnv.ddns.net\\\/prensa\\\/wp-content\\\/uploads\\\/2022\\\/04\\\/rnv-1-300x227-1.jpg\",\"width\":800,\"height\":455,\"caption\":\"Radio Nacional de Venezuela C.A.\"},\"image\":{\"@id\":\"https:\\\/\\\/stage3.rnv.gob.ve\\\/wp\\\/#\\\/schema\\\/logo\\\/image\\\/\"},\"sameAs\":[\"https:\\\/\\\/www.facebook.com\\\/RadioNacionaldeVenezuela\",\"https:\\\/\\\/x.com\\\/RNVinformativa\",\"https:\\\/\\\/www.instagram.com\\\/rnvinformativa\\\/\",\"https:\\\/\\\/www.youtube.com\\\/user\\\/RNVContigo\"]},{\"@type\":\"Person\",\"@id\":\"https:\\\/\\\/stage3.rnv.gob.ve\\\/wp\\\/#\\\/schema\\\/person\\\/0862ce8cde332e0bc63b8a243f0eea2c\",\"name\":\"administrador\",\"sameAs\":[\"http:\\\/\\\/arnoldoeloy.net\"],\"url\":\"https:\\\/\\\/stage3.rnv.gob.ve\\\/wp\\\/author\\\/administrador\\\/\"}]}<\/script>\n<!-- \/ Yoast SEO plugin. -->","yoast_head_json":{"title":"Cabello: El Covid-19 es una enfermedad terrible y estar ah\u00ed no es sencillo - DEV RNV","robots":{"index":"noindex","follow":"follow","max-snippet":"max-snippet:-1","max-image-preview":"max-image-preview:large","max-video-preview":"max-video-preview:-1"},"og_locale":"es_ES","og_type":"article","og_title":"Cabello: El Covid-19 es una enfermedad terrible y estar ah\u00ed no es sencillo - DEV RNV","og_description":"El primer vicepresidente del\u00a0Partido Socialista Unido de Venezuela\u00a0(Psuv),\u00a0Diosdado Cabello, calific\u00f3 como terrible la enfermedad del\u00a0Covid-19, por lo que inst\u00f3 al pueblo a cuidarse para evitar el contagio. \u201cEs terrible porque estar ah\u00ed no es sencillo yo creo que lo que m\u00e1s le pega a los pacientes de\u00a0Covid\u00a0es el aislamiento no conocer de esa enfermedad porque [&hellip;]","og_url":"https:\/\/stage3.rnv.gob.ve\/wp\/cabello-el-covid-19-es-una-enfermedad-terrible-y-estar-ahi-no-es-sencillo\/","og_site_name":"DEV RNV","article_publisher":"https:\/\/www.facebook.com\/RadioNacionaldeVenezuela","article_published_time":"2020-09-06T17:06:05+00:00","author":"administrador","twitter_card":"summary_large_image","twitter_creator":"@RNVinformativa","twitter_site":"@RNVinformativa","twitter_misc":{"Escrito por":"administrador","Tiempo estimado de lectura":"2 minutos"},"schema":{"@context":"https:\/\/schema.org","@graph":[{"@type":"Article","@id":"https:\/\/stage3.rnv.gob.ve\/wp\/cabello-el-covid-19-es-una-enfermedad-terrible-y-estar-ahi-no-es-sencillo\/#article","isPartOf":{"@id":"https:\/\/stage3.rnv.gob.ve\/wp\/cabello-el-covid-19-es-una-enfermedad-terrible-y-estar-ahi-no-es-sencillo\/"},"author":{"name":"administrador","@id":"https:\/\/stage3.rnv.gob.ve\/wp\/#\/schema\/person\/0862ce8cde332e0bc63b8a243f0eea2c"},"headline":"Cabello: El Covid-19 es una enfermedad terrible y estar ah\u00ed no es sencillo","datePublished":"2020-09-06T17:06:05+00:00","mainEntityOfPage":{"@id":"https:\/\/stage3.rnv.gob.ve\/wp\/cabello-el-covid-19-es-una-enfermedad-terrible-y-estar-ahi-no-es-sencillo\/"},"wordCount":502,"publisher":{"@id":"https:\/\/stage3.rnv.gob.ve\/wp\/#organization"},"image":{"@id":"https:\/\/stage3.rnv.gob.ve\/wp\/cabello-el-covid-19-es-una-enfermedad-terrible-y-estar-ahi-no-es-sencillo\/#primaryimage"},"thumbnailUrl":"","keywords":["cabello","covid","diosdado"],"articleSection":["Nacional"],"inLanguage":"es"},{"@type":"WebPage","@id":"https:\/\/stage3.rnv.gob.ve\/wp\/cabello-el-covid-19-es-una-enfermedad-terrible-y-estar-ahi-no-es-sencillo\/","url":"https:\/\/stage3.rnv.gob.ve\/wp\/cabello-el-covid-19-es-una-enfermedad-terrible-y-estar-ahi-no-es-sencillo\/","name":"Cabello: El Covid-19 es una enfermedad terrible y estar ah\u00ed no es sencillo - DEV RNV","isPartOf":{"@id":"https:\/\/stage3.rnv.gob.ve\/wp\/#website"},"primaryImageOfPage":{"@id":"https:\/\/stage3.rnv.gob.ve\/wp\/cabello-el-covid-19-es-una-enfermedad-terrible-y-estar-ahi-no-es-sencillo\/#primaryimage"},"image":{"@id":"https:\/\/stage3.rnv.gob.ve\/wp\/cabello-el-covid-19-es-una-enfermedad-terrible-y-estar-ahi-no-es-sencillo\/#primaryimage"},"thumbnailUrl":"","datePublished":"2020-09-06T17:06:05+00:00","breadcrumb":{"@id":"https:\/\/stage3.rnv.gob.ve\/wp\/cabello-el-covid-19-es-una-enfermedad-terrible-y-estar-ahi-no-es-sencillo\/#breadcrumb"},"inLanguage":"es","potentialAction":[{"@type":"ReadAction","target":["https:\/\/stage3.rnv.gob.ve\/wp\/cabello-el-covid-19-es-una-enfermedad-terrible-y-estar-ahi-no-es-sencillo\/"]}]},{"@type":"ImageObject","inLanguage":"es","@id":"https:\/\/stage3.rnv.gob.ve\/wp\/cabello-el-covid-19-es-una-enfermedad-terrible-y-estar-ahi-no-es-sencillo\/#primaryimage","url":"","contentUrl":""},{"@type":"BreadcrumbList","@id":"https:\/\/stage3.rnv.gob.ve\/wp\/cabello-el-covid-19-es-una-enfermedad-terrible-y-estar-ahi-no-es-sencillo\/#breadcrumb","itemListElement":[{"@type":"ListItem","position":1,"name":"Portada","item":"https:\/\/stage3.rnv.gob.ve\/wp\/"},{"@type":"ListItem","position":2,"name":"Cabello: El Covid-19 Es Una Enfermedad Terrible Y Estar Ah\u00ed No Es Sencillo"}]},{"@type":"WebSite","@id":"https:\/\/stage3.rnv.gob.ve\/wp\/#website","url":"https:\/\/stage3.rnv.gob.ve\/wp\/","name":"DEV RNV","description":"Radio Nacional de Venezuela C.A.","publisher":{"@id":"https:\/\/stage3.rnv.gob.ve\/wp\/#organization"},"potentialAction":[{"@type":"SearchAction","target":{"@type":"EntryPoint","urlTemplate":"https:\/\/stage3.rnv.gob.ve\/wp\/?s={search_term_string}"},"query-input":{"@type":"PropertyValueSpecification","valueRequired":true,"valueName":"search_term_string"}}],"inLanguage":"es"},{"@type":"Organization","@id":"https:\/\/stage3.rnv.gob.ve\/wp\/#organization","name":"Radio Nacional de Venezuela C.A.","url":"https:\/\/stage3.rnv.gob.ve\/wp\/","logo":{"@type":"ImageObject","inLanguage":"es","@id":"https:\/\/stage3.rnv.gob.ve\/wp\/#\/schema\/logo\/image\/","url":"http:\/\/rnv.ddns.net\/prensa\/wp-content\/uploads\/2022\/04\/rnv-1-300x227-1.jpg","contentUrl":"http:\/\/rnv.ddns.net\/prensa\/wp-content\/uploads\/2022\/04\/rnv-1-300x227-1.jpg","width":800,"height":455,"caption":"Radio Nacional de Venezuela C.A."},"image":{"@id":"https:\/\/stage3.rnv.gob.ve\/wp\/#\/schema\/logo\/image\/"},"sameAs":["https:\/\/www.facebook.com\/RadioNacionaldeVenezuela","https:\/\/x.com\/RNVinformativa","https:\/\/www.instagram.com\/rnvinformativa\/","https:\/\/www.youtube.com\/user\/RNVContigo"]},{"@type":"Person","@id":"https:\/\/stage3.rnv.gob.ve\/wp\/#\/schema\/person\/0862ce8cde332e0bc63b8a243f0eea2c","name":"administrador","sameAs":["http:\/\/arnoldoeloy.net"],"url":"https:\/\/stage3.rnv.gob.ve\/wp\/author\/administrador\/"}]}},"jetpack_featured_media_url":"","_links":{"self":[{"href":"https:\/\/stage3.rnv.gob.ve\/wp\/wp-json\/wp\/v2\/posts\/306741","targetHints":{"allow":["GET"]}}],"collection":[{"href":"https:\/\/stage3.rnv.gob.ve\/wp\/wp-json\/wp\/v2\/posts"}],"about":[{"href":"https:\/\/stage3.rnv.gob.ve\/wp\/wp-json\/wp\/v2\/types\/post"}],"author":[{"embeddable":true,"href":"https:\/\/stage3.rnv.gob.ve\/wp\/wp-json\/wp\/v2\/users\/1"}],"replies":[{"embeddable":true,"href":"https:\/\/stage3.rnv.gob.ve\/wp\/wp-json\/wp\/v2\/comments?post=306741"}],"version-history":[{"count":0,"href":"https:\/\/stage3.rnv.gob.ve\/wp\/wp-json\/wp\/v2\/posts\/306741\/revisions"}],"wp:featuredmedia":[{"embeddable":true,"href":"https:\/\/stage3.rnv.gob.ve\/wp\/wp-json\/"}],"wp:attachment":[{"href":"https:\/\/stage3.rnv.gob.ve\/wp\/wp-json\/wp\/v2\/media?parent=306741"}],"wp:term":[{"taxonomy":"category","embeddable":true,"href":"https:\/\/stage3.rnv.gob.ve\/wp\/wp-json\/wp\/v2\/categories?post=306741"},{"taxonomy":"post_tag","embeddable":true,"href":"https:\/\/stage3.rnv.gob.ve\/wp\/wp-json\/wp\/v2\/tags?post=306741"}],"curies":[{"name":"wp","href":"https:\/\/api.w.org\/{rel}","templated":true}]}}