{"id":305827,"date":"2020-08-23T18:12:40","date_gmt":"2020-08-23T22:42:40","guid":{"rendered":"https:\/\/stage3.rnv.gob.ve\/wp\/?p=305827"},"modified":"2020-08-23T18:12:40","modified_gmt":"2020-08-23T22:42:40","slug":"venezuela-reporta-607-nuevos-casos-de-covid-19","status":"publish","type":"post","link":"https:\/\/stage3.rnv.gob.ve\/wp\/venezuela-reporta-607-nuevos-casos-de-covid-19\/","title":{"rendered":"607 nuevos casos de Covid-19 fueron reportados este domingo en Venezuela"},"content":{"rendered":"<div class=\"contenido\">\n<div>\n<p><img fetchpriority=\"high\" decoding=\"async\" class=\"aligncenter wp-image-305830\" src=\"https:\/\/stage3.rnv.gob.ve\/wp\/wp-content\/uploads\/2020\/08\/egiqbvawsauldk2.jpg\" alt=\"\" width=\"580\" height=\"327\" \/><\/p>\n<p>&nbsp;<\/p>\n<p>Venezuela reporta en las \u00faltimas 24 horas 607 nuevos casos de Covid-19, de los cuales 546 corresponden a contagios por transmisi\u00f3n comunitaria y 61 importados, lo que eleva la cantidad de casos acumulados en el pa\u00eds a 39.564.<\/p>\n<p>La vicepresidente ejecutiva, Delcy Rodr\u00edguez, inform\u00f3 que se han registrado seis nuevos decesos en el territorio nacional, lo que eleva a 329 la cantidad total de fallecidos desde el inicio de la pandemia.<\/p>\n<p>Sobre los seis fallecidos en las \u00faltimas 24 horas, detall\u00f3 que Miranda report\u00f3 tres decesos, Sucre dos muertes y Trujillo 1 fallecido.<\/p>\n<p>En cuanto a los casos de transmisi\u00f3n comunitaria, precis\u00f3 que Miranda presenta la mayor cantidad de contagios con 220 nuevos casos, siendo los municipios con mayor incidencia Baruta, Tom\u00e1s Lander, Chacao, Petare y Los Teques, as\u00ed como el eje Guarenas-Guatire.<\/p>\n<p>Sigue Distrito Capital con 198 casos en 21 de las 22 parroquias, con mayor incidencia en El Valle con 38 contagios,\u00a0Altagracia 29, Sucre 17, El Recreo 17, Coche 16, Ant\u00edmano 10, Macarao 8, San Pedro 6, San Juan 5, San Bernardino 4, El Para\u00edso 4, La Vega 3, Caricuao 3, Catedral 3, San Agust\u00edn 3, La Pastora 3, 23 de Enero 2, San Jos\u00e9 1, El Junquito 1 y Santa Rosalia 1.<\/p>\n<p>La Guaira es el tercer estado que muestra 50 nuevos contagios, seguido por Bolivar 22, Lara 14, Anzo\u00e1tegui 11, M\u00e9rida 10, Carabobo 9, Aragua 7, Monagas 1, Amazonas 1, Sucre 1, T\u00e1chira 1 y Delta Amacuro 1.<\/p>\n<p>Rodr\u00edguez apunt\u00f3 que los 61 casos importados provienen de Colombia.<\/p>\n<p>Asimismo, inform\u00f3 que la tasa de recuperaci\u00f3n es de 76%. Indic\u00f3 que de los 39.564 casos reportados en el pa\u00eds, se encuentran activos actualmente 9.269.<\/p>\n<p>En cuanto a la condici\u00f3n de los pacientes, 86 est\u00e1n en unidades de cuidados intensivos, 485 presentan s\u00edntomas moderados, 4.257 s\u00edntomas leves y 4.441 son asintom\u00e1ticos.<\/p>\n<\/div>\n<\/div>\n<div class=\"firma\"><strong>T\/AVN<\/strong><\/div>\n","protected":false},"excerpt":{"rendered":"<p>&nbsp; Venezuela reporta en las \u00faltimas 24 horas 607 nuevos casos de Covid-19, de los cuales 546 corresponden a contagios por transmisi\u00f3n comunitaria y 61 importados, lo que eleva la cantidad de casos acumulados en el pa\u00eds a 39.564. La vicepresidente ejecutiva, Delcy Rodr\u00edguez, inform\u00f3 que se han registrado seis nuevos decesos en el territorio [&hellip;]<\/p>\n","protected":false},"author":1,"featured_media":305829,"comment_status":"closed","ping_status":"open","sticky":false,"template":"","format":"standard","meta":{"_acf_changed":false,"footnotes":""},"categories":[70],"tags":[30375,29480,1079,30172],"class_list":["post-305827","post","type-post","status-publish","format-standard","has-post-thumbnail","hentry","category-salud","tag-casos-importados","tag-contagios","tag-el-valle","tag-transmision-comunitaria"],"acf":[],"yoast_head":"<!-- This site is optimized with the Yoast SEO plugin v27.4 - https:\/\/yoast.com\/product\/yoast-seo-wordpress\/ -->\n<title>607 nuevos casos de Covid-19 fueron reportados este domingo en Venezuela - DEV RNV<\/title>\n<meta name=\"robots\" content=\"noindex, follow, max-snippet:-1, max-image-preview:large, max-video-preview:-1\" \/>\n<meta property=\"og:locale\" content=\"es_ES\" \/>\n<meta property=\"og:type\" content=\"article\" \/>\n<meta property=\"og:title\" content=\"607 nuevos casos de Covid-19 fueron reportados este domingo en Venezuela - DEV RNV\" \/>\n<meta property=\"og:description\" content=\"&nbsp; Venezuela reporta en las \u00faltimas 24 horas 607 nuevos casos de Covid-19, de los cuales 546 corresponden a contagios por transmisi\u00f3n comunitaria y 61 importados, lo que eleva la cantidad de casos acumulados en el pa\u00eds a 39.564. La vicepresidente ejecutiva, Delcy Rodr\u00edguez, inform\u00f3 que se han registrado seis nuevos decesos en el territorio [&hellip;]\" \/>\n<meta property=\"og:url\" content=\"https:\/\/stage3.rnv.gob.ve\/wp\/venezuela-reporta-607-nuevos-casos-de-covid-19\/\" \/>\n<meta property=\"og:site_name\" content=\"DEV RNV\" \/>\n<meta property=\"article:publisher\" content=\"https:\/\/www.facebook.com\/RadioNacionaldeVenezuela\" \/>\n<meta property=\"article:published_time\" content=\"2020-08-23T22:42:40+00:00\" \/>\n<meta name=\"author\" content=\"administrador\" \/>\n<meta name=\"twitter:card\" content=\"summary_large_image\" \/>\n<meta name=\"twitter:creator\" content=\"@RNVinformativa\" \/>\n<meta name=\"twitter:site\" content=\"@RNVinformativa\" \/>\n<meta name=\"twitter:label1\" content=\"Escrito por\" \/>\n\t<meta name=\"twitter:data1\" content=\"administrador\" \/>\n\t<meta name=\"twitter:label2\" content=\"Tiempo estimado de lectura\" \/>\n\t<meta name=\"twitter:data2\" content=\"1 minuto\" \/>\n<script type=\"application\/ld+json\" class=\"yoast-schema-graph\">{\"@context\":\"https:\\\/\\\/schema.org\",\"@graph\":[{\"@type\":\"Article\",\"@id\":\"https:\\\/\\\/stage3.rnv.gob.ve\\\/wp\\\/venezuela-reporta-607-nuevos-casos-de-covid-19\\\/#article\",\"isPartOf\":{\"@id\":\"https:\\\/\\\/stage3.rnv.gob.ve\\\/wp\\\/venezuela-reporta-607-nuevos-casos-de-covid-19\\\/\"},\"author\":{\"name\":\"administrador\",\"@id\":\"https:\\\/\\\/stage3.rnv.gob.ve\\\/wp\\\/#\\\/schema\\\/person\\\/0862ce8cde332e0bc63b8a243f0eea2c\"},\"headline\":\"607 nuevos casos de Covid-19 fueron reportados este domingo en Venezuela\",\"datePublished\":\"2020-08-23T22:42:40+00:00\",\"mainEntityOfPage\":{\"@id\":\"https:\\\/\\\/stage3.rnv.gob.ve\\\/wp\\\/venezuela-reporta-607-nuevos-casos-de-covid-19\\\/\"},\"wordCount\":283,\"publisher\":{\"@id\":\"https:\\\/\\\/stage3.rnv.gob.ve\\\/wp\\\/#organization\"},\"image\":{\"@id\":\"https:\\\/\\\/stage3.rnv.gob.ve\\\/wp\\\/venezuela-reporta-607-nuevos-casos-de-covid-19\\\/#primaryimage\"},\"thumbnailUrl\":\"\",\"keywords\":[\"casos importados\",\"contagios\",\"el valle\",\"transmisi\u00f3n comunitaria\"],\"articleSection\":[\"Salud\"],\"inLanguage\":\"es\"},{\"@type\":\"WebPage\",\"@id\":\"https:\\\/\\\/stage3.rnv.gob.ve\\\/wp\\\/venezuela-reporta-607-nuevos-casos-de-covid-19\\\/\",\"url\":\"https:\\\/\\\/stage3.rnv.gob.ve\\\/wp\\\/venezuela-reporta-607-nuevos-casos-de-covid-19\\\/\",\"name\":\"607 nuevos casos de Covid-19 fueron reportados este domingo en Venezuela - DEV RNV\",\"isPartOf\":{\"@id\":\"https:\\\/\\\/stage3.rnv.gob.ve\\\/wp\\\/#website\"},\"primaryImageOfPage\":{\"@id\":\"https:\\\/\\\/stage3.rnv.gob.ve\\\/wp\\\/venezuela-reporta-607-nuevos-casos-de-covid-19\\\/#primaryimage\"},\"image\":{\"@id\":\"https:\\\/\\\/stage3.rnv.gob.ve\\\/wp\\\/venezuela-reporta-607-nuevos-casos-de-covid-19\\\/#primaryimage\"},\"thumbnailUrl\":\"\",\"datePublished\":\"2020-08-23T22:42:40+00:00\",\"breadcrumb\":{\"@id\":\"https:\\\/\\\/stage3.rnv.gob.ve\\\/wp\\\/venezuela-reporta-607-nuevos-casos-de-covid-19\\\/#breadcrumb\"},\"inLanguage\":\"es\",\"potentialAction\":[{\"@type\":\"ReadAction\",\"target\":[\"https:\\\/\\\/stage3.rnv.gob.ve\\\/wp\\\/venezuela-reporta-607-nuevos-casos-de-covid-19\\\/\"]}]},{\"@type\":\"ImageObject\",\"inLanguage\":\"es\",\"@id\":\"https:\\\/\\\/stage3.rnv.gob.ve\\\/wp\\\/venezuela-reporta-607-nuevos-casos-de-covid-19\\\/#primaryimage\",\"url\":\"\",\"contentUrl\":\"\"},{\"@type\":\"BreadcrumbList\",\"@id\":\"https:\\\/\\\/stage3.rnv.gob.ve\\\/wp\\\/venezuela-reporta-607-nuevos-casos-de-covid-19\\\/#breadcrumb\",\"itemListElement\":[{\"@type\":\"ListItem\",\"position\":1,\"name\":\"Portada\",\"item\":\"https:\\\/\\\/stage3.rnv.gob.ve\\\/wp\\\/\"},{\"@type\":\"ListItem\",\"position\":2,\"name\":\"607 Nuevos Casos De Covid-19 Fueron Reportados Este Domingo En Venezuela\"}]},{\"@type\":\"WebSite\",\"@id\":\"https:\\\/\\\/stage3.rnv.gob.ve\\\/wp\\\/#website\",\"url\":\"https:\\\/\\\/stage3.rnv.gob.ve\\\/wp\\\/\",\"name\":\"DEV RNV\",\"description\":\"Radio Nacional de Venezuela C.A.\",\"publisher\":{\"@id\":\"https:\\\/\\\/stage3.rnv.gob.ve\\\/wp\\\/#organization\"},\"potentialAction\":[{\"@type\":\"SearchAction\",\"target\":{\"@type\":\"EntryPoint\",\"urlTemplate\":\"https:\\\/\\\/stage3.rnv.gob.ve\\\/wp\\\/?s={search_term_string}\"},\"query-input\":{\"@type\":\"PropertyValueSpecification\",\"valueRequired\":true,\"valueName\":\"search_term_string\"}}],\"inLanguage\":\"es\"},{\"@type\":\"Organization\",\"@id\":\"https:\\\/\\\/stage3.rnv.gob.ve\\\/wp\\\/#organization\",\"name\":\"Radio Nacional de Venezuela C.A.\",\"url\":\"https:\\\/\\\/stage3.rnv.gob.ve\\\/wp\\\/\",\"logo\":{\"@type\":\"ImageObject\",\"inLanguage\":\"es\",\"@id\":\"https:\\\/\\\/stage3.rnv.gob.ve\\\/wp\\\/#\\\/schema\\\/logo\\\/image\\\/\",\"url\":\"http:\\\/\\\/rnv.ddns.net\\\/prensa\\\/wp-content\\\/uploads\\\/2022\\\/04\\\/rnv-1-300x227-1.jpg\",\"contentUrl\":\"http:\\\/\\\/rnv.ddns.net\\\/prensa\\\/wp-content\\\/uploads\\\/2022\\\/04\\\/rnv-1-300x227-1.jpg\",\"width\":800,\"height\":455,\"caption\":\"Radio Nacional de Venezuela C.A.\"},\"image\":{\"@id\":\"https:\\\/\\\/stage3.rnv.gob.ve\\\/wp\\\/#\\\/schema\\\/logo\\\/image\\\/\"},\"sameAs\":[\"https:\\\/\\\/www.facebook.com\\\/RadioNacionaldeVenezuela\",\"https:\\\/\\\/x.com\\\/RNVinformativa\",\"https:\\\/\\\/www.instagram.com\\\/rnvinformativa\\\/\",\"https:\\\/\\\/www.youtube.com\\\/user\\\/RNVContigo\"]},{\"@type\":\"Person\",\"@id\":\"https:\\\/\\\/stage3.rnv.gob.ve\\\/wp\\\/#\\\/schema\\\/person\\\/0862ce8cde332e0bc63b8a243f0eea2c\",\"name\":\"administrador\",\"sameAs\":[\"http:\\\/\\\/arnoldoeloy.net\"],\"url\":\"https:\\\/\\\/stage3.rnv.gob.ve\\\/wp\\\/author\\\/administrador\\\/\"}]}<\/script>\n<!-- \/ Yoast SEO plugin. -->","yoast_head_json":{"title":"607 nuevos casos de Covid-19 fueron reportados este domingo en Venezuela - DEV RNV","robots":{"index":"noindex","follow":"follow","max-snippet":"max-snippet:-1","max-image-preview":"max-image-preview:large","max-video-preview":"max-video-preview:-1"},"og_locale":"es_ES","og_type":"article","og_title":"607 nuevos casos de Covid-19 fueron reportados este domingo en Venezuela - DEV RNV","og_description":"&nbsp; Venezuela reporta en las \u00faltimas 24 horas 607 nuevos casos de Covid-19, de los cuales 546 corresponden a contagios por transmisi\u00f3n comunitaria y 61 importados, lo que eleva la cantidad de casos acumulados en el pa\u00eds a 39.564. La vicepresidente ejecutiva, Delcy Rodr\u00edguez, inform\u00f3 que se han registrado seis nuevos decesos en el territorio [&hellip;]","og_url":"https:\/\/stage3.rnv.gob.ve\/wp\/venezuela-reporta-607-nuevos-casos-de-covid-19\/","og_site_name":"DEV RNV","article_publisher":"https:\/\/www.facebook.com\/RadioNacionaldeVenezuela","article_published_time":"2020-08-23T22:42:40+00:00","author":"administrador","twitter_card":"summary_large_image","twitter_creator":"@RNVinformativa","twitter_site":"@RNVinformativa","twitter_misc":{"Escrito por":"administrador","Tiempo estimado de lectura":"1 minuto"},"schema":{"@context":"https:\/\/schema.org","@graph":[{"@type":"Article","@id":"https:\/\/stage3.rnv.gob.ve\/wp\/venezuela-reporta-607-nuevos-casos-de-covid-19\/#article","isPartOf":{"@id":"https:\/\/stage3.rnv.gob.ve\/wp\/venezuela-reporta-607-nuevos-casos-de-covid-19\/"},"author":{"name":"administrador","@id":"https:\/\/stage3.rnv.gob.ve\/wp\/#\/schema\/person\/0862ce8cde332e0bc63b8a243f0eea2c"},"headline":"607 nuevos casos de Covid-19 fueron reportados este domingo en Venezuela","datePublished":"2020-08-23T22:42:40+00:00","mainEntityOfPage":{"@id":"https:\/\/stage3.rnv.gob.ve\/wp\/venezuela-reporta-607-nuevos-casos-de-covid-19\/"},"wordCount":283,"publisher":{"@id":"https:\/\/stage3.rnv.gob.ve\/wp\/#organization"},"image":{"@id":"https:\/\/stage3.rnv.gob.ve\/wp\/venezuela-reporta-607-nuevos-casos-de-covid-19\/#primaryimage"},"thumbnailUrl":"","keywords":["casos importados","contagios","el valle","transmisi\u00f3n comunitaria"],"articleSection":["Salud"],"inLanguage":"es"},{"@type":"WebPage","@id":"https:\/\/stage3.rnv.gob.ve\/wp\/venezuela-reporta-607-nuevos-casos-de-covid-19\/","url":"https:\/\/stage3.rnv.gob.ve\/wp\/venezuela-reporta-607-nuevos-casos-de-covid-19\/","name":"607 nuevos casos de Covid-19 fueron reportados este domingo en Venezuela - DEV RNV","isPartOf":{"@id":"https:\/\/stage3.rnv.gob.ve\/wp\/#website"},"primaryImageOfPage":{"@id":"https:\/\/stage3.rnv.gob.ve\/wp\/venezuela-reporta-607-nuevos-casos-de-covid-19\/#primaryimage"},"image":{"@id":"https:\/\/stage3.rnv.gob.ve\/wp\/venezuela-reporta-607-nuevos-casos-de-covid-19\/#primaryimage"},"thumbnailUrl":"","datePublished":"2020-08-23T22:42:40+00:00","breadcrumb":{"@id":"https:\/\/stage3.rnv.gob.ve\/wp\/venezuela-reporta-607-nuevos-casos-de-covid-19\/#breadcrumb"},"inLanguage":"es","potentialAction":[{"@type":"ReadAction","target":["https:\/\/stage3.rnv.gob.ve\/wp\/venezuela-reporta-607-nuevos-casos-de-covid-19\/"]}]},{"@type":"ImageObject","inLanguage":"es","@id":"https:\/\/stage3.rnv.gob.ve\/wp\/venezuela-reporta-607-nuevos-casos-de-covid-19\/#primaryimage","url":"","contentUrl":""},{"@type":"BreadcrumbList","@id":"https:\/\/stage3.rnv.gob.ve\/wp\/venezuela-reporta-607-nuevos-casos-de-covid-19\/#breadcrumb","itemListElement":[{"@type":"ListItem","position":1,"name":"Portada","item":"https:\/\/stage3.rnv.gob.ve\/wp\/"},{"@type":"ListItem","position":2,"name":"607 Nuevos Casos De Covid-19 Fueron Reportados Este Domingo En Venezuela"}]},{"@type":"WebSite","@id":"https:\/\/stage3.rnv.gob.ve\/wp\/#website","url":"https:\/\/stage3.rnv.gob.ve\/wp\/","name":"DEV RNV","description":"Radio Nacional de Venezuela C.A.","publisher":{"@id":"https:\/\/stage3.rnv.gob.ve\/wp\/#organization"},"potentialAction":[{"@type":"SearchAction","target":{"@type":"EntryPoint","urlTemplate":"https:\/\/stage3.rnv.gob.ve\/wp\/?s={search_term_string}"},"query-input":{"@type":"PropertyValueSpecification","valueRequired":true,"valueName":"search_term_string"}}],"inLanguage":"es"},{"@type":"Organization","@id":"https:\/\/stage3.rnv.gob.ve\/wp\/#organization","name":"Radio Nacional de Venezuela C.A.","url":"https:\/\/stage3.rnv.gob.ve\/wp\/","logo":{"@type":"ImageObject","inLanguage":"es","@id":"https:\/\/stage3.rnv.gob.ve\/wp\/#\/schema\/logo\/image\/","url":"http:\/\/rnv.ddns.net\/prensa\/wp-content\/uploads\/2022\/04\/rnv-1-300x227-1.jpg","contentUrl":"http:\/\/rnv.ddns.net\/prensa\/wp-content\/uploads\/2022\/04\/rnv-1-300x227-1.jpg","width":800,"height":455,"caption":"Radio Nacional de Venezuela C.A."},"image":{"@id":"https:\/\/stage3.rnv.gob.ve\/wp\/#\/schema\/logo\/image\/"},"sameAs":["https:\/\/www.facebook.com\/RadioNacionaldeVenezuela","https:\/\/x.com\/RNVinformativa","https:\/\/www.instagram.com\/rnvinformativa\/","https:\/\/www.youtube.com\/user\/RNVContigo"]},{"@type":"Person","@id":"https:\/\/stage3.rnv.gob.ve\/wp\/#\/schema\/person\/0862ce8cde332e0bc63b8a243f0eea2c","name":"administrador","sameAs":["http:\/\/arnoldoeloy.net"],"url":"https:\/\/stage3.rnv.gob.ve\/wp\/author\/administrador\/"}]}},"jetpack_featured_media_url":"","_links":{"self":[{"href":"https:\/\/stage3.rnv.gob.ve\/wp\/wp-json\/wp\/v2\/posts\/305827","targetHints":{"allow":["GET"]}}],"collection":[{"href":"https:\/\/stage3.rnv.gob.ve\/wp\/wp-json\/wp\/v2\/posts"}],"about":[{"href":"https:\/\/stage3.rnv.gob.ve\/wp\/wp-json\/wp\/v2\/types\/post"}],"author":[{"embeddable":true,"href":"https:\/\/stage3.rnv.gob.ve\/wp\/wp-json\/wp\/v2\/users\/1"}],"replies":[{"embeddable":true,"href":"https:\/\/stage3.rnv.gob.ve\/wp\/wp-json\/wp\/v2\/comments?post=305827"}],"version-history":[{"count":0,"href":"https:\/\/stage3.rnv.gob.ve\/wp\/wp-json\/wp\/v2\/posts\/305827\/revisions"}],"wp:featuredmedia":[{"embeddable":true,"href":"https:\/\/stage3.rnv.gob.ve\/wp\/wp-json\/"}],"wp:attachment":[{"href":"https:\/\/stage3.rnv.gob.ve\/wp\/wp-json\/wp\/v2\/media?parent=305827"}],"wp:term":[{"taxonomy":"category","embeddable":true,"href":"https:\/\/stage3.rnv.gob.ve\/wp\/wp-json\/wp\/v2\/categories?post=305827"},{"taxonomy":"post_tag","embeddable":true,"href":"https:\/\/stage3.rnv.gob.ve\/wp\/wp-json\/wp\/v2\/tags?post=305827"}],"curies":[{"name":"wp","href":"https:\/\/api.w.org\/{rel}","templated":true}]}}