{"id":305386,"date":"2020-08-17T08:48:39","date_gmt":"2020-08-17T13:18:39","guid":{"rendered":"https:\/\/stage3.rnv.gob.ve\/wp\/?p=305386"},"modified":"2020-08-17T08:48:39","modified_gmt":"2020-08-17T13:18:39","slug":"president-maduro-paid-tribute-to-revolutionary-leader-dario-vivas","status":"publish","type":"post","link":"https:\/\/stage3.rnv.gob.ve\/wp\/president-maduro-paid-tribute-to-revolutionary-leader-dario-vivas\/","title":{"rendered":"President Maduro paid tribute to revolutionary leader Dar\u00edo Vivas"},"content":{"rendered":"<p><img fetchpriority=\"high\" decoding=\"async\" class=\"\" src=\"https:\/\/stage3.rnv.gob.ve\/wp\/wp-content\/uploads\/2020\/08\/06_ZC_7013_W.jpg\" width=\"924\" height=\"616\" \/><\/p>\n<p>The President of the Bolivarian Republic of Venezuela, Nicol\u00e1s Maduro Moros, paid a heartfelt tribute to the revolutionary leader Dar\u00edo Vivas, who died last Thursday after being diagnosed with COVID-19 infection.<\/p>\n<p>From the Bol\u00edvar Square in Caracas, the Head of State, in the company of the first combatant woman, Cilia Flores de Maduro; the Executive Vice President, Delcy Rodr\u00edguez; members of the Bolivarian Government and relatives, bid the last farewell to the man who served as Head of Government of the Capital District.<\/p>\n<p>During the event, a military parade was carried out and 13 salvos were fired in his memory, by the 31st Mechanized Infantry Brigade G \/ B Lucas Carvajal.<\/p>\n<p>Earlier, the national president recognized the work and dedication of Vivas, during a work journey in the health area:<\/p>\n<p>\u201cHe never stayed behind. He was a very effective man in his work, an example of will, honesty, revolutionary spirit and absolute loyalty\u00bb, he pointed out.<\/p>\n<p>The revolutionary leader joined the ranks of the 5th Republic Movement (MVR) where he served as director of Tours and Events. Since 2006, he has been at the forefront of the political struggle from the PSUV.<\/p>\n<p>He was a deputy of the National Assembly (AN) for two consecutive periods, there he served as first vice president (2010-2011 and 2013-2015), as well as vice president of the World Inter-Parliamentary Union in 2015.<\/p>\n<p>In 2017 he became part of the National Constituent Assembly (ANC) where he remained until last January, when the President of the Republic, Nicol\u00e1s Maduro, appointed him as head of the Capital District Government to replace Carolina Cestari.<\/p>\n","protected":false},"excerpt":{"rendered":"<p>The President of the Bolivarian Republic of Venezuela, Nicol\u00e1s Maduro Moros, paid a heartfelt tribute to the revolutionary leader Dar\u00edo Vivas, who died last Thursday after being diagnosed with COVID-19 infection. From the Bol\u00edvar Square in Caracas, the Head of State, in the company of the first combatant woman, Cilia Flores de Maduro; the Executive [&hellip;]<\/p>\n","protected":false},"author":1,"featured_media":305240,"comment_status":"closed","ping_status":"open","sticky":false,"template":"","format":"standard","meta":{"_acf_changed":false,"footnotes":""},"categories":[450],"tags":[29374,1844,6842,147,10341,1848],"class_list":["post-305386","post","type-post","status-publish","format-standard","has-post-thumbnail","hentry","category-english","tag-covid","tag-dario","tag-homage","tag-maduro","tag-tribute","tag-vivas"],"acf":[],"yoast_head":"<!-- This site is optimized with the Yoast SEO plugin v27.4 - https:\/\/yoast.com\/product\/yoast-seo-wordpress\/ -->\n<title>President Maduro paid tribute to revolutionary leader Dar\u00edo Vivas - DEV RNV<\/title>\n<meta name=\"robots\" content=\"noindex, follow, max-snippet:-1, max-image-preview:large, max-video-preview:-1\" \/>\n<meta property=\"og:locale\" content=\"es_ES\" \/>\n<meta property=\"og:type\" content=\"article\" \/>\n<meta property=\"og:title\" content=\"President Maduro paid tribute to revolutionary leader Dar\u00edo Vivas - DEV RNV\" \/>\n<meta property=\"og:description\" content=\"The President of the Bolivarian Republic of Venezuela, Nicol\u00e1s Maduro Moros, paid a heartfelt tribute to the revolutionary leader Dar\u00edo Vivas, who died last Thursday after being diagnosed with COVID-19 infection. From the Bol\u00edvar Square in Caracas, the Head of State, in the company of the first combatant woman, Cilia Flores de Maduro; the Executive [&hellip;]\" \/>\n<meta property=\"og:url\" content=\"https:\/\/stage3.rnv.gob.ve\/wp\/president-maduro-paid-tribute-to-revolutionary-leader-dario-vivas\/\" \/>\n<meta property=\"og:site_name\" content=\"DEV RNV\" \/>\n<meta property=\"article:publisher\" content=\"https:\/\/www.facebook.com\/RadioNacionaldeVenezuela\" \/>\n<meta property=\"article:published_time\" content=\"2020-08-17T13:18:39+00:00\" \/>\n<meta name=\"author\" content=\"administrador\" \/>\n<meta name=\"twitter:card\" content=\"summary_large_image\" \/>\n<meta name=\"twitter:creator\" content=\"@RNVinformativa\" \/>\n<meta name=\"twitter:site\" content=\"@RNVinformativa\" \/>\n<meta name=\"twitter:label1\" content=\"Escrito por\" \/>\n\t<meta name=\"twitter:data1\" content=\"administrador\" \/>\n\t<meta name=\"twitter:label2\" content=\"Tiempo estimado de lectura\" \/>\n\t<meta name=\"twitter:data2\" content=\"1 minuto\" \/>\n<script type=\"application\/ld+json\" class=\"yoast-schema-graph\">{\"@context\":\"https:\\\/\\\/schema.org\",\"@graph\":[{\"@type\":\"Article\",\"@id\":\"https:\\\/\\\/stage3.rnv.gob.ve\\\/wp\\\/president-maduro-paid-tribute-to-revolutionary-leader-dario-vivas\\\/#article\",\"isPartOf\":{\"@id\":\"https:\\\/\\\/stage3.rnv.gob.ve\\\/wp\\\/president-maduro-paid-tribute-to-revolutionary-leader-dario-vivas\\\/\"},\"author\":{\"name\":\"administrador\",\"@id\":\"https:\\\/\\\/stage3.rnv.gob.ve\\\/wp\\\/#\\\/schema\\\/person\\\/0862ce8cde332e0bc63b8a243f0eea2c\"},\"headline\":\"President Maduro paid tribute to revolutionary leader Dar\u00edo Vivas\",\"datePublished\":\"2020-08-17T13:18:39+00:00\",\"mainEntityOfPage\":{\"@id\":\"https:\\\/\\\/stage3.rnv.gob.ve\\\/wp\\\/president-maduro-paid-tribute-to-revolutionary-leader-dario-vivas\\\/\"},\"wordCount\":275,\"publisher\":{\"@id\":\"https:\\\/\\\/stage3.rnv.gob.ve\\\/wp\\\/#organization\"},\"image\":{\"@id\":\"https:\\\/\\\/stage3.rnv.gob.ve\\\/wp\\\/president-maduro-paid-tribute-to-revolutionary-leader-dario-vivas\\\/#primaryimage\"},\"thumbnailUrl\":\"\",\"keywords\":[\"covid\",\"dario\",\"homage\",\"maduro\",\"tribute\",\"vivas\"],\"articleSection\":[\"English\"],\"inLanguage\":\"es\"},{\"@type\":\"WebPage\",\"@id\":\"https:\\\/\\\/stage3.rnv.gob.ve\\\/wp\\\/president-maduro-paid-tribute-to-revolutionary-leader-dario-vivas\\\/\",\"url\":\"https:\\\/\\\/stage3.rnv.gob.ve\\\/wp\\\/president-maduro-paid-tribute-to-revolutionary-leader-dario-vivas\\\/\",\"name\":\"President Maduro paid tribute to revolutionary leader Dar\u00edo Vivas - DEV RNV\",\"isPartOf\":{\"@id\":\"https:\\\/\\\/stage3.rnv.gob.ve\\\/wp\\\/#website\"},\"primaryImageOfPage\":{\"@id\":\"https:\\\/\\\/stage3.rnv.gob.ve\\\/wp\\\/president-maduro-paid-tribute-to-revolutionary-leader-dario-vivas\\\/#primaryimage\"},\"image\":{\"@id\":\"https:\\\/\\\/stage3.rnv.gob.ve\\\/wp\\\/president-maduro-paid-tribute-to-revolutionary-leader-dario-vivas\\\/#primaryimage\"},\"thumbnailUrl\":\"\",\"datePublished\":\"2020-08-17T13:18:39+00:00\",\"breadcrumb\":{\"@id\":\"https:\\\/\\\/stage3.rnv.gob.ve\\\/wp\\\/president-maduro-paid-tribute-to-revolutionary-leader-dario-vivas\\\/#breadcrumb\"},\"inLanguage\":\"es\",\"potentialAction\":[{\"@type\":\"ReadAction\",\"target\":[\"https:\\\/\\\/stage3.rnv.gob.ve\\\/wp\\\/president-maduro-paid-tribute-to-revolutionary-leader-dario-vivas\\\/\"]}]},{\"@type\":\"ImageObject\",\"inLanguage\":\"es\",\"@id\":\"https:\\\/\\\/stage3.rnv.gob.ve\\\/wp\\\/president-maduro-paid-tribute-to-revolutionary-leader-dario-vivas\\\/#primaryimage\",\"url\":\"\",\"contentUrl\":\"\"},{\"@type\":\"BreadcrumbList\",\"@id\":\"https:\\\/\\\/stage3.rnv.gob.ve\\\/wp\\\/president-maduro-paid-tribute-to-revolutionary-leader-dario-vivas\\\/#breadcrumb\",\"itemListElement\":[{\"@type\":\"ListItem\",\"position\":1,\"name\":\"Portada\",\"item\":\"https:\\\/\\\/stage3.rnv.gob.ve\\\/wp\\\/\"},{\"@type\":\"ListItem\",\"position\":2,\"name\":\"President Maduro Paid Tribute To Revolutionary Leader Dar\u00edo Vivas\"}]},{\"@type\":\"WebSite\",\"@id\":\"https:\\\/\\\/stage3.rnv.gob.ve\\\/wp\\\/#website\",\"url\":\"https:\\\/\\\/stage3.rnv.gob.ve\\\/wp\\\/\",\"name\":\"DEV RNV\",\"description\":\"Radio Nacional de Venezuela C.A.\",\"publisher\":{\"@id\":\"https:\\\/\\\/stage3.rnv.gob.ve\\\/wp\\\/#organization\"},\"potentialAction\":[{\"@type\":\"SearchAction\",\"target\":{\"@type\":\"EntryPoint\",\"urlTemplate\":\"https:\\\/\\\/stage3.rnv.gob.ve\\\/wp\\\/?s={search_term_string}\"},\"query-input\":{\"@type\":\"PropertyValueSpecification\",\"valueRequired\":true,\"valueName\":\"search_term_string\"}}],\"inLanguage\":\"es\"},{\"@type\":\"Organization\",\"@id\":\"https:\\\/\\\/stage3.rnv.gob.ve\\\/wp\\\/#organization\",\"name\":\"Radio Nacional de Venezuela C.A.\",\"url\":\"https:\\\/\\\/stage3.rnv.gob.ve\\\/wp\\\/\",\"logo\":{\"@type\":\"ImageObject\",\"inLanguage\":\"es\",\"@id\":\"https:\\\/\\\/stage3.rnv.gob.ve\\\/wp\\\/#\\\/schema\\\/logo\\\/image\\\/\",\"url\":\"http:\\\/\\\/rnv.ddns.net\\\/prensa\\\/wp-content\\\/uploads\\\/2022\\\/04\\\/rnv-1-300x227-1.jpg\",\"contentUrl\":\"http:\\\/\\\/rnv.ddns.net\\\/prensa\\\/wp-content\\\/uploads\\\/2022\\\/04\\\/rnv-1-300x227-1.jpg\",\"width\":800,\"height\":455,\"caption\":\"Radio Nacional de Venezuela C.A.\"},\"image\":{\"@id\":\"https:\\\/\\\/stage3.rnv.gob.ve\\\/wp\\\/#\\\/schema\\\/logo\\\/image\\\/\"},\"sameAs\":[\"https:\\\/\\\/www.facebook.com\\\/RadioNacionaldeVenezuela\",\"https:\\\/\\\/x.com\\\/RNVinformativa\",\"https:\\\/\\\/www.instagram.com\\\/rnvinformativa\\\/\",\"https:\\\/\\\/www.youtube.com\\\/user\\\/RNVContigo\"]},{\"@type\":\"Person\",\"@id\":\"https:\\\/\\\/stage3.rnv.gob.ve\\\/wp\\\/#\\\/schema\\\/person\\\/0862ce8cde332e0bc63b8a243f0eea2c\",\"name\":\"administrador\",\"sameAs\":[\"http:\\\/\\\/arnoldoeloy.net\"],\"url\":\"https:\\\/\\\/stage3.rnv.gob.ve\\\/wp\\\/author\\\/administrador\\\/\"}]}<\/script>\n<!-- \/ Yoast SEO plugin. -->","yoast_head_json":{"title":"President Maduro paid tribute to revolutionary leader Dar\u00edo Vivas - DEV RNV","robots":{"index":"noindex","follow":"follow","max-snippet":"max-snippet:-1","max-image-preview":"max-image-preview:large","max-video-preview":"max-video-preview:-1"},"og_locale":"es_ES","og_type":"article","og_title":"President Maduro paid tribute to revolutionary leader Dar\u00edo Vivas - DEV RNV","og_description":"The President of the Bolivarian Republic of Venezuela, Nicol\u00e1s Maduro Moros, paid a heartfelt tribute to the revolutionary leader Dar\u00edo Vivas, who died last Thursday after being diagnosed with COVID-19 infection. From the Bol\u00edvar Square in Caracas, the Head of State, in the company of the first combatant woman, Cilia Flores de Maduro; the Executive [&hellip;]","og_url":"https:\/\/stage3.rnv.gob.ve\/wp\/president-maduro-paid-tribute-to-revolutionary-leader-dario-vivas\/","og_site_name":"DEV RNV","article_publisher":"https:\/\/www.facebook.com\/RadioNacionaldeVenezuela","article_published_time":"2020-08-17T13:18:39+00:00","author":"administrador","twitter_card":"summary_large_image","twitter_creator":"@RNVinformativa","twitter_site":"@RNVinformativa","twitter_misc":{"Escrito por":"administrador","Tiempo estimado de lectura":"1 minuto"},"schema":{"@context":"https:\/\/schema.org","@graph":[{"@type":"Article","@id":"https:\/\/stage3.rnv.gob.ve\/wp\/president-maduro-paid-tribute-to-revolutionary-leader-dario-vivas\/#article","isPartOf":{"@id":"https:\/\/stage3.rnv.gob.ve\/wp\/president-maduro-paid-tribute-to-revolutionary-leader-dario-vivas\/"},"author":{"name":"administrador","@id":"https:\/\/stage3.rnv.gob.ve\/wp\/#\/schema\/person\/0862ce8cde332e0bc63b8a243f0eea2c"},"headline":"President Maduro paid tribute to revolutionary leader Dar\u00edo Vivas","datePublished":"2020-08-17T13:18:39+00:00","mainEntityOfPage":{"@id":"https:\/\/stage3.rnv.gob.ve\/wp\/president-maduro-paid-tribute-to-revolutionary-leader-dario-vivas\/"},"wordCount":275,"publisher":{"@id":"https:\/\/stage3.rnv.gob.ve\/wp\/#organization"},"image":{"@id":"https:\/\/stage3.rnv.gob.ve\/wp\/president-maduro-paid-tribute-to-revolutionary-leader-dario-vivas\/#primaryimage"},"thumbnailUrl":"","keywords":["covid","dario","homage","maduro","tribute","vivas"],"articleSection":["English"],"inLanguage":"es"},{"@type":"WebPage","@id":"https:\/\/stage3.rnv.gob.ve\/wp\/president-maduro-paid-tribute-to-revolutionary-leader-dario-vivas\/","url":"https:\/\/stage3.rnv.gob.ve\/wp\/president-maduro-paid-tribute-to-revolutionary-leader-dario-vivas\/","name":"President Maduro paid tribute to revolutionary leader Dar\u00edo Vivas - DEV RNV","isPartOf":{"@id":"https:\/\/stage3.rnv.gob.ve\/wp\/#website"},"primaryImageOfPage":{"@id":"https:\/\/stage3.rnv.gob.ve\/wp\/president-maduro-paid-tribute-to-revolutionary-leader-dario-vivas\/#primaryimage"},"image":{"@id":"https:\/\/stage3.rnv.gob.ve\/wp\/president-maduro-paid-tribute-to-revolutionary-leader-dario-vivas\/#primaryimage"},"thumbnailUrl":"","datePublished":"2020-08-17T13:18:39+00:00","breadcrumb":{"@id":"https:\/\/stage3.rnv.gob.ve\/wp\/president-maduro-paid-tribute-to-revolutionary-leader-dario-vivas\/#breadcrumb"},"inLanguage":"es","potentialAction":[{"@type":"ReadAction","target":["https:\/\/stage3.rnv.gob.ve\/wp\/president-maduro-paid-tribute-to-revolutionary-leader-dario-vivas\/"]}]},{"@type":"ImageObject","inLanguage":"es","@id":"https:\/\/stage3.rnv.gob.ve\/wp\/president-maduro-paid-tribute-to-revolutionary-leader-dario-vivas\/#primaryimage","url":"","contentUrl":""},{"@type":"BreadcrumbList","@id":"https:\/\/stage3.rnv.gob.ve\/wp\/president-maduro-paid-tribute-to-revolutionary-leader-dario-vivas\/#breadcrumb","itemListElement":[{"@type":"ListItem","position":1,"name":"Portada","item":"https:\/\/stage3.rnv.gob.ve\/wp\/"},{"@type":"ListItem","position":2,"name":"President Maduro Paid Tribute To Revolutionary Leader Dar\u00edo Vivas"}]},{"@type":"WebSite","@id":"https:\/\/stage3.rnv.gob.ve\/wp\/#website","url":"https:\/\/stage3.rnv.gob.ve\/wp\/","name":"DEV RNV","description":"Radio Nacional de Venezuela C.A.","publisher":{"@id":"https:\/\/stage3.rnv.gob.ve\/wp\/#organization"},"potentialAction":[{"@type":"SearchAction","target":{"@type":"EntryPoint","urlTemplate":"https:\/\/stage3.rnv.gob.ve\/wp\/?s={search_term_string}"},"query-input":{"@type":"PropertyValueSpecification","valueRequired":true,"valueName":"search_term_string"}}],"inLanguage":"es"},{"@type":"Organization","@id":"https:\/\/stage3.rnv.gob.ve\/wp\/#organization","name":"Radio Nacional de Venezuela C.A.","url":"https:\/\/stage3.rnv.gob.ve\/wp\/","logo":{"@type":"ImageObject","inLanguage":"es","@id":"https:\/\/stage3.rnv.gob.ve\/wp\/#\/schema\/logo\/image\/","url":"http:\/\/rnv.ddns.net\/prensa\/wp-content\/uploads\/2022\/04\/rnv-1-300x227-1.jpg","contentUrl":"http:\/\/rnv.ddns.net\/prensa\/wp-content\/uploads\/2022\/04\/rnv-1-300x227-1.jpg","width":800,"height":455,"caption":"Radio Nacional de Venezuela C.A."},"image":{"@id":"https:\/\/stage3.rnv.gob.ve\/wp\/#\/schema\/logo\/image\/"},"sameAs":["https:\/\/www.facebook.com\/RadioNacionaldeVenezuela","https:\/\/x.com\/RNVinformativa","https:\/\/www.instagram.com\/rnvinformativa\/","https:\/\/www.youtube.com\/user\/RNVContigo"]},{"@type":"Person","@id":"https:\/\/stage3.rnv.gob.ve\/wp\/#\/schema\/person\/0862ce8cde332e0bc63b8a243f0eea2c","name":"administrador","sameAs":["http:\/\/arnoldoeloy.net"],"url":"https:\/\/stage3.rnv.gob.ve\/wp\/author\/administrador\/"}]}},"jetpack_featured_media_url":"","_links":{"self":[{"href":"https:\/\/stage3.rnv.gob.ve\/wp\/wp-json\/wp\/v2\/posts\/305386","targetHints":{"allow":["GET"]}}],"collection":[{"href":"https:\/\/stage3.rnv.gob.ve\/wp\/wp-json\/wp\/v2\/posts"}],"about":[{"href":"https:\/\/stage3.rnv.gob.ve\/wp\/wp-json\/wp\/v2\/types\/post"}],"author":[{"embeddable":true,"href":"https:\/\/stage3.rnv.gob.ve\/wp\/wp-json\/wp\/v2\/users\/1"}],"replies":[{"embeddable":true,"href":"https:\/\/stage3.rnv.gob.ve\/wp\/wp-json\/wp\/v2\/comments?post=305386"}],"version-history":[{"count":0,"href":"https:\/\/stage3.rnv.gob.ve\/wp\/wp-json\/wp\/v2\/posts\/305386\/revisions"}],"wp:featuredmedia":[{"embeddable":true,"href":"https:\/\/stage3.rnv.gob.ve\/wp\/wp-json\/"}],"wp:attachment":[{"href":"https:\/\/stage3.rnv.gob.ve\/wp\/wp-json\/wp\/v2\/media?parent=305386"}],"wp:term":[{"taxonomy":"category","embeddable":true,"href":"https:\/\/stage3.rnv.gob.ve\/wp\/wp-json\/wp\/v2\/categories?post=305386"},{"taxonomy":"post_tag","embeddable":true,"href":"https:\/\/stage3.rnv.gob.ve\/wp\/wp-json\/wp\/v2\/tags?post=305386"}],"curies":[{"name":"wp","href":"https:\/\/api.w.org\/{rel}","templated":true}]}}