{"id":304589,"date":"2020-08-04T19:11:42","date_gmt":"2020-08-04T23:41:42","guid":{"rendered":"https:\/\/stage3.rnv.gob.ve\/wp\/?p=304589"},"modified":"2020-08-04T19:11:42","modified_gmt":"2020-08-04T23:41:42","slug":"henri-falcon-rechaza-comunicado-de-la-derecha-que-descarto-participar-en-elecciones-del-6-d","status":"publish","type":"post","link":"https:\/\/stage3.rnv.gob.ve\/wp\/henri-falcon-rechaza-comunicado-de-la-derecha-que-descarto-participar-en-elecciones-del-6-d\/","title":{"rendered":"Henri Falc\u00f3n rechaza comunicado de la derecha que descart\u00f3 participar en elecciones del 6-D"},"content":{"rendered":"<p><img fetchpriority=\"high\" decoding=\"async\" class=\"aligncenter wp-image-290096\" src=\"https:\/\/stage3.rnv.gob.ve\/wp\/wp-content\/uploads\/2020\/02\/Henry-Falc\u00f3n.jpg\" alt=\"Henri falc\u00f3n\" width=\"628\" height=\"353\" \/><\/p>\n<p>El dirigente de Avanzada Progresiva Henri Falc\u00f3n rechaz\u00f3 el comunicado emitido por 27 partidos pol\u00edticos de oposici\u00f3n, en el que descartan participar en las elecciones parlamentarias del pr\u00f3ximo 6 de diciembre.<\/p>\n<p>Asegur\u00f3 que no acudir a las urnas, para renovar la Asamblea Nacional (AN), \u201cser\u00eda hacerle el juego de la abstenci\u00f3n al Gobierno y a la postre\u201d.<\/p>\n<p>Falc\u00f3n calific\u00f3 la postura como \u201ccabalgar en la nada\u201d en cambio resalt\u00f3 que los venezolanos son los que deben defender el voto con su participaci\u00f3n.<\/p>\n<p>Se\u00f1al\u00f3 que 65 % de los partidos que suscribieron el comunicado \u201cno existen, son ficticios o no est\u00e1n activados\u201d.<\/p>\n<p>Agreg\u00f3 adem\u00e1s que, la postura abstencionista es un \u201ccamino improvisado e infantil\u201d, y no es una propuesta viable, en cambio busca \u201catomizar\u201d a la oposici\u00f3n.<\/p>\n<p>\u201cEse es el camino de la nada, una fantas\u00eda que hemos recorrido al menos por 18 meses\u201d, expres\u00f3 en entrevista con un medio nacional.<\/p>\n<p>Al respecto, indic\u00f3 que retirarse de la escena democr\u00e1tica ha resultado en fracasos y estrategias mal concebidas que \u201ccrea expectativas no cre\u00edbles\u201d entre la oposici\u00f3n.<\/p>\n<p>De igual forma, subray\u00f3 que los sectores de la derecha deben reformular sus planteamientos y convocar a las fuerzas para reagruparse.<\/p>\n<p>Cree que luego de \u201cacumular fuerzas\u201d pueden definir un plan real para ganar espacios\u201d, s\u00f3lo por la v\u00eda democr\u00e1tica y electoral.<\/p>\n<p>El pasado domingo, un grupo de partidos y organizaciones con fines pol\u00edticos de la derecha anunciaron que no participar\u00e1n en las elecciones del 6-D.<\/p>\n<p>Entre los firmantes est\u00e1n pol\u00edticos que afirman representar a partidos como Acci\u00f3n Democr\u00e1tica (AD), a pesar de estar suspendidos por el Tribunal Supremo de Justicia (TSJ) a petici\u00f3n de sus militantes.<\/p>\n<p>El argumento es que, supuestamente \u00abel gobierno acab\u00f3 con la posibilidad de tener cualquier tipo de elecci\u00f3n libre y competitiva\u00bb.<\/p>\n<p>Sin embargo, el di\u00e1logo entre la oposici\u00f3n y el Ejecutivo Nacional ha permitido, entre otras cosas, renovar la directiva del Consejo Nacional Electoral (CNE).<\/p>\n<p>Este aspecto fue de gran demanda por la oposici\u00f3n en los \u00faltimos como garant\u00eda de transparencia.<\/p>\n<p>El documento fue firmado por Alianza del L\u00e1piz; Bandera Roja; Camina; Encuentro Ciudadano; La Causa R; Proyecto Venezuela, entre otras organizaciones.<\/p>\n<p>Acci\u00f3n Democr\u00e1tica, Primero Justicia y Voluntad Popular tiene justas ad hoc nombradas mediante sentencia del TSJ.<\/p>\n","protected":false},"excerpt":{"rendered":"<p>El dirigente de Avanzada Progresiva Henri Falc\u00f3n rechaz\u00f3 el comunicado emitido por 27 partidos pol\u00edticos de oposici\u00f3n, en el que descartan participar en las elecciones parlamentarias del pr\u00f3ximo 6 de diciembre. Asegur\u00f3 que no acudir a las urnas, para renovar la Asamblea Nacional (AN), \u201cser\u00eda hacerle el juego de la abstenci\u00f3n al Gobierno y a [&hellip;]<\/p>\n","protected":false},"author":1,"featured_media":290096,"comment_status":"closed","ping_status":"open","sticky":false,"template":"","format":"standard","meta":{"_acf_changed":false,"footnotes":""},"categories":[67],"tags":[702,1642,170,1825,143],"class_list":["post-304589","post","type-post","status-publish","format-standard","has-post-thumbnail","hentry","category-politica","tag-comunicado","tag-elecciones","tag-falcon","tag-henri","tag-oposicion"],"acf":[],"yoast_head":"<!-- This site is optimized with the Yoast SEO plugin v27.4 - https:\/\/yoast.com\/product\/yoast-seo-wordpress\/ -->\n<title>Henri Falc\u00f3n rechaza comunicado de la derecha que descart\u00f3 participar en elecciones del 6-D - DEV RNV<\/title>\n<meta name=\"robots\" content=\"noindex, follow, max-snippet:-1, max-image-preview:large, max-video-preview:-1\" \/>\n<meta property=\"og:locale\" content=\"es_ES\" \/>\n<meta property=\"og:type\" content=\"article\" \/>\n<meta property=\"og:title\" content=\"Henri Falc\u00f3n rechaza comunicado de la derecha que descart\u00f3 participar en elecciones del 6-D - DEV RNV\" \/>\n<meta property=\"og:description\" content=\"El dirigente de Avanzada Progresiva Henri Falc\u00f3n rechaz\u00f3 el comunicado emitido por 27 partidos pol\u00edticos de oposici\u00f3n, en el que descartan participar en las elecciones parlamentarias del pr\u00f3ximo 6 de diciembre. Asegur\u00f3 que no acudir a las urnas, para renovar la Asamblea Nacional (AN), \u201cser\u00eda hacerle el juego de la abstenci\u00f3n al Gobierno y a [&hellip;]\" \/>\n<meta property=\"og:url\" content=\"https:\/\/stage3.rnv.gob.ve\/wp\/henri-falcon-rechaza-comunicado-de-la-derecha-que-descarto-participar-en-elecciones-del-6-d\/\" \/>\n<meta property=\"og:site_name\" content=\"DEV RNV\" \/>\n<meta property=\"article:publisher\" content=\"https:\/\/www.facebook.com\/RadioNacionaldeVenezuela\" \/>\n<meta property=\"article:published_time\" content=\"2020-08-04T23:41:42+00:00\" \/>\n<meta name=\"author\" content=\"administrador\" \/>\n<meta name=\"twitter:card\" content=\"summary_large_image\" \/>\n<meta name=\"twitter:creator\" content=\"@RNVinformativa\" \/>\n<meta name=\"twitter:site\" content=\"@RNVinformativa\" \/>\n<meta name=\"twitter:label1\" content=\"Escrito por\" \/>\n\t<meta name=\"twitter:data1\" content=\"administrador\" \/>\n\t<meta name=\"twitter:label2\" content=\"Tiempo estimado de lectura\" \/>\n\t<meta name=\"twitter:data2\" content=\"2 minutos\" \/>\n<script type=\"application\/ld+json\" class=\"yoast-schema-graph\">{\"@context\":\"https:\\\/\\\/schema.org\",\"@graph\":[{\"@type\":\"Article\",\"@id\":\"https:\\\/\\\/stage3.rnv.gob.ve\\\/wp\\\/henri-falcon-rechaza-comunicado-de-la-derecha-que-descarto-participar-en-elecciones-del-6-d\\\/#article\",\"isPartOf\":{\"@id\":\"https:\\\/\\\/stage3.rnv.gob.ve\\\/wp\\\/henri-falcon-rechaza-comunicado-de-la-derecha-que-descarto-participar-en-elecciones-del-6-d\\\/\"},\"author\":{\"name\":\"administrador\",\"@id\":\"https:\\\/\\\/stage3.rnv.gob.ve\\\/wp\\\/#\\\/schema\\\/person\\\/0862ce8cde332e0bc63b8a243f0eea2c\"},\"headline\":\"Henri Falc\u00f3n rechaza comunicado de la derecha que descart\u00f3 participar en elecciones del 6-D\",\"datePublished\":\"2020-08-04T23:41:42+00:00\",\"mainEntityOfPage\":{\"@id\":\"https:\\\/\\\/stage3.rnv.gob.ve\\\/wp\\\/henri-falcon-rechaza-comunicado-de-la-derecha-que-descarto-participar-en-elecciones-del-6-d\\\/\"},\"wordCount\":413,\"publisher\":{\"@id\":\"https:\\\/\\\/stage3.rnv.gob.ve\\\/wp\\\/#organization\"},\"image\":{\"@id\":\"https:\\\/\\\/stage3.rnv.gob.ve\\\/wp\\\/henri-falcon-rechaza-comunicado-de-la-derecha-que-descarto-participar-en-elecciones-del-6-d\\\/#primaryimage\"},\"thumbnailUrl\":\"\",\"keywords\":[\"comunicado\",\"Elecciones\",\"falcon\",\"henri\",\"oposicion\"],\"articleSection\":[\"Pol\u00edtica\"],\"inLanguage\":\"es\"},{\"@type\":\"WebPage\",\"@id\":\"https:\\\/\\\/stage3.rnv.gob.ve\\\/wp\\\/henri-falcon-rechaza-comunicado-de-la-derecha-que-descarto-participar-en-elecciones-del-6-d\\\/\",\"url\":\"https:\\\/\\\/stage3.rnv.gob.ve\\\/wp\\\/henri-falcon-rechaza-comunicado-de-la-derecha-que-descarto-participar-en-elecciones-del-6-d\\\/\",\"name\":\"Henri Falc\u00f3n rechaza comunicado de la derecha que descart\u00f3 participar en elecciones del 6-D - DEV RNV\",\"isPartOf\":{\"@id\":\"https:\\\/\\\/stage3.rnv.gob.ve\\\/wp\\\/#website\"},\"primaryImageOfPage\":{\"@id\":\"https:\\\/\\\/stage3.rnv.gob.ve\\\/wp\\\/henri-falcon-rechaza-comunicado-de-la-derecha-que-descarto-participar-en-elecciones-del-6-d\\\/#primaryimage\"},\"image\":{\"@id\":\"https:\\\/\\\/stage3.rnv.gob.ve\\\/wp\\\/henri-falcon-rechaza-comunicado-de-la-derecha-que-descarto-participar-en-elecciones-del-6-d\\\/#primaryimage\"},\"thumbnailUrl\":\"\",\"datePublished\":\"2020-08-04T23:41:42+00:00\",\"breadcrumb\":{\"@id\":\"https:\\\/\\\/stage3.rnv.gob.ve\\\/wp\\\/henri-falcon-rechaza-comunicado-de-la-derecha-que-descarto-participar-en-elecciones-del-6-d\\\/#breadcrumb\"},\"inLanguage\":\"es\",\"potentialAction\":[{\"@type\":\"ReadAction\",\"target\":[\"https:\\\/\\\/stage3.rnv.gob.ve\\\/wp\\\/henri-falcon-rechaza-comunicado-de-la-derecha-que-descarto-participar-en-elecciones-del-6-d\\\/\"]}]},{\"@type\":\"ImageObject\",\"inLanguage\":\"es\",\"@id\":\"https:\\\/\\\/stage3.rnv.gob.ve\\\/wp\\\/henri-falcon-rechaza-comunicado-de-la-derecha-que-descarto-participar-en-elecciones-del-6-d\\\/#primaryimage\",\"url\":\"\",\"contentUrl\":\"\"},{\"@type\":\"BreadcrumbList\",\"@id\":\"https:\\\/\\\/stage3.rnv.gob.ve\\\/wp\\\/henri-falcon-rechaza-comunicado-de-la-derecha-que-descarto-participar-en-elecciones-del-6-d\\\/#breadcrumb\",\"itemListElement\":[{\"@type\":\"ListItem\",\"position\":1,\"name\":\"Portada\",\"item\":\"https:\\\/\\\/stage3.rnv.gob.ve\\\/wp\\\/\"},{\"@type\":\"ListItem\",\"position\":2,\"name\":\"Henri Falc\u00f3n Rechaza Comunicado De La Derecha Que Descart\u00f3 Participar En Elecciones Del 6-D\"}]},{\"@type\":\"WebSite\",\"@id\":\"https:\\\/\\\/stage3.rnv.gob.ve\\\/wp\\\/#website\",\"url\":\"https:\\\/\\\/stage3.rnv.gob.ve\\\/wp\\\/\",\"name\":\"DEV RNV\",\"description\":\"Radio Nacional de Venezuela C.A.\",\"publisher\":{\"@id\":\"https:\\\/\\\/stage3.rnv.gob.ve\\\/wp\\\/#organization\"},\"potentialAction\":[{\"@type\":\"SearchAction\",\"target\":{\"@type\":\"EntryPoint\",\"urlTemplate\":\"https:\\\/\\\/stage3.rnv.gob.ve\\\/wp\\\/?s={search_term_string}\"},\"query-input\":{\"@type\":\"PropertyValueSpecification\",\"valueRequired\":true,\"valueName\":\"search_term_string\"}}],\"inLanguage\":\"es\"},{\"@type\":\"Organization\",\"@id\":\"https:\\\/\\\/stage3.rnv.gob.ve\\\/wp\\\/#organization\",\"name\":\"Radio Nacional de Venezuela C.A.\",\"url\":\"https:\\\/\\\/stage3.rnv.gob.ve\\\/wp\\\/\",\"logo\":{\"@type\":\"ImageObject\",\"inLanguage\":\"es\",\"@id\":\"https:\\\/\\\/stage3.rnv.gob.ve\\\/wp\\\/#\\\/schema\\\/logo\\\/image\\\/\",\"url\":\"http:\\\/\\\/rnv.ddns.net\\\/prensa\\\/wp-content\\\/uploads\\\/2022\\\/04\\\/rnv-1-300x227-1.jpg\",\"contentUrl\":\"http:\\\/\\\/rnv.ddns.net\\\/prensa\\\/wp-content\\\/uploads\\\/2022\\\/04\\\/rnv-1-300x227-1.jpg\",\"width\":800,\"height\":455,\"caption\":\"Radio Nacional de Venezuela C.A.\"},\"image\":{\"@id\":\"https:\\\/\\\/stage3.rnv.gob.ve\\\/wp\\\/#\\\/schema\\\/logo\\\/image\\\/\"},\"sameAs\":[\"https:\\\/\\\/www.facebook.com\\\/RadioNacionaldeVenezuela\",\"https:\\\/\\\/x.com\\\/RNVinformativa\",\"https:\\\/\\\/www.instagram.com\\\/rnvinformativa\\\/\",\"https:\\\/\\\/www.youtube.com\\\/user\\\/RNVContigo\"]},{\"@type\":\"Person\",\"@id\":\"https:\\\/\\\/stage3.rnv.gob.ve\\\/wp\\\/#\\\/schema\\\/person\\\/0862ce8cde332e0bc63b8a243f0eea2c\",\"name\":\"administrador\",\"sameAs\":[\"http:\\\/\\\/arnoldoeloy.net\"],\"url\":\"https:\\\/\\\/stage3.rnv.gob.ve\\\/wp\\\/author\\\/administrador\\\/\"}]}<\/script>\n<!-- \/ Yoast SEO plugin. -->","yoast_head_json":{"title":"Henri Falc\u00f3n rechaza comunicado de la derecha que descart\u00f3 participar en elecciones del 6-D - DEV RNV","robots":{"index":"noindex","follow":"follow","max-snippet":"max-snippet:-1","max-image-preview":"max-image-preview:large","max-video-preview":"max-video-preview:-1"},"og_locale":"es_ES","og_type":"article","og_title":"Henri Falc\u00f3n rechaza comunicado de la derecha que descart\u00f3 participar en elecciones del 6-D - DEV RNV","og_description":"El dirigente de Avanzada Progresiva Henri Falc\u00f3n rechaz\u00f3 el comunicado emitido por 27 partidos pol\u00edticos de oposici\u00f3n, en el que descartan participar en las elecciones parlamentarias del pr\u00f3ximo 6 de diciembre. Asegur\u00f3 que no acudir a las urnas, para renovar la Asamblea Nacional (AN), \u201cser\u00eda hacerle el juego de la abstenci\u00f3n al Gobierno y a [&hellip;]","og_url":"https:\/\/stage3.rnv.gob.ve\/wp\/henri-falcon-rechaza-comunicado-de-la-derecha-que-descarto-participar-en-elecciones-del-6-d\/","og_site_name":"DEV RNV","article_publisher":"https:\/\/www.facebook.com\/RadioNacionaldeVenezuela","article_published_time":"2020-08-04T23:41:42+00:00","author":"administrador","twitter_card":"summary_large_image","twitter_creator":"@RNVinformativa","twitter_site":"@RNVinformativa","twitter_misc":{"Escrito por":"administrador","Tiempo estimado de lectura":"2 minutos"},"schema":{"@context":"https:\/\/schema.org","@graph":[{"@type":"Article","@id":"https:\/\/stage3.rnv.gob.ve\/wp\/henri-falcon-rechaza-comunicado-de-la-derecha-que-descarto-participar-en-elecciones-del-6-d\/#article","isPartOf":{"@id":"https:\/\/stage3.rnv.gob.ve\/wp\/henri-falcon-rechaza-comunicado-de-la-derecha-que-descarto-participar-en-elecciones-del-6-d\/"},"author":{"name":"administrador","@id":"https:\/\/stage3.rnv.gob.ve\/wp\/#\/schema\/person\/0862ce8cde332e0bc63b8a243f0eea2c"},"headline":"Henri Falc\u00f3n rechaza comunicado de la derecha que descart\u00f3 participar en elecciones del 6-D","datePublished":"2020-08-04T23:41:42+00:00","mainEntityOfPage":{"@id":"https:\/\/stage3.rnv.gob.ve\/wp\/henri-falcon-rechaza-comunicado-de-la-derecha-que-descarto-participar-en-elecciones-del-6-d\/"},"wordCount":413,"publisher":{"@id":"https:\/\/stage3.rnv.gob.ve\/wp\/#organization"},"image":{"@id":"https:\/\/stage3.rnv.gob.ve\/wp\/henri-falcon-rechaza-comunicado-de-la-derecha-que-descarto-participar-en-elecciones-del-6-d\/#primaryimage"},"thumbnailUrl":"","keywords":["comunicado","Elecciones","falcon","henri","oposicion"],"articleSection":["Pol\u00edtica"],"inLanguage":"es"},{"@type":"WebPage","@id":"https:\/\/stage3.rnv.gob.ve\/wp\/henri-falcon-rechaza-comunicado-de-la-derecha-que-descarto-participar-en-elecciones-del-6-d\/","url":"https:\/\/stage3.rnv.gob.ve\/wp\/henri-falcon-rechaza-comunicado-de-la-derecha-que-descarto-participar-en-elecciones-del-6-d\/","name":"Henri Falc\u00f3n rechaza comunicado de la derecha que descart\u00f3 participar en elecciones del 6-D - DEV RNV","isPartOf":{"@id":"https:\/\/stage3.rnv.gob.ve\/wp\/#website"},"primaryImageOfPage":{"@id":"https:\/\/stage3.rnv.gob.ve\/wp\/henri-falcon-rechaza-comunicado-de-la-derecha-que-descarto-participar-en-elecciones-del-6-d\/#primaryimage"},"image":{"@id":"https:\/\/stage3.rnv.gob.ve\/wp\/henri-falcon-rechaza-comunicado-de-la-derecha-que-descarto-participar-en-elecciones-del-6-d\/#primaryimage"},"thumbnailUrl":"","datePublished":"2020-08-04T23:41:42+00:00","breadcrumb":{"@id":"https:\/\/stage3.rnv.gob.ve\/wp\/henri-falcon-rechaza-comunicado-de-la-derecha-que-descarto-participar-en-elecciones-del-6-d\/#breadcrumb"},"inLanguage":"es","potentialAction":[{"@type":"ReadAction","target":["https:\/\/stage3.rnv.gob.ve\/wp\/henri-falcon-rechaza-comunicado-de-la-derecha-que-descarto-participar-en-elecciones-del-6-d\/"]}]},{"@type":"ImageObject","inLanguage":"es","@id":"https:\/\/stage3.rnv.gob.ve\/wp\/henri-falcon-rechaza-comunicado-de-la-derecha-que-descarto-participar-en-elecciones-del-6-d\/#primaryimage","url":"","contentUrl":""},{"@type":"BreadcrumbList","@id":"https:\/\/stage3.rnv.gob.ve\/wp\/henri-falcon-rechaza-comunicado-de-la-derecha-que-descarto-participar-en-elecciones-del-6-d\/#breadcrumb","itemListElement":[{"@type":"ListItem","position":1,"name":"Portada","item":"https:\/\/stage3.rnv.gob.ve\/wp\/"},{"@type":"ListItem","position":2,"name":"Henri Falc\u00f3n Rechaza Comunicado De La Derecha Que Descart\u00f3 Participar En Elecciones Del 6-D"}]},{"@type":"WebSite","@id":"https:\/\/stage3.rnv.gob.ve\/wp\/#website","url":"https:\/\/stage3.rnv.gob.ve\/wp\/","name":"DEV RNV","description":"Radio Nacional de Venezuela C.A.","publisher":{"@id":"https:\/\/stage3.rnv.gob.ve\/wp\/#organization"},"potentialAction":[{"@type":"SearchAction","target":{"@type":"EntryPoint","urlTemplate":"https:\/\/stage3.rnv.gob.ve\/wp\/?s={search_term_string}"},"query-input":{"@type":"PropertyValueSpecification","valueRequired":true,"valueName":"search_term_string"}}],"inLanguage":"es"},{"@type":"Organization","@id":"https:\/\/stage3.rnv.gob.ve\/wp\/#organization","name":"Radio Nacional de Venezuela C.A.","url":"https:\/\/stage3.rnv.gob.ve\/wp\/","logo":{"@type":"ImageObject","inLanguage":"es","@id":"https:\/\/stage3.rnv.gob.ve\/wp\/#\/schema\/logo\/image\/","url":"http:\/\/rnv.ddns.net\/prensa\/wp-content\/uploads\/2022\/04\/rnv-1-300x227-1.jpg","contentUrl":"http:\/\/rnv.ddns.net\/prensa\/wp-content\/uploads\/2022\/04\/rnv-1-300x227-1.jpg","width":800,"height":455,"caption":"Radio Nacional de Venezuela C.A."},"image":{"@id":"https:\/\/stage3.rnv.gob.ve\/wp\/#\/schema\/logo\/image\/"},"sameAs":["https:\/\/www.facebook.com\/RadioNacionaldeVenezuela","https:\/\/x.com\/RNVinformativa","https:\/\/www.instagram.com\/rnvinformativa\/","https:\/\/www.youtube.com\/user\/RNVContigo"]},{"@type":"Person","@id":"https:\/\/stage3.rnv.gob.ve\/wp\/#\/schema\/person\/0862ce8cde332e0bc63b8a243f0eea2c","name":"administrador","sameAs":["http:\/\/arnoldoeloy.net"],"url":"https:\/\/stage3.rnv.gob.ve\/wp\/author\/administrador\/"}]}},"jetpack_featured_media_url":"","_links":{"self":[{"href":"https:\/\/stage3.rnv.gob.ve\/wp\/wp-json\/wp\/v2\/posts\/304589","targetHints":{"allow":["GET"]}}],"collection":[{"href":"https:\/\/stage3.rnv.gob.ve\/wp\/wp-json\/wp\/v2\/posts"}],"about":[{"href":"https:\/\/stage3.rnv.gob.ve\/wp\/wp-json\/wp\/v2\/types\/post"}],"author":[{"embeddable":true,"href":"https:\/\/stage3.rnv.gob.ve\/wp\/wp-json\/wp\/v2\/users\/1"}],"replies":[{"embeddable":true,"href":"https:\/\/stage3.rnv.gob.ve\/wp\/wp-json\/wp\/v2\/comments?post=304589"}],"version-history":[{"count":0,"href":"https:\/\/stage3.rnv.gob.ve\/wp\/wp-json\/wp\/v2\/posts\/304589\/revisions"}],"wp:featuredmedia":[{"embeddable":true,"href":"https:\/\/stage3.rnv.gob.ve\/wp\/wp-json\/"}],"wp:attachment":[{"href":"https:\/\/stage3.rnv.gob.ve\/wp\/wp-json\/wp\/v2\/media?parent=304589"}],"wp:term":[{"taxonomy":"category","embeddable":true,"href":"https:\/\/stage3.rnv.gob.ve\/wp\/wp-json\/wp\/v2\/categories?post=304589"},{"taxonomy":"post_tag","embeddable":true,"href":"https:\/\/stage3.rnv.gob.ve\/wp\/wp-json\/wp\/v2\/tags?post=304589"}],"curies":[{"name":"wp","href":"https:\/\/api.w.org\/{rel}","templated":true}]}}