{"id":301048,"date":"2020-06-17T13:21:53","date_gmt":"2020-06-17T17:51:53","guid":{"rendered":"https:\/\/stage3.rnv.gob.ve\/wp\/?p=301048"},"modified":"2020-06-17T13:21:53","modified_gmt":"2020-06-17T17:51:53","slug":"anc-aprueba-acuerdo-constituyente-en-solidaridad-con-las-luchas-del-pueblo-afroamericano-de-eeuu","status":"publish","type":"post","link":"https:\/\/stage3.rnv.gob.ve\/wp\/anc-aprueba-acuerdo-constituyente-en-solidaridad-con-las-luchas-del-pueblo-afroamericano-de-eeuu\/","title":{"rendered":"ANC aprueba acuerdo constituyente en solidaridad con las luchas del pueblo afroamericano de EEUU"},"content":{"rendered":"<p>&nbsp;<\/p>\n<p><img fetchpriority=\"high\" decoding=\"async\" class=\"wp-image-301050 aligncenter\" src=\"https:\/\/stage3.rnv.gob.ve\/wp\/wp-content\/uploads\/2020\/06\/anc.jpg\" alt=\"\" width=\"600\" height=\"447\" \/><\/p>\n<p>La Asamblea Nacional Constituyente (ANC) aprob\u00f3 este mi\u00e9rcoles un acuerdo en solidaridad con la lucha pac\u00edfica del pueblo de Estados Unidos que levanta su voz contra el sistema excluyente, discriminatorio, fascista y racista impuesto por la plutocr\u00e1tica \u00e9lite pol\u00edtica del gobierno norteamericano.<\/p>\n<p>Durante una sesi\u00f3n realizada en la sede del Palacio Federal Legislativo, en Caracas, el \u00f3rgano plenipotenciario expres\u00f3 su apoyo a la lucha del pueblo de Estados Unidos que se encuentra en las calles para manifestarse en contra de un sistema que privilegia a las grandes potencias, luego del fallecimiento de un afroamericano a manos de la polic\u00eda de Minneapolis.<\/p>\n<p>En ese sentido, la ANC se une al llamado de los pa\u00edses del Alba-TCP de rechazar toda forma de racismo y discriminaci\u00f3n.<\/p>\n<p>\u00abConsiderando que hemos sido testigos de los consecuentes episodios de agresi\u00f3n por discriminaci\u00f3n racial en Estados Unidos, con lo cual refleja la vigencia del sistema plutocr\u00e1tico del pa\u00eds que hist\u00f3ricamente ha excluido y cercenado los derechos humanos fundamentales del pueblo estadounidense\u00bb, indica el texto.<\/p>\n<p>El acuerdo constituyente detalla que la situaci\u00f3n interna de Estados Unidos da cuenta de la absoluta inmoralidad de la \u00e9lite pol\u00edtica de este pa\u00eds ante la pandemia de Covid-19 que viola los derechos humanos de su territorio.<\/p>\n<p>En la sesi\u00f3n, la constituyente Egl\u00e9 S\u00e1nchez resalt\u00f3 las luchas de los afrodescendientes en el pa\u00eds, quienes han sido visibilizados por el Comandante Ch\u00e1vez y el Gobierno del presidente Nicol\u00e1s Maduro.<\/p>\n<p>\u00abNo dejamos de reconocer lo que el presidente Ch\u00e1vez hizo para nosotros los afrodescendientes; nos sentimos agradecidos de la vida, del presidente de nuestro proceso revolucionario\u00bb, precis\u00f3.<\/p>\n<p><strong>150 millones de afrodescendientes<\/strong><\/p>\n<p>En su intervenci\u00f3n, el vicepresidente sectorial para el Desarrollo Social y Territorial, Arist\u00f3bulo Ist\u00fariz, detall\u00f3 que en Latinoam\u00e9rica existen 150 millones de afrodescendientes.<\/p>\n<p>\u00abHoy los afros se unifican en los movimientos sociales, corrientes progresistas y junto a gobierno soberanos est\u00e1 cambiando la correlaci\u00f3n de fuerzas sociales en el continente\u00bb, dijo.<\/p>\n<p>En ese sentido, conden\u00f3 la violaci\u00f3n de los derechos humanos y exigi\u00f3 \u00abel cese de la represi\u00f3n policial ordenada por el gobierno estadounidense\u00a0 en contra de los afrodescendientes, expresamos toda la solidaridad con el pueblo afroamericano que hoy lucha contra el fascismo\u00bb, puntualiz\u00f3 Ist\u00fariz.<\/p>\n<p><strong>T\/AVN<\/strong><\/p>\n","protected":false},"excerpt":{"rendered":"<p>&nbsp; La Asamblea Nacional Constituyente (ANC) aprob\u00f3 este mi\u00e9rcoles un acuerdo en solidaridad con la lucha pac\u00edfica del pueblo de Estados Unidos que levanta su voz contra el sistema excluyente, discriminatorio, fascista y racista impuesto por la plutocr\u00e1tica \u00e9lite pol\u00edtica del gobierno norteamericano. Durante una sesi\u00f3n realizada en la sede del Palacio Federal Legislativo, en [&hellip;]<\/p>\n","protected":false},"author":1,"featured_media":301050,"comment_status":"closed","ping_status":"open","sticky":false,"template":"","format":"standard","meta":{"_acf_changed":false,"footnotes":""},"categories":[67],"tags":[14550,129,30347,1845,21201,142,2233,1847],"class_list":["post-301048","post","type-post","status-publish","format-standard","has-post-thumbnail","hentry","category-politica","tag-anc","tag-asamblea","tag-consitiuyente","tag-estados","tag-euu","tag-nacional","tag-pueblos","tag-unidos"],"acf":[],"yoast_head":"<!-- This site is optimized with the Yoast SEO plugin v27.4 - https:\/\/yoast.com\/product\/yoast-seo-wordpress\/ -->\n<title>ANC aprueba acuerdo constituyente en solidaridad con las luchas del pueblo afroamericano de EEUU - DEV RNV<\/title>\n<meta name=\"robots\" content=\"noindex, follow, max-snippet:-1, max-image-preview:large, max-video-preview:-1\" \/>\n<meta property=\"og:locale\" content=\"es_ES\" \/>\n<meta property=\"og:type\" content=\"article\" \/>\n<meta property=\"og:title\" content=\"ANC aprueba acuerdo constituyente en solidaridad con las luchas del pueblo afroamericano de EEUU - DEV RNV\" \/>\n<meta property=\"og:description\" content=\"&nbsp; La Asamblea Nacional Constituyente (ANC) aprob\u00f3 este mi\u00e9rcoles un acuerdo en solidaridad con la lucha pac\u00edfica del pueblo de Estados Unidos que levanta su voz contra el sistema excluyente, discriminatorio, fascista y racista impuesto por la plutocr\u00e1tica \u00e9lite pol\u00edtica del gobierno norteamericano. Durante una sesi\u00f3n realizada en la sede del Palacio Federal Legislativo, en [&hellip;]\" \/>\n<meta property=\"og:url\" content=\"https:\/\/stage3.rnv.gob.ve\/wp\/anc-aprueba-acuerdo-constituyente-en-solidaridad-con-las-luchas-del-pueblo-afroamericano-de-eeuu\/\" \/>\n<meta property=\"og:site_name\" content=\"DEV RNV\" \/>\n<meta property=\"article:publisher\" content=\"https:\/\/www.facebook.com\/RadioNacionaldeVenezuela\" \/>\n<meta property=\"article:published_time\" content=\"2020-06-17T17:51:53+00:00\" \/>\n<meta name=\"author\" content=\"administrador\" \/>\n<meta name=\"twitter:card\" content=\"summary_large_image\" \/>\n<meta name=\"twitter:creator\" content=\"@RNVinformativa\" \/>\n<meta name=\"twitter:site\" content=\"@RNVinformativa\" \/>\n<meta name=\"twitter:label1\" content=\"Escrito por\" \/>\n\t<meta name=\"twitter:data1\" content=\"administrador\" \/>\n\t<meta name=\"twitter:label2\" content=\"Tiempo estimado de lectura\" \/>\n\t<meta name=\"twitter:data2\" content=\"2 minutos\" \/>\n<script type=\"application\/ld+json\" class=\"yoast-schema-graph\">{\"@context\":\"https:\\\/\\\/schema.org\",\"@graph\":[{\"@type\":\"Article\",\"@id\":\"https:\\\/\\\/stage3.rnv.gob.ve\\\/wp\\\/anc-aprueba-acuerdo-constituyente-en-solidaridad-con-las-luchas-del-pueblo-afroamericano-de-eeuu\\\/#article\",\"isPartOf\":{\"@id\":\"https:\\\/\\\/stage3.rnv.gob.ve\\\/wp\\\/anc-aprueba-acuerdo-constituyente-en-solidaridad-con-las-luchas-del-pueblo-afroamericano-de-eeuu\\\/\"},\"author\":{\"name\":\"administrador\",\"@id\":\"https:\\\/\\\/stage3.rnv.gob.ve\\\/wp\\\/#\\\/schema\\\/person\\\/0862ce8cde332e0bc63b8a243f0eea2c\"},\"headline\":\"ANC aprueba acuerdo constituyente en solidaridad con las luchas del pueblo afroamericano de EEUU\",\"datePublished\":\"2020-06-17T17:51:53+00:00\",\"mainEntityOfPage\":{\"@id\":\"https:\\\/\\\/stage3.rnv.gob.ve\\\/wp\\\/anc-aprueba-acuerdo-constituyente-en-solidaridad-con-las-luchas-del-pueblo-afroamericano-de-eeuu\\\/\"},\"wordCount\":405,\"publisher\":{\"@id\":\"https:\\\/\\\/stage3.rnv.gob.ve\\\/wp\\\/#organization\"},\"image\":{\"@id\":\"https:\\\/\\\/stage3.rnv.gob.ve\\\/wp\\\/anc-aprueba-acuerdo-constituyente-en-solidaridad-con-las-luchas-del-pueblo-afroamericano-de-eeuu\\\/#primaryimage\"},\"thumbnailUrl\":\"\",\"keywords\":[\"anc\",\"asamblea\",\"consitiuyente\",\"estados\",\"euu\",\"nacional\",\"pueblos\",\"unidos\"],\"articleSection\":[\"Pol\u00edtica\"],\"inLanguage\":\"es\"},{\"@type\":\"WebPage\",\"@id\":\"https:\\\/\\\/stage3.rnv.gob.ve\\\/wp\\\/anc-aprueba-acuerdo-constituyente-en-solidaridad-con-las-luchas-del-pueblo-afroamericano-de-eeuu\\\/\",\"url\":\"https:\\\/\\\/stage3.rnv.gob.ve\\\/wp\\\/anc-aprueba-acuerdo-constituyente-en-solidaridad-con-las-luchas-del-pueblo-afroamericano-de-eeuu\\\/\",\"name\":\"ANC aprueba acuerdo constituyente en solidaridad con las luchas del pueblo afroamericano de EEUU - DEV RNV\",\"isPartOf\":{\"@id\":\"https:\\\/\\\/stage3.rnv.gob.ve\\\/wp\\\/#website\"},\"primaryImageOfPage\":{\"@id\":\"https:\\\/\\\/stage3.rnv.gob.ve\\\/wp\\\/anc-aprueba-acuerdo-constituyente-en-solidaridad-con-las-luchas-del-pueblo-afroamericano-de-eeuu\\\/#primaryimage\"},\"image\":{\"@id\":\"https:\\\/\\\/stage3.rnv.gob.ve\\\/wp\\\/anc-aprueba-acuerdo-constituyente-en-solidaridad-con-las-luchas-del-pueblo-afroamericano-de-eeuu\\\/#primaryimage\"},\"thumbnailUrl\":\"\",\"datePublished\":\"2020-06-17T17:51:53+00:00\",\"breadcrumb\":{\"@id\":\"https:\\\/\\\/stage3.rnv.gob.ve\\\/wp\\\/anc-aprueba-acuerdo-constituyente-en-solidaridad-con-las-luchas-del-pueblo-afroamericano-de-eeuu\\\/#breadcrumb\"},\"inLanguage\":\"es\",\"potentialAction\":[{\"@type\":\"ReadAction\",\"target\":[\"https:\\\/\\\/stage3.rnv.gob.ve\\\/wp\\\/anc-aprueba-acuerdo-constituyente-en-solidaridad-con-las-luchas-del-pueblo-afroamericano-de-eeuu\\\/\"]}]},{\"@type\":\"ImageObject\",\"inLanguage\":\"es\",\"@id\":\"https:\\\/\\\/stage3.rnv.gob.ve\\\/wp\\\/anc-aprueba-acuerdo-constituyente-en-solidaridad-con-las-luchas-del-pueblo-afroamericano-de-eeuu\\\/#primaryimage\",\"url\":\"\",\"contentUrl\":\"\"},{\"@type\":\"BreadcrumbList\",\"@id\":\"https:\\\/\\\/stage3.rnv.gob.ve\\\/wp\\\/anc-aprueba-acuerdo-constituyente-en-solidaridad-con-las-luchas-del-pueblo-afroamericano-de-eeuu\\\/#breadcrumb\",\"itemListElement\":[{\"@type\":\"ListItem\",\"position\":1,\"name\":\"Portada\",\"item\":\"https:\\\/\\\/stage3.rnv.gob.ve\\\/wp\\\/\"},{\"@type\":\"ListItem\",\"position\":2,\"name\":\"Anc Aprueba Acuerdo Constituyente En Solidaridad Con Las Luchas Del Pueblo Afroamericano De Eeuu\"}]},{\"@type\":\"WebSite\",\"@id\":\"https:\\\/\\\/stage3.rnv.gob.ve\\\/wp\\\/#website\",\"url\":\"https:\\\/\\\/stage3.rnv.gob.ve\\\/wp\\\/\",\"name\":\"DEV RNV\",\"description\":\"Radio Nacional de Venezuela C.A.\",\"publisher\":{\"@id\":\"https:\\\/\\\/stage3.rnv.gob.ve\\\/wp\\\/#organization\"},\"potentialAction\":[{\"@type\":\"SearchAction\",\"target\":{\"@type\":\"EntryPoint\",\"urlTemplate\":\"https:\\\/\\\/stage3.rnv.gob.ve\\\/wp\\\/?s={search_term_string}\"},\"query-input\":{\"@type\":\"PropertyValueSpecification\",\"valueRequired\":true,\"valueName\":\"search_term_string\"}}],\"inLanguage\":\"es\"},{\"@type\":\"Organization\",\"@id\":\"https:\\\/\\\/stage3.rnv.gob.ve\\\/wp\\\/#organization\",\"name\":\"Radio Nacional de Venezuela C.A.\",\"url\":\"https:\\\/\\\/stage3.rnv.gob.ve\\\/wp\\\/\",\"logo\":{\"@type\":\"ImageObject\",\"inLanguage\":\"es\",\"@id\":\"https:\\\/\\\/stage3.rnv.gob.ve\\\/wp\\\/#\\\/schema\\\/logo\\\/image\\\/\",\"url\":\"http:\\\/\\\/rnv.ddns.net\\\/prensa\\\/wp-content\\\/uploads\\\/2022\\\/04\\\/rnv-1-300x227-1.jpg\",\"contentUrl\":\"http:\\\/\\\/rnv.ddns.net\\\/prensa\\\/wp-content\\\/uploads\\\/2022\\\/04\\\/rnv-1-300x227-1.jpg\",\"width\":800,\"height\":455,\"caption\":\"Radio Nacional de Venezuela C.A.\"},\"image\":{\"@id\":\"https:\\\/\\\/stage3.rnv.gob.ve\\\/wp\\\/#\\\/schema\\\/logo\\\/image\\\/\"},\"sameAs\":[\"https:\\\/\\\/www.facebook.com\\\/RadioNacionaldeVenezuela\",\"https:\\\/\\\/x.com\\\/RNVinformativa\",\"https:\\\/\\\/www.instagram.com\\\/rnvinformativa\\\/\",\"https:\\\/\\\/www.youtube.com\\\/user\\\/RNVContigo\"]},{\"@type\":\"Person\",\"@id\":\"https:\\\/\\\/stage3.rnv.gob.ve\\\/wp\\\/#\\\/schema\\\/person\\\/0862ce8cde332e0bc63b8a243f0eea2c\",\"name\":\"administrador\",\"sameAs\":[\"http:\\\/\\\/arnoldoeloy.net\"],\"url\":\"https:\\\/\\\/stage3.rnv.gob.ve\\\/wp\\\/author\\\/administrador\\\/\"}]}<\/script>\n<!-- \/ Yoast SEO plugin. -->","yoast_head_json":{"title":"ANC aprueba acuerdo constituyente en solidaridad con las luchas del pueblo afroamericano de EEUU - DEV RNV","robots":{"index":"noindex","follow":"follow","max-snippet":"max-snippet:-1","max-image-preview":"max-image-preview:large","max-video-preview":"max-video-preview:-1"},"og_locale":"es_ES","og_type":"article","og_title":"ANC aprueba acuerdo constituyente en solidaridad con las luchas del pueblo afroamericano de EEUU - DEV RNV","og_description":"&nbsp; La Asamblea Nacional Constituyente (ANC) aprob\u00f3 este mi\u00e9rcoles un acuerdo en solidaridad con la lucha pac\u00edfica del pueblo de Estados Unidos que levanta su voz contra el sistema excluyente, discriminatorio, fascista y racista impuesto por la plutocr\u00e1tica \u00e9lite pol\u00edtica del gobierno norteamericano. Durante una sesi\u00f3n realizada en la sede del Palacio Federal Legislativo, en [&hellip;]","og_url":"https:\/\/stage3.rnv.gob.ve\/wp\/anc-aprueba-acuerdo-constituyente-en-solidaridad-con-las-luchas-del-pueblo-afroamericano-de-eeuu\/","og_site_name":"DEV RNV","article_publisher":"https:\/\/www.facebook.com\/RadioNacionaldeVenezuela","article_published_time":"2020-06-17T17:51:53+00:00","author":"administrador","twitter_card":"summary_large_image","twitter_creator":"@RNVinformativa","twitter_site":"@RNVinformativa","twitter_misc":{"Escrito por":"administrador","Tiempo estimado de lectura":"2 minutos"},"schema":{"@context":"https:\/\/schema.org","@graph":[{"@type":"Article","@id":"https:\/\/stage3.rnv.gob.ve\/wp\/anc-aprueba-acuerdo-constituyente-en-solidaridad-con-las-luchas-del-pueblo-afroamericano-de-eeuu\/#article","isPartOf":{"@id":"https:\/\/stage3.rnv.gob.ve\/wp\/anc-aprueba-acuerdo-constituyente-en-solidaridad-con-las-luchas-del-pueblo-afroamericano-de-eeuu\/"},"author":{"name":"administrador","@id":"https:\/\/stage3.rnv.gob.ve\/wp\/#\/schema\/person\/0862ce8cde332e0bc63b8a243f0eea2c"},"headline":"ANC aprueba acuerdo constituyente en solidaridad con las luchas del pueblo afroamericano de EEUU","datePublished":"2020-06-17T17:51:53+00:00","mainEntityOfPage":{"@id":"https:\/\/stage3.rnv.gob.ve\/wp\/anc-aprueba-acuerdo-constituyente-en-solidaridad-con-las-luchas-del-pueblo-afroamericano-de-eeuu\/"},"wordCount":405,"publisher":{"@id":"https:\/\/stage3.rnv.gob.ve\/wp\/#organization"},"image":{"@id":"https:\/\/stage3.rnv.gob.ve\/wp\/anc-aprueba-acuerdo-constituyente-en-solidaridad-con-las-luchas-del-pueblo-afroamericano-de-eeuu\/#primaryimage"},"thumbnailUrl":"","keywords":["anc","asamblea","consitiuyente","estados","euu","nacional","pueblos","unidos"],"articleSection":["Pol\u00edtica"],"inLanguage":"es"},{"@type":"WebPage","@id":"https:\/\/stage3.rnv.gob.ve\/wp\/anc-aprueba-acuerdo-constituyente-en-solidaridad-con-las-luchas-del-pueblo-afroamericano-de-eeuu\/","url":"https:\/\/stage3.rnv.gob.ve\/wp\/anc-aprueba-acuerdo-constituyente-en-solidaridad-con-las-luchas-del-pueblo-afroamericano-de-eeuu\/","name":"ANC aprueba acuerdo constituyente en solidaridad con las luchas del pueblo afroamericano de EEUU - DEV RNV","isPartOf":{"@id":"https:\/\/stage3.rnv.gob.ve\/wp\/#website"},"primaryImageOfPage":{"@id":"https:\/\/stage3.rnv.gob.ve\/wp\/anc-aprueba-acuerdo-constituyente-en-solidaridad-con-las-luchas-del-pueblo-afroamericano-de-eeuu\/#primaryimage"},"image":{"@id":"https:\/\/stage3.rnv.gob.ve\/wp\/anc-aprueba-acuerdo-constituyente-en-solidaridad-con-las-luchas-del-pueblo-afroamericano-de-eeuu\/#primaryimage"},"thumbnailUrl":"","datePublished":"2020-06-17T17:51:53+00:00","breadcrumb":{"@id":"https:\/\/stage3.rnv.gob.ve\/wp\/anc-aprueba-acuerdo-constituyente-en-solidaridad-con-las-luchas-del-pueblo-afroamericano-de-eeuu\/#breadcrumb"},"inLanguage":"es","potentialAction":[{"@type":"ReadAction","target":["https:\/\/stage3.rnv.gob.ve\/wp\/anc-aprueba-acuerdo-constituyente-en-solidaridad-con-las-luchas-del-pueblo-afroamericano-de-eeuu\/"]}]},{"@type":"ImageObject","inLanguage":"es","@id":"https:\/\/stage3.rnv.gob.ve\/wp\/anc-aprueba-acuerdo-constituyente-en-solidaridad-con-las-luchas-del-pueblo-afroamericano-de-eeuu\/#primaryimage","url":"","contentUrl":""},{"@type":"BreadcrumbList","@id":"https:\/\/stage3.rnv.gob.ve\/wp\/anc-aprueba-acuerdo-constituyente-en-solidaridad-con-las-luchas-del-pueblo-afroamericano-de-eeuu\/#breadcrumb","itemListElement":[{"@type":"ListItem","position":1,"name":"Portada","item":"https:\/\/stage3.rnv.gob.ve\/wp\/"},{"@type":"ListItem","position":2,"name":"Anc Aprueba Acuerdo Constituyente En Solidaridad Con Las Luchas Del Pueblo Afroamericano De Eeuu"}]},{"@type":"WebSite","@id":"https:\/\/stage3.rnv.gob.ve\/wp\/#website","url":"https:\/\/stage3.rnv.gob.ve\/wp\/","name":"DEV RNV","description":"Radio Nacional de Venezuela C.A.","publisher":{"@id":"https:\/\/stage3.rnv.gob.ve\/wp\/#organization"},"potentialAction":[{"@type":"SearchAction","target":{"@type":"EntryPoint","urlTemplate":"https:\/\/stage3.rnv.gob.ve\/wp\/?s={search_term_string}"},"query-input":{"@type":"PropertyValueSpecification","valueRequired":true,"valueName":"search_term_string"}}],"inLanguage":"es"},{"@type":"Organization","@id":"https:\/\/stage3.rnv.gob.ve\/wp\/#organization","name":"Radio Nacional de Venezuela C.A.","url":"https:\/\/stage3.rnv.gob.ve\/wp\/","logo":{"@type":"ImageObject","inLanguage":"es","@id":"https:\/\/stage3.rnv.gob.ve\/wp\/#\/schema\/logo\/image\/","url":"http:\/\/rnv.ddns.net\/prensa\/wp-content\/uploads\/2022\/04\/rnv-1-300x227-1.jpg","contentUrl":"http:\/\/rnv.ddns.net\/prensa\/wp-content\/uploads\/2022\/04\/rnv-1-300x227-1.jpg","width":800,"height":455,"caption":"Radio Nacional de Venezuela C.A."},"image":{"@id":"https:\/\/stage3.rnv.gob.ve\/wp\/#\/schema\/logo\/image\/"},"sameAs":["https:\/\/www.facebook.com\/RadioNacionaldeVenezuela","https:\/\/x.com\/RNVinformativa","https:\/\/www.instagram.com\/rnvinformativa\/","https:\/\/www.youtube.com\/user\/RNVContigo"]},{"@type":"Person","@id":"https:\/\/stage3.rnv.gob.ve\/wp\/#\/schema\/person\/0862ce8cde332e0bc63b8a243f0eea2c","name":"administrador","sameAs":["http:\/\/arnoldoeloy.net"],"url":"https:\/\/stage3.rnv.gob.ve\/wp\/author\/administrador\/"}]}},"jetpack_featured_media_url":"","_links":{"self":[{"href":"https:\/\/stage3.rnv.gob.ve\/wp\/wp-json\/wp\/v2\/posts\/301048","targetHints":{"allow":["GET"]}}],"collection":[{"href":"https:\/\/stage3.rnv.gob.ve\/wp\/wp-json\/wp\/v2\/posts"}],"about":[{"href":"https:\/\/stage3.rnv.gob.ve\/wp\/wp-json\/wp\/v2\/types\/post"}],"author":[{"embeddable":true,"href":"https:\/\/stage3.rnv.gob.ve\/wp\/wp-json\/wp\/v2\/users\/1"}],"replies":[{"embeddable":true,"href":"https:\/\/stage3.rnv.gob.ve\/wp\/wp-json\/wp\/v2\/comments?post=301048"}],"version-history":[{"count":0,"href":"https:\/\/stage3.rnv.gob.ve\/wp\/wp-json\/wp\/v2\/posts\/301048\/revisions"}],"wp:featuredmedia":[{"embeddable":true,"href":"https:\/\/stage3.rnv.gob.ve\/wp\/wp-json\/"}],"wp:attachment":[{"href":"https:\/\/stage3.rnv.gob.ve\/wp\/wp-json\/wp\/v2\/media?parent=301048"}],"wp:term":[{"taxonomy":"category","embeddable":true,"href":"https:\/\/stage3.rnv.gob.ve\/wp\/wp-json\/wp\/v2\/categories?post=301048"},{"taxonomy":"post_tag","embeddable":true,"href":"https:\/\/stage3.rnv.gob.ve\/wp\/wp-json\/wp\/v2\/tags?post=301048"}],"curies":[{"name":"wp","href":"https:\/\/api.w.org\/{rel}","templated":true}]}}