{"id":29993,"date":"2016-05-20T13:04:19","date_gmt":"2016-05-20T17:34:19","guid":{"rendered":"http:\/\/wpeditor.rnv.gob.ve\/?p=29993"},"modified":"2016-05-20T13:04:19","modified_gmt":"2016-05-20T17:34:19","slug":"ministros-presentaron-a-unasur-alcances-de-la-agenda-economica-bolivariana","status":"publish","type":"post","link":"https:\/\/stage3.rnv.gob.ve\/wp\/ministros-presentaron-a-unasur-alcances-de-la-agenda-economica-bolivariana\/","title":{"rendered":"Ministros presentaron a Unasur alcances de la Agenda Econ\u00f3mica Bolivariana"},"content":{"rendered":"<p><figure id=\"attachment_30044\" aria-describedby=\"caption-attachment-30044\" style=\"width: 300px\" class=\"wp-caption alignleft\"><img fetchpriority=\"high\" decoding=\"async\" class=\"size-medium wp-image-30044\" src=\"http:\/\/wpeditor.rnv.gob.ve\/app\/uploads\/2016\/05\/img_8231ft1463769161-300x197.jpg\" alt=\"Foto AVN \" width=\"300\" height=\"197\" \/><figcaption id=\"caption-attachment-30044\" class=\"wp-caption-text\">Foto AVN<\/figcaption><\/figure><br \/>\nEl vicepresidente de la Rep\u00fablica, Arist\u00f3bulo Ist\u00fariz, inform\u00f3 este viernes, a la salida de la jornada de trabajo con el equipo econ\u00f3mico de la Uni\u00f3n de Naciones Suramericanas (Unasur), se fueron expuestos todos los aspectos de la Agenda Econ\u00f3mica Bolivariana.<!--more--><br \/>\nEn rueda de prensa, en compa\u00f1\u00eda del expresidente de la Unasur, Leonel Fern\u00e1ndez, coment\u00f3 que se abordaron las decisiones adoptadas por el Presidente Nicol\u00e1s Maduro en materia econ\u00f3mica, y se explicaron los alcances del plan 50 de los rubros, el sistema de distribuci\u00f3n y precios, y el nuevo sistema de captaci\u00f3n y administraci\u00f3n de divisas.<br \/>\nIst\u00fariz inform\u00f3 que de esta jornada surgi\u00f3 una agenda trabajo para la pr\u00f3xima semana, que ser\u00e1 desarrollada por los equipos econ\u00f3micos de Venezuela y Unasur.<br \/>\nEn la reuni\u00f3n de trabajo participaron adem\u00e1s el Vicepresidente para el \u00c1rea Econ\u00f3mica, Miguel P\u00e9rez Abad, el ministro de Econom\u00eda, Finanzas y Banca P\u00fablica, Rodolfo Medina, el ministro de Petr\u00f3leo y Miner\u00eda, Eulogio del Pino, el ministro para la Alimentaci\u00f3n, Rodolfo Marco Torres, y el vicepresidente para la Planificaci\u00f3n, Ricardo Men\u00e9ndez.<br \/>\n&nbsp;<br \/>\n<strong>Escuche al Vicepresidente Arist\u00f3bulo Ist\u00fariz<\/strong><br \/>\n<audio class=\"wp-audio-shortcode\" id=\"audio-29993-1\" preload=\"none\" style=\"width: 100%;\" controls=\"controls\"><source type=\"audio\/mpeg\" src=\"http:\/\/wpeditor.rnv.gob.ve\/app\/uploads\/2016\/05\/ISTURIZ-1.mp3?_=1\" \/><a href=\"http:\/\/wpeditor.rnv.gob.ve\/app\/uploads\/2016\/05\/ISTURIZ-1.mp3\">http:\/\/wpeditor.rnv.gob.ve\/app\/uploads\/2016\/05\/ISTURIZ-1.mp3<\/a><\/audio><\/p>\n","protected":false},"excerpt":{"rendered":"<p>El vicepresidente de la Rep\u00fablica, Arist\u00f3bulo Ist\u00fariz, inform\u00f3 este viernes, a la salida de la jornada de trabajo con el equipo econ\u00f3mico de la Uni\u00f3n de Naciones Suramericanas (Unasur), se fueron expuestos todos los aspectos de la Agenda Econ\u00f3mica Bolivariana.<\/p>\n","protected":false},"author":3,"featured_media":29995,"comment_status":"closed","ping_status":"open","sticky":false,"template":"","format":"standard","meta":{"_acf_changed":false,"footnotes":""},"categories":[58],"tags":[313,104],"class_list":["post-29993","post","type-post","status-publish","format-standard","has-post-thumbnail","hentry","category-economia","tag-unasur","tag-venezuela"],"acf":[],"yoast_head":"<!-- This site is optimized with the Yoast SEO plugin v27.4 - https:\/\/yoast.com\/product\/yoast-seo-wordpress\/ -->\n<title>Ministros presentaron a Unasur alcances de la Agenda Econ\u00f3mica Bolivariana - DEV RNV<\/title>\n<meta name=\"robots\" content=\"noindex, follow, max-snippet:-1, max-image-preview:large, max-video-preview:-1\" \/>\n<meta property=\"og:locale\" content=\"es_ES\" \/>\n<meta property=\"og:type\" content=\"article\" \/>\n<meta property=\"og:title\" content=\"Ministros presentaron a Unasur alcances de la Agenda Econ\u00f3mica Bolivariana - DEV RNV\" \/>\n<meta property=\"og:description\" content=\"El vicepresidente de la Rep\u00fablica, Arist\u00f3bulo Ist\u00fariz, inform\u00f3 este viernes, a la salida de la jornada de trabajo con el equipo econ\u00f3mico de la Uni\u00f3n de Naciones Suramericanas (Unasur), se fueron expuestos todos los aspectos de la Agenda Econ\u00f3mica Bolivariana.\" \/>\n<meta property=\"og:url\" content=\"https:\/\/stage3.rnv.gob.ve\/wp\/ministros-presentaron-a-unasur-alcances-de-la-agenda-economica-bolivariana\/\" \/>\n<meta property=\"og:site_name\" content=\"DEV RNV\" \/>\n<meta property=\"article:publisher\" content=\"https:\/\/www.facebook.com\/RadioNacionaldeVenezuela\" \/>\n<meta property=\"article:published_time\" content=\"2016-05-20T17:34:19+00:00\" \/>\n<meta name=\"author\" content=\"Yaneny Berm\u00fadez\" \/>\n<meta name=\"twitter:card\" content=\"summary_large_image\" \/>\n<meta name=\"twitter:creator\" content=\"@RNVinformativa\" \/>\n<meta name=\"twitter:site\" content=\"@RNVinformativa\" \/>\n<meta name=\"twitter:label1\" content=\"Escrito por\" \/>\n\t<meta name=\"twitter:data1\" content=\"Yaneny Berm\u00fadez\" \/>\n\t<meta name=\"twitter:label2\" content=\"Tiempo estimado de lectura\" \/>\n\t<meta name=\"twitter:data2\" content=\"1 minuto\" \/>\n<script type=\"application\/ld+json\" class=\"yoast-schema-graph\">{\"@context\":\"https:\\\/\\\/schema.org\",\"@graph\":[{\"@type\":\"Article\",\"@id\":\"https:\\\/\\\/stage3.rnv.gob.ve\\\/wp\\\/ministros-presentaron-a-unasur-alcances-de-la-agenda-economica-bolivariana\\\/#article\",\"isPartOf\":{\"@id\":\"https:\\\/\\\/stage3.rnv.gob.ve\\\/wp\\\/ministros-presentaron-a-unasur-alcances-de-la-agenda-economica-bolivariana\\\/\"},\"author\":{\"name\":\"Yaneny Berm\u00fadez\",\"@id\":\"https:\\\/\\\/stage3.rnv.gob.ve\\\/wp\\\/#\\\/schema\\\/person\\\/b18a77cc009f4a5241b81471b5e5e1f2\"},\"headline\":\"Ministros presentaron a Unasur alcances de la Agenda Econ\u00f3mica Bolivariana\",\"datePublished\":\"2016-05-20T17:34:19+00:00\",\"mainEntityOfPage\":{\"@id\":\"https:\\\/\\\/stage3.rnv.gob.ve\\\/wp\\\/ministros-presentaron-a-unasur-alcances-de-la-agenda-economica-bolivariana\\\/\"},\"wordCount\":237,\"publisher\":{\"@id\":\"https:\\\/\\\/stage3.rnv.gob.ve\\\/wp\\\/#organization\"},\"image\":{\"@id\":\"https:\\\/\\\/stage3.rnv.gob.ve\\\/wp\\\/ministros-presentaron-a-unasur-alcances-de-la-agenda-economica-bolivariana\\\/#primaryimage\"},\"thumbnailUrl\":\"\",\"keywords\":[\"unasur\",\"Venezuela\"],\"articleSection\":[\"Econom\u00eda\"],\"inLanguage\":\"es\"},{\"@type\":\"WebPage\",\"@id\":\"https:\\\/\\\/stage3.rnv.gob.ve\\\/wp\\\/ministros-presentaron-a-unasur-alcances-de-la-agenda-economica-bolivariana\\\/\",\"url\":\"https:\\\/\\\/stage3.rnv.gob.ve\\\/wp\\\/ministros-presentaron-a-unasur-alcances-de-la-agenda-economica-bolivariana\\\/\",\"name\":\"Ministros presentaron a Unasur alcances de la Agenda Econ\u00f3mica Bolivariana - DEV RNV\",\"isPartOf\":{\"@id\":\"https:\\\/\\\/stage3.rnv.gob.ve\\\/wp\\\/#website\"},\"primaryImageOfPage\":{\"@id\":\"https:\\\/\\\/stage3.rnv.gob.ve\\\/wp\\\/ministros-presentaron-a-unasur-alcances-de-la-agenda-economica-bolivariana\\\/#primaryimage\"},\"image\":{\"@id\":\"https:\\\/\\\/stage3.rnv.gob.ve\\\/wp\\\/ministros-presentaron-a-unasur-alcances-de-la-agenda-economica-bolivariana\\\/#primaryimage\"},\"thumbnailUrl\":\"\",\"datePublished\":\"2016-05-20T17:34:19+00:00\",\"breadcrumb\":{\"@id\":\"https:\\\/\\\/stage3.rnv.gob.ve\\\/wp\\\/ministros-presentaron-a-unasur-alcances-de-la-agenda-economica-bolivariana\\\/#breadcrumb\"},\"inLanguage\":\"es\",\"potentialAction\":[{\"@type\":\"ReadAction\",\"target\":[\"https:\\\/\\\/stage3.rnv.gob.ve\\\/wp\\\/ministros-presentaron-a-unasur-alcances-de-la-agenda-economica-bolivariana\\\/\"]}]},{\"@type\":\"ImageObject\",\"inLanguage\":\"es\",\"@id\":\"https:\\\/\\\/stage3.rnv.gob.ve\\\/wp\\\/ministros-presentaron-a-unasur-alcances-de-la-agenda-economica-bolivariana\\\/#primaryimage\",\"url\":\"\",\"contentUrl\":\"\"},{\"@type\":\"BreadcrumbList\",\"@id\":\"https:\\\/\\\/stage3.rnv.gob.ve\\\/wp\\\/ministros-presentaron-a-unasur-alcances-de-la-agenda-economica-bolivariana\\\/#breadcrumb\",\"itemListElement\":[{\"@type\":\"ListItem\",\"position\":1,\"name\":\"Portada\",\"item\":\"https:\\\/\\\/stage3.rnv.gob.ve\\\/wp\\\/\"},{\"@type\":\"ListItem\",\"position\":2,\"name\":\"Ministros Presentaron A Unasur Alcances De La Agenda Econ\u00f3mica Bolivariana\"}]},{\"@type\":\"WebSite\",\"@id\":\"https:\\\/\\\/stage3.rnv.gob.ve\\\/wp\\\/#website\",\"url\":\"https:\\\/\\\/stage3.rnv.gob.ve\\\/wp\\\/\",\"name\":\"DEV RNV\",\"description\":\"Radio Nacional de Venezuela C.A.\",\"publisher\":{\"@id\":\"https:\\\/\\\/stage3.rnv.gob.ve\\\/wp\\\/#organization\"},\"potentialAction\":[{\"@type\":\"SearchAction\",\"target\":{\"@type\":\"EntryPoint\",\"urlTemplate\":\"https:\\\/\\\/stage3.rnv.gob.ve\\\/wp\\\/?s={search_term_string}\"},\"query-input\":{\"@type\":\"PropertyValueSpecification\",\"valueRequired\":true,\"valueName\":\"search_term_string\"}}],\"inLanguage\":\"es\"},{\"@type\":\"Organization\",\"@id\":\"https:\\\/\\\/stage3.rnv.gob.ve\\\/wp\\\/#organization\",\"name\":\"Radio Nacional de Venezuela C.A.\",\"url\":\"https:\\\/\\\/stage3.rnv.gob.ve\\\/wp\\\/\",\"logo\":{\"@type\":\"ImageObject\",\"inLanguage\":\"es\",\"@id\":\"https:\\\/\\\/stage3.rnv.gob.ve\\\/wp\\\/#\\\/schema\\\/logo\\\/image\\\/\",\"url\":\"http:\\\/\\\/rnv.ddns.net\\\/prensa\\\/wp-content\\\/uploads\\\/2022\\\/04\\\/rnv-1-300x227-1.jpg\",\"contentUrl\":\"http:\\\/\\\/rnv.ddns.net\\\/prensa\\\/wp-content\\\/uploads\\\/2022\\\/04\\\/rnv-1-300x227-1.jpg\",\"width\":800,\"height\":455,\"caption\":\"Radio Nacional de Venezuela C.A.\"},\"image\":{\"@id\":\"https:\\\/\\\/stage3.rnv.gob.ve\\\/wp\\\/#\\\/schema\\\/logo\\\/image\\\/\"},\"sameAs\":[\"https:\\\/\\\/www.facebook.com\\\/RadioNacionaldeVenezuela\",\"https:\\\/\\\/x.com\\\/RNVinformativa\",\"https:\\\/\\\/www.instagram.com\\\/rnvinformativa\\\/\",\"https:\\\/\\\/www.youtube.com\\\/user\\\/RNVContigo\"]},{\"@type\":\"Person\",\"@id\":\"https:\\\/\\\/stage3.rnv.gob.ve\\\/wp\\\/#\\\/schema\\\/person\\\/b18a77cc009f4a5241b81471b5e5e1f2\",\"name\":\"Yaneny Berm\u00fadez\",\"url\":\"https:\\\/\\\/stage3.rnv.gob.ve\\\/wp\\\/author\\\/yaneny_bermudez\\\/\"}]}<\/script>\n<!-- \/ Yoast SEO plugin. -->","yoast_head_json":{"title":"Ministros presentaron a Unasur alcances de la Agenda Econ\u00f3mica Bolivariana - DEV RNV","robots":{"index":"noindex","follow":"follow","max-snippet":"max-snippet:-1","max-image-preview":"max-image-preview:large","max-video-preview":"max-video-preview:-1"},"og_locale":"es_ES","og_type":"article","og_title":"Ministros presentaron a Unasur alcances de la Agenda Econ\u00f3mica Bolivariana - DEV RNV","og_description":"El vicepresidente de la Rep\u00fablica, Arist\u00f3bulo Ist\u00fariz, inform\u00f3 este viernes, a la salida de la jornada de trabajo con el equipo econ\u00f3mico de la Uni\u00f3n de Naciones Suramericanas (Unasur), se fueron expuestos todos los aspectos de la Agenda Econ\u00f3mica Bolivariana.","og_url":"https:\/\/stage3.rnv.gob.ve\/wp\/ministros-presentaron-a-unasur-alcances-de-la-agenda-economica-bolivariana\/","og_site_name":"DEV RNV","article_publisher":"https:\/\/www.facebook.com\/RadioNacionaldeVenezuela","article_published_time":"2016-05-20T17:34:19+00:00","author":"Yaneny Berm\u00fadez","twitter_card":"summary_large_image","twitter_creator":"@RNVinformativa","twitter_site":"@RNVinformativa","twitter_misc":{"Escrito por":"Yaneny Berm\u00fadez","Tiempo estimado de lectura":"1 minuto"},"schema":{"@context":"https:\/\/schema.org","@graph":[{"@type":"Article","@id":"https:\/\/stage3.rnv.gob.ve\/wp\/ministros-presentaron-a-unasur-alcances-de-la-agenda-economica-bolivariana\/#article","isPartOf":{"@id":"https:\/\/stage3.rnv.gob.ve\/wp\/ministros-presentaron-a-unasur-alcances-de-la-agenda-economica-bolivariana\/"},"author":{"name":"Yaneny Berm\u00fadez","@id":"https:\/\/stage3.rnv.gob.ve\/wp\/#\/schema\/person\/b18a77cc009f4a5241b81471b5e5e1f2"},"headline":"Ministros presentaron a Unasur alcances de la Agenda Econ\u00f3mica Bolivariana","datePublished":"2016-05-20T17:34:19+00:00","mainEntityOfPage":{"@id":"https:\/\/stage3.rnv.gob.ve\/wp\/ministros-presentaron-a-unasur-alcances-de-la-agenda-economica-bolivariana\/"},"wordCount":237,"publisher":{"@id":"https:\/\/stage3.rnv.gob.ve\/wp\/#organization"},"image":{"@id":"https:\/\/stage3.rnv.gob.ve\/wp\/ministros-presentaron-a-unasur-alcances-de-la-agenda-economica-bolivariana\/#primaryimage"},"thumbnailUrl":"","keywords":["unasur","Venezuela"],"articleSection":["Econom\u00eda"],"inLanguage":"es"},{"@type":"WebPage","@id":"https:\/\/stage3.rnv.gob.ve\/wp\/ministros-presentaron-a-unasur-alcances-de-la-agenda-economica-bolivariana\/","url":"https:\/\/stage3.rnv.gob.ve\/wp\/ministros-presentaron-a-unasur-alcances-de-la-agenda-economica-bolivariana\/","name":"Ministros presentaron a Unasur alcances de la Agenda Econ\u00f3mica Bolivariana - DEV RNV","isPartOf":{"@id":"https:\/\/stage3.rnv.gob.ve\/wp\/#website"},"primaryImageOfPage":{"@id":"https:\/\/stage3.rnv.gob.ve\/wp\/ministros-presentaron-a-unasur-alcances-de-la-agenda-economica-bolivariana\/#primaryimage"},"image":{"@id":"https:\/\/stage3.rnv.gob.ve\/wp\/ministros-presentaron-a-unasur-alcances-de-la-agenda-economica-bolivariana\/#primaryimage"},"thumbnailUrl":"","datePublished":"2016-05-20T17:34:19+00:00","breadcrumb":{"@id":"https:\/\/stage3.rnv.gob.ve\/wp\/ministros-presentaron-a-unasur-alcances-de-la-agenda-economica-bolivariana\/#breadcrumb"},"inLanguage":"es","potentialAction":[{"@type":"ReadAction","target":["https:\/\/stage3.rnv.gob.ve\/wp\/ministros-presentaron-a-unasur-alcances-de-la-agenda-economica-bolivariana\/"]}]},{"@type":"ImageObject","inLanguage":"es","@id":"https:\/\/stage3.rnv.gob.ve\/wp\/ministros-presentaron-a-unasur-alcances-de-la-agenda-economica-bolivariana\/#primaryimage","url":"","contentUrl":""},{"@type":"BreadcrumbList","@id":"https:\/\/stage3.rnv.gob.ve\/wp\/ministros-presentaron-a-unasur-alcances-de-la-agenda-economica-bolivariana\/#breadcrumb","itemListElement":[{"@type":"ListItem","position":1,"name":"Portada","item":"https:\/\/stage3.rnv.gob.ve\/wp\/"},{"@type":"ListItem","position":2,"name":"Ministros Presentaron A Unasur Alcances De La Agenda Econ\u00f3mica Bolivariana"}]},{"@type":"WebSite","@id":"https:\/\/stage3.rnv.gob.ve\/wp\/#website","url":"https:\/\/stage3.rnv.gob.ve\/wp\/","name":"DEV RNV","description":"Radio Nacional de Venezuela C.A.","publisher":{"@id":"https:\/\/stage3.rnv.gob.ve\/wp\/#organization"},"potentialAction":[{"@type":"SearchAction","target":{"@type":"EntryPoint","urlTemplate":"https:\/\/stage3.rnv.gob.ve\/wp\/?s={search_term_string}"},"query-input":{"@type":"PropertyValueSpecification","valueRequired":true,"valueName":"search_term_string"}}],"inLanguage":"es"},{"@type":"Organization","@id":"https:\/\/stage3.rnv.gob.ve\/wp\/#organization","name":"Radio Nacional de Venezuela C.A.","url":"https:\/\/stage3.rnv.gob.ve\/wp\/","logo":{"@type":"ImageObject","inLanguage":"es","@id":"https:\/\/stage3.rnv.gob.ve\/wp\/#\/schema\/logo\/image\/","url":"http:\/\/rnv.ddns.net\/prensa\/wp-content\/uploads\/2022\/04\/rnv-1-300x227-1.jpg","contentUrl":"http:\/\/rnv.ddns.net\/prensa\/wp-content\/uploads\/2022\/04\/rnv-1-300x227-1.jpg","width":800,"height":455,"caption":"Radio Nacional de Venezuela C.A."},"image":{"@id":"https:\/\/stage3.rnv.gob.ve\/wp\/#\/schema\/logo\/image\/"},"sameAs":["https:\/\/www.facebook.com\/RadioNacionaldeVenezuela","https:\/\/x.com\/RNVinformativa","https:\/\/www.instagram.com\/rnvinformativa\/","https:\/\/www.youtube.com\/user\/RNVContigo"]},{"@type":"Person","@id":"https:\/\/stage3.rnv.gob.ve\/wp\/#\/schema\/person\/b18a77cc009f4a5241b81471b5e5e1f2","name":"Yaneny Berm\u00fadez","url":"https:\/\/stage3.rnv.gob.ve\/wp\/author\/yaneny_bermudez\/"}]}},"jetpack_featured_media_url":"","_links":{"self":[{"href":"https:\/\/stage3.rnv.gob.ve\/wp\/wp-json\/wp\/v2\/posts\/29993","targetHints":{"allow":["GET"]}}],"collection":[{"href":"https:\/\/stage3.rnv.gob.ve\/wp\/wp-json\/wp\/v2\/posts"}],"about":[{"href":"https:\/\/stage3.rnv.gob.ve\/wp\/wp-json\/wp\/v2\/types\/post"}],"author":[{"embeddable":true,"href":"https:\/\/stage3.rnv.gob.ve\/wp\/wp-json\/wp\/v2\/users\/3"}],"replies":[{"embeddable":true,"href":"https:\/\/stage3.rnv.gob.ve\/wp\/wp-json\/wp\/v2\/comments?post=29993"}],"version-history":[{"count":0,"href":"https:\/\/stage3.rnv.gob.ve\/wp\/wp-json\/wp\/v2\/posts\/29993\/revisions"}],"wp:featuredmedia":[{"embeddable":true,"href":"https:\/\/stage3.rnv.gob.ve\/wp\/wp-json\/"}],"wp:attachment":[{"href":"https:\/\/stage3.rnv.gob.ve\/wp\/wp-json\/wp\/v2\/media?parent=29993"}],"wp:term":[{"taxonomy":"category","embeddable":true,"href":"https:\/\/stage3.rnv.gob.ve\/wp\/wp-json\/wp\/v2\/categories?post=29993"},{"taxonomy":"post_tag","embeddable":true,"href":"https:\/\/stage3.rnv.gob.ve\/wp\/wp-json\/wp\/v2\/tags?post=29993"}],"curies":[{"name":"wp","href":"https:\/\/api.w.org\/{rel}","templated":true}]}}