{"id":299807,"date":"2020-05-31T19:13:15","date_gmt":"2020-05-31T23:43:15","guid":{"rendered":"https:\/\/stage3.rnv.gob.ve\/wp\/?p=299807"},"modified":"2020-05-31T19:13:15","modified_gmt":"2020-05-31T23:43:15","slug":"vicepresidenta-de-la-republica-informo-de-51-nuevos-casos-de-covid-19-en-venezuela","status":"publish","type":"post","link":"https:\/\/stage3.rnv.gob.ve\/wp\/vicepresidenta-de-la-republica-informo-de-51-nuevos-casos-de-covid-19-en-venezuela\/","title":{"rendered":"Vicepresidenta de la Rep\u00fablica inform\u00f3 de 51 nuevos casos de Covid-19 en Venezuela"},"content":{"rendered":"<p><img fetchpriority=\"high\" decoding=\"async\" class=\"aligncenter wp-image-299816\" src=\"https:\/\/stage3.rnv.gob.ve\/wp\/wp-content\/uploads\/2020\/05\/Delcy-Rodr\u00edguez.jpg\" alt=\"\" width=\"580\" height=\"387\" \/><\/p>\n<p>&nbsp;<\/p>\n<p>En las \u00faltimas 24 horas se han detectado en el pa\u00eds 21 nuevos casos de Covid-19 de transmisi\u00f3n comunitaria y 30 importados, lo que eleva a 1.510 casos reportados desde que se identific\u00f3 al primer contagiado en marzo pasado, en el pa\u00eds inform\u00f3 la vicepresidenta ejecutiva Delcy Rodr\u00edguez.<\/p>\n<p>Desde el Palacio de Miraflores en Caracas, y tras culminar la reuni\u00f3n de la Comisi\u00f3n Presidencial para la Prevenci\u00f3n del Covid-19, precis\u00f3 que de los 21 nuevos casos tres obedecen a peque\u00f1os focos que fueron detectados a trav\u00e9s del despistaje masivo y personalizado a personal de salud, organismos de seguridad y en estados fronterizos, todos han sido aislados.<\/p>\n<p>De los casos de este domingo, el primer foco se registr\u00f3 en el estado Bol\u00edvar con cuatro casos, entre ellos:un hombre de 38 a\u00f1os de edad del estado Bol\u00edvar, de profesi\u00f3n m\u00e9dico, est\u00e1 asintom\u00e1tico e ingresado en Centro de Diagn\u00f3stico Integral (CDI).<\/p>\n<p>El segundo es una mujer de 39 a\u00f1os de edad, del Municipio Angostura, es una m\u00e9dica detectada en jornada de despistaje a personal de salud, est\u00e1 asintom\u00e1tica y en CDI. El tercero de Bol\u00edvar es un hombre de 45 a\u00f1os, peluquero sin antecedente de viaje, y en prueba molecular dio positivo hoy, est\u00e1 asintom\u00e1tico en CDI.<\/p>\n<p>El cuarto caso de Bol\u00edvar una mujer de 27 a\u00f1os del municipio Gran Sabana, estudiante, est\u00e1 asintom\u00e1tica y recluida en CDI.<\/p>\n<p>En el estado Cojedes se contabilizaron dos casos, un hombre de 42 a\u00f1os comerciante, en prueba molecular sali\u00f3 positivo, fue aislado en hospital centinela. El segundo es una mujer de 27 a\u00f1os, del municipio San Carlos, trabaja en un programa social, no tiene antecedentes de viaje, est\u00e1 asintom\u00e1tica e ingresada en hospital centinela.<\/p>\n<p>Otros foco peque\u00f1o de infectados de Covid-19 de este domingo, se dio en el estado Delta Amacuro con cuatro casos: el primero es un hombre de 34 a\u00f1os, vigilante, el segundo una mujer de 43 a\u00f1os del municipio Manuel Piar, el tercero es un hombre de 38 a\u00f1os de ese mismo municipio y el cuarto contagiado es un hombre de 31 a\u00f1os, todos aislados en centro centinela.<\/p>\n<p>Rodr\u00edguez indic\u00f3 que en el Distrito Capital, se present\u00f3 otro peque\u00f1o foco de contagios, el primero un hombre de 41 a\u00f1os de edad de Catia, parroquia Sucre, es un enfermero que trabaja en cl\u00ednica privada y en despistaje a todo el personal de salud permanentemente dio positivo a prueba r\u00e1pida y molecular, recluido en hospital centinela.<\/p>\n<p>Otro caso del DC, es un hombre de 53 a\u00f1os de la parroquia Santa Teresa, obrero de profesi\u00f3n que sali\u00f3 positivo en ambas pruebas, est\u00e1 ingresado en CDI.<\/p>\n<p>El tercer caso en DC, se dio en una instituci\u00f3n dentro de una central telef\u00f3nica al cual se hizo proceso de desinfecci\u00f3n, tras encontrar a una mujer de 26 a\u00f1os de la parroquia San Agust\u00edn, otra mujer de 26 a\u00f1os de la parroquia Sucre operadora, y otra mujer de 26 a\u00f1os de la parroquia Santa Rosal\u00eda.<\/p>\n<p>El caso n\u00famero 16 es un hombre de 48 a\u00f1os de edad, operador de la central telef\u00f3nica, y un hombre de 69 a\u00f1os de la parroquia Ant\u00edmano, todos ingresados en hospitales centinelas.<\/p>\n<p>El contagiado 18 reportado este domingo, es un hombre de 36 a\u00f1os, es un oficial de seguridad, que mediante prueba de despistaje masivo fue encontrado con otros tres funcionarios de 26, 22 y 34 a\u00f1os de edad, respectivamente.<\/p>\n<p>Adem\u00e1s, Rodr\u00edguez inform\u00f3 que fueron detectados tambi\u00e9n, 30 casos internacionales importados de los cuales 14 son de Colombia; 10 de Brasil y 6 son casos de contacto con viajero internacional de Colombia y Brasil.<\/p>\n<p>\u00abLa pandemia se traslad\u00f3 a Suram\u00e9rica por Brasil como epicentro, en Chile, Per\u00fa, Ecuador, Colombia y pa\u00edses vecinos de Venezuela, por eso tenemos la necesidad de mantenernos estrictos en el control sanitario y epidemiol\u00f3gico en los municipios fronterizos\u00bb, reiter\u00f3 Rodr\u00edguez.<\/p>\n<p>Agreg\u00f3 que el 75% de los contagios son importados, siendo solo de Colombia 629 casos y 159 casos de Brasil.<\/p>\n<p>Enfatiz\u00f3 que debido a estas cifras, ning\u00fan municipio fronterizo entra en fase de flexibilizaci\u00f3n, al igual que en Nueva Esparta, donde ya se ha levantado el toque de queda y en la pr\u00f3xima semana el Gobierno Nacional, anunciar\u00e1 nuevas medidas para esa regi\u00f3n.<\/p>\n<p>Precis\u00f3 que hasta este domingo se han realizado 975.825 pruebas, lo que representa 32.528 pruebas por mill\u00f3n de habitantes.<\/p>\n<p><strong>T\/AVN<\/strong><\/p>\n","protected":false},"excerpt":{"rendered":"<p>&nbsp; En las \u00faltimas 24 horas se han detectado en el pa\u00eds 21 nuevos casos de Covid-19 de transmisi\u00f3n comunitaria y 30 importados, lo que eleva a 1.510 casos reportados desde que se identific\u00f3 al primer contagiado en marzo pasado, en el pa\u00eds inform\u00f3 la vicepresidenta ejecutiva Delcy Rodr\u00edguez. Desde el Palacio de Miraflores en [&hellip;]<\/p>\n","protected":false},"author":1,"featured_media":299815,"comment_status":"closed","ping_status":"open","sticky":false,"template":"","format":"standard","meta":{"_acf_changed":false,"footnotes":""},"categories":[70],"tags":[269,4231,207,13936,29797,13597,30172],"class_list":["post-299807","post","type-post","status-publish","format-standard","has-post-thumbnail","hentry","category-salud","tag-bolivar","tag-cdi","tag-cojedes","tag-gran-sabana","tag-nuevos-casos","tag-santa-rosalia","tag-transmision-comunitaria"],"acf":[],"yoast_head":"<!-- This site is optimized with the Yoast SEO plugin v27.4 - https:\/\/yoast.com\/product\/yoast-seo-wordpress\/ -->\n<title>Vicepresidenta de la Rep\u00fablica inform\u00f3 de 51 nuevos casos de Covid-19 en Venezuela - DEV RNV<\/title>\n<meta name=\"robots\" content=\"noindex, follow, max-snippet:-1, max-image-preview:large, max-video-preview:-1\" \/>\n<meta property=\"og:locale\" content=\"es_ES\" \/>\n<meta property=\"og:type\" content=\"article\" \/>\n<meta property=\"og:title\" content=\"Vicepresidenta de la Rep\u00fablica inform\u00f3 de 51 nuevos casos de Covid-19 en Venezuela - DEV RNV\" \/>\n<meta property=\"og:description\" content=\"&nbsp; En las \u00faltimas 24 horas se han detectado en el pa\u00eds 21 nuevos casos de Covid-19 de transmisi\u00f3n comunitaria y 30 importados, lo que eleva a 1.510 casos reportados desde que se identific\u00f3 al primer contagiado en marzo pasado, en el pa\u00eds inform\u00f3 la vicepresidenta ejecutiva Delcy Rodr\u00edguez. Desde el Palacio de Miraflores en [&hellip;]\" \/>\n<meta property=\"og:url\" content=\"https:\/\/stage3.rnv.gob.ve\/wp\/vicepresidenta-de-la-republica-informo-de-51-nuevos-casos-de-covid-19-en-venezuela\/\" \/>\n<meta property=\"og:site_name\" content=\"DEV RNV\" \/>\n<meta property=\"article:publisher\" content=\"https:\/\/www.facebook.com\/RadioNacionaldeVenezuela\" \/>\n<meta property=\"article:published_time\" content=\"2020-05-31T23:43:15+00:00\" \/>\n<meta name=\"author\" content=\"administrador\" \/>\n<meta name=\"twitter:card\" content=\"summary_large_image\" \/>\n<meta name=\"twitter:creator\" content=\"@RNVinformativa\" \/>\n<meta name=\"twitter:site\" content=\"@RNVinformativa\" \/>\n<meta name=\"twitter:label1\" content=\"Escrito por\" \/>\n\t<meta name=\"twitter:data1\" content=\"administrador\" \/>\n\t<meta name=\"twitter:label2\" content=\"Tiempo estimado de lectura\" \/>\n\t<meta name=\"twitter:data2\" content=\"4 minutos\" \/>\n<script type=\"application\/ld+json\" class=\"yoast-schema-graph\">{\"@context\":\"https:\\\/\\\/schema.org\",\"@graph\":[{\"@type\":\"Article\",\"@id\":\"https:\\\/\\\/stage3.rnv.gob.ve\\\/wp\\\/vicepresidenta-de-la-republica-informo-de-51-nuevos-casos-de-covid-19-en-venezuela\\\/#article\",\"isPartOf\":{\"@id\":\"https:\\\/\\\/stage3.rnv.gob.ve\\\/wp\\\/vicepresidenta-de-la-republica-informo-de-51-nuevos-casos-de-covid-19-en-venezuela\\\/\"},\"author\":{\"name\":\"administrador\",\"@id\":\"https:\\\/\\\/stage3.rnv.gob.ve\\\/wp\\\/#\\\/schema\\\/person\\\/0862ce8cde332e0bc63b8a243f0eea2c\"},\"headline\":\"Vicepresidenta de la Rep\u00fablica inform\u00f3 de 51 nuevos casos de Covid-19 en Venezuela\",\"datePublished\":\"2020-05-31T23:43:15+00:00\",\"mainEntityOfPage\":{\"@id\":\"https:\\\/\\\/stage3.rnv.gob.ve\\\/wp\\\/vicepresidenta-de-la-republica-informo-de-51-nuevos-casos-de-covid-19-en-venezuela\\\/\"},\"wordCount\":758,\"publisher\":{\"@id\":\"https:\\\/\\\/stage3.rnv.gob.ve\\\/wp\\\/#organization\"},\"image\":{\"@id\":\"https:\\\/\\\/stage3.rnv.gob.ve\\\/wp\\\/vicepresidenta-de-la-republica-informo-de-51-nuevos-casos-de-covid-19-en-venezuela\\\/#primaryimage\"},\"thumbnailUrl\":\"\",\"keywords\":[\"bolivar\",\"cdi\",\"cojedes\",\"gran sabana\",\"nuevos casos\",\"santa rosalia\",\"transmisi\u00f3n comunitaria\"],\"articleSection\":[\"Salud\"],\"inLanguage\":\"es\"},{\"@type\":\"WebPage\",\"@id\":\"https:\\\/\\\/stage3.rnv.gob.ve\\\/wp\\\/vicepresidenta-de-la-republica-informo-de-51-nuevos-casos-de-covid-19-en-venezuela\\\/\",\"url\":\"https:\\\/\\\/stage3.rnv.gob.ve\\\/wp\\\/vicepresidenta-de-la-republica-informo-de-51-nuevos-casos-de-covid-19-en-venezuela\\\/\",\"name\":\"Vicepresidenta de la Rep\u00fablica inform\u00f3 de 51 nuevos casos de Covid-19 en Venezuela - DEV RNV\",\"isPartOf\":{\"@id\":\"https:\\\/\\\/stage3.rnv.gob.ve\\\/wp\\\/#website\"},\"primaryImageOfPage\":{\"@id\":\"https:\\\/\\\/stage3.rnv.gob.ve\\\/wp\\\/vicepresidenta-de-la-republica-informo-de-51-nuevos-casos-de-covid-19-en-venezuela\\\/#primaryimage\"},\"image\":{\"@id\":\"https:\\\/\\\/stage3.rnv.gob.ve\\\/wp\\\/vicepresidenta-de-la-republica-informo-de-51-nuevos-casos-de-covid-19-en-venezuela\\\/#primaryimage\"},\"thumbnailUrl\":\"\",\"datePublished\":\"2020-05-31T23:43:15+00:00\",\"breadcrumb\":{\"@id\":\"https:\\\/\\\/stage3.rnv.gob.ve\\\/wp\\\/vicepresidenta-de-la-republica-informo-de-51-nuevos-casos-de-covid-19-en-venezuela\\\/#breadcrumb\"},\"inLanguage\":\"es\",\"potentialAction\":[{\"@type\":\"ReadAction\",\"target\":[\"https:\\\/\\\/stage3.rnv.gob.ve\\\/wp\\\/vicepresidenta-de-la-republica-informo-de-51-nuevos-casos-de-covid-19-en-venezuela\\\/\"]}]},{\"@type\":\"ImageObject\",\"inLanguage\":\"es\",\"@id\":\"https:\\\/\\\/stage3.rnv.gob.ve\\\/wp\\\/vicepresidenta-de-la-republica-informo-de-51-nuevos-casos-de-covid-19-en-venezuela\\\/#primaryimage\",\"url\":\"\",\"contentUrl\":\"\"},{\"@type\":\"BreadcrumbList\",\"@id\":\"https:\\\/\\\/stage3.rnv.gob.ve\\\/wp\\\/vicepresidenta-de-la-republica-informo-de-51-nuevos-casos-de-covid-19-en-venezuela\\\/#breadcrumb\",\"itemListElement\":[{\"@type\":\"ListItem\",\"position\":1,\"name\":\"Portada\",\"item\":\"https:\\\/\\\/stage3.rnv.gob.ve\\\/wp\\\/\"},{\"@type\":\"ListItem\",\"position\":2,\"name\":\"Vicepresidenta De La Rep\u00fablica Inform\u00f3 De 51 Nuevos Casos De Covid-19 En Venezuela\"}]},{\"@type\":\"WebSite\",\"@id\":\"https:\\\/\\\/stage3.rnv.gob.ve\\\/wp\\\/#website\",\"url\":\"https:\\\/\\\/stage3.rnv.gob.ve\\\/wp\\\/\",\"name\":\"DEV RNV\",\"description\":\"Radio Nacional de Venezuela C.A.\",\"publisher\":{\"@id\":\"https:\\\/\\\/stage3.rnv.gob.ve\\\/wp\\\/#organization\"},\"potentialAction\":[{\"@type\":\"SearchAction\",\"target\":{\"@type\":\"EntryPoint\",\"urlTemplate\":\"https:\\\/\\\/stage3.rnv.gob.ve\\\/wp\\\/?s={search_term_string}\"},\"query-input\":{\"@type\":\"PropertyValueSpecification\",\"valueRequired\":true,\"valueName\":\"search_term_string\"}}],\"inLanguage\":\"es\"},{\"@type\":\"Organization\",\"@id\":\"https:\\\/\\\/stage3.rnv.gob.ve\\\/wp\\\/#organization\",\"name\":\"Radio Nacional de Venezuela C.A.\",\"url\":\"https:\\\/\\\/stage3.rnv.gob.ve\\\/wp\\\/\",\"logo\":{\"@type\":\"ImageObject\",\"inLanguage\":\"es\",\"@id\":\"https:\\\/\\\/stage3.rnv.gob.ve\\\/wp\\\/#\\\/schema\\\/logo\\\/image\\\/\",\"url\":\"http:\\\/\\\/rnv.ddns.net\\\/prensa\\\/wp-content\\\/uploads\\\/2022\\\/04\\\/rnv-1-300x227-1.jpg\",\"contentUrl\":\"http:\\\/\\\/rnv.ddns.net\\\/prensa\\\/wp-content\\\/uploads\\\/2022\\\/04\\\/rnv-1-300x227-1.jpg\",\"width\":800,\"height\":455,\"caption\":\"Radio Nacional de Venezuela C.A.\"},\"image\":{\"@id\":\"https:\\\/\\\/stage3.rnv.gob.ve\\\/wp\\\/#\\\/schema\\\/logo\\\/image\\\/\"},\"sameAs\":[\"https:\\\/\\\/www.facebook.com\\\/RadioNacionaldeVenezuela\",\"https:\\\/\\\/x.com\\\/RNVinformativa\",\"https:\\\/\\\/www.instagram.com\\\/rnvinformativa\\\/\",\"https:\\\/\\\/www.youtube.com\\\/user\\\/RNVContigo\"]},{\"@type\":\"Person\",\"@id\":\"https:\\\/\\\/stage3.rnv.gob.ve\\\/wp\\\/#\\\/schema\\\/person\\\/0862ce8cde332e0bc63b8a243f0eea2c\",\"name\":\"administrador\",\"sameAs\":[\"http:\\\/\\\/arnoldoeloy.net\"],\"url\":\"https:\\\/\\\/stage3.rnv.gob.ve\\\/wp\\\/author\\\/administrador\\\/\"}]}<\/script>\n<!-- \/ Yoast SEO plugin. -->","yoast_head_json":{"title":"Vicepresidenta de la Rep\u00fablica inform\u00f3 de 51 nuevos casos de Covid-19 en Venezuela - DEV RNV","robots":{"index":"noindex","follow":"follow","max-snippet":"max-snippet:-1","max-image-preview":"max-image-preview:large","max-video-preview":"max-video-preview:-1"},"og_locale":"es_ES","og_type":"article","og_title":"Vicepresidenta de la Rep\u00fablica inform\u00f3 de 51 nuevos casos de Covid-19 en Venezuela - DEV RNV","og_description":"&nbsp; En las \u00faltimas 24 horas se han detectado en el pa\u00eds 21 nuevos casos de Covid-19 de transmisi\u00f3n comunitaria y 30 importados, lo que eleva a 1.510 casos reportados desde que se identific\u00f3 al primer contagiado en marzo pasado, en el pa\u00eds inform\u00f3 la vicepresidenta ejecutiva Delcy Rodr\u00edguez. Desde el Palacio de Miraflores en [&hellip;]","og_url":"https:\/\/stage3.rnv.gob.ve\/wp\/vicepresidenta-de-la-republica-informo-de-51-nuevos-casos-de-covid-19-en-venezuela\/","og_site_name":"DEV RNV","article_publisher":"https:\/\/www.facebook.com\/RadioNacionaldeVenezuela","article_published_time":"2020-05-31T23:43:15+00:00","author":"administrador","twitter_card":"summary_large_image","twitter_creator":"@RNVinformativa","twitter_site":"@RNVinformativa","twitter_misc":{"Escrito por":"administrador","Tiempo estimado de lectura":"4 minutos"},"schema":{"@context":"https:\/\/schema.org","@graph":[{"@type":"Article","@id":"https:\/\/stage3.rnv.gob.ve\/wp\/vicepresidenta-de-la-republica-informo-de-51-nuevos-casos-de-covid-19-en-venezuela\/#article","isPartOf":{"@id":"https:\/\/stage3.rnv.gob.ve\/wp\/vicepresidenta-de-la-republica-informo-de-51-nuevos-casos-de-covid-19-en-venezuela\/"},"author":{"name":"administrador","@id":"https:\/\/stage3.rnv.gob.ve\/wp\/#\/schema\/person\/0862ce8cde332e0bc63b8a243f0eea2c"},"headline":"Vicepresidenta de la Rep\u00fablica inform\u00f3 de 51 nuevos casos de Covid-19 en Venezuela","datePublished":"2020-05-31T23:43:15+00:00","mainEntityOfPage":{"@id":"https:\/\/stage3.rnv.gob.ve\/wp\/vicepresidenta-de-la-republica-informo-de-51-nuevos-casos-de-covid-19-en-venezuela\/"},"wordCount":758,"publisher":{"@id":"https:\/\/stage3.rnv.gob.ve\/wp\/#organization"},"image":{"@id":"https:\/\/stage3.rnv.gob.ve\/wp\/vicepresidenta-de-la-republica-informo-de-51-nuevos-casos-de-covid-19-en-venezuela\/#primaryimage"},"thumbnailUrl":"","keywords":["bolivar","cdi","cojedes","gran sabana","nuevos casos","santa rosalia","transmisi\u00f3n comunitaria"],"articleSection":["Salud"],"inLanguage":"es"},{"@type":"WebPage","@id":"https:\/\/stage3.rnv.gob.ve\/wp\/vicepresidenta-de-la-republica-informo-de-51-nuevos-casos-de-covid-19-en-venezuela\/","url":"https:\/\/stage3.rnv.gob.ve\/wp\/vicepresidenta-de-la-republica-informo-de-51-nuevos-casos-de-covid-19-en-venezuela\/","name":"Vicepresidenta de la Rep\u00fablica inform\u00f3 de 51 nuevos casos de Covid-19 en Venezuela - DEV RNV","isPartOf":{"@id":"https:\/\/stage3.rnv.gob.ve\/wp\/#website"},"primaryImageOfPage":{"@id":"https:\/\/stage3.rnv.gob.ve\/wp\/vicepresidenta-de-la-republica-informo-de-51-nuevos-casos-de-covid-19-en-venezuela\/#primaryimage"},"image":{"@id":"https:\/\/stage3.rnv.gob.ve\/wp\/vicepresidenta-de-la-republica-informo-de-51-nuevos-casos-de-covid-19-en-venezuela\/#primaryimage"},"thumbnailUrl":"","datePublished":"2020-05-31T23:43:15+00:00","breadcrumb":{"@id":"https:\/\/stage3.rnv.gob.ve\/wp\/vicepresidenta-de-la-republica-informo-de-51-nuevos-casos-de-covid-19-en-venezuela\/#breadcrumb"},"inLanguage":"es","potentialAction":[{"@type":"ReadAction","target":["https:\/\/stage3.rnv.gob.ve\/wp\/vicepresidenta-de-la-republica-informo-de-51-nuevos-casos-de-covid-19-en-venezuela\/"]}]},{"@type":"ImageObject","inLanguage":"es","@id":"https:\/\/stage3.rnv.gob.ve\/wp\/vicepresidenta-de-la-republica-informo-de-51-nuevos-casos-de-covid-19-en-venezuela\/#primaryimage","url":"","contentUrl":""},{"@type":"BreadcrumbList","@id":"https:\/\/stage3.rnv.gob.ve\/wp\/vicepresidenta-de-la-republica-informo-de-51-nuevos-casos-de-covid-19-en-venezuela\/#breadcrumb","itemListElement":[{"@type":"ListItem","position":1,"name":"Portada","item":"https:\/\/stage3.rnv.gob.ve\/wp\/"},{"@type":"ListItem","position":2,"name":"Vicepresidenta De La Rep\u00fablica Inform\u00f3 De 51 Nuevos Casos De Covid-19 En Venezuela"}]},{"@type":"WebSite","@id":"https:\/\/stage3.rnv.gob.ve\/wp\/#website","url":"https:\/\/stage3.rnv.gob.ve\/wp\/","name":"DEV RNV","description":"Radio Nacional de Venezuela C.A.","publisher":{"@id":"https:\/\/stage3.rnv.gob.ve\/wp\/#organization"},"potentialAction":[{"@type":"SearchAction","target":{"@type":"EntryPoint","urlTemplate":"https:\/\/stage3.rnv.gob.ve\/wp\/?s={search_term_string}"},"query-input":{"@type":"PropertyValueSpecification","valueRequired":true,"valueName":"search_term_string"}}],"inLanguage":"es"},{"@type":"Organization","@id":"https:\/\/stage3.rnv.gob.ve\/wp\/#organization","name":"Radio Nacional de Venezuela C.A.","url":"https:\/\/stage3.rnv.gob.ve\/wp\/","logo":{"@type":"ImageObject","inLanguage":"es","@id":"https:\/\/stage3.rnv.gob.ve\/wp\/#\/schema\/logo\/image\/","url":"http:\/\/rnv.ddns.net\/prensa\/wp-content\/uploads\/2022\/04\/rnv-1-300x227-1.jpg","contentUrl":"http:\/\/rnv.ddns.net\/prensa\/wp-content\/uploads\/2022\/04\/rnv-1-300x227-1.jpg","width":800,"height":455,"caption":"Radio Nacional de Venezuela C.A."},"image":{"@id":"https:\/\/stage3.rnv.gob.ve\/wp\/#\/schema\/logo\/image\/"},"sameAs":["https:\/\/www.facebook.com\/RadioNacionaldeVenezuela","https:\/\/x.com\/RNVinformativa","https:\/\/www.instagram.com\/rnvinformativa\/","https:\/\/www.youtube.com\/user\/RNVContigo"]},{"@type":"Person","@id":"https:\/\/stage3.rnv.gob.ve\/wp\/#\/schema\/person\/0862ce8cde332e0bc63b8a243f0eea2c","name":"administrador","sameAs":["http:\/\/arnoldoeloy.net"],"url":"https:\/\/stage3.rnv.gob.ve\/wp\/author\/administrador\/"}]}},"jetpack_featured_media_url":"","_links":{"self":[{"href":"https:\/\/stage3.rnv.gob.ve\/wp\/wp-json\/wp\/v2\/posts\/299807","targetHints":{"allow":["GET"]}}],"collection":[{"href":"https:\/\/stage3.rnv.gob.ve\/wp\/wp-json\/wp\/v2\/posts"}],"about":[{"href":"https:\/\/stage3.rnv.gob.ve\/wp\/wp-json\/wp\/v2\/types\/post"}],"author":[{"embeddable":true,"href":"https:\/\/stage3.rnv.gob.ve\/wp\/wp-json\/wp\/v2\/users\/1"}],"replies":[{"embeddable":true,"href":"https:\/\/stage3.rnv.gob.ve\/wp\/wp-json\/wp\/v2\/comments?post=299807"}],"version-history":[{"count":0,"href":"https:\/\/stage3.rnv.gob.ve\/wp\/wp-json\/wp\/v2\/posts\/299807\/revisions"}],"wp:featuredmedia":[{"embeddable":true,"href":"https:\/\/stage3.rnv.gob.ve\/wp\/wp-json\/"}],"wp:attachment":[{"href":"https:\/\/stage3.rnv.gob.ve\/wp\/wp-json\/wp\/v2\/media?parent=299807"}],"wp:term":[{"taxonomy":"category","embeddable":true,"href":"https:\/\/stage3.rnv.gob.ve\/wp\/wp-json\/wp\/v2\/categories?post=299807"},{"taxonomy":"post_tag","embeddable":true,"href":"https:\/\/stage3.rnv.gob.ve\/wp\/wp-json\/wp\/v2\/tags?post=299807"}],"curies":[{"name":"wp","href":"https:\/\/api.w.org\/{rel}","templated":true}]}}