{"id":29700,"date":"2016-05-19T19:05:13","date_gmt":"2016-05-19T23:35:13","guid":{"rendered":"http:\/\/wpeditor.rnv.gob.ve\/?p=29700"},"modified":"2016-05-19T19:05:13","modified_gmt":"2016-05-19T23:35:13","slug":"unasur-y-expresidentes-llamaran-a-la-oposicion-venezolana-a-un-dialogo-nacional","status":"publish","type":"post","link":"https:\/\/stage3.rnv.gob.ve\/wp\/unasur-y-expresidentes-llamaran-a-la-oposicion-venezolana-a-un-dialogo-nacional\/","title":{"rendered":"Unasur y expresidentes llamar\u00e1n a la oposici\u00f3n venezolana a un di\u00e1logo nacional"},"content":{"rendered":"<figure id=\"attachment_29702\" aria-describedby=\"caption-attachment-29702\" style=\"width: 300px\" class=\"wp-caption alignleft\"><img fetchpriority=\"high\" decoding=\"async\" class=\"wp-image-29702 size-medium\" src=\"http:\/\/wpeditor.rnv.gob.ve\/app\/uploads\/2016\/05\/1-4-1-300x200.jpg\" alt=\"Secretary General of the Union of South American Nations (UNASUR) Ernesto Samper, speaks to the media after a meeting with Venezuela's President Nicolas Maduro in Caracas March 6, 2015. The countries of UNASUR will support in the distribution of essential goods to Venezuela, said on Friday the secretary general of the regional bloc, at a time when the oil country is experiencing a persistent shortage of food, medicine and perfumery. REUTERS\/Carlos Garcia Rawlins (VENEZUELA - Tags: POLITICS)\" width=\"300\" height=\"200\" \/><figcaption id=\"caption-attachment-29702\" class=\"wp-caption-text\">Foto: Referencial<\/figcaption><\/figure>\n<p style=\"text-align: justify;\">El presidente de la Rep\u00fablica, Nicol\u00e1s Maduro, inform\u00f3 este jueves que solicit\u00f3 al secretario General de Uni\u00f3n de Naciones Suramericanas (Unasur), Ernesto Samper, y a los expresidentes de Espa\u00f1a, Jos\u00e9 Luis Rodr\u00edguez Zapatero; de Panam\u00e1, Mart\u00edn Torrijos; y de Rep\u00fablica Dominicana, Leonel Fern\u00e1ndez, trabajar en forma conjunta e iniciar contactos con la oposici\u00f3n venezolana para hacerle un nuevo llamado al di\u00e1logo y al respeto de la\u00a0Constituci\u00f3n de la Rep\u00fablica Bolivariana de Venezuela.<\/p>\n<p style=\"text-align: justify;\">\u00abYo he buscado en cada momento, en cada a\u00f1o 2013, 2014, 2015, 2016, hacer todo lo posible por la paz del pa\u00eds, porque se respete la constituci\u00f3n y el derecho que tiene el pueblo de hacer su propia revoluci\u00f3n democr\u00e1tica y construir un nuevo modelo pol\u00edtico en lo econ\u00f3mico, en lo social, en independencia, en paz\u00bb, precis\u00f3 el Jefe de Estado desde el teatro Teresa Carre\u00f1o, donde sostuvo un encuentro con la militancia del Partido Socialista Unido de Venezuela.<\/p>\n<p style=\"text-align: justify;\">En este sentido agreg\u00f3, \u00abyo les deseo la mayor de las suertes, mucha paciencia para ver si los sectores de la oposici\u00f3n desisten de esa actitud golpista y colaboran en el proceso de di\u00e1logo que permita superar los problemas y avanzar en paz como queremos todos los venezolanos\u00bb.<\/p>\n<p style=\"text-align: justify;\"><strong>T\/WEB RNV<\/strong><\/p>\n<p style=\"text-align: justify;\"><strong>Escuche aqu\u00ed al presidente Nicol\u00e1s Maduro<br \/>\n<\/strong><\/p>\n<audio class=\"wp-audio-shortcode\" id=\"audio-29700-1\" preload=\"none\" style=\"width: 100%;\" controls=\"controls\"><source type=\"audio\/mpeg\" src=\"http:\/\/wpeditor.rnv.gob.ve\/app\/uploads\/2016\/05\/REUNION-PRESIDENTES.mp3?_=1\" \/><a href=\"http:\/\/wpeditor.rnv.gob.ve\/app\/uploads\/2016\/05\/REUNION-PRESIDENTES.mp3\">http:\/\/wpeditor.rnv.gob.ve\/app\/uploads\/2016\/05\/REUNION-PRESIDENTES.mp3<\/a><\/audio>\n<p style=\"text-align: justify;\"><strong>\u00a0<\/strong><\/p>\n<p>&nbsp;<\/p>\n","protected":false},"excerpt":{"rendered":"<p>El presidente de la Rep\u00fablica, Nicol\u00e1s Maduro, inform\u00f3 este jueves que solicit\u00f3 al secretario General de Uni\u00f3n de Naciones Suramericanas (Unasur), Ernesto Samper, y a los expresidentes de Espa\u00f1a, Jos\u00e9 Luis Rodr\u00edguez Zapatero; de Panam\u00e1, Mart\u00edn Torrijos; y de Rep\u00fablica Dominicana, Leonel Fern\u00e1ndez, trabajar en forma conjunta e iniciar contactos con la oposici\u00f3n venezolana para [&hellip;]<\/p>\n","protected":false},"author":10,"featured_media":29702,"comment_status":"closed","ping_status":"open","sticky":false,"template":"","format":"standard","meta":{"_acf_changed":false,"footnotes":""},"categories":[61],"tags":[1097,3003,143,82,313],"class_list":["post-29700","post","type-post","status-publish","format-standard","has-post-thumbnail","hentry","category-internacional","tag-dialogo","tag-expresidentes","tag-oposicion","tag-rnv","tag-unasur"],"acf":[],"yoast_head":"<!-- This site is optimized with the Yoast SEO plugin v27.4 - https:\/\/yoast.com\/product\/yoast-seo-wordpress\/ -->\n<title>Unasur y expresidentes llamar\u00e1n a la oposici\u00f3n venezolana a un di\u00e1logo nacional - DEV RNV<\/title>\n<meta name=\"robots\" content=\"noindex, follow, max-snippet:-1, max-image-preview:large, max-video-preview:-1\" \/>\n<meta property=\"og:locale\" content=\"es_ES\" \/>\n<meta property=\"og:type\" content=\"article\" \/>\n<meta property=\"og:title\" content=\"Unasur y expresidentes llamar\u00e1n a la oposici\u00f3n venezolana a un di\u00e1logo nacional - DEV RNV\" \/>\n<meta property=\"og:description\" content=\"El presidente de la Rep\u00fablica, Nicol\u00e1s Maduro, inform\u00f3 este jueves que solicit\u00f3 al secretario General de Uni\u00f3n de Naciones Suramericanas (Unasur), Ernesto Samper, y a los expresidentes de Espa\u00f1a, Jos\u00e9 Luis Rodr\u00edguez Zapatero; de Panam\u00e1, Mart\u00edn Torrijos; y de Rep\u00fablica Dominicana, Leonel Fern\u00e1ndez, trabajar en forma conjunta e iniciar contactos con la oposici\u00f3n venezolana para [&hellip;]\" \/>\n<meta property=\"og:url\" content=\"https:\/\/stage3.rnv.gob.ve\/wp\/unasur-y-expresidentes-llamaran-a-la-oposicion-venezolana-a-un-dialogo-nacional\/\" \/>\n<meta property=\"og:site_name\" content=\"DEV RNV\" \/>\n<meta property=\"article:publisher\" content=\"https:\/\/www.facebook.com\/RadioNacionaldeVenezuela\" \/>\n<meta property=\"article:published_time\" content=\"2016-05-19T23:35:13+00:00\" \/>\n<meta name=\"author\" content=\"Dayana Nunes\" \/>\n<meta name=\"twitter:card\" content=\"summary_large_image\" \/>\n<meta name=\"twitter:creator\" content=\"@RNVinformativa\" \/>\n<meta name=\"twitter:site\" content=\"@RNVinformativa\" \/>\n<meta name=\"twitter:label1\" content=\"Escrito por\" \/>\n\t<meta name=\"twitter:data1\" content=\"Dayana Nunes\" \/>\n\t<meta name=\"twitter:label2\" content=\"Tiempo estimado de lectura\" \/>\n\t<meta name=\"twitter:data2\" content=\"1 minuto\" \/>\n<script type=\"application\/ld+json\" class=\"yoast-schema-graph\">{\"@context\":\"https:\\\/\\\/schema.org\",\"@graph\":[{\"@type\":\"Article\",\"@id\":\"https:\\\/\\\/stage3.rnv.gob.ve\\\/wp\\\/unasur-y-expresidentes-llamaran-a-la-oposicion-venezolana-a-un-dialogo-nacional\\\/#article\",\"isPartOf\":{\"@id\":\"https:\\\/\\\/stage3.rnv.gob.ve\\\/wp\\\/unasur-y-expresidentes-llamaran-a-la-oposicion-venezolana-a-un-dialogo-nacional\\\/\"},\"author\":{\"name\":\"Dayana Nunes\",\"@id\":\"https:\\\/\\\/stage3.rnv.gob.ve\\\/wp\\\/#\\\/schema\\\/person\\\/a85503dba8c37ca28ae29ba2db5caf55\"},\"headline\":\"Unasur y expresidentes llamar\u00e1n a la oposici\u00f3n venezolana a un di\u00e1logo nacional\",\"datePublished\":\"2016-05-19T23:35:13+00:00\",\"mainEntityOfPage\":{\"@id\":\"https:\\\/\\\/stage3.rnv.gob.ve\\\/wp\\\/unasur-y-expresidentes-llamaran-a-la-oposicion-venezolana-a-un-dialogo-nacional\\\/\"},\"wordCount\":265,\"publisher\":{\"@id\":\"https:\\\/\\\/stage3.rnv.gob.ve\\\/wp\\\/#organization\"},\"image\":{\"@id\":\"https:\\\/\\\/stage3.rnv.gob.ve\\\/wp\\\/unasur-y-expresidentes-llamaran-a-la-oposicion-venezolana-a-un-dialogo-nacional\\\/#primaryimage\"},\"thumbnailUrl\":\"\",\"keywords\":[\"dialogo\",\"expresidentes\",\"oposicion\",\"RNV\",\"unasur\"],\"articleSection\":[\"Internacional\"],\"inLanguage\":\"es\"},{\"@type\":\"WebPage\",\"@id\":\"https:\\\/\\\/stage3.rnv.gob.ve\\\/wp\\\/unasur-y-expresidentes-llamaran-a-la-oposicion-venezolana-a-un-dialogo-nacional\\\/\",\"url\":\"https:\\\/\\\/stage3.rnv.gob.ve\\\/wp\\\/unasur-y-expresidentes-llamaran-a-la-oposicion-venezolana-a-un-dialogo-nacional\\\/\",\"name\":\"Unasur y expresidentes llamar\u00e1n a la oposici\u00f3n venezolana a un di\u00e1logo nacional - DEV RNV\",\"isPartOf\":{\"@id\":\"https:\\\/\\\/stage3.rnv.gob.ve\\\/wp\\\/#website\"},\"primaryImageOfPage\":{\"@id\":\"https:\\\/\\\/stage3.rnv.gob.ve\\\/wp\\\/unasur-y-expresidentes-llamaran-a-la-oposicion-venezolana-a-un-dialogo-nacional\\\/#primaryimage\"},\"image\":{\"@id\":\"https:\\\/\\\/stage3.rnv.gob.ve\\\/wp\\\/unasur-y-expresidentes-llamaran-a-la-oposicion-venezolana-a-un-dialogo-nacional\\\/#primaryimage\"},\"thumbnailUrl\":\"\",\"datePublished\":\"2016-05-19T23:35:13+00:00\",\"breadcrumb\":{\"@id\":\"https:\\\/\\\/stage3.rnv.gob.ve\\\/wp\\\/unasur-y-expresidentes-llamaran-a-la-oposicion-venezolana-a-un-dialogo-nacional\\\/#breadcrumb\"},\"inLanguage\":\"es\",\"potentialAction\":[{\"@type\":\"ReadAction\",\"target\":[\"https:\\\/\\\/stage3.rnv.gob.ve\\\/wp\\\/unasur-y-expresidentes-llamaran-a-la-oposicion-venezolana-a-un-dialogo-nacional\\\/\"]}]},{\"@type\":\"ImageObject\",\"inLanguage\":\"es\",\"@id\":\"https:\\\/\\\/stage3.rnv.gob.ve\\\/wp\\\/unasur-y-expresidentes-llamaran-a-la-oposicion-venezolana-a-un-dialogo-nacional\\\/#primaryimage\",\"url\":\"\",\"contentUrl\":\"\"},{\"@type\":\"BreadcrumbList\",\"@id\":\"https:\\\/\\\/stage3.rnv.gob.ve\\\/wp\\\/unasur-y-expresidentes-llamaran-a-la-oposicion-venezolana-a-un-dialogo-nacional\\\/#breadcrumb\",\"itemListElement\":[{\"@type\":\"ListItem\",\"position\":1,\"name\":\"Portada\",\"item\":\"https:\\\/\\\/stage3.rnv.gob.ve\\\/wp\\\/\"},{\"@type\":\"ListItem\",\"position\":2,\"name\":\"Unasur Y Expresidentes Llamar\u00e1n A La Oposici\u00f3n Venezolana A Un Di\u00e1logo Nacional\"}]},{\"@type\":\"WebSite\",\"@id\":\"https:\\\/\\\/stage3.rnv.gob.ve\\\/wp\\\/#website\",\"url\":\"https:\\\/\\\/stage3.rnv.gob.ve\\\/wp\\\/\",\"name\":\"DEV RNV\",\"description\":\"Radio Nacional de Venezuela C.A.\",\"publisher\":{\"@id\":\"https:\\\/\\\/stage3.rnv.gob.ve\\\/wp\\\/#organization\"},\"potentialAction\":[{\"@type\":\"SearchAction\",\"target\":{\"@type\":\"EntryPoint\",\"urlTemplate\":\"https:\\\/\\\/stage3.rnv.gob.ve\\\/wp\\\/?s={search_term_string}\"},\"query-input\":{\"@type\":\"PropertyValueSpecification\",\"valueRequired\":true,\"valueName\":\"search_term_string\"}}],\"inLanguage\":\"es\"},{\"@type\":\"Organization\",\"@id\":\"https:\\\/\\\/stage3.rnv.gob.ve\\\/wp\\\/#organization\",\"name\":\"Radio Nacional de Venezuela C.A.\",\"url\":\"https:\\\/\\\/stage3.rnv.gob.ve\\\/wp\\\/\",\"logo\":{\"@type\":\"ImageObject\",\"inLanguage\":\"es\",\"@id\":\"https:\\\/\\\/stage3.rnv.gob.ve\\\/wp\\\/#\\\/schema\\\/logo\\\/image\\\/\",\"url\":\"http:\\\/\\\/rnv.ddns.net\\\/prensa\\\/wp-content\\\/uploads\\\/2022\\\/04\\\/rnv-1-300x227-1.jpg\",\"contentUrl\":\"http:\\\/\\\/rnv.ddns.net\\\/prensa\\\/wp-content\\\/uploads\\\/2022\\\/04\\\/rnv-1-300x227-1.jpg\",\"width\":800,\"height\":455,\"caption\":\"Radio Nacional de Venezuela C.A.\"},\"image\":{\"@id\":\"https:\\\/\\\/stage3.rnv.gob.ve\\\/wp\\\/#\\\/schema\\\/logo\\\/image\\\/\"},\"sameAs\":[\"https:\\\/\\\/www.facebook.com\\\/RadioNacionaldeVenezuela\",\"https:\\\/\\\/x.com\\\/RNVinformativa\",\"https:\\\/\\\/www.instagram.com\\\/rnvinformativa\\\/\",\"https:\\\/\\\/www.youtube.com\\\/user\\\/RNVContigo\"]},{\"@type\":\"Person\",\"@id\":\"https:\\\/\\\/stage3.rnv.gob.ve\\\/wp\\\/#\\\/schema\\\/person\\\/a85503dba8c37ca28ae29ba2db5caf55\",\"name\":\"Dayana Nunes\",\"url\":\"https:\\\/\\\/stage3.rnv.gob.ve\\\/wp\\\/author\\\/dayana_nunes\\\/\"}]}<\/script>\n<!-- \/ Yoast SEO plugin. -->","yoast_head_json":{"title":"Unasur y expresidentes llamar\u00e1n a la oposici\u00f3n venezolana a un di\u00e1logo nacional - DEV RNV","robots":{"index":"noindex","follow":"follow","max-snippet":"max-snippet:-1","max-image-preview":"max-image-preview:large","max-video-preview":"max-video-preview:-1"},"og_locale":"es_ES","og_type":"article","og_title":"Unasur y expresidentes llamar\u00e1n a la oposici\u00f3n venezolana a un di\u00e1logo nacional - DEV RNV","og_description":"El presidente de la Rep\u00fablica, Nicol\u00e1s Maduro, inform\u00f3 este jueves que solicit\u00f3 al secretario General de Uni\u00f3n de Naciones Suramericanas (Unasur), Ernesto Samper, y a los expresidentes de Espa\u00f1a, Jos\u00e9 Luis Rodr\u00edguez Zapatero; de Panam\u00e1, Mart\u00edn Torrijos; y de Rep\u00fablica Dominicana, Leonel Fern\u00e1ndez, trabajar en forma conjunta e iniciar contactos con la oposici\u00f3n venezolana para [&hellip;]","og_url":"https:\/\/stage3.rnv.gob.ve\/wp\/unasur-y-expresidentes-llamaran-a-la-oposicion-venezolana-a-un-dialogo-nacional\/","og_site_name":"DEV RNV","article_publisher":"https:\/\/www.facebook.com\/RadioNacionaldeVenezuela","article_published_time":"2016-05-19T23:35:13+00:00","author":"Dayana Nunes","twitter_card":"summary_large_image","twitter_creator":"@RNVinformativa","twitter_site":"@RNVinformativa","twitter_misc":{"Escrito por":"Dayana Nunes","Tiempo estimado de lectura":"1 minuto"},"schema":{"@context":"https:\/\/schema.org","@graph":[{"@type":"Article","@id":"https:\/\/stage3.rnv.gob.ve\/wp\/unasur-y-expresidentes-llamaran-a-la-oposicion-venezolana-a-un-dialogo-nacional\/#article","isPartOf":{"@id":"https:\/\/stage3.rnv.gob.ve\/wp\/unasur-y-expresidentes-llamaran-a-la-oposicion-venezolana-a-un-dialogo-nacional\/"},"author":{"name":"Dayana Nunes","@id":"https:\/\/stage3.rnv.gob.ve\/wp\/#\/schema\/person\/a85503dba8c37ca28ae29ba2db5caf55"},"headline":"Unasur y expresidentes llamar\u00e1n a la oposici\u00f3n venezolana a un di\u00e1logo nacional","datePublished":"2016-05-19T23:35:13+00:00","mainEntityOfPage":{"@id":"https:\/\/stage3.rnv.gob.ve\/wp\/unasur-y-expresidentes-llamaran-a-la-oposicion-venezolana-a-un-dialogo-nacional\/"},"wordCount":265,"publisher":{"@id":"https:\/\/stage3.rnv.gob.ve\/wp\/#organization"},"image":{"@id":"https:\/\/stage3.rnv.gob.ve\/wp\/unasur-y-expresidentes-llamaran-a-la-oposicion-venezolana-a-un-dialogo-nacional\/#primaryimage"},"thumbnailUrl":"","keywords":["dialogo","expresidentes","oposicion","RNV","unasur"],"articleSection":["Internacional"],"inLanguage":"es"},{"@type":"WebPage","@id":"https:\/\/stage3.rnv.gob.ve\/wp\/unasur-y-expresidentes-llamaran-a-la-oposicion-venezolana-a-un-dialogo-nacional\/","url":"https:\/\/stage3.rnv.gob.ve\/wp\/unasur-y-expresidentes-llamaran-a-la-oposicion-venezolana-a-un-dialogo-nacional\/","name":"Unasur y expresidentes llamar\u00e1n a la oposici\u00f3n venezolana a un di\u00e1logo nacional - DEV RNV","isPartOf":{"@id":"https:\/\/stage3.rnv.gob.ve\/wp\/#website"},"primaryImageOfPage":{"@id":"https:\/\/stage3.rnv.gob.ve\/wp\/unasur-y-expresidentes-llamaran-a-la-oposicion-venezolana-a-un-dialogo-nacional\/#primaryimage"},"image":{"@id":"https:\/\/stage3.rnv.gob.ve\/wp\/unasur-y-expresidentes-llamaran-a-la-oposicion-venezolana-a-un-dialogo-nacional\/#primaryimage"},"thumbnailUrl":"","datePublished":"2016-05-19T23:35:13+00:00","breadcrumb":{"@id":"https:\/\/stage3.rnv.gob.ve\/wp\/unasur-y-expresidentes-llamaran-a-la-oposicion-venezolana-a-un-dialogo-nacional\/#breadcrumb"},"inLanguage":"es","potentialAction":[{"@type":"ReadAction","target":["https:\/\/stage3.rnv.gob.ve\/wp\/unasur-y-expresidentes-llamaran-a-la-oposicion-venezolana-a-un-dialogo-nacional\/"]}]},{"@type":"ImageObject","inLanguage":"es","@id":"https:\/\/stage3.rnv.gob.ve\/wp\/unasur-y-expresidentes-llamaran-a-la-oposicion-venezolana-a-un-dialogo-nacional\/#primaryimage","url":"","contentUrl":""},{"@type":"BreadcrumbList","@id":"https:\/\/stage3.rnv.gob.ve\/wp\/unasur-y-expresidentes-llamaran-a-la-oposicion-venezolana-a-un-dialogo-nacional\/#breadcrumb","itemListElement":[{"@type":"ListItem","position":1,"name":"Portada","item":"https:\/\/stage3.rnv.gob.ve\/wp\/"},{"@type":"ListItem","position":2,"name":"Unasur Y Expresidentes Llamar\u00e1n A La Oposici\u00f3n Venezolana A Un Di\u00e1logo Nacional"}]},{"@type":"WebSite","@id":"https:\/\/stage3.rnv.gob.ve\/wp\/#website","url":"https:\/\/stage3.rnv.gob.ve\/wp\/","name":"DEV RNV","description":"Radio Nacional de Venezuela C.A.","publisher":{"@id":"https:\/\/stage3.rnv.gob.ve\/wp\/#organization"},"potentialAction":[{"@type":"SearchAction","target":{"@type":"EntryPoint","urlTemplate":"https:\/\/stage3.rnv.gob.ve\/wp\/?s={search_term_string}"},"query-input":{"@type":"PropertyValueSpecification","valueRequired":true,"valueName":"search_term_string"}}],"inLanguage":"es"},{"@type":"Organization","@id":"https:\/\/stage3.rnv.gob.ve\/wp\/#organization","name":"Radio Nacional de Venezuela C.A.","url":"https:\/\/stage3.rnv.gob.ve\/wp\/","logo":{"@type":"ImageObject","inLanguage":"es","@id":"https:\/\/stage3.rnv.gob.ve\/wp\/#\/schema\/logo\/image\/","url":"http:\/\/rnv.ddns.net\/prensa\/wp-content\/uploads\/2022\/04\/rnv-1-300x227-1.jpg","contentUrl":"http:\/\/rnv.ddns.net\/prensa\/wp-content\/uploads\/2022\/04\/rnv-1-300x227-1.jpg","width":800,"height":455,"caption":"Radio Nacional de Venezuela C.A."},"image":{"@id":"https:\/\/stage3.rnv.gob.ve\/wp\/#\/schema\/logo\/image\/"},"sameAs":["https:\/\/www.facebook.com\/RadioNacionaldeVenezuela","https:\/\/x.com\/RNVinformativa","https:\/\/www.instagram.com\/rnvinformativa\/","https:\/\/www.youtube.com\/user\/RNVContigo"]},{"@type":"Person","@id":"https:\/\/stage3.rnv.gob.ve\/wp\/#\/schema\/person\/a85503dba8c37ca28ae29ba2db5caf55","name":"Dayana Nunes","url":"https:\/\/stage3.rnv.gob.ve\/wp\/author\/dayana_nunes\/"}]}},"jetpack_featured_media_url":"","_links":{"self":[{"href":"https:\/\/stage3.rnv.gob.ve\/wp\/wp-json\/wp\/v2\/posts\/29700","targetHints":{"allow":["GET"]}}],"collection":[{"href":"https:\/\/stage3.rnv.gob.ve\/wp\/wp-json\/wp\/v2\/posts"}],"about":[{"href":"https:\/\/stage3.rnv.gob.ve\/wp\/wp-json\/wp\/v2\/types\/post"}],"author":[{"embeddable":true,"href":"https:\/\/stage3.rnv.gob.ve\/wp\/wp-json\/wp\/v2\/users\/10"}],"replies":[{"embeddable":true,"href":"https:\/\/stage3.rnv.gob.ve\/wp\/wp-json\/wp\/v2\/comments?post=29700"}],"version-history":[{"count":0,"href":"https:\/\/stage3.rnv.gob.ve\/wp\/wp-json\/wp\/v2\/posts\/29700\/revisions"}],"wp:featuredmedia":[{"embeddable":true,"href":"https:\/\/stage3.rnv.gob.ve\/wp\/wp-json\/"}],"wp:attachment":[{"href":"https:\/\/stage3.rnv.gob.ve\/wp\/wp-json\/wp\/v2\/media?parent=29700"}],"wp:term":[{"taxonomy":"category","embeddable":true,"href":"https:\/\/stage3.rnv.gob.ve\/wp\/wp-json\/wp\/v2\/categories?post=29700"},{"taxonomy":"post_tag","embeddable":true,"href":"https:\/\/stage3.rnv.gob.ve\/wp\/wp-json\/wp\/v2\/tags?post=29700"}],"curies":[{"name":"wp","href":"https:\/\/api.w.org\/{rel}","templated":true}]}}