{"id":29635,"date":"2016-05-19T16:42:15","date_gmt":"2016-05-19T21:12:15","guid":{"rendered":"http:\/\/wpeditor.rnv.gob.ve\/?p=29635"},"modified":"2016-05-19T16:42:15","modified_gmt":"2016-05-19T21:12:15","slug":"cabello-si-la-derecha-saca-un-fusil-nos-encontraran-en-las-calles","status":"publish","type":"post","link":"https:\/\/stage3.rnv.gob.ve\/wp\/cabello-si-la-derecha-saca-un-fusil-nos-encontraran-en-las-calles\/","title":{"rendered":"Cabello: Si la derecha saca un fusil, nos encontrar\u00e1n en las calles"},"content":{"rendered":"<figure id=\"attachment_29636\" aria-describedby=\"caption-attachment-29636\" style=\"width: 300px\" class=\"wp-caption alignleft\"><img fetchpriority=\"high\" decoding=\"async\" class=\"size-medium wp-image-29636\" src=\"http:\/\/wpeditor.rnv.gob.ve\/app\/uploads\/2016\/05\/cabello-psuv-300x200.jpg\" alt=\"Foto: Referencial.\" width=\"300\" height=\"200\" \/><figcaption id=\"caption-attachment-29636\" class=\"wp-caption-text\">Foto: Referencial.<\/figcaption><\/figure>\n<p style=\"text-align: justify;\">Diosdado Cabello, primer vicepresidente del Partido Socialista Unido de Venezuela (Psuv), afirm\u00f3 que si la oposici\u00f3n toma las calles en\u00a0armas, se encontrar\u00e1n con los revolucionarios para defender a la naci\u00f3n.<\/p>\n<p style=\"text-align: justify;\">\u201cSi a la derecha se le ocurre sacar un fusil, nos encontrar\u00e1n en las calles\u201d, afirm\u00f3 en acto de juramentaci\u00f3n de los equipos estadales del bur\u00f3, celebrado en el Teatro Teresa Carre\u00f1o, Caracas.<\/p>\n<p style=\"text-align: justify;\">Inst\u00f3 a la militancia no confiarse, pues la derecha tiene sus propios planes contra la naci\u00f3n. \u201cVan a intentar nuevamente, est\u00e1n montando un golpe de Estado, la \u00fanica diferencia va a ser la respuesta que van a recibir\u00bb.<\/p>\n<p style=\"text-align: justify;\">Acto seguido, recalc\u00f3 que \u201cdebe acabarse con las respuestas de perd\u00f3n\u201d cada vez que los opositores emprenden agresiones anticonstitucionales.<\/p>\n<p style=\"text-align: justify;\">\u201cSi hoy nosotros cumplimos con nuestra tarea, las generaciones futuras tendr\u00e1n una patria hermosa y bonita que compartir; si nos apartamos de esa tarea, no habr\u00e1 futuro\u201d, sostuvo.<\/p>\n<p style=\"text-align: justify;\">Celebr\u00f3 la sumatoria de 461 nuevos militantes a los equipos regionales del Psuv, as\u00ed como la incorporaci\u00f3n de 115 personas al Comando Central Bolivariano, enlace del partido con el Congreso de la Patria. Inst\u00f3 proponer en un mes los equipos municipales, parroquiales y comunales.<\/p>\n<p style=\"text-align: justify;\">Dijo que frente al desaforo y envalentonamiento de la derecha, los revolucionarios deben estar m\u00e1s unidos que nunca y sin medias tintas.<\/p>\n<p><em><strong>Escuche declaraciones de Diosdado Cabello:<\/strong><\/em><br \/>\n<audio class=\"wp-audio-shortcode\" id=\"audio-29635-1\" preload=\"none\" style=\"width: 100%;\" controls=\"controls\"><source type=\"audio\/mpeg\" src=\"http:\/\/wpeditor.rnv.gob.ve\/app\/uploads\/2016\/05\/CABELLO.mp3?_=1\" \/><a href=\"http:\/\/wpeditor.rnv.gob.ve\/app\/uploads\/2016\/05\/CABELLO.mp3\">http:\/\/wpeditor.rnv.gob.ve\/app\/uploads\/2016\/05\/CABELLO.mp3<\/a><\/audio><\/p>\n","protected":false},"excerpt":{"rendered":"<p>Diosdado Cabello, primer vicepresidente del Partido Socialista Unido de Venezuela (Psuv), afirm\u00f3 que si la oposici\u00f3n toma las calles en\u00a0armas, se encontrar\u00e1n con los revolucionarios para defender a la naci\u00f3n. \u201cSi a la derecha se le ocurre sacar un fusil, nos encontrar\u00e1n en las calles\u201d, afirm\u00f3 en acto de juramentaci\u00f3n de los equipos estadales del [&hellip;]<\/p>\n","protected":false},"author":2,"featured_media":29636,"comment_status":"closed","ping_status":"open","sticky":false,"template":"","format":"standard","meta":{"_acf_changed":false,"footnotes":""},"categories":[67],"tags":[165,140,433,4591,187,334,188],"class_list":["post-29635","post","type-post","status-publish","format-standard","has-post-thumbnail","hentry","category-politica","tag-defensa","tag-derecha","tag-diosdado-cabello","tag-fusiles","tag-paz","tag-revolucion","tag-violencia"],"acf":[],"yoast_head":"<!-- This site is optimized with the Yoast SEO plugin v27.4 - https:\/\/yoast.com\/product\/yoast-seo-wordpress\/ -->\n<title>Cabello: Si la derecha saca un fusil, nos encontrar\u00e1n en las calles - DEV RNV<\/title>\n<meta name=\"robots\" content=\"noindex, follow, max-snippet:-1, max-image-preview:large, max-video-preview:-1\" \/>\n<meta property=\"og:locale\" content=\"es_ES\" \/>\n<meta property=\"og:type\" content=\"article\" \/>\n<meta property=\"og:title\" content=\"Cabello: Si la derecha saca un fusil, nos encontrar\u00e1n en las calles - DEV RNV\" \/>\n<meta property=\"og:description\" content=\"Diosdado Cabello, primer vicepresidente del Partido Socialista Unido de Venezuela (Psuv), afirm\u00f3 que si la oposici\u00f3n toma las calles en\u00a0armas, se encontrar\u00e1n con los revolucionarios para defender a la naci\u00f3n. \u201cSi a la derecha se le ocurre sacar un fusil, nos encontrar\u00e1n en las calles\u201d, afirm\u00f3 en acto de juramentaci\u00f3n de los equipos estadales del [&hellip;]\" \/>\n<meta property=\"og:url\" content=\"https:\/\/stage3.rnv.gob.ve\/wp\/cabello-si-la-derecha-saca-un-fusil-nos-encontraran-en-las-calles\/\" \/>\n<meta property=\"og:site_name\" content=\"DEV RNV\" \/>\n<meta property=\"article:publisher\" content=\"https:\/\/www.facebook.com\/RadioNacionaldeVenezuela\" \/>\n<meta property=\"article:published_time\" content=\"2016-05-19T21:12:15+00:00\" \/>\n<meta name=\"author\" content=\"Daniel Peralta\" \/>\n<meta name=\"twitter:card\" content=\"summary_large_image\" \/>\n<meta name=\"twitter:creator\" content=\"@RNVinformativa\" \/>\n<meta name=\"twitter:site\" content=\"@RNVinformativa\" \/>\n<meta name=\"twitter:label1\" content=\"Escrito por\" \/>\n\t<meta name=\"twitter:data1\" content=\"Daniel Peralta\" \/>\n\t<meta name=\"twitter:label2\" content=\"Tiempo estimado de lectura\" \/>\n\t<meta name=\"twitter:data2\" content=\"1 minuto\" \/>\n<script type=\"application\/ld+json\" class=\"yoast-schema-graph\">{\"@context\":\"https:\\\/\\\/schema.org\",\"@graph\":[{\"@type\":\"Article\",\"@id\":\"https:\\\/\\\/stage3.rnv.gob.ve\\\/wp\\\/cabello-si-la-derecha-saca-un-fusil-nos-encontraran-en-las-calles\\\/#article\",\"isPartOf\":{\"@id\":\"https:\\\/\\\/stage3.rnv.gob.ve\\\/wp\\\/cabello-si-la-derecha-saca-un-fusil-nos-encontraran-en-las-calles\\\/\"},\"author\":{\"name\":\"Daniel Peralta\",\"@id\":\"https:\\\/\\\/stage3.rnv.gob.ve\\\/wp\\\/#\\\/schema\\\/person\\\/d9cd31b2b60c5c2e489f54856b6cb03d\"},\"headline\":\"Cabello: Si la derecha saca un fusil, nos encontrar\u00e1n en las calles\",\"datePublished\":\"2016-05-19T21:12:15+00:00\",\"mainEntityOfPage\":{\"@id\":\"https:\\\/\\\/stage3.rnv.gob.ve\\\/wp\\\/cabello-si-la-derecha-saca-un-fusil-nos-encontraran-en-las-calles\\\/\"},\"wordCount\":264,\"publisher\":{\"@id\":\"https:\\\/\\\/stage3.rnv.gob.ve\\\/wp\\\/#organization\"},\"image\":{\"@id\":\"https:\\\/\\\/stage3.rnv.gob.ve\\\/wp\\\/cabello-si-la-derecha-saca-un-fusil-nos-encontraran-en-las-calles\\\/#primaryimage\"},\"thumbnailUrl\":\"\",\"keywords\":[\"defensa\",\"derecha\",\"diosdado cabello\",\"Fusiles\",\"Paz\",\"revolucion\",\"violencia\"],\"articleSection\":[\"Pol\u00edtica\"],\"inLanguage\":\"es\"},{\"@type\":\"WebPage\",\"@id\":\"https:\\\/\\\/stage3.rnv.gob.ve\\\/wp\\\/cabello-si-la-derecha-saca-un-fusil-nos-encontraran-en-las-calles\\\/\",\"url\":\"https:\\\/\\\/stage3.rnv.gob.ve\\\/wp\\\/cabello-si-la-derecha-saca-un-fusil-nos-encontraran-en-las-calles\\\/\",\"name\":\"Cabello: Si la derecha saca un fusil, nos encontrar\u00e1n en las calles - DEV RNV\",\"isPartOf\":{\"@id\":\"https:\\\/\\\/stage3.rnv.gob.ve\\\/wp\\\/#website\"},\"primaryImageOfPage\":{\"@id\":\"https:\\\/\\\/stage3.rnv.gob.ve\\\/wp\\\/cabello-si-la-derecha-saca-un-fusil-nos-encontraran-en-las-calles\\\/#primaryimage\"},\"image\":{\"@id\":\"https:\\\/\\\/stage3.rnv.gob.ve\\\/wp\\\/cabello-si-la-derecha-saca-un-fusil-nos-encontraran-en-las-calles\\\/#primaryimage\"},\"thumbnailUrl\":\"\",\"datePublished\":\"2016-05-19T21:12:15+00:00\",\"breadcrumb\":{\"@id\":\"https:\\\/\\\/stage3.rnv.gob.ve\\\/wp\\\/cabello-si-la-derecha-saca-un-fusil-nos-encontraran-en-las-calles\\\/#breadcrumb\"},\"inLanguage\":\"es\",\"potentialAction\":[{\"@type\":\"ReadAction\",\"target\":[\"https:\\\/\\\/stage3.rnv.gob.ve\\\/wp\\\/cabello-si-la-derecha-saca-un-fusil-nos-encontraran-en-las-calles\\\/\"]}]},{\"@type\":\"ImageObject\",\"inLanguage\":\"es\",\"@id\":\"https:\\\/\\\/stage3.rnv.gob.ve\\\/wp\\\/cabello-si-la-derecha-saca-un-fusil-nos-encontraran-en-las-calles\\\/#primaryimage\",\"url\":\"\",\"contentUrl\":\"\"},{\"@type\":\"BreadcrumbList\",\"@id\":\"https:\\\/\\\/stage3.rnv.gob.ve\\\/wp\\\/cabello-si-la-derecha-saca-un-fusil-nos-encontraran-en-las-calles\\\/#breadcrumb\",\"itemListElement\":[{\"@type\":\"ListItem\",\"position\":1,\"name\":\"Portada\",\"item\":\"https:\\\/\\\/stage3.rnv.gob.ve\\\/wp\\\/\"},{\"@type\":\"ListItem\",\"position\":2,\"name\":\"Cabello: Si La Derecha Saca Un Fusil, Nos Encontrar\u00e1n En Las Calles\"}]},{\"@type\":\"WebSite\",\"@id\":\"https:\\\/\\\/stage3.rnv.gob.ve\\\/wp\\\/#website\",\"url\":\"https:\\\/\\\/stage3.rnv.gob.ve\\\/wp\\\/\",\"name\":\"DEV RNV\",\"description\":\"Radio Nacional de Venezuela C.A.\",\"publisher\":{\"@id\":\"https:\\\/\\\/stage3.rnv.gob.ve\\\/wp\\\/#organization\"},\"potentialAction\":[{\"@type\":\"SearchAction\",\"target\":{\"@type\":\"EntryPoint\",\"urlTemplate\":\"https:\\\/\\\/stage3.rnv.gob.ve\\\/wp\\\/?s={search_term_string}\"},\"query-input\":{\"@type\":\"PropertyValueSpecification\",\"valueRequired\":true,\"valueName\":\"search_term_string\"}}],\"inLanguage\":\"es\"},{\"@type\":\"Organization\",\"@id\":\"https:\\\/\\\/stage3.rnv.gob.ve\\\/wp\\\/#organization\",\"name\":\"Radio Nacional de Venezuela C.A.\",\"url\":\"https:\\\/\\\/stage3.rnv.gob.ve\\\/wp\\\/\",\"logo\":{\"@type\":\"ImageObject\",\"inLanguage\":\"es\",\"@id\":\"https:\\\/\\\/stage3.rnv.gob.ve\\\/wp\\\/#\\\/schema\\\/logo\\\/image\\\/\",\"url\":\"http:\\\/\\\/rnv.ddns.net\\\/prensa\\\/wp-content\\\/uploads\\\/2022\\\/04\\\/rnv-1-300x227-1.jpg\",\"contentUrl\":\"http:\\\/\\\/rnv.ddns.net\\\/prensa\\\/wp-content\\\/uploads\\\/2022\\\/04\\\/rnv-1-300x227-1.jpg\",\"width\":800,\"height\":455,\"caption\":\"Radio Nacional de Venezuela C.A.\"},\"image\":{\"@id\":\"https:\\\/\\\/stage3.rnv.gob.ve\\\/wp\\\/#\\\/schema\\\/logo\\\/image\\\/\"},\"sameAs\":[\"https:\\\/\\\/www.facebook.com\\\/RadioNacionaldeVenezuela\",\"https:\\\/\\\/x.com\\\/RNVinformativa\",\"https:\\\/\\\/www.instagram.com\\\/rnvinformativa\\\/\",\"https:\\\/\\\/www.youtube.com\\\/user\\\/RNVContigo\"]},{\"@type\":\"Person\",\"@id\":\"https:\\\/\\\/stage3.rnv.gob.ve\\\/wp\\\/#\\\/schema\\\/person\\\/d9cd31b2b60c5c2e489f54856b6cb03d\",\"name\":\"Daniel Peralta\",\"url\":\"https:\\\/\\\/stage3.rnv.gob.ve\\\/wp\\\/author\\\/daniel_peralta\\\/\"}]}<\/script>\n<!-- \/ Yoast SEO plugin. -->","yoast_head_json":{"title":"Cabello: Si la derecha saca un fusil, nos encontrar\u00e1n en las calles - DEV RNV","robots":{"index":"noindex","follow":"follow","max-snippet":"max-snippet:-1","max-image-preview":"max-image-preview:large","max-video-preview":"max-video-preview:-1"},"og_locale":"es_ES","og_type":"article","og_title":"Cabello: Si la derecha saca un fusil, nos encontrar\u00e1n en las calles - DEV RNV","og_description":"Diosdado Cabello, primer vicepresidente del Partido Socialista Unido de Venezuela (Psuv), afirm\u00f3 que si la oposici\u00f3n toma las calles en\u00a0armas, se encontrar\u00e1n con los revolucionarios para defender a la naci\u00f3n. \u201cSi a la derecha se le ocurre sacar un fusil, nos encontrar\u00e1n en las calles\u201d, afirm\u00f3 en acto de juramentaci\u00f3n de los equipos estadales del [&hellip;]","og_url":"https:\/\/stage3.rnv.gob.ve\/wp\/cabello-si-la-derecha-saca-un-fusil-nos-encontraran-en-las-calles\/","og_site_name":"DEV RNV","article_publisher":"https:\/\/www.facebook.com\/RadioNacionaldeVenezuela","article_published_time":"2016-05-19T21:12:15+00:00","author":"Daniel Peralta","twitter_card":"summary_large_image","twitter_creator":"@RNVinformativa","twitter_site":"@RNVinformativa","twitter_misc":{"Escrito por":"Daniel Peralta","Tiempo estimado de lectura":"1 minuto"},"schema":{"@context":"https:\/\/schema.org","@graph":[{"@type":"Article","@id":"https:\/\/stage3.rnv.gob.ve\/wp\/cabello-si-la-derecha-saca-un-fusil-nos-encontraran-en-las-calles\/#article","isPartOf":{"@id":"https:\/\/stage3.rnv.gob.ve\/wp\/cabello-si-la-derecha-saca-un-fusil-nos-encontraran-en-las-calles\/"},"author":{"name":"Daniel Peralta","@id":"https:\/\/stage3.rnv.gob.ve\/wp\/#\/schema\/person\/d9cd31b2b60c5c2e489f54856b6cb03d"},"headline":"Cabello: Si la derecha saca un fusil, nos encontrar\u00e1n en las calles","datePublished":"2016-05-19T21:12:15+00:00","mainEntityOfPage":{"@id":"https:\/\/stage3.rnv.gob.ve\/wp\/cabello-si-la-derecha-saca-un-fusil-nos-encontraran-en-las-calles\/"},"wordCount":264,"publisher":{"@id":"https:\/\/stage3.rnv.gob.ve\/wp\/#organization"},"image":{"@id":"https:\/\/stage3.rnv.gob.ve\/wp\/cabello-si-la-derecha-saca-un-fusil-nos-encontraran-en-las-calles\/#primaryimage"},"thumbnailUrl":"","keywords":["defensa","derecha","diosdado cabello","Fusiles","Paz","revolucion","violencia"],"articleSection":["Pol\u00edtica"],"inLanguage":"es"},{"@type":"WebPage","@id":"https:\/\/stage3.rnv.gob.ve\/wp\/cabello-si-la-derecha-saca-un-fusil-nos-encontraran-en-las-calles\/","url":"https:\/\/stage3.rnv.gob.ve\/wp\/cabello-si-la-derecha-saca-un-fusil-nos-encontraran-en-las-calles\/","name":"Cabello: Si la derecha saca un fusil, nos encontrar\u00e1n en las calles - DEV RNV","isPartOf":{"@id":"https:\/\/stage3.rnv.gob.ve\/wp\/#website"},"primaryImageOfPage":{"@id":"https:\/\/stage3.rnv.gob.ve\/wp\/cabello-si-la-derecha-saca-un-fusil-nos-encontraran-en-las-calles\/#primaryimage"},"image":{"@id":"https:\/\/stage3.rnv.gob.ve\/wp\/cabello-si-la-derecha-saca-un-fusil-nos-encontraran-en-las-calles\/#primaryimage"},"thumbnailUrl":"","datePublished":"2016-05-19T21:12:15+00:00","breadcrumb":{"@id":"https:\/\/stage3.rnv.gob.ve\/wp\/cabello-si-la-derecha-saca-un-fusil-nos-encontraran-en-las-calles\/#breadcrumb"},"inLanguage":"es","potentialAction":[{"@type":"ReadAction","target":["https:\/\/stage3.rnv.gob.ve\/wp\/cabello-si-la-derecha-saca-un-fusil-nos-encontraran-en-las-calles\/"]}]},{"@type":"ImageObject","inLanguage":"es","@id":"https:\/\/stage3.rnv.gob.ve\/wp\/cabello-si-la-derecha-saca-un-fusil-nos-encontraran-en-las-calles\/#primaryimage","url":"","contentUrl":""},{"@type":"BreadcrumbList","@id":"https:\/\/stage3.rnv.gob.ve\/wp\/cabello-si-la-derecha-saca-un-fusil-nos-encontraran-en-las-calles\/#breadcrumb","itemListElement":[{"@type":"ListItem","position":1,"name":"Portada","item":"https:\/\/stage3.rnv.gob.ve\/wp\/"},{"@type":"ListItem","position":2,"name":"Cabello: Si La Derecha Saca Un Fusil, Nos Encontrar\u00e1n En Las Calles"}]},{"@type":"WebSite","@id":"https:\/\/stage3.rnv.gob.ve\/wp\/#website","url":"https:\/\/stage3.rnv.gob.ve\/wp\/","name":"DEV RNV","description":"Radio Nacional de Venezuela C.A.","publisher":{"@id":"https:\/\/stage3.rnv.gob.ve\/wp\/#organization"},"potentialAction":[{"@type":"SearchAction","target":{"@type":"EntryPoint","urlTemplate":"https:\/\/stage3.rnv.gob.ve\/wp\/?s={search_term_string}"},"query-input":{"@type":"PropertyValueSpecification","valueRequired":true,"valueName":"search_term_string"}}],"inLanguage":"es"},{"@type":"Organization","@id":"https:\/\/stage3.rnv.gob.ve\/wp\/#organization","name":"Radio Nacional de Venezuela C.A.","url":"https:\/\/stage3.rnv.gob.ve\/wp\/","logo":{"@type":"ImageObject","inLanguage":"es","@id":"https:\/\/stage3.rnv.gob.ve\/wp\/#\/schema\/logo\/image\/","url":"http:\/\/rnv.ddns.net\/prensa\/wp-content\/uploads\/2022\/04\/rnv-1-300x227-1.jpg","contentUrl":"http:\/\/rnv.ddns.net\/prensa\/wp-content\/uploads\/2022\/04\/rnv-1-300x227-1.jpg","width":800,"height":455,"caption":"Radio Nacional de Venezuela C.A."},"image":{"@id":"https:\/\/stage3.rnv.gob.ve\/wp\/#\/schema\/logo\/image\/"},"sameAs":["https:\/\/www.facebook.com\/RadioNacionaldeVenezuela","https:\/\/x.com\/RNVinformativa","https:\/\/www.instagram.com\/rnvinformativa\/","https:\/\/www.youtube.com\/user\/RNVContigo"]},{"@type":"Person","@id":"https:\/\/stage3.rnv.gob.ve\/wp\/#\/schema\/person\/d9cd31b2b60c5c2e489f54856b6cb03d","name":"Daniel Peralta","url":"https:\/\/stage3.rnv.gob.ve\/wp\/author\/daniel_peralta\/"}]}},"jetpack_featured_media_url":"","_links":{"self":[{"href":"https:\/\/stage3.rnv.gob.ve\/wp\/wp-json\/wp\/v2\/posts\/29635","targetHints":{"allow":["GET"]}}],"collection":[{"href":"https:\/\/stage3.rnv.gob.ve\/wp\/wp-json\/wp\/v2\/posts"}],"about":[{"href":"https:\/\/stage3.rnv.gob.ve\/wp\/wp-json\/wp\/v2\/types\/post"}],"author":[{"embeddable":true,"href":"https:\/\/stage3.rnv.gob.ve\/wp\/wp-json\/wp\/v2\/users\/2"}],"replies":[{"embeddable":true,"href":"https:\/\/stage3.rnv.gob.ve\/wp\/wp-json\/wp\/v2\/comments?post=29635"}],"version-history":[{"count":0,"href":"https:\/\/stage3.rnv.gob.ve\/wp\/wp-json\/wp\/v2\/posts\/29635\/revisions"}],"wp:featuredmedia":[{"embeddable":true,"href":"https:\/\/stage3.rnv.gob.ve\/wp\/wp-json\/"}],"wp:attachment":[{"href":"https:\/\/stage3.rnv.gob.ve\/wp\/wp-json\/wp\/v2\/media?parent=29635"}],"wp:term":[{"taxonomy":"category","embeddable":true,"href":"https:\/\/stage3.rnv.gob.ve\/wp\/wp-json\/wp\/v2\/categories?post=29635"},{"taxonomy":"post_tag","embeddable":true,"href":"https:\/\/stage3.rnv.gob.ve\/wp\/wp-json\/wp\/v2\/tags?post=29635"}],"curies":[{"name":"wp","href":"https:\/\/api.w.org\/{rel}","templated":true}]}}