{"id":289419,"date":"2020-02-01T16:48:58","date_gmt":"2020-02-01T21:18:58","guid":{"rendered":"https:\/\/stage3.rnv.gob.ve\/wp\/?p=289419"},"modified":"2020-02-01T16:48:58","modified_gmt":"2020-02-01T21:18:58","slug":"fortalecen-el-pae-con-distribucion-de-1-200-toneladas-de-nutricereal","status":"publish","type":"post","link":"https:\/\/stage3.rnv.gob.ve\/wp\/fortalecen-el-pae-con-distribucion-de-1-200-toneladas-de-nutricereal\/","title":{"rendered":"Fortalecen el PAE con distribuci\u00f3n de 1.200 toneladas de Nutricereal"},"content":{"rendered":"<p><img fetchpriority=\"high\" decoding=\"async\" class=\"aligncenter wp-image-289426\" src=\"https:\/\/stage3.rnv.gob.ve\/wp\/wp-content\/uploads\/2020\/02\/unnamed-300x204.jpg\" alt=\"\" width=\"600\" height=\"409\" \/><\/p>\n<p>&nbsp;<\/p>\n<p>M\u00e1s de 1.200 toneladas de Nutricereal distribuir\u00e1 el Gobierno Nacional a partir de este s\u00e1bado en las escuelas del pa\u00eds para fortalecer el Programa de Alimentaci\u00f3n Escolar, inform\u00f3 el ministro del Poder Popular para la Alimentaci\u00f3n, Carlos Leal Teller\u00eda.<\/p>\n<p>\u201cPara el Programa de Alimentaci\u00f3n Escolar a partir de hoy se est\u00e1n distribuyendo m\u00e1s de 1200 toneladas de este suplemento en las escuelas del pa\u00eds\u201d, precis\u00f3 el ministro, quien explic\u00f3 que este forma parte del Plan de Atenci\u00f3n a la Vulnerabilidad Nutricional.<\/p>\n<p>Al respecto, indic\u00f3 que este fin de semana, a prop\u00f3sito de la 34 \u00ba semana del Plan de Atenci\u00f3n Integral a las V\u00edctimas de la Guerra Econ\u00f3mica y el Bloqueo, desplegaron m\u00e1s de 316 puntos en todas las comunidades vulnerables identificadas.<\/p>\n<p><strong>T\/AVN<\/strong><\/p>\n","protected":false},"excerpt":{"rendered":"<p>&nbsp; M\u00e1s de 1.200 toneladas de Nutricereal distribuir\u00e1 el Gobierno Nacional a partir de este s\u00e1bado en las escuelas del pa\u00eds para fortalecer el Programa de Alimentaci\u00f3n Escolar, inform\u00f3 el ministro del Poder Popular para la Alimentaci\u00f3n, Carlos Leal Teller\u00eda. \u201cPara el Programa de Alimentaci\u00f3n Escolar a partir de hoy se est\u00e1n distribuyendo m\u00e1s de [&hellip;]<\/p>\n","protected":false},"author":1,"featured_media":289427,"comment_status":"closed","ping_status":"open","sticky":false,"template":"","format":"standard","meta":{"_acf_changed":false,"footnotes":""},"categories":[58],"tags":[6299,28829,28830],"class_list":["post-289419","post","type-post","status-publish","format-standard","has-post-thumbnail","hentry","category-economia","tag-alimentacion-escolar","tag-nutrichica","tag-pae-nutricereal"],"acf":[],"yoast_head":"<!-- This site is optimized with the Yoast SEO plugin v27.4 - https:\/\/yoast.com\/product\/yoast-seo-wordpress\/ -->\n<title>Fortalecen el PAE con distribuci\u00f3n de 1.200 toneladas de Nutricereal - DEV RNV<\/title>\n<meta name=\"robots\" content=\"noindex, follow, max-snippet:-1, max-image-preview:large, max-video-preview:-1\" \/>\n<meta property=\"og:locale\" content=\"es_ES\" \/>\n<meta property=\"og:type\" content=\"article\" \/>\n<meta property=\"og:title\" content=\"Fortalecen el PAE con distribuci\u00f3n de 1.200 toneladas de Nutricereal - DEV RNV\" \/>\n<meta property=\"og:description\" content=\"&nbsp; M\u00e1s de 1.200 toneladas de Nutricereal distribuir\u00e1 el Gobierno Nacional a partir de este s\u00e1bado en las escuelas del pa\u00eds para fortalecer el Programa de Alimentaci\u00f3n Escolar, inform\u00f3 el ministro del Poder Popular para la Alimentaci\u00f3n, Carlos Leal Teller\u00eda. \u201cPara el Programa de Alimentaci\u00f3n Escolar a partir de hoy se est\u00e1n distribuyendo m\u00e1s de [&hellip;]\" \/>\n<meta property=\"og:url\" content=\"https:\/\/stage3.rnv.gob.ve\/wp\/fortalecen-el-pae-con-distribucion-de-1-200-toneladas-de-nutricereal\/\" \/>\n<meta property=\"og:site_name\" content=\"DEV RNV\" \/>\n<meta property=\"article:publisher\" content=\"https:\/\/www.facebook.com\/RadioNacionaldeVenezuela\" \/>\n<meta property=\"article:published_time\" content=\"2020-02-01T21:18:58+00:00\" \/>\n<meta name=\"author\" content=\"administrador\" \/>\n<meta name=\"twitter:card\" content=\"summary_large_image\" \/>\n<meta name=\"twitter:creator\" content=\"@RNVinformativa\" \/>\n<meta name=\"twitter:site\" content=\"@RNVinformativa\" \/>\n<meta name=\"twitter:label1\" content=\"Escrito por\" \/>\n\t<meta name=\"twitter:data1\" content=\"administrador\" \/>\n\t<meta name=\"twitter:label2\" content=\"Tiempo estimado de lectura\" \/>\n\t<meta name=\"twitter:data2\" content=\"1 minuto\" \/>\n<script type=\"application\/ld+json\" class=\"yoast-schema-graph\">{\"@context\":\"https:\\\/\\\/schema.org\",\"@graph\":[{\"@type\":\"Article\",\"@id\":\"https:\\\/\\\/stage3.rnv.gob.ve\\\/wp\\\/fortalecen-el-pae-con-distribucion-de-1-200-toneladas-de-nutricereal\\\/#article\",\"isPartOf\":{\"@id\":\"https:\\\/\\\/stage3.rnv.gob.ve\\\/wp\\\/fortalecen-el-pae-con-distribucion-de-1-200-toneladas-de-nutricereal\\\/\"},\"author\":{\"name\":\"administrador\",\"@id\":\"https:\\\/\\\/stage3.rnv.gob.ve\\\/wp\\\/#\\\/schema\\\/person\\\/0862ce8cde332e0bc63b8a243f0eea2c\"},\"headline\":\"Fortalecen el PAE con distribuci\u00f3n de 1.200 toneladas de Nutricereal\",\"datePublished\":\"2020-02-01T21:18:58+00:00\",\"mainEntityOfPage\":{\"@id\":\"https:\\\/\\\/stage3.rnv.gob.ve\\\/wp\\\/fortalecen-el-pae-con-distribucion-de-1-200-toneladas-de-nutricereal\\\/\"},\"wordCount\":146,\"publisher\":{\"@id\":\"https:\\\/\\\/stage3.rnv.gob.ve\\\/wp\\\/#organization\"},\"image\":{\"@id\":\"https:\\\/\\\/stage3.rnv.gob.ve\\\/wp\\\/fortalecen-el-pae-con-distribucion-de-1-200-toneladas-de-nutricereal\\\/#primaryimage\"},\"thumbnailUrl\":\"\",\"keywords\":[\"alimentacion escolar\",\"nutrichica\",\"PAE. Nutricereal\"],\"articleSection\":[\"Econom\u00eda\"],\"inLanguage\":\"es\"},{\"@type\":\"WebPage\",\"@id\":\"https:\\\/\\\/stage3.rnv.gob.ve\\\/wp\\\/fortalecen-el-pae-con-distribucion-de-1-200-toneladas-de-nutricereal\\\/\",\"url\":\"https:\\\/\\\/stage3.rnv.gob.ve\\\/wp\\\/fortalecen-el-pae-con-distribucion-de-1-200-toneladas-de-nutricereal\\\/\",\"name\":\"Fortalecen el PAE con distribuci\u00f3n de 1.200 toneladas de Nutricereal - DEV RNV\",\"isPartOf\":{\"@id\":\"https:\\\/\\\/stage3.rnv.gob.ve\\\/wp\\\/#website\"},\"primaryImageOfPage\":{\"@id\":\"https:\\\/\\\/stage3.rnv.gob.ve\\\/wp\\\/fortalecen-el-pae-con-distribucion-de-1-200-toneladas-de-nutricereal\\\/#primaryimage\"},\"image\":{\"@id\":\"https:\\\/\\\/stage3.rnv.gob.ve\\\/wp\\\/fortalecen-el-pae-con-distribucion-de-1-200-toneladas-de-nutricereal\\\/#primaryimage\"},\"thumbnailUrl\":\"\",\"datePublished\":\"2020-02-01T21:18:58+00:00\",\"breadcrumb\":{\"@id\":\"https:\\\/\\\/stage3.rnv.gob.ve\\\/wp\\\/fortalecen-el-pae-con-distribucion-de-1-200-toneladas-de-nutricereal\\\/#breadcrumb\"},\"inLanguage\":\"es\",\"potentialAction\":[{\"@type\":\"ReadAction\",\"target\":[\"https:\\\/\\\/stage3.rnv.gob.ve\\\/wp\\\/fortalecen-el-pae-con-distribucion-de-1-200-toneladas-de-nutricereal\\\/\"]}]},{\"@type\":\"ImageObject\",\"inLanguage\":\"es\",\"@id\":\"https:\\\/\\\/stage3.rnv.gob.ve\\\/wp\\\/fortalecen-el-pae-con-distribucion-de-1-200-toneladas-de-nutricereal\\\/#primaryimage\",\"url\":\"\",\"contentUrl\":\"\"},{\"@type\":\"BreadcrumbList\",\"@id\":\"https:\\\/\\\/stage3.rnv.gob.ve\\\/wp\\\/fortalecen-el-pae-con-distribucion-de-1-200-toneladas-de-nutricereal\\\/#breadcrumb\",\"itemListElement\":[{\"@type\":\"ListItem\",\"position\":1,\"name\":\"Portada\",\"item\":\"https:\\\/\\\/stage3.rnv.gob.ve\\\/wp\\\/\"},{\"@type\":\"ListItem\",\"position\":2,\"name\":\"Fortalecen El Pae Con Distribuci\u00f3n De 1.200 Toneladas De Nutricereal\"}]},{\"@type\":\"WebSite\",\"@id\":\"https:\\\/\\\/stage3.rnv.gob.ve\\\/wp\\\/#website\",\"url\":\"https:\\\/\\\/stage3.rnv.gob.ve\\\/wp\\\/\",\"name\":\"DEV RNV\",\"description\":\"Radio Nacional de Venezuela C.A.\",\"publisher\":{\"@id\":\"https:\\\/\\\/stage3.rnv.gob.ve\\\/wp\\\/#organization\"},\"potentialAction\":[{\"@type\":\"SearchAction\",\"target\":{\"@type\":\"EntryPoint\",\"urlTemplate\":\"https:\\\/\\\/stage3.rnv.gob.ve\\\/wp\\\/?s={search_term_string}\"},\"query-input\":{\"@type\":\"PropertyValueSpecification\",\"valueRequired\":true,\"valueName\":\"search_term_string\"}}],\"inLanguage\":\"es\"},{\"@type\":\"Organization\",\"@id\":\"https:\\\/\\\/stage3.rnv.gob.ve\\\/wp\\\/#organization\",\"name\":\"Radio Nacional de Venezuela C.A.\",\"url\":\"https:\\\/\\\/stage3.rnv.gob.ve\\\/wp\\\/\",\"logo\":{\"@type\":\"ImageObject\",\"inLanguage\":\"es\",\"@id\":\"https:\\\/\\\/stage3.rnv.gob.ve\\\/wp\\\/#\\\/schema\\\/logo\\\/image\\\/\",\"url\":\"http:\\\/\\\/rnv.ddns.net\\\/prensa\\\/wp-content\\\/uploads\\\/2022\\\/04\\\/rnv-1-300x227-1.jpg\",\"contentUrl\":\"http:\\\/\\\/rnv.ddns.net\\\/prensa\\\/wp-content\\\/uploads\\\/2022\\\/04\\\/rnv-1-300x227-1.jpg\",\"width\":800,\"height\":455,\"caption\":\"Radio Nacional de Venezuela C.A.\"},\"image\":{\"@id\":\"https:\\\/\\\/stage3.rnv.gob.ve\\\/wp\\\/#\\\/schema\\\/logo\\\/image\\\/\"},\"sameAs\":[\"https:\\\/\\\/www.facebook.com\\\/RadioNacionaldeVenezuela\",\"https:\\\/\\\/x.com\\\/RNVinformativa\",\"https:\\\/\\\/www.instagram.com\\\/rnvinformativa\\\/\",\"https:\\\/\\\/www.youtube.com\\\/user\\\/RNVContigo\"]},{\"@type\":\"Person\",\"@id\":\"https:\\\/\\\/stage3.rnv.gob.ve\\\/wp\\\/#\\\/schema\\\/person\\\/0862ce8cde332e0bc63b8a243f0eea2c\",\"name\":\"administrador\",\"sameAs\":[\"http:\\\/\\\/arnoldoeloy.net\"],\"url\":\"https:\\\/\\\/stage3.rnv.gob.ve\\\/wp\\\/author\\\/administrador\\\/\"}]}<\/script>\n<!-- \/ Yoast SEO plugin. -->","yoast_head_json":{"title":"Fortalecen el PAE con distribuci\u00f3n de 1.200 toneladas de Nutricereal - DEV RNV","robots":{"index":"noindex","follow":"follow","max-snippet":"max-snippet:-1","max-image-preview":"max-image-preview:large","max-video-preview":"max-video-preview:-1"},"og_locale":"es_ES","og_type":"article","og_title":"Fortalecen el PAE con distribuci\u00f3n de 1.200 toneladas de Nutricereal - DEV RNV","og_description":"&nbsp; M\u00e1s de 1.200 toneladas de Nutricereal distribuir\u00e1 el Gobierno Nacional a partir de este s\u00e1bado en las escuelas del pa\u00eds para fortalecer el Programa de Alimentaci\u00f3n Escolar, inform\u00f3 el ministro del Poder Popular para la Alimentaci\u00f3n, Carlos Leal Teller\u00eda. \u201cPara el Programa de Alimentaci\u00f3n Escolar a partir de hoy se est\u00e1n distribuyendo m\u00e1s de [&hellip;]","og_url":"https:\/\/stage3.rnv.gob.ve\/wp\/fortalecen-el-pae-con-distribucion-de-1-200-toneladas-de-nutricereal\/","og_site_name":"DEV RNV","article_publisher":"https:\/\/www.facebook.com\/RadioNacionaldeVenezuela","article_published_time":"2020-02-01T21:18:58+00:00","author":"administrador","twitter_card":"summary_large_image","twitter_creator":"@RNVinformativa","twitter_site":"@RNVinformativa","twitter_misc":{"Escrito por":"administrador","Tiempo estimado de lectura":"1 minuto"},"schema":{"@context":"https:\/\/schema.org","@graph":[{"@type":"Article","@id":"https:\/\/stage3.rnv.gob.ve\/wp\/fortalecen-el-pae-con-distribucion-de-1-200-toneladas-de-nutricereal\/#article","isPartOf":{"@id":"https:\/\/stage3.rnv.gob.ve\/wp\/fortalecen-el-pae-con-distribucion-de-1-200-toneladas-de-nutricereal\/"},"author":{"name":"administrador","@id":"https:\/\/stage3.rnv.gob.ve\/wp\/#\/schema\/person\/0862ce8cde332e0bc63b8a243f0eea2c"},"headline":"Fortalecen el PAE con distribuci\u00f3n de 1.200 toneladas de Nutricereal","datePublished":"2020-02-01T21:18:58+00:00","mainEntityOfPage":{"@id":"https:\/\/stage3.rnv.gob.ve\/wp\/fortalecen-el-pae-con-distribucion-de-1-200-toneladas-de-nutricereal\/"},"wordCount":146,"publisher":{"@id":"https:\/\/stage3.rnv.gob.ve\/wp\/#organization"},"image":{"@id":"https:\/\/stage3.rnv.gob.ve\/wp\/fortalecen-el-pae-con-distribucion-de-1-200-toneladas-de-nutricereal\/#primaryimage"},"thumbnailUrl":"","keywords":["alimentacion escolar","nutrichica","PAE. Nutricereal"],"articleSection":["Econom\u00eda"],"inLanguage":"es"},{"@type":"WebPage","@id":"https:\/\/stage3.rnv.gob.ve\/wp\/fortalecen-el-pae-con-distribucion-de-1-200-toneladas-de-nutricereal\/","url":"https:\/\/stage3.rnv.gob.ve\/wp\/fortalecen-el-pae-con-distribucion-de-1-200-toneladas-de-nutricereal\/","name":"Fortalecen el PAE con distribuci\u00f3n de 1.200 toneladas de Nutricereal - DEV RNV","isPartOf":{"@id":"https:\/\/stage3.rnv.gob.ve\/wp\/#website"},"primaryImageOfPage":{"@id":"https:\/\/stage3.rnv.gob.ve\/wp\/fortalecen-el-pae-con-distribucion-de-1-200-toneladas-de-nutricereal\/#primaryimage"},"image":{"@id":"https:\/\/stage3.rnv.gob.ve\/wp\/fortalecen-el-pae-con-distribucion-de-1-200-toneladas-de-nutricereal\/#primaryimage"},"thumbnailUrl":"","datePublished":"2020-02-01T21:18:58+00:00","breadcrumb":{"@id":"https:\/\/stage3.rnv.gob.ve\/wp\/fortalecen-el-pae-con-distribucion-de-1-200-toneladas-de-nutricereal\/#breadcrumb"},"inLanguage":"es","potentialAction":[{"@type":"ReadAction","target":["https:\/\/stage3.rnv.gob.ve\/wp\/fortalecen-el-pae-con-distribucion-de-1-200-toneladas-de-nutricereal\/"]}]},{"@type":"ImageObject","inLanguage":"es","@id":"https:\/\/stage3.rnv.gob.ve\/wp\/fortalecen-el-pae-con-distribucion-de-1-200-toneladas-de-nutricereal\/#primaryimage","url":"","contentUrl":""},{"@type":"BreadcrumbList","@id":"https:\/\/stage3.rnv.gob.ve\/wp\/fortalecen-el-pae-con-distribucion-de-1-200-toneladas-de-nutricereal\/#breadcrumb","itemListElement":[{"@type":"ListItem","position":1,"name":"Portada","item":"https:\/\/stage3.rnv.gob.ve\/wp\/"},{"@type":"ListItem","position":2,"name":"Fortalecen El Pae Con Distribuci\u00f3n De 1.200 Toneladas De Nutricereal"}]},{"@type":"WebSite","@id":"https:\/\/stage3.rnv.gob.ve\/wp\/#website","url":"https:\/\/stage3.rnv.gob.ve\/wp\/","name":"DEV RNV","description":"Radio Nacional de Venezuela C.A.","publisher":{"@id":"https:\/\/stage3.rnv.gob.ve\/wp\/#organization"},"potentialAction":[{"@type":"SearchAction","target":{"@type":"EntryPoint","urlTemplate":"https:\/\/stage3.rnv.gob.ve\/wp\/?s={search_term_string}"},"query-input":{"@type":"PropertyValueSpecification","valueRequired":true,"valueName":"search_term_string"}}],"inLanguage":"es"},{"@type":"Organization","@id":"https:\/\/stage3.rnv.gob.ve\/wp\/#organization","name":"Radio Nacional de Venezuela C.A.","url":"https:\/\/stage3.rnv.gob.ve\/wp\/","logo":{"@type":"ImageObject","inLanguage":"es","@id":"https:\/\/stage3.rnv.gob.ve\/wp\/#\/schema\/logo\/image\/","url":"http:\/\/rnv.ddns.net\/prensa\/wp-content\/uploads\/2022\/04\/rnv-1-300x227-1.jpg","contentUrl":"http:\/\/rnv.ddns.net\/prensa\/wp-content\/uploads\/2022\/04\/rnv-1-300x227-1.jpg","width":800,"height":455,"caption":"Radio Nacional de Venezuela C.A."},"image":{"@id":"https:\/\/stage3.rnv.gob.ve\/wp\/#\/schema\/logo\/image\/"},"sameAs":["https:\/\/www.facebook.com\/RadioNacionaldeVenezuela","https:\/\/x.com\/RNVinformativa","https:\/\/www.instagram.com\/rnvinformativa\/","https:\/\/www.youtube.com\/user\/RNVContigo"]},{"@type":"Person","@id":"https:\/\/stage3.rnv.gob.ve\/wp\/#\/schema\/person\/0862ce8cde332e0bc63b8a243f0eea2c","name":"administrador","sameAs":["http:\/\/arnoldoeloy.net"],"url":"https:\/\/stage3.rnv.gob.ve\/wp\/author\/administrador\/"}]}},"jetpack_featured_media_url":"","_links":{"self":[{"href":"https:\/\/stage3.rnv.gob.ve\/wp\/wp-json\/wp\/v2\/posts\/289419","targetHints":{"allow":["GET"]}}],"collection":[{"href":"https:\/\/stage3.rnv.gob.ve\/wp\/wp-json\/wp\/v2\/posts"}],"about":[{"href":"https:\/\/stage3.rnv.gob.ve\/wp\/wp-json\/wp\/v2\/types\/post"}],"author":[{"embeddable":true,"href":"https:\/\/stage3.rnv.gob.ve\/wp\/wp-json\/wp\/v2\/users\/1"}],"replies":[{"embeddable":true,"href":"https:\/\/stage3.rnv.gob.ve\/wp\/wp-json\/wp\/v2\/comments?post=289419"}],"version-history":[{"count":0,"href":"https:\/\/stage3.rnv.gob.ve\/wp\/wp-json\/wp\/v2\/posts\/289419\/revisions"}],"wp:featuredmedia":[{"embeddable":true,"href":"https:\/\/stage3.rnv.gob.ve\/wp\/wp-json\/"}],"wp:attachment":[{"href":"https:\/\/stage3.rnv.gob.ve\/wp\/wp-json\/wp\/v2\/media?parent=289419"}],"wp:term":[{"taxonomy":"category","embeddable":true,"href":"https:\/\/stage3.rnv.gob.ve\/wp\/wp-json\/wp\/v2\/categories?post=289419"},{"taxonomy":"post_tag","embeddable":true,"href":"https:\/\/stage3.rnv.gob.ve\/wp\/wp-json\/wp\/v2\/tags?post=289419"}],"curies":[{"name":"wp","href":"https:\/\/api.w.org\/{rel}","templated":true}]}}