{"id":289362,"date":"2020-01-31T18:55:08","date_gmt":"2020-01-31T23:25:08","guid":{"rendered":"https:\/\/stage3.rnv.gob.ve\/wp\/?p=289362"},"modified":"2020-01-31T18:55:08","modified_gmt":"2020-01-31T23:25:08","slug":"vicepresidenta-rodriguez-procurador-de-guaido-renuncia-tras-investigacion-emprendida-por-an","status":"publish","type":"post","link":"https:\/\/stage3.rnv.gob.ve\/wp\/vicepresidenta-rodriguez-procurador-de-guaido-renuncia-tras-investigacion-emprendida-por-an\/","title":{"rendered":"Vicepresidenta Rodr\u00edguez: \u201cProcurador\u201d de Guaid\u00f3 renuncia tras investigaci\u00f3n emprendida por AN"},"content":{"rendered":"<p><img fetchpriority=\"high\" decoding=\"async\" class=\"aligncenter  wp-image-288030\" src=\"https:\/\/stage3.rnv.gob.ve\/wp\/wp-content\/uploads\/2020\/01\/delcy-r-1809264-888x500-e1579388892179.jpg\" alt=\"\" width=\"573\" height=\"322\" \/><\/p>\n<p style=\"text-align: justify;\">El supuesto procurador, Jos\u00e9 Ignacio Hern\u00e1ndez, designado por el expresidente de la Asamblea Nacional (AN) en desacato, Juan Guaid\u00f3, se rebel\u00f3 contra las investigaciones que iniciar\u00e1 el parlamento de mayor\u00eda opositora por el desv\u00edo y apropiaci\u00f3n de activos de Venezuela en Estados Unidos.<\/p>\n<p style=\"text-align: justify;\">As\u00ed lo afirm\u00f3 este viernes la vicepresidenta Ejecutiva de la Rep\u00fablica, Delcy Rodr\u00edguez, quien adem\u00e1s recalc\u00f3 que las diferencias a lo interno de la agrupaci\u00f3n opositora forman parte de la disputa por el \u201cbot\u00edn\u201d y recursos.<\/p>\n<p style=\"text-align: justify;\">\u201cHay rebeli\u00f3n en la banda criminal que lidera @jguaido. El procurador fake (mentecilla perversa del despojo de activos de Venezuela en el exterior), se rebel\u00f3 contra pretendidos \u201ccontroles\u201d de su chequera (dinero de #Citgo). Arrecia la disputa en la banda por respartirse el bot\u00edn\u201d, expres\u00f3 a trav\u00e9s de la red Twitter.<\/p>\n<p style=\"text-align: justify;\">El pasado martes 28, la directiva de la AN aprob\u00f3 aumentar de 2 millones de d\u00f3lares a 20 millones de d\u00f3lares para \u201cgastos honorarios\u201d para defender los activos venezolanos en EEUU congelados ilegalmente con el auspicio de personeros venezolanos con la administraci\u00f3n Trump y la justicia de ese pa\u00eds norteamericano, como parte de su estrategia para deponer al gobierno del Presidente Nicol\u00e1s Maduro.<\/p>\n<p style=\"text-align: justify;\">En ese contexto, Hern\u00e1ndez, delegado por Guaid\u00f3 para \u201cgarantizar los inter\u00e9s del pa\u00eds\u201d, en procura del inter\u00e9s de Washington de atentar contra soberan\u00eda venezolana, puso su cargo a la orden por las divergencias y cr\u00edticas de varios sectores opositores por la \u201cfalta de transparencia\u201d en el manejo de los recursos, rese\u00f1aron medios internacionales.<\/p>\n<p>T\/AVN<\/p>\n","protected":false},"excerpt":{"rendered":"<p>El supuesto procurador, Jos\u00e9 Ignacio Hern\u00e1ndez, designado por el expresidente de la Asamblea Nacional (AN) en desacato, Juan Guaid\u00f3, se rebel\u00f3 contra las investigaciones que iniciar\u00e1 el parlamento de mayor\u00eda opositora por el desv\u00edo y apropiaci\u00f3n de activos de Venezuela en Estados Unidos. As\u00ed lo afirm\u00f3 este viernes la vicepresidenta Ejecutiva de la Rep\u00fablica, Delcy [&hellip;]<\/p>\n","protected":false},"author":1,"featured_media":288030,"comment_status":"closed","ping_status":"open","sticky":false,"template":"","format":"standard","meta":{"_acf_changed":false,"footnotes":""},"categories":[65],"tags":[229,19687,984,28818,5785],"class_list":["post-289362","post","type-post","status-publish","format-standard","has-post-thumbnail","hentry","category-nacional","tag-delcy-rodriguez","tag-guaido","tag-investigaciones","tag-procurador-de-guaido","tag-renuncia"],"acf":[],"yoast_head":"<!-- This site is optimized with the Yoast SEO plugin v27.4 - https:\/\/yoast.com\/product\/yoast-seo-wordpress\/ -->\n<title>Vicepresidenta Rodr\u00edguez: \u201cProcurador\u201d de Guaid\u00f3 renuncia tras investigaci\u00f3n emprendida por AN - DEV RNV<\/title>\n<meta name=\"robots\" content=\"noindex, follow, max-snippet:-1, max-image-preview:large, max-video-preview:-1\" \/>\n<meta property=\"og:locale\" content=\"es_ES\" \/>\n<meta property=\"og:type\" content=\"article\" \/>\n<meta property=\"og:title\" content=\"Vicepresidenta Rodr\u00edguez: \u201cProcurador\u201d de Guaid\u00f3 renuncia tras investigaci\u00f3n emprendida por AN - DEV RNV\" \/>\n<meta property=\"og:description\" content=\"El supuesto procurador, Jos\u00e9 Ignacio Hern\u00e1ndez, designado por el expresidente de la Asamblea Nacional (AN) en desacato, Juan Guaid\u00f3, se rebel\u00f3 contra las investigaciones que iniciar\u00e1 el parlamento de mayor\u00eda opositora por el desv\u00edo y apropiaci\u00f3n de activos de Venezuela en Estados Unidos. As\u00ed lo afirm\u00f3 este viernes la vicepresidenta Ejecutiva de la Rep\u00fablica, Delcy [&hellip;]\" \/>\n<meta property=\"og:url\" content=\"https:\/\/stage3.rnv.gob.ve\/wp\/vicepresidenta-rodriguez-procurador-de-guaido-renuncia-tras-investigacion-emprendida-por-an\/\" \/>\n<meta property=\"og:site_name\" content=\"DEV RNV\" \/>\n<meta property=\"article:publisher\" content=\"https:\/\/www.facebook.com\/RadioNacionaldeVenezuela\" \/>\n<meta property=\"article:published_time\" content=\"2020-01-31T23:25:08+00:00\" \/>\n<meta name=\"author\" content=\"administrador\" \/>\n<meta name=\"twitter:card\" content=\"summary_large_image\" \/>\n<meta name=\"twitter:creator\" content=\"@RNVinformativa\" \/>\n<meta name=\"twitter:site\" content=\"@RNVinformativa\" \/>\n<meta name=\"twitter:label1\" content=\"Escrito por\" \/>\n\t<meta name=\"twitter:data1\" content=\"administrador\" \/>\n\t<meta name=\"twitter:label2\" content=\"Tiempo estimado de lectura\" \/>\n\t<meta name=\"twitter:data2\" content=\"1 minuto\" \/>\n<script type=\"application\/ld+json\" class=\"yoast-schema-graph\">{\"@context\":\"https:\\\/\\\/schema.org\",\"@graph\":[{\"@type\":\"Article\",\"@id\":\"https:\\\/\\\/stage3.rnv.gob.ve\\\/wp\\\/vicepresidenta-rodriguez-procurador-de-guaido-renuncia-tras-investigacion-emprendida-por-an\\\/#article\",\"isPartOf\":{\"@id\":\"https:\\\/\\\/stage3.rnv.gob.ve\\\/wp\\\/vicepresidenta-rodriguez-procurador-de-guaido-renuncia-tras-investigacion-emprendida-por-an\\\/\"},\"author\":{\"name\":\"administrador\",\"@id\":\"https:\\\/\\\/stage3.rnv.gob.ve\\\/wp\\\/#\\\/schema\\\/person\\\/0862ce8cde332e0bc63b8a243f0eea2c\"},\"headline\":\"Vicepresidenta Rodr\u00edguez: \u201cProcurador\u201d de Guaid\u00f3 renuncia tras investigaci\u00f3n emprendida por AN\",\"datePublished\":\"2020-01-31T23:25:08+00:00\",\"mainEntityOfPage\":{\"@id\":\"https:\\\/\\\/stage3.rnv.gob.ve\\\/wp\\\/vicepresidenta-rodriguez-procurador-de-guaido-renuncia-tras-investigacion-emprendida-por-an\\\/\"},\"wordCount\":282,\"publisher\":{\"@id\":\"https:\\\/\\\/stage3.rnv.gob.ve\\\/wp\\\/#organization\"},\"image\":{\"@id\":\"https:\\\/\\\/stage3.rnv.gob.ve\\\/wp\\\/vicepresidenta-rodriguez-procurador-de-guaido-renuncia-tras-investigacion-emprendida-por-an\\\/#primaryimage\"},\"thumbnailUrl\":\"\",\"keywords\":[\"delcy rodriguez\",\"guaido\",\"investigaciones\",\"Procurador\u201d de Guaid\u00f3\",\"renuncia\"],\"articleSection\":[\"Nacional\"],\"inLanguage\":\"es\"},{\"@type\":\"WebPage\",\"@id\":\"https:\\\/\\\/stage3.rnv.gob.ve\\\/wp\\\/vicepresidenta-rodriguez-procurador-de-guaido-renuncia-tras-investigacion-emprendida-por-an\\\/\",\"url\":\"https:\\\/\\\/stage3.rnv.gob.ve\\\/wp\\\/vicepresidenta-rodriguez-procurador-de-guaido-renuncia-tras-investigacion-emprendida-por-an\\\/\",\"name\":\"Vicepresidenta Rodr\u00edguez: \u201cProcurador\u201d de Guaid\u00f3 renuncia tras investigaci\u00f3n emprendida por AN - DEV RNV\",\"isPartOf\":{\"@id\":\"https:\\\/\\\/stage3.rnv.gob.ve\\\/wp\\\/#website\"},\"primaryImageOfPage\":{\"@id\":\"https:\\\/\\\/stage3.rnv.gob.ve\\\/wp\\\/vicepresidenta-rodriguez-procurador-de-guaido-renuncia-tras-investigacion-emprendida-por-an\\\/#primaryimage\"},\"image\":{\"@id\":\"https:\\\/\\\/stage3.rnv.gob.ve\\\/wp\\\/vicepresidenta-rodriguez-procurador-de-guaido-renuncia-tras-investigacion-emprendida-por-an\\\/#primaryimage\"},\"thumbnailUrl\":\"\",\"datePublished\":\"2020-01-31T23:25:08+00:00\",\"breadcrumb\":{\"@id\":\"https:\\\/\\\/stage3.rnv.gob.ve\\\/wp\\\/vicepresidenta-rodriguez-procurador-de-guaido-renuncia-tras-investigacion-emprendida-por-an\\\/#breadcrumb\"},\"inLanguage\":\"es\",\"potentialAction\":[{\"@type\":\"ReadAction\",\"target\":[\"https:\\\/\\\/stage3.rnv.gob.ve\\\/wp\\\/vicepresidenta-rodriguez-procurador-de-guaido-renuncia-tras-investigacion-emprendida-por-an\\\/\"]}]},{\"@type\":\"ImageObject\",\"inLanguage\":\"es\",\"@id\":\"https:\\\/\\\/stage3.rnv.gob.ve\\\/wp\\\/vicepresidenta-rodriguez-procurador-de-guaido-renuncia-tras-investigacion-emprendida-por-an\\\/#primaryimage\",\"url\":\"\",\"contentUrl\":\"\"},{\"@type\":\"BreadcrumbList\",\"@id\":\"https:\\\/\\\/stage3.rnv.gob.ve\\\/wp\\\/vicepresidenta-rodriguez-procurador-de-guaido-renuncia-tras-investigacion-emprendida-por-an\\\/#breadcrumb\",\"itemListElement\":[{\"@type\":\"ListItem\",\"position\":1,\"name\":\"Portada\",\"item\":\"https:\\\/\\\/stage3.rnv.gob.ve\\\/wp\\\/\"},{\"@type\":\"ListItem\",\"position\":2,\"name\":\"Vicepresidenta Rodr\u00edguez: \u201cProcurador\u201d De Guaid\u00f3 Renuncia Tras Investigaci\u00f3n Emprendida Por An\"}]},{\"@type\":\"WebSite\",\"@id\":\"https:\\\/\\\/stage3.rnv.gob.ve\\\/wp\\\/#website\",\"url\":\"https:\\\/\\\/stage3.rnv.gob.ve\\\/wp\\\/\",\"name\":\"DEV RNV\",\"description\":\"Radio Nacional de Venezuela C.A.\",\"publisher\":{\"@id\":\"https:\\\/\\\/stage3.rnv.gob.ve\\\/wp\\\/#organization\"},\"potentialAction\":[{\"@type\":\"SearchAction\",\"target\":{\"@type\":\"EntryPoint\",\"urlTemplate\":\"https:\\\/\\\/stage3.rnv.gob.ve\\\/wp\\\/?s={search_term_string}\"},\"query-input\":{\"@type\":\"PropertyValueSpecification\",\"valueRequired\":true,\"valueName\":\"search_term_string\"}}],\"inLanguage\":\"es\"},{\"@type\":\"Organization\",\"@id\":\"https:\\\/\\\/stage3.rnv.gob.ve\\\/wp\\\/#organization\",\"name\":\"Radio Nacional de Venezuela C.A.\",\"url\":\"https:\\\/\\\/stage3.rnv.gob.ve\\\/wp\\\/\",\"logo\":{\"@type\":\"ImageObject\",\"inLanguage\":\"es\",\"@id\":\"https:\\\/\\\/stage3.rnv.gob.ve\\\/wp\\\/#\\\/schema\\\/logo\\\/image\\\/\",\"url\":\"http:\\\/\\\/rnv.ddns.net\\\/prensa\\\/wp-content\\\/uploads\\\/2022\\\/04\\\/rnv-1-300x227-1.jpg\",\"contentUrl\":\"http:\\\/\\\/rnv.ddns.net\\\/prensa\\\/wp-content\\\/uploads\\\/2022\\\/04\\\/rnv-1-300x227-1.jpg\",\"width\":800,\"height\":455,\"caption\":\"Radio Nacional de Venezuela C.A.\"},\"image\":{\"@id\":\"https:\\\/\\\/stage3.rnv.gob.ve\\\/wp\\\/#\\\/schema\\\/logo\\\/image\\\/\"},\"sameAs\":[\"https:\\\/\\\/www.facebook.com\\\/RadioNacionaldeVenezuela\",\"https:\\\/\\\/x.com\\\/RNVinformativa\",\"https:\\\/\\\/www.instagram.com\\\/rnvinformativa\\\/\",\"https:\\\/\\\/www.youtube.com\\\/user\\\/RNVContigo\"]},{\"@type\":\"Person\",\"@id\":\"https:\\\/\\\/stage3.rnv.gob.ve\\\/wp\\\/#\\\/schema\\\/person\\\/0862ce8cde332e0bc63b8a243f0eea2c\",\"name\":\"administrador\",\"sameAs\":[\"http:\\\/\\\/arnoldoeloy.net\"],\"url\":\"https:\\\/\\\/stage3.rnv.gob.ve\\\/wp\\\/author\\\/administrador\\\/\"}]}<\/script>\n<!-- \/ Yoast SEO plugin. -->","yoast_head_json":{"title":"Vicepresidenta Rodr\u00edguez: \u201cProcurador\u201d de Guaid\u00f3 renuncia tras investigaci\u00f3n emprendida por AN - DEV RNV","robots":{"index":"noindex","follow":"follow","max-snippet":"max-snippet:-1","max-image-preview":"max-image-preview:large","max-video-preview":"max-video-preview:-1"},"og_locale":"es_ES","og_type":"article","og_title":"Vicepresidenta Rodr\u00edguez: \u201cProcurador\u201d de Guaid\u00f3 renuncia tras investigaci\u00f3n emprendida por AN - DEV RNV","og_description":"El supuesto procurador, Jos\u00e9 Ignacio Hern\u00e1ndez, designado por el expresidente de la Asamblea Nacional (AN) en desacato, Juan Guaid\u00f3, se rebel\u00f3 contra las investigaciones que iniciar\u00e1 el parlamento de mayor\u00eda opositora por el desv\u00edo y apropiaci\u00f3n de activos de Venezuela en Estados Unidos. As\u00ed lo afirm\u00f3 este viernes la vicepresidenta Ejecutiva de la Rep\u00fablica, Delcy [&hellip;]","og_url":"https:\/\/stage3.rnv.gob.ve\/wp\/vicepresidenta-rodriguez-procurador-de-guaido-renuncia-tras-investigacion-emprendida-por-an\/","og_site_name":"DEV RNV","article_publisher":"https:\/\/www.facebook.com\/RadioNacionaldeVenezuela","article_published_time":"2020-01-31T23:25:08+00:00","author":"administrador","twitter_card":"summary_large_image","twitter_creator":"@RNVinformativa","twitter_site":"@RNVinformativa","twitter_misc":{"Escrito por":"administrador","Tiempo estimado de lectura":"1 minuto"},"schema":{"@context":"https:\/\/schema.org","@graph":[{"@type":"Article","@id":"https:\/\/stage3.rnv.gob.ve\/wp\/vicepresidenta-rodriguez-procurador-de-guaido-renuncia-tras-investigacion-emprendida-por-an\/#article","isPartOf":{"@id":"https:\/\/stage3.rnv.gob.ve\/wp\/vicepresidenta-rodriguez-procurador-de-guaido-renuncia-tras-investigacion-emprendida-por-an\/"},"author":{"name":"administrador","@id":"https:\/\/stage3.rnv.gob.ve\/wp\/#\/schema\/person\/0862ce8cde332e0bc63b8a243f0eea2c"},"headline":"Vicepresidenta Rodr\u00edguez: \u201cProcurador\u201d de Guaid\u00f3 renuncia tras investigaci\u00f3n emprendida por AN","datePublished":"2020-01-31T23:25:08+00:00","mainEntityOfPage":{"@id":"https:\/\/stage3.rnv.gob.ve\/wp\/vicepresidenta-rodriguez-procurador-de-guaido-renuncia-tras-investigacion-emprendida-por-an\/"},"wordCount":282,"publisher":{"@id":"https:\/\/stage3.rnv.gob.ve\/wp\/#organization"},"image":{"@id":"https:\/\/stage3.rnv.gob.ve\/wp\/vicepresidenta-rodriguez-procurador-de-guaido-renuncia-tras-investigacion-emprendida-por-an\/#primaryimage"},"thumbnailUrl":"","keywords":["delcy rodriguez","guaido","investigaciones","Procurador\u201d de Guaid\u00f3","renuncia"],"articleSection":["Nacional"],"inLanguage":"es"},{"@type":"WebPage","@id":"https:\/\/stage3.rnv.gob.ve\/wp\/vicepresidenta-rodriguez-procurador-de-guaido-renuncia-tras-investigacion-emprendida-por-an\/","url":"https:\/\/stage3.rnv.gob.ve\/wp\/vicepresidenta-rodriguez-procurador-de-guaido-renuncia-tras-investigacion-emprendida-por-an\/","name":"Vicepresidenta Rodr\u00edguez: \u201cProcurador\u201d de Guaid\u00f3 renuncia tras investigaci\u00f3n emprendida por AN - DEV RNV","isPartOf":{"@id":"https:\/\/stage3.rnv.gob.ve\/wp\/#website"},"primaryImageOfPage":{"@id":"https:\/\/stage3.rnv.gob.ve\/wp\/vicepresidenta-rodriguez-procurador-de-guaido-renuncia-tras-investigacion-emprendida-por-an\/#primaryimage"},"image":{"@id":"https:\/\/stage3.rnv.gob.ve\/wp\/vicepresidenta-rodriguez-procurador-de-guaido-renuncia-tras-investigacion-emprendida-por-an\/#primaryimage"},"thumbnailUrl":"","datePublished":"2020-01-31T23:25:08+00:00","breadcrumb":{"@id":"https:\/\/stage3.rnv.gob.ve\/wp\/vicepresidenta-rodriguez-procurador-de-guaido-renuncia-tras-investigacion-emprendida-por-an\/#breadcrumb"},"inLanguage":"es","potentialAction":[{"@type":"ReadAction","target":["https:\/\/stage3.rnv.gob.ve\/wp\/vicepresidenta-rodriguez-procurador-de-guaido-renuncia-tras-investigacion-emprendida-por-an\/"]}]},{"@type":"ImageObject","inLanguage":"es","@id":"https:\/\/stage3.rnv.gob.ve\/wp\/vicepresidenta-rodriguez-procurador-de-guaido-renuncia-tras-investigacion-emprendida-por-an\/#primaryimage","url":"","contentUrl":""},{"@type":"BreadcrumbList","@id":"https:\/\/stage3.rnv.gob.ve\/wp\/vicepresidenta-rodriguez-procurador-de-guaido-renuncia-tras-investigacion-emprendida-por-an\/#breadcrumb","itemListElement":[{"@type":"ListItem","position":1,"name":"Portada","item":"https:\/\/stage3.rnv.gob.ve\/wp\/"},{"@type":"ListItem","position":2,"name":"Vicepresidenta Rodr\u00edguez: \u201cProcurador\u201d De Guaid\u00f3 Renuncia Tras Investigaci\u00f3n Emprendida Por An"}]},{"@type":"WebSite","@id":"https:\/\/stage3.rnv.gob.ve\/wp\/#website","url":"https:\/\/stage3.rnv.gob.ve\/wp\/","name":"DEV RNV","description":"Radio Nacional de Venezuela C.A.","publisher":{"@id":"https:\/\/stage3.rnv.gob.ve\/wp\/#organization"},"potentialAction":[{"@type":"SearchAction","target":{"@type":"EntryPoint","urlTemplate":"https:\/\/stage3.rnv.gob.ve\/wp\/?s={search_term_string}"},"query-input":{"@type":"PropertyValueSpecification","valueRequired":true,"valueName":"search_term_string"}}],"inLanguage":"es"},{"@type":"Organization","@id":"https:\/\/stage3.rnv.gob.ve\/wp\/#organization","name":"Radio Nacional de Venezuela C.A.","url":"https:\/\/stage3.rnv.gob.ve\/wp\/","logo":{"@type":"ImageObject","inLanguage":"es","@id":"https:\/\/stage3.rnv.gob.ve\/wp\/#\/schema\/logo\/image\/","url":"http:\/\/rnv.ddns.net\/prensa\/wp-content\/uploads\/2022\/04\/rnv-1-300x227-1.jpg","contentUrl":"http:\/\/rnv.ddns.net\/prensa\/wp-content\/uploads\/2022\/04\/rnv-1-300x227-1.jpg","width":800,"height":455,"caption":"Radio Nacional de Venezuela C.A."},"image":{"@id":"https:\/\/stage3.rnv.gob.ve\/wp\/#\/schema\/logo\/image\/"},"sameAs":["https:\/\/www.facebook.com\/RadioNacionaldeVenezuela","https:\/\/x.com\/RNVinformativa","https:\/\/www.instagram.com\/rnvinformativa\/","https:\/\/www.youtube.com\/user\/RNVContigo"]},{"@type":"Person","@id":"https:\/\/stage3.rnv.gob.ve\/wp\/#\/schema\/person\/0862ce8cde332e0bc63b8a243f0eea2c","name":"administrador","sameAs":["http:\/\/arnoldoeloy.net"],"url":"https:\/\/stage3.rnv.gob.ve\/wp\/author\/administrador\/"}]}},"jetpack_featured_media_url":"","_links":{"self":[{"href":"https:\/\/stage3.rnv.gob.ve\/wp\/wp-json\/wp\/v2\/posts\/289362","targetHints":{"allow":["GET"]}}],"collection":[{"href":"https:\/\/stage3.rnv.gob.ve\/wp\/wp-json\/wp\/v2\/posts"}],"about":[{"href":"https:\/\/stage3.rnv.gob.ve\/wp\/wp-json\/wp\/v2\/types\/post"}],"author":[{"embeddable":true,"href":"https:\/\/stage3.rnv.gob.ve\/wp\/wp-json\/wp\/v2\/users\/1"}],"replies":[{"embeddable":true,"href":"https:\/\/stage3.rnv.gob.ve\/wp\/wp-json\/wp\/v2\/comments?post=289362"}],"version-history":[{"count":0,"href":"https:\/\/stage3.rnv.gob.ve\/wp\/wp-json\/wp\/v2\/posts\/289362\/revisions"}],"wp:featuredmedia":[{"embeddable":true,"href":"https:\/\/stage3.rnv.gob.ve\/wp\/wp-json\/"}],"wp:attachment":[{"href":"https:\/\/stage3.rnv.gob.ve\/wp\/wp-json\/wp\/v2\/media?parent=289362"}],"wp:term":[{"taxonomy":"category","embeddable":true,"href":"https:\/\/stage3.rnv.gob.ve\/wp\/wp-json\/wp\/v2\/categories?post=289362"},{"taxonomy":"post_tag","embeddable":true,"href":"https:\/\/stage3.rnv.gob.ve\/wp\/wp-json\/wp\/v2\/tags?post=289362"}],"curies":[{"name":"wp","href":"https:\/\/api.w.org\/{rel}","templated":true}]}}