{"id":286692,"date":"2020-01-03T11:22:44","date_gmt":"2020-01-03T15:52:44","guid":{"rendered":"https:\/\/stage3.rnv.gob.ve\/wp\/?p=286692"},"modified":"2020-01-03T11:22:44","modified_gmt":"2020-01-03T15:52:44","slug":"presidente-de-iran-repudio-bombardeo-de-eeuu-contra-aeropuerto-de-bagdad","status":"publish","type":"post","link":"https:\/\/stage3.rnv.gob.ve\/wp\/presidente-de-iran-repudio-bombardeo-de-eeuu-contra-aeropuerto-de-bagdad\/","title":{"rendered":"Presidente de Ir\u00e1n repudi\u00f3 bombardeo de EEUU contra aeropuerto de Bagdad"},"content":{"rendered":"<p><img fetchpriority=\"high\" decoding=\"async\" class=\"alignnone wp-image-286693\" src=\"https:\/\/stage3.rnv.gob.ve\/wp\/wp-content\/uploads\/2020\/01\/Hassan-Rohani.jpg\" alt=\"\" width=\"500\" height=\"333\" \/><\/p>\n<p style=\"text-align: justify;\">El <strong>presidente de la Rep\u00fablica Isl\u00e1mica de Ir\u00e1n<\/strong>, <strong>Hassan Rohani<\/strong>, repudi\u00f3 el ataque de <strong>Estados Unidos<\/strong> (EEUU) contra el <strong>Aeropuerto Internacional de Bagdad<\/strong>, en Irak, en el que fue asesinado el comandante del Islam y de Ir\u00e1n y general de la Fuerza Quds, <strong>Qasem Soleimani<\/strong> y varios de sus compa\u00f1eros.<\/p>\n<p style=\"text-align: justify;\">\u00abIndudablemente, ese acto cobarde y maligno es otro signo de la frustraci\u00f3n y la impotencia de <strong>Estados Unidos<\/strong> en la regi\u00f3n, y el sentimiento de odio por parte de los estados regionales hacia ese r\u00e9gimen agresor que ha violado todos los principios y normas humanitarias, as\u00ed como los derechos internacionales con la brutalidad m\u00e1s inhumana, registra otro estigma en las s\u00f3rdidas p\u00e1ginas de ese pa\u00eds\u00bb, apunta un comunicado del presidente<strong> Rohani<\/strong>, publicado en la <strong>Agencia de Noticias de la Rep\u00fablica Isl\u00e1mica<\/strong> (Irna).<\/p>\n<p style=\"text-align: justify;\">Agreg\u00f3 que toda la naci\u00f3n iran\u00ed y los pa\u00edses de la regi\u00f3n \u00abhar\u00e1n frente a la avaricia de Estados Unidos y defender\u00e1n los valores isl\u00e1micos\u00bb, pues se\u00f1ala que<strong> Qasem Soleimani<\/strong> ha sido un m\u00e1rtir de la regi\u00f3n, y vengar\u00e1n el crimen cometido por el pa\u00eds norteamericano.<\/p>\n<p style=\"text-align: justify;\">\u00abEstoy seguro de que la bandera de la <strong>dignidad y la firmeza<\/strong> de este gran m\u00e1rtir se mantendr\u00e1 firme en manos de los soldados del <strong>Islam<\/strong>, y el honorable camino del sacrificio y la resistencia continuar\u00e1 con m\u00e1s fortaleza. No hay duda de que la gran naci\u00f3n de Ir\u00e1n y las otras naciones libres de la regi\u00f3n se vengar\u00e1n de ese horrible crimen de la Am\u00e9rica criminal\u00bb.<\/p>\n<p style=\"text-align: justify;\">Tras un ataque de <strong>EEUU<\/strong> en las inmediaciones del Aeropuerto Internacional de Bagdad, en Irak, la madrugada de este viernes, fallecieron el comandante iran\u00ed de los Cuerpos de la <strong>Guardia Revolucionaria Isl\u00e1mica<\/strong> (IRGC, por sus siglas en ingl\u00e9s), Qasem Soleimani, y el subjefe de las <strong>fuerzas paramilitares iraqu\u00edes Hashd Shaabi, Abu Mahdi al-Muhandis<\/strong>.<\/p>\n<p style=\"text-align: justify;\">El bombardeo se registra despu\u00e9s de que las tensiones aumentaran en los pasados d\u00edas entre<strong> Washington <\/strong>y<strong> Teher\u00e1n<\/strong>, con el asalto de seguidores de la <strong>Multitud Popular<\/strong> a la Embajada estadounidense en <strong>Bagdad<\/strong>, el 31 de diciembre, cuando consiguieron irrumpir y quemar una peque\u00f1a parte del complejo.<\/p>\n<p style=\"text-align: justify;\"><strong>El mundo repudia el bombardeo<\/strong><\/p>\n<p style=\"text-align: justify;\">Ante este acontecimiento, el <strong>secretario general de las Naciones Unidas, Ant\u00f3nio Guterres<\/strong>, se pronunci\u00f3 y llam\u00f3 a los l\u00edderes mundiales a \u00abejercer la m\u00e1xima moderaci\u00f3n. \u00abEl mundo no puede permitirse otra guerra en el Golfo\u00bb.<\/p>\n<p style=\"text-align: justify;\">Asimismo, varios miembros del Partido Dem\u00f3crata de EEUU han criticado con contundencia la decisi\u00f3n de <strong>Donald Trump<\/strong> de ejecutar un ataque de misiles.<br \/>\nLa presidenta de la C\u00e1mara de Representantes de EEUU, Nancy Pelosi, describi\u00f3 el ataque como una acci\u00f3n \u00abprovocadora y desproporcionada\u00bb.<br \/>\nMientras, la portavoz del <strong>Ministerio de Asuntos Exteriores de Rusia, Mar\u00eda Zaj\u00e1rova<\/strong>, advirti\u00f3 que el mundo se enfrentar\u00e1 a \u00abuna nueva realidad\u00bb tras este ataque, ya que habr\u00e1 \u00abun aumento de tensi\u00f3n en toda la regi\u00f3n\u00bb.<\/p>\n<p style=\"text-align: justify;\">El presidente ruso, <strong>Vlad\u00edmir Putin<\/strong>, y su hom\u00f3logo franc\u00e9s, <strong>Emmanuel Macron<\/strong>, sostuvieron una conversaci\u00f3n telef\u00f3nica, en la que abordaron el asesinato del general <strong>Qassem Soleimani<\/strong>, y expresaron su preocupaci\u00f3n por este crimen, pues \u00abpuede agravar seriamente la situaci\u00f3n en la regi\u00f3n\u00bb, coincidieron.<\/p>\n<p style=\"text-align: justify;\"><strong>T\/AVN<\/strong><\/p>\n","protected":false},"excerpt":{"rendered":"<p>El presidente de la Rep\u00fablica Isl\u00e1mica de Ir\u00e1n, Hassan Rohani, repudi\u00f3 el ataque de Estados Unidos (EEUU) contra el Aeropuerto Internacional de Bagdad, en Irak, en el que fue asesinado el comandante del Islam y de Ir\u00e1n y general de la Fuerza Quds, Qasem Soleimani y varios de sus compa\u00f1eros. \u00abIndudablemente, ese acto cobarde y [&hellip;]<\/p>\n","protected":false},"author":1,"featured_media":286693,"comment_status":"closed","ping_status":"open","sticky":false,"template":"","format":"standard","meta":{"_acf_changed":false,"footnotes":""},"categories":[61],"tags":[1578,28436,22915,1016,28437],"class_list":["post-286692","post","type-post","status-publish","format-standard","has-post-thumbnail","hentry","category-internacional","tag-estados-unidos","tag-hassan-rohani","tag-injerencia-norteamericana","tag-iran","tag-qassem-soleimani"],"acf":[],"yoast_head":"<!-- This site is optimized with the Yoast SEO plugin v27.4 - https:\/\/yoast.com\/product\/yoast-seo-wordpress\/ -->\n<title>Presidente de Ir\u00e1n repudi\u00f3 bombardeo de EEUU contra aeropuerto de Bagdad - DEV RNV<\/title>\n<meta name=\"robots\" content=\"noindex, follow, max-snippet:-1, max-image-preview:large, max-video-preview:-1\" \/>\n<meta property=\"og:locale\" content=\"es_ES\" \/>\n<meta property=\"og:type\" content=\"article\" \/>\n<meta property=\"og:title\" content=\"Presidente de Ir\u00e1n repudi\u00f3 bombardeo de EEUU contra aeropuerto de Bagdad - DEV RNV\" \/>\n<meta property=\"og:description\" content=\"El presidente de la Rep\u00fablica Isl\u00e1mica de Ir\u00e1n, Hassan Rohani, repudi\u00f3 el ataque de Estados Unidos (EEUU) contra el Aeropuerto Internacional de Bagdad, en Irak, en el que fue asesinado el comandante del Islam y de Ir\u00e1n y general de la Fuerza Quds, Qasem Soleimani y varios de sus compa\u00f1eros. \u00abIndudablemente, ese acto cobarde y [&hellip;]\" \/>\n<meta property=\"og:url\" content=\"https:\/\/stage3.rnv.gob.ve\/wp\/presidente-de-iran-repudio-bombardeo-de-eeuu-contra-aeropuerto-de-bagdad\/\" \/>\n<meta property=\"og:site_name\" content=\"DEV RNV\" \/>\n<meta property=\"article:publisher\" content=\"https:\/\/www.facebook.com\/RadioNacionaldeVenezuela\" \/>\n<meta property=\"article:published_time\" content=\"2020-01-03T15:52:44+00:00\" \/>\n<meta name=\"author\" content=\"administrador\" \/>\n<meta name=\"twitter:card\" content=\"summary_large_image\" \/>\n<meta name=\"twitter:creator\" content=\"@RNVinformativa\" \/>\n<meta name=\"twitter:site\" content=\"@RNVinformativa\" \/>\n<meta name=\"twitter:label1\" content=\"Escrito por\" \/>\n\t<meta name=\"twitter:data1\" content=\"administrador\" \/>\n\t<meta name=\"twitter:label2\" content=\"Tiempo estimado de lectura\" \/>\n\t<meta name=\"twitter:data2\" content=\"3 minutos\" \/>\n<script type=\"application\/ld+json\" class=\"yoast-schema-graph\">{\"@context\":\"https:\\\/\\\/schema.org\",\"@graph\":[{\"@type\":\"Article\",\"@id\":\"https:\\\/\\\/stage3.rnv.gob.ve\\\/wp\\\/presidente-de-iran-repudio-bombardeo-de-eeuu-contra-aeropuerto-de-bagdad\\\/#article\",\"isPartOf\":{\"@id\":\"https:\\\/\\\/stage3.rnv.gob.ve\\\/wp\\\/presidente-de-iran-repudio-bombardeo-de-eeuu-contra-aeropuerto-de-bagdad\\\/\"},\"author\":{\"name\":\"administrador\",\"@id\":\"https:\\\/\\\/stage3.rnv.gob.ve\\\/wp\\\/#\\\/schema\\\/person\\\/0862ce8cde332e0bc63b8a243f0eea2c\"},\"headline\":\"Presidente de Ir\u00e1n repudi\u00f3 bombardeo de EEUU contra aeropuerto de Bagdad\",\"datePublished\":\"2020-01-03T15:52:44+00:00\",\"mainEntityOfPage\":{\"@id\":\"https:\\\/\\\/stage3.rnv.gob.ve\\\/wp\\\/presidente-de-iran-repudio-bombardeo-de-eeuu-contra-aeropuerto-de-bagdad\\\/\"},\"wordCount\":578,\"publisher\":{\"@id\":\"https:\\\/\\\/stage3.rnv.gob.ve\\\/wp\\\/#organization\"},\"image\":{\"@id\":\"https:\\\/\\\/stage3.rnv.gob.ve\\\/wp\\\/presidente-de-iran-repudio-bombardeo-de-eeuu-contra-aeropuerto-de-bagdad\\\/#primaryimage\"},\"thumbnailUrl\":\"\",\"keywords\":[\"Estados Unidos\",\"Hassan Rohani\",\"Injerencia norteamericana\",\"iran\",\"Qassem Soleimani\"],\"articleSection\":[\"Internacional\"],\"inLanguage\":\"es\"},{\"@type\":\"WebPage\",\"@id\":\"https:\\\/\\\/stage3.rnv.gob.ve\\\/wp\\\/presidente-de-iran-repudio-bombardeo-de-eeuu-contra-aeropuerto-de-bagdad\\\/\",\"url\":\"https:\\\/\\\/stage3.rnv.gob.ve\\\/wp\\\/presidente-de-iran-repudio-bombardeo-de-eeuu-contra-aeropuerto-de-bagdad\\\/\",\"name\":\"Presidente de Ir\u00e1n repudi\u00f3 bombardeo de EEUU contra aeropuerto de Bagdad - DEV RNV\",\"isPartOf\":{\"@id\":\"https:\\\/\\\/stage3.rnv.gob.ve\\\/wp\\\/#website\"},\"primaryImageOfPage\":{\"@id\":\"https:\\\/\\\/stage3.rnv.gob.ve\\\/wp\\\/presidente-de-iran-repudio-bombardeo-de-eeuu-contra-aeropuerto-de-bagdad\\\/#primaryimage\"},\"image\":{\"@id\":\"https:\\\/\\\/stage3.rnv.gob.ve\\\/wp\\\/presidente-de-iran-repudio-bombardeo-de-eeuu-contra-aeropuerto-de-bagdad\\\/#primaryimage\"},\"thumbnailUrl\":\"\",\"datePublished\":\"2020-01-03T15:52:44+00:00\",\"breadcrumb\":{\"@id\":\"https:\\\/\\\/stage3.rnv.gob.ve\\\/wp\\\/presidente-de-iran-repudio-bombardeo-de-eeuu-contra-aeropuerto-de-bagdad\\\/#breadcrumb\"},\"inLanguage\":\"es\",\"potentialAction\":[{\"@type\":\"ReadAction\",\"target\":[\"https:\\\/\\\/stage3.rnv.gob.ve\\\/wp\\\/presidente-de-iran-repudio-bombardeo-de-eeuu-contra-aeropuerto-de-bagdad\\\/\"]}]},{\"@type\":\"ImageObject\",\"inLanguage\":\"es\",\"@id\":\"https:\\\/\\\/stage3.rnv.gob.ve\\\/wp\\\/presidente-de-iran-repudio-bombardeo-de-eeuu-contra-aeropuerto-de-bagdad\\\/#primaryimage\",\"url\":\"\",\"contentUrl\":\"\"},{\"@type\":\"BreadcrumbList\",\"@id\":\"https:\\\/\\\/stage3.rnv.gob.ve\\\/wp\\\/presidente-de-iran-repudio-bombardeo-de-eeuu-contra-aeropuerto-de-bagdad\\\/#breadcrumb\",\"itemListElement\":[{\"@type\":\"ListItem\",\"position\":1,\"name\":\"Portada\",\"item\":\"https:\\\/\\\/stage3.rnv.gob.ve\\\/wp\\\/\"},{\"@type\":\"ListItem\",\"position\":2,\"name\":\"Presidente De Ir\u00e1n Repudi\u00f3 Bombardeo De Eeuu Contra Aeropuerto De Bagdad\"}]},{\"@type\":\"WebSite\",\"@id\":\"https:\\\/\\\/stage3.rnv.gob.ve\\\/wp\\\/#website\",\"url\":\"https:\\\/\\\/stage3.rnv.gob.ve\\\/wp\\\/\",\"name\":\"DEV RNV\",\"description\":\"Radio Nacional de Venezuela C.A.\",\"publisher\":{\"@id\":\"https:\\\/\\\/stage3.rnv.gob.ve\\\/wp\\\/#organization\"},\"potentialAction\":[{\"@type\":\"SearchAction\",\"target\":{\"@type\":\"EntryPoint\",\"urlTemplate\":\"https:\\\/\\\/stage3.rnv.gob.ve\\\/wp\\\/?s={search_term_string}\"},\"query-input\":{\"@type\":\"PropertyValueSpecification\",\"valueRequired\":true,\"valueName\":\"search_term_string\"}}],\"inLanguage\":\"es\"},{\"@type\":\"Organization\",\"@id\":\"https:\\\/\\\/stage3.rnv.gob.ve\\\/wp\\\/#organization\",\"name\":\"Radio Nacional de Venezuela C.A.\",\"url\":\"https:\\\/\\\/stage3.rnv.gob.ve\\\/wp\\\/\",\"logo\":{\"@type\":\"ImageObject\",\"inLanguage\":\"es\",\"@id\":\"https:\\\/\\\/stage3.rnv.gob.ve\\\/wp\\\/#\\\/schema\\\/logo\\\/image\\\/\",\"url\":\"http:\\\/\\\/rnv.ddns.net\\\/prensa\\\/wp-content\\\/uploads\\\/2022\\\/04\\\/rnv-1-300x227-1.jpg\",\"contentUrl\":\"http:\\\/\\\/rnv.ddns.net\\\/prensa\\\/wp-content\\\/uploads\\\/2022\\\/04\\\/rnv-1-300x227-1.jpg\",\"width\":800,\"height\":455,\"caption\":\"Radio Nacional de Venezuela C.A.\"},\"image\":{\"@id\":\"https:\\\/\\\/stage3.rnv.gob.ve\\\/wp\\\/#\\\/schema\\\/logo\\\/image\\\/\"},\"sameAs\":[\"https:\\\/\\\/www.facebook.com\\\/RadioNacionaldeVenezuela\",\"https:\\\/\\\/x.com\\\/RNVinformativa\",\"https:\\\/\\\/www.instagram.com\\\/rnvinformativa\\\/\",\"https:\\\/\\\/www.youtube.com\\\/user\\\/RNVContigo\"]},{\"@type\":\"Person\",\"@id\":\"https:\\\/\\\/stage3.rnv.gob.ve\\\/wp\\\/#\\\/schema\\\/person\\\/0862ce8cde332e0bc63b8a243f0eea2c\",\"name\":\"administrador\",\"sameAs\":[\"http:\\\/\\\/arnoldoeloy.net\"],\"url\":\"https:\\\/\\\/stage3.rnv.gob.ve\\\/wp\\\/author\\\/administrador\\\/\"}]}<\/script>\n<!-- \/ Yoast SEO plugin. -->","yoast_head_json":{"title":"Presidente de Ir\u00e1n repudi\u00f3 bombardeo de EEUU contra aeropuerto de Bagdad - DEV RNV","robots":{"index":"noindex","follow":"follow","max-snippet":"max-snippet:-1","max-image-preview":"max-image-preview:large","max-video-preview":"max-video-preview:-1"},"og_locale":"es_ES","og_type":"article","og_title":"Presidente de Ir\u00e1n repudi\u00f3 bombardeo de EEUU contra aeropuerto de Bagdad - DEV RNV","og_description":"El presidente de la Rep\u00fablica Isl\u00e1mica de Ir\u00e1n, Hassan Rohani, repudi\u00f3 el ataque de Estados Unidos (EEUU) contra el Aeropuerto Internacional de Bagdad, en Irak, en el que fue asesinado el comandante del Islam y de Ir\u00e1n y general de la Fuerza Quds, Qasem Soleimani y varios de sus compa\u00f1eros. \u00abIndudablemente, ese acto cobarde y [&hellip;]","og_url":"https:\/\/stage3.rnv.gob.ve\/wp\/presidente-de-iran-repudio-bombardeo-de-eeuu-contra-aeropuerto-de-bagdad\/","og_site_name":"DEV RNV","article_publisher":"https:\/\/www.facebook.com\/RadioNacionaldeVenezuela","article_published_time":"2020-01-03T15:52:44+00:00","author":"administrador","twitter_card":"summary_large_image","twitter_creator":"@RNVinformativa","twitter_site":"@RNVinformativa","twitter_misc":{"Escrito por":"administrador","Tiempo estimado de lectura":"3 minutos"},"schema":{"@context":"https:\/\/schema.org","@graph":[{"@type":"Article","@id":"https:\/\/stage3.rnv.gob.ve\/wp\/presidente-de-iran-repudio-bombardeo-de-eeuu-contra-aeropuerto-de-bagdad\/#article","isPartOf":{"@id":"https:\/\/stage3.rnv.gob.ve\/wp\/presidente-de-iran-repudio-bombardeo-de-eeuu-contra-aeropuerto-de-bagdad\/"},"author":{"name":"administrador","@id":"https:\/\/stage3.rnv.gob.ve\/wp\/#\/schema\/person\/0862ce8cde332e0bc63b8a243f0eea2c"},"headline":"Presidente de Ir\u00e1n repudi\u00f3 bombardeo de EEUU contra aeropuerto de Bagdad","datePublished":"2020-01-03T15:52:44+00:00","mainEntityOfPage":{"@id":"https:\/\/stage3.rnv.gob.ve\/wp\/presidente-de-iran-repudio-bombardeo-de-eeuu-contra-aeropuerto-de-bagdad\/"},"wordCount":578,"publisher":{"@id":"https:\/\/stage3.rnv.gob.ve\/wp\/#organization"},"image":{"@id":"https:\/\/stage3.rnv.gob.ve\/wp\/presidente-de-iran-repudio-bombardeo-de-eeuu-contra-aeropuerto-de-bagdad\/#primaryimage"},"thumbnailUrl":"","keywords":["Estados Unidos","Hassan Rohani","Injerencia norteamericana","iran","Qassem Soleimani"],"articleSection":["Internacional"],"inLanguage":"es"},{"@type":"WebPage","@id":"https:\/\/stage3.rnv.gob.ve\/wp\/presidente-de-iran-repudio-bombardeo-de-eeuu-contra-aeropuerto-de-bagdad\/","url":"https:\/\/stage3.rnv.gob.ve\/wp\/presidente-de-iran-repudio-bombardeo-de-eeuu-contra-aeropuerto-de-bagdad\/","name":"Presidente de Ir\u00e1n repudi\u00f3 bombardeo de EEUU contra aeropuerto de Bagdad - DEV RNV","isPartOf":{"@id":"https:\/\/stage3.rnv.gob.ve\/wp\/#website"},"primaryImageOfPage":{"@id":"https:\/\/stage3.rnv.gob.ve\/wp\/presidente-de-iran-repudio-bombardeo-de-eeuu-contra-aeropuerto-de-bagdad\/#primaryimage"},"image":{"@id":"https:\/\/stage3.rnv.gob.ve\/wp\/presidente-de-iran-repudio-bombardeo-de-eeuu-contra-aeropuerto-de-bagdad\/#primaryimage"},"thumbnailUrl":"","datePublished":"2020-01-03T15:52:44+00:00","breadcrumb":{"@id":"https:\/\/stage3.rnv.gob.ve\/wp\/presidente-de-iran-repudio-bombardeo-de-eeuu-contra-aeropuerto-de-bagdad\/#breadcrumb"},"inLanguage":"es","potentialAction":[{"@type":"ReadAction","target":["https:\/\/stage3.rnv.gob.ve\/wp\/presidente-de-iran-repudio-bombardeo-de-eeuu-contra-aeropuerto-de-bagdad\/"]}]},{"@type":"ImageObject","inLanguage":"es","@id":"https:\/\/stage3.rnv.gob.ve\/wp\/presidente-de-iran-repudio-bombardeo-de-eeuu-contra-aeropuerto-de-bagdad\/#primaryimage","url":"","contentUrl":""},{"@type":"BreadcrumbList","@id":"https:\/\/stage3.rnv.gob.ve\/wp\/presidente-de-iran-repudio-bombardeo-de-eeuu-contra-aeropuerto-de-bagdad\/#breadcrumb","itemListElement":[{"@type":"ListItem","position":1,"name":"Portada","item":"https:\/\/stage3.rnv.gob.ve\/wp\/"},{"@type":"ListItem","position":2,"name":"Presidente De Ir\u00e1n Repudi\u00f3 Bombardeo De Eeuu Contra Aeropuerto De Bagdad"}]},{"@type":"WebSite","@id":"https:\/\/stage3.rnv.gob.ve\/wp\/#website","url":"https:\/\/stage3.rnv.gob.ve\/wp\/","name":"DEV RNV","description":"Radio Nacional de Venezuela C.A.","publisher":{"@id":"https:\/\/stage3.rnv.gob.ve\/wp\/#organization"},"potentialAction":[{"@type":"SearchAction","target":{"@type":"EntryPoint","urlTemplate":"https:\/\/stage3.rnv.gob.ve\/wp\/?s={search_term_string}"},"query-input":{"@type":"PropertyValueSpecification","valueRequired":true,"valueName":"search_term_string"}}],"inLanguage":"es"},{"@type":"Organization","@id":"https:\/\/stage3.rnv.gob.ve\/wp\/#organization","name":"Radio Nacional de Venezuela C.A.","url":"https:\/\/stage3.rnv.gob.ve\/wp\/","logo":{"@type":"ImageObject","inLanguage":"es","@id":"https:\/\/stage3.rnv.gob.ve\/wp\/#\/schema\/logo\/image\/","url":"http:\/\/rnv.ddns.net\/prensa\/wp-content\/uploads\/2022\/04\/rnv-1-300x227-1.jpg","contentUrl":"http:\/\/rnv.ddns.net\/prensa\/wp-content\/uploads\/2022\/04\/rnv-1-300x227-1.jpg","width":800,"height":455,"caption":"Radio Nacional de Venezuela C.A."},"image":{"@id":"https:\/\/stage3.rnv.gob.ve\/wp\/#\/schema\/logo\/image\/"},"sameAs":["https:\/\/www.facebook.com\/RadioNacionaldeVenezuela","https:\/\/x.com\/RNVinformativa","https:\/\/www.instagram.com\/rnvinformativa\/","https:\/\/www.youtube.com\/user\/RNVContigo"]},{"@type":"Person","@id":"https:\/\/stage3.rnv.gob.ve\/wp\/#\/schema\/person\/0862ce8cde332e0bc63b8a243f0eea2c","name":"administrador","sameAs":["http:\/\/arnoldoeloy.net"],"url":"https:\/\/stage3.rnv.gob.ve\/wp\/author\/administrador\/"}]}},"jetpack_featured_media_url":"","_links":{"self":[{"href":"https:\/\/stage3.rnv.gob.ve\/wp\/wp-json\/wp\/v2\/posts\/286692","targetHints":{"allow":["GET"]}}],"collection":[{"href":"https:\/\/stage3.rnv.gob.ve\/wp\/wp-json\/wp\/v2\/posts"}],"about":[{"href":"https:\/\/stage3.rnv.gob.ve\/wp\/wp-json\/wp\/v2\/types\/post"}],"author":[{"embeddable":true,"href":"https:\/\/stage3.rnv.gob.ve\/wp\/wp-json\/wp\/v2\/users\/1"}],"replies":[{"embeddable":true,"href":"https:\/\/stage3.rnv.gob.ve\/wp\/wp-json\/wp\/v2\/comments?post=286692"}],"version-history":[{"count":0,"href":"https:\/\/stage3.rnv.gob.ve\/wp\/wp-json\/wp\/v2\/posts\/286692\/revisions"}],"wp:featuredmedia":[{"embeddable":true,"href":"https:\/\/stage3.rnv.gob.ve\/wp\/wp-json\/"}],"wp:attachment":[{"href":"https:\/\/stage3.rnv.gob.ve\/wp\/wp-json\/wp\/v2\/media?parent=286692"}],"wp:term":[{"taxonomy":"category","embeddable":true,"href":"https:\/\/stage3.rnv.gob.ve\/wp\/wp-json\/wp\/v2\/categories?post=286692"},{"taxonomy":"post_tag","embeddable":true,"href":"https:\/\/stage3.rnv.gob.ve\/wp\/wp-json\/wp\/v2\/tags?post=286692"}],"curies":[{"name":"wp","href":"https:\/\/api.w.org\/{rel}","templated":true}]}}