{"id":285184,"date":"2019-12-14T11:30:21","date_gmt":"2019-12-14T16:00:21","guid":{"rendered":"https:\/\/stage3.rnv.gob.ve\/wp\/?p=285184"},"modified":"2019-12-14T11:30:21","modified_gmt":"2019-12-14T16:00:21","slug":"trolcable-de-merida-totalizo-casi-22-millones-de-usuarios-movilizados-al-cumplir-siete-anos-de-operaciones","status":"publish","type":"post","link":"https:\/\/stage3.rnv.gob.ve\/wp\/trolcable-de-merida-totalizo-casi-22-millones-de-usuarios-movilizados-al-cumplir-siete-anos-de-operaciones\/","title":{"rendered":"Trolcable de M\u00e9rida totaliz\u00f3 casi 22 millones de usuarios movilizados al cumplir siete a\u00f1os de operaciones"},"content":{"rendered":"<p style=\"font-weight: 400;\"><img fetchpriority=\"high\" decoding=\"async\" class=\"aligncenter wp-image-285186 size-full\" src=\"https:\/\/stage3.rnv.gob.ve\/wp\/wp-content\/uploads\/2019\/12\/Trolcable-1-e1576339177580.jpg\" alt=\"\" width=\"600\" height=\"397\" \/><\/p>\n<p>&nbsp;<\/p>\n<p style=\"font-weight: 400;\">Este s\u00e1bado, cuando se cumplen siete a\u00f1os de la puesta en servicio del sistema Trolcable, la estatal Troleb\u00fas M\u00e9rida (Tromerca), ente que administra y opera a este transporte vertical, totaliz\u00f3 21.984.673 usuarios movilizados, desde diciembre de 2012.<\/p>\n<p style=\"font-weight: 400;\">Fue en ese a\u00f1o, cuando los meride\u00f1os celebraron la implementaci\u00f3n de este novedoso sistema de telef\u00e9rico continuo, constituy\u00e9ndose como la L\u00ednea 3 de Tromerca, e integr\u00e1ndose de manera directa al Troleb\u00fas, en la estaci\u00f3n Domingo Pe\u00f1a, en pleno centro de la capital del estado, para posteriormente hacerlo con el sistema Bus M\u00e9rida, en el a\u00f1o 2014 y conformar as\u00ed, la red de transporte p\u00fablico masivo m\u00e1s grande de la Regi\u00f3n Andina.<\/p>\n<p style=\"font-weight: 400;\">Edward Rojas, quien preside la organizaci\u00f3n estatal, dijo que el Trolcable no s\u00f3lo se convirti\u00f3 en la soluci\u00f3n a la problem\u00e1tica de movilidad que padec\u00edan los habitantes de la cuenca baja del r\u00edo Chama, por las caracter\u00edsticas geogr\u00e1ficas de la zona, sino que adem\u00e1s se erigi\u00f3 como una obra de atractivas dimensiones, estableci\u00e9ndose como \u00edcono tur\u00edstico de la entidad andina junto al Telef\u00e9rico de M\u00e9rida, Mukumbar\u00ed y al Troleb\u00fas como tal.<\/p>\n<p style=\"font-weight: 400;\">Tras superar miles de horas de uso de este sistema y cumplir cabalmente con los protocolos de mantenimientos preventivo y correctivo, exigidos por la empresa fabricante, el presidente de Tromerca destac\u00f3 el ingenio, el talento, la capacidad y la voluntad de cada uno de los trabajadores, al ejecutar acciones de sustituci\u00f3n de piezas y componentes, por otros fabricados en el territorio nacional, y as\u00ed garantizar la continuidad de las operaciones, de manera permanente.<\/p>\n<p style=\"font-weight: 400;\">\u201cSin duda alguna, la labor tit\u00e1nica de nuestros trabajadores merece ser enaltecida constantemente. Grandes esfuerzos realizan nuestros muchachos, evadiendo el bloqueo imperial, para evitar interrupciones del servicio que puedan ser ocasionadas por la no sustituci\u00f3n de piezas o repuestos que no se puedan adquirir en el exterior, motivado a las medidas econ\u00f3micas del gobierno norteamericano\u201d explic\u00f3 Edward Rojas.<\/p>\n<p style=\"font-weight: 400;\">Dijo que se han sustituido correas originales por otras fabricadas en el pa\u00eds, adem\u00e1s de dise\u00f1ar un sistema de tensado similar al original, para garantizar mayor estabilidad de la cabina; al igual que un sistema que permite alargar el rendimiento de las chumaceras o rodamientos.<\/p>\n<p style=\"font-weight: 400;\">Tambi\u00e9n indic\u00f3 que ejecutaron una t\u00e9cnica de soldadura especial a una de las planchas de fuerza y que actualmente programan la reparaci\u00f3n de la tarjeta del motor principal.<\/p>\n<p style=\"font-weight: 400;\">\u201cSon esfuerzos de nuestra clase obrera que van de la mano con los esfuerzos que realiza nuestro Presidente Nicol\u00e1s Maduro de manera conjunta con nuestro ministro de Transporte, Hip\u00f3lito Abreu y nuestro protector Jehyson Guzm\u00e1n\u201d puntualiz\u00f3 el titular de Tromerca.<\/p>\n<p style=\"font-weight: 400;\">Para conmemorar el s\u00e9ptimo aniversario del Trolcable, fue celebrada una misa de acci\u00f3n de gracias en sus instalaciones, se entregaron reconocimientos a los trabajadores, quienes a su vez dise\u00f1aron una estatuilla en forma de telecabina, que fue entregada a los m\u00e1s destacados.<\/p>\n<p style=\"font-weight: 400;\">Tambi\u00e9n fue ofrecido un concierto por parte de la orquesta N\u00facleo La Gran Infantil de San Jacinto, del Sistema de Orquestas Juveniles e Infantiles de M\u00e9rida y, finalmente, se bendijo un terreno ubicado dentro de las instalaciones del sistema, donde funciona un emprendimiento agro productivo de los trabajadores y se planificaron adem\u00e1s, actividades culturales durante este fin de semana para toda la comunidad.<\/p>\n<p><strong>T\/Prensa Tromerca<\/strong><\/p>\n","protected":false},"excerpt":{"rendered":"<p>&nbsp; Este s\u00e1bado, cuando se cumplen siete a\u00f1os de la puesta en servicio del sistema Trolcable, la estatal Troleb\u00fas M\u00e9rida (Tromerca), ente que administra y opera a este transporte vertical, totaliz\u00f3 21.984.673 usuarios movilizados, desde diciembre de 2012. Fue en ese a\u00f1o, cuando los meride\u00f1os celebraron la implementaci\u00f3n de este novedoso sistema de telef\u00e9rico continuo, [&hellip;]<\/p>\n","protected":false},"author":38,"featured_media":285185,"comment_status":"closed","ping_status":"open","sticky":false,"template":"","format":"standard","meta":{"_acf_changed":false,"footnotes":""},"categories":[1],"tags":[1508,1811,2114,2115,3820],"class_list":["post-285184","post","type-post","status-publish","format-standard","has-post-thumbnail","hentry","category-rnv","tag-merida","tag-metrocable","tag-trolcable","tag-trolebus","tag-tromerca"],"acf":[],"yoast_head":"<!-- This site is optimized with the Yoast SEO plugin v27.4 - https:\/\/yoast.com\/product\/yoast-seo-wordpress\/ -->\n<title>Trolcable de M\u00e9rida totaliz\u00f3 casi 22 millones de usuarios movilizados al cumplir siete a\u00f1os de operaciones - DEV RNV<\/title>\n<meta name=\"robots\" content=\"noindex, follow, max-snippet:-1, max-image-preview:large, max-video-preview:-1\" \/>\n<meta property=\"og:locale\" content=\"es_ES\" \/>\n<meta property=\"og:type\" content=\"article\" \/>\n<meta property=\"og:title\" content=\"Trolcable de M\u00e9rida totaliz\u00f3 casi 22 millones de usuarios movilizados al cumplir siete a\u00f1os de operaciones - DEV RNV\" \/>\n<meta property=\"og:description\" content=\"&nbsp; Este s\u00e1bado, cuando se cumplen siete a\u00f1os de la puesta en servicio del sistema Trolcable, la estatal Troleb\u00fas M\u00e9rida (Tromerca), ente que administra y opera a este transporte vertical, totaliz\u00f3 21.984.673 usuarios movilizados, desde diciembre de 2012. Fue en ese a\u00f1o, cuando los meride\u00f1os celebraron la implementaci\u00f3n de este novedoso sistema de telef\u00e9rico continuo, [&hellip;]\" \/>\n<meta property=\"og:url\" content=\"https:\/\/stage3.rnv.gob.ve\/wp\/trolcable-de-merida-totalizo-casi-22-millones-de-usuarios-movilizados-al-cumplir-siete-anos-de-operaciones\/\" \/>\n<meta property=\"og:site_name\" content=\"DEV RNV\" \/>\n<meta property=\"article:publisher\" content=\"https:\/\/www.facebook.com\/RadioNacionaldeVenezuela\" \/>\n<meta property=\"article:published_time\" content=\"2019-12-14T16:00:21+00:00\" \/>\n<meta name=\"author\" content=\"Nodelys Colmenares\" \/>\n<meta name=\"twitter:card\" content=\"summary_large_image\" \/>\n<meta name=\"twitter:creator\" content=\"@RNVinformativa\" \/>\n<meta name=\"twitter:site\" content=\"@RNVinformativa\" \/>\n<meta name=\"twitter:label1\" content=\"Escrito por\" \/>\n\t<meta name=\"twitter:data1\" content=\"Nodelys Colmenares\" \/>\n\t<meta name=\"twitter:label2\" content=\"Tiempo estimado de lectura\" \/>\n\t<meta name=\"twitter:data2\" content=\"3 minutos\" \/>\n<script type=\"application\/ld+json\" class=\"yoast-schema-graph\">{\"@context\":\"https:\\\/\\\/schema.org\",\"@graph\":[{\"@type\":\"Article\",\"@id\":\"https:\\\/\\\/stage3.rnv.gob.ve\\\/wp\\\/trolcable-de-merida-totalizo-casi-22-millones-de-usuarios-movilizados-al-cumplir-siete-anos-de-operaciones\\\/#article\",\"isPartOf\":{\"@id\":\"https:\\\/\\\/stage3.rnv.gob.ve\\\/wp\\\/trolcable-de-merida-totalizo-casi-22-millones-de-usuarios-movilizados-al-cumplir-siete-anos-de-operaciones\\\/\"},\"author\":{\"name\":\"Nodelys Colmenares\",\"@id\":\"https:\\\/\\\/stage3.rnv.gob.ve\\\/wp\\\/#\\\/schema\\\/person\\\/4a1b8697fa91162d166574c95be82e1d\"},\"headline\":\"Trolcable de M\u00e9rida totaliz\u00f3 casi 22 millones de usuarios movilizados al cumplir siete a\u00f1os de operaciones\",\"datePublished\":\"2019-12-14T16:00:21+00:00\",\"mainEntityOfPage\":{\"@id\":\"https:\\\/\\\/stage3.rnv.gob.ve\\\/wp\\\/trolcable-de-merida-totalizo-casi-22-millones-de-usuarios-movilizados-al-cumplir-siete-anos-de-operaciones\\\/\"},\"wordCount\":599,\"publisher\":{\"@id\":\"https:\\\/\\\/stage3.rnv.gob.ve\\\/wp\\\/#organization\"},\"image\":{\"@id\":\"https:\\\/\\\/stage3.rnv.gob.ve\\\/wp\\\/trolcable-de-merida-totalizo-casi-22-millones-de-usuarios-movilizados-al-cumplir-siete-anos-de-operaciones\\\/#primaryimage\"},\"thumbnailUrl\":\"\",\"keywords\":[\"merida\",\"metrocable\",\"Trolcable\",\"Troleb\u00fas\",\"Tromerca\"],\"articleSection\":[\"RNV\"],\"inLanguage\":\"es\"},{\"@type\":\"WebPage\",\"@id\":\"https:\\\/\\\/stage3.rnv.gob.ve\\\/wp\\\/trolcable-de-merida-totalizo-casi-22-millones-de-usuarios-movilizados-al-cumplir-siete-anos-de-operaciones\\\/\",\"url\":\"https:\\\/\\\/stage3.rnv.gob.ve\\\/wp\\\/trolcable-de-merida-totalizo-casi-22-millones-de-usuarios-movilizados-al-cumplir-siete-anos-de-operaciones\\\/\",\"name\":\"Trolcable de M\u00e9rida totaliz\u00f3 casi 22 millones de usuarios movilizados al cumplir siete a\u00f1os de operaciones - DEV RNV\",\"isPartOf\":{\"@id\":\"https:\\\/\\\/stage3.rnv.gob.ve\\\/wp\\\/#website\"},\"primaryImageOfPage\":{\"@id\":\"https:\\\/\\\/stage3.rnv.gob.ve\\\/wp\\\/trolcable-de-merida-totalizo-casi-22-millones-de-usuarios-movilizados-al-cumplir-siete-anos-de-operaciones\\\/#primaryimage\"},\"image\":{\"@id\":\"https:\\\/\\\/stage3.rnv.gob.ve\\\/wp\\\/trolcable-de-merida-totalizo-casi-22-millones-de-usuarios-movilizados-al-cumplir-siete-anos-de-operaciones\\\/#primaryimage\"},\"thumbnailUrl\":\"\",\"datePublished\":\"2019-12-14T16:00:21+00:00\",\"breadcrumb\":{\"@id\":\"https:\\\/\\\/stage3.rnv.gob.ve\\\/wp\\\/trolcable-de-merida-totalizo-casi-22-millones-de-usuarios-movilizados-al-cumplir-siete-anos-de-operaciones\\\/#breadcrumb\"},\"inLanguage\":\"es\",\"potentialAction\":[{\"@type\":\"ReadAction\",\"target\":[\"https:\\\/\\\/stage3.rnv.gob.ve\\\/wp\\\/trolcable-de-merida-totalizo-casi-22-millones-de-usuarios-movilizados-al-cumplir-siete-anos-de-operaciones\\\/\"]}]},{\"@type\":\"ImageObject\",\"inLanguage\":\"es\",\"@id\":\"https:\\\/\\\/stage3.rnv.gob.ve\\\/wp\\\/trolcable-de-merida-totalizo-casi-22-millones-de-usuarios-movilizados-al-cumplir-siete-anos-de-operaciones\\\/#primaryimage\",\"url\":\"\",\"contentUrl\":\"\"},{\"@type\":\"BreadcrumbList\",\"@id\":\"https:\\\/\\\/stage3.rnv.gob.ve\\\/wp\\\/trolcable-de-merida-totalizo-casi-22-millones-de-usuarios-movilizados-al-cumplir-siete-anos-de-operaciones\\\/#breadcrumb\",\"itemListElement\":[{\"@type\":\"ListItem\",\"position\":1,\"name\":\"Portada\",\"item\":\"https:\\\/\\\/stage3.rnv.gob.ve\\\/wp\\\/\"},{\"@type\":\"ListItem\",\"position\":2,\"name\":\"Trolcable De M\u00e9rida Totaliz\u00f3 Casi 22 Millones De Usuarios Movilizados Al Cumplir Siete A\u00f1os De Operaciones\"}]},{\"@type\":\"WebSite\",\"@id\":\"https:\\\/\\\/stage3.rnv.gob.ve\\\/wp\\\/#website\",\"url\":\"https:\\\/\\\/stage3.rnv.gob.ve\\\/wp\\\/\",\"name\":\"DEV RNV\",\"description\":\"Radio Nacional de Venezuela C.A.\",\"publisher\":{\"@id\":\"https:\\\/\\\/stage3.rnv.gob.ve\\\/wp\\\/#organization\"},\"potentialAction\":[{\"@type\":\"SearchAction\",\"target\":{\"@type\":\"EntryPoint\",\"urlTemplate\":\"https:\\\/\\\/stage3.rnv.gob.ve\\\/wp\\\/?s={search_term_string}\"},\"query-input\":{\"@type\":\"PropertyValueSpecification\",\"valueRequired\":true,\"valueName\":\"search_term_string\"}}],\"inLanguage\":\"es\"},{\"@type\":\"Organization\",\"@id\":\"https:\\\/\\\/stage3.rnv.gob.ve\\\/wp\\\/#organization\",\"name\":\"Radio Nacional de Venezuela C.A.\",\"url\":\"https:\\\/\\\/stage3.rnv.gob.ve\\\/wp\\\/\",\"logo\":{\"@type\":\"ImageObject\",\"inLanguage\":\"es\",\"@id\":\"https:\\\/\\\/stage3.rnv.gob.ve\\\/wp\\\/#\\\/schema\\\/logo\\\/image\\\/\",\"url\":\"http:\\\/\\\/rnv.ddns.net\\\/prensa\\\/wp-content\\\/uploads\\\/2022\\\/04\\\/rnv-1-300x227-1.jpg\",\"contentUrl\":\"http:\\\/\\\/rnv.ddns.net\\\/prensa\\\/wp-content\\\/uploads\\\/2022\\\/04\\\/rnv-1-300x227-1.jpg\",\"width\":800,\"height\":455,\"caption\":\"Radio Nacional de Venezuela C.A.\"},\"image\":{\"@id\":\"https:\\\/\\\/stage3.rnv.gob.ve\\\/wp\\\/#\\\/schema\\\/logo\\\/image\\\/\"},\"sameAs\":[\"https:\\\/\\\/www.facebook.com\\\/RadioNacionaldeVenezuela\",\"https:\\\/\\\/x.com\\\/RNVinformativa\",\"https:\\\/\\\/www.instagram.com\\\/rnvinformativa\\\/\",\"https:\\\/\\\/www.youtube.com\\\/user\\\/RNVContigo\"]},{\"@type\":\"Person\",\"@id\":\"https:\\\/\\\/stage3.rnv.gob.ve\\\/wp\\\/#\\\/schema\\\/person\\\/4a1b8697fa91162d166574c95be82e1d\",\"name\":\"Nodelys Colmenares\",\"url\":\"https:\\\/\\\/stage3.rnv.gob.ve\\\/wp\\\/author\\\/nodelys-colmenares\\\/\"}]}<\/script>\n<!-- \/ Yoast SEO plugin. -->","yoast_head_json":{"title":"Trolcable de M\u00e9rida totaliz\u00f3 casi 22 millones de usuarios movilizados al cumplir siete a\u00f1os de operaciones - DEV RNV","robots":{"index":"noindex","follow":"follow","max-snippet":"max-snippet:-1","max-image-preview":"max-image-preview:large","max-video-preview":"max-video-preview:-1"},"og_locale":"es_ES","og_type":"article","og_title":"Trolcable de M\u00e9rida totaliz\u00f3 casi 22 millones de usuarios movilizados al cumplir siete a\u00f1os de operaciones - DEV RNV","og_description":"&nbsp; Este s\u00e1bado, cuando se cumplen siete a\u00f1os de la puesta en servicio del sistema Trolcable, la estatal Troleb\u00fas M\u00e9rida (Tromerca), ente que administra y opera a este transporte vertical, totaliz\u00f3 21.984.673 usuarios movilizados, desde diciembre de 2012. Fue en ese a\u00f1o, cuando los meride\u00f1os celebraron la implementaci\u00f3n de este novedoso sistema de telef\u00e9rico continuo, [&hellip;]","og_url":"https:\/\/stage3.rnv.gob.ve\/wp\/trolcable-de-merida-totalizo-casi-22-millones-de-usuarios-movilizados-al-cumplir-siete-anos-de-operaciones\/","og_site_name":"DEV RNV","article_publisher":"https:\/\/www.facebook.com\/RadioNacionaldeVenezuela","article_published_time":"2019-12-14T16:00:21+00:00","author":"Nodelys Colmenares","twitter_card":"summary_large_image","twitter_creator":"@RNVinformativa","twitter_site":"@RNVinformativa","twitter_misc":{"Escrito por":"Nodelys Colmenares","Tiempo estimado de lectura":"3 minutos"},"schema":{"@context":"https:\/\/schema.org","@graph":[{"@type":"Article","@id":"https:\/\/stage3.rnv.gob.ve\/wp\/trolcable-de-merida-totalizo-casi-22-millones-de-usuarios-movilizados-al-cumplir-siete-anos-de-operaciones\/#article","isPartOf":{"@id":"https:\/\/stage3.rnv.gob.ve\/wp\/trolcable-de-merida-totalizo-casi-22-millones-de-usuarios-movilizados-al-cumplir-siete-anos-de-operaciones\/"},"author":{"name":"Nodelys Colmenares","@id":"https:\/\/stage3.rnv.gob.ve\/wp\/#\/schema\/person\/4a1b8697fa91162d166574c95be82e1d"},"headline":"Trolcable de M\u00e9rida totaliz\u00f3 casi 22 millones de usuarios movilizados al cumplir siete a\u00f1os de operaciones","datePublished":"2019-12-14T16:00:21+00:00","mainEntityOfPage":{"@id":"https:\/\/stage3.rnv.gob.ve\/wp\/trolcable-de-merida-totalizo-casi-22-millones-de-usuarios-movilizados-al-cumplir-siete-anos-de-operaciones\/"},"wordCount":599,"publisher":{"@id":"https:\/\/stage3.rnv.gob.ve\/wp\/#organization"},"image":{"@id":"https:\/\/stage3.rnv.gob.ve\/wp\/trolcable-de-merida-totalizo-casi-22-millones-de-usuarios-movilizados-al-cumplir-siete-anos-de-operaciones\/#primaryimage"},"thumbnailUrl":"","keywords":["merida","metrocable","Trolcable","Troleb\u00fas","Tromerca"],"articleSection":["RNV"],"inLanguage":"es"},{"@type":"WebPage","@id":"https:\/\/stage3.rnv.gob.ve\/wp\/trolcable-de-merida-totalizo-casi-22-millones-de-usuarios-movilizados-al-cumplir-siete-anos-de-operaciones\/","url":"https:\/\/stage3.rnv.gob.ve\/wp\/trolcable-de-merida-totalizo-casi-22-millones-de-usuarios-movilizados-al-cumplir-siete-anos-de-operaciones\/","name":"Trolcable de M\u00e9rida totaliz\u00f3 casi 22 millones de usuarios movilizados al cumplir siete a\u00f1os de operaciones - DEV RNV","isPartOf":{"@id":"https:\/\/stage3.rnv.gob.ve\/wp\/#website"},"primaryImageOfPage":{"@id":"https:\/\/stage3.rnv.gob.ve\/wp\/trolcable-de-merida-totalizo-casi-22-millones-de-usuarios-movilizados-al-cumplir-siete-anos-de-operaciones\/#primaryimage"},"image":{"@id":"https:\/\/stage3.rnv.gob.ve\/wp\/trolcable-de-merida-totalizo-casi-22-millones-de-usuarios-movilizados-al-cumplir-siete-anos-de-operaciones\/#primaryimage"},"thumbnailUrl":"","datePublished":"2019-12-14T16:00:21+00:00","breadcrumb":{"@id":"https:\/\/stage3.rnv.gob.ve\/wp\/trolcable-de-merida-totalizo-casi-22-millones-de-usuarios-movilizados-al-cumplir-siete-anos-de-operaciones\/#breadcrumb"},"inLanguage":"es","potentialAction":[{"@type":"ReadAction","target":["https:\/\/stage3.rnv.gob.ve\/wp\/trolcable-de-merida-totalizo-casi-22-millones-de-usuarios-movilizados-al-cumplir-siete-anos-de-operaciones\/"]}]},{"@type":"ImageObject","inLanguage":"es","@id":"https:\/\/stage3.rnv.gob.ve\/wp\/trolcable-de-merida-totalizo-casi-22-millones-de-usuarios-movilizados-al-cumplir-siete-anos-de-operaciones\/#primaryimage","url":"","contentUrl":""},{"@type":"BreadcrumbList","@id":"https:\/\/stage3.rnv.gob.ve\/wp\/trolcable-de-merida-totalizo-casi-22-millones-de-usuarios-movilizados-al-cumplir-siete-anos-de-operaciones\/#breadcrumb","itemListElement":[{"@type":"ListItem","position":1,"name":"Portada","item":"https:\/\/stage3.rnv.gob.ve\/wp\/"},{"@type":"ListItem","position":2,"name":"Trolcable De M\u00e9rida Totaliz\u00f3 Casi 22 Millones De Usuarios Movilizados Al Cumplir Siete A\u00f1os De Operaciones"}]},{"@type":"WebSite","@id":"https:\/\/stage3.rnv.gob.ve\/wp\/#website","url":"https:\/\/stage3.rnv.gob.ve\/wp\/","name":"DEV RNV","description":"Radio Nacional de Venezuela C.A.","publisher":{"@id":"https:\/\/stage3.rnv.gob.ve\/wp\/#organization"},"potentialAction":[{"@type":"SearchAction","target":{"@type":"EntryPoint","urlTemplate":"https:\/\/stage3.rnv.gob.ve\/wp\/?s={search_term_string}"},"query-input":{"@type":"PropertyValueSpecification","valueRequired":true,"valueName":"search_term_string"}}],"inLanguage":"es"},{"@type":"Organization","@id":"https:\/\/stage3.rnv.gob.ve\/wp\/#organization","name":"Radio Nacional de Venezuela C.A.","url":"https:\/\/stage3.rnv.gob.ve\/wp\/","logo":{"@type":"ImageObject","inLanguage":"es","@id":"https:\/\/stage3.rnv.gob.ve\/wp\/#\/schema\/logo\/image\/","url":"http:\/\/rnv.ddns.net\/prensa\/wp-content\/uploads\/2022\/04\/rnv-1-300x227-1.jpg","contentUrl":"http:\/\/rnv.ddns.net\/prensa\/wp-content\/uploads\/2022\/04\/rnv-1-300x227-1.jpg","width":800,"height":455,"caption":"Radio Nacional de Venezuela C.A."},"image":{"@id":"https:\/\/stage3.rnv.gob.ve\/wp\/#\/schema\/logo\/image\/"},"sameAs":["https:\/\/www.facebook.com\/RadioNacionaldeVenezuela","https:\/\/x.com\/RNVinformativa","https:\/\/www.instagram.com\/rnvinformativa\/","https:\/\/www.youtube.com\/user\/RNVContigo"]},{"@type":"Person","@id":"https:\/\/stage3.rnv.gob.ve\/wp\/#\/schema\/person\/4a1b8697fa91162d166574c95be82e1d","name":"Nodelys Colmenares","url":"https:\/\/stage3.rnv.gob.ve\/wp\/author\/nodelys-colmenares\/"}]}},"jetpack_featured_media_url":"","_links":{"self":[{"href":"https:\/\/stage3.rnv.gob.ve\/wp\/wp-json\/wp\/v2\/posts\/285184","targetHints":{"allow":["GET"]}}],"collection":[{"href":"https:\/\/stage3.rnv.gob.ve\/wp\/wp-json\/wp\/v2\/posts"}],"about":[{"href":"https:\/\/stage3.rnv.gob.ve\/wp\/wp-json\/wp\/v2\/types\/post"}],"author":[{"embeddable":true,"href":"https:\/\/stage3.rnv.gob.ve\/wp\/wp-json\/wp\/v2\/users\/38"}],"replies":[{"embeddable":true,"href":"https:\/\/stage3.rnv.gob.ve\/wp\/wp-json\/wp\/v2\/comments?post=285184"}],"version-history":[{"count":0,"href":"https:\/\/stage3.rnv.gob.ve\/wp\/wp-json\/wp\/v2\/posts\/285184\/revisions"}],"wp:featuredmedia":[{"embeddable":true,"href":"https:\/\/stage3.rnv.gob.ve\/wp\/wp-json\/"}],"wp:attachment":[{"href":"https:\/\/stage3.rnv.gob.ve\/wp\/wp-json\/wp\/v2\/media?parent=285184"}],"wp:term":[{"taxonomy":"category","embeddable":true,"href":"https:\/\/stage3.rnv.gob.ve\/wp\/wp-json\/wp\/v2\/categories?post=285184"},{"taxonomy":"post_tag","embeddable":true,"href":"https:\/\/stage3.rnv.gob.ve\/wp\/wp-json\/wp\/v2\/tags?post=285184"}],"curies":[{"name":"wp","href":"https:\/\/api.w.org\/{rel}","templated":true}]}}