{"id":285150,"date":"2019-12-13T21:15:37","date_gmt":"2019-12-14T01:45:37","guid":{"rendered":"https:\/\/stage3.rnv.gob.ve\/wp\/?p=285150"},"modified":"2019-12-13T21:15:37","modified_gmt":"2019-12-14T01:45:37","slug":"declarado-luto-nacional-en-chile-por-victimas-de-avion-desaparecido","status":"publish","type":"post","link":"https:\/\/stage3.rnv.gob.ve\/wp\/declarado-luto-nacional-en-chile-por-victimas-de-avion-desaparecido\/","title":{"rendered":"Declarado luto nacional en Chile por v\u00edctimas de avi\u00f3n desaparecido"},"content":{"rendered":"<p><img fetchpriority=\"high\" decoding=\"async\" class=\"alignnone wp-image-285155\" src=\"https:\/\/stage3.rnv.gob.ve\/wp\/wp-content\/uploads\/2019\/12\/Chile.jpeg\" alt=\"\" width=\"500\" height=\"315\" \/><\/p>\n<p style=\"text-align: justify;\">El presidente de <strong>Chile<\/strong>, <strong>Sebasti\u00e1n Pi\u00f1era<\/strong>, decret\u00f3 dos d\u00edas de luto nacional por las v\u00edctimas que se encontraban en el avi\u00f3n de la Fuerza \u00c1rea de la naci\u00f3n, desaparecido el pasado lunes.<\/p>\n<p style=\"text-align: justify;\">En el avi\u00f3n se encontraban 38 personas a bordo, <strong>17 tripulantes y 21 pasajeros,<\/strong> y se dirig\u00eda a la Ant\u00e1rtica.<\/p>\n<p style=\"text-align: justify;\">\u00abEl Gobierno de Chile informa que el<strong> Presidente de la Rep\u00fablica, Sebasti\u00e1n Pi\u00f1era<\/strong>, ha instruido decretar dos d\u00edas de <strong>Duelo Nacional<\/strong> a ra\u00edz de la tragedia a\u00e9rea ocurrida en la Regi\u00f3n de Magallanes y la Ant\u00e1rtica, donde un avi\u00f3n de la Fuerza A\u00e9rea sufri\u00f3 un accidente que, dada su magnitud, habr\u00eda provocado que 38 compatriotas perdieran la vida\u00bb, expresa el comunicado publicado en la red social Twitter de la Presidencia chilena.<\/p>\n<p style=\"text-align: justify;\">En este sentido, detalla el texto, el <strong>duelo nacional<\/strong> entrar\u00e1 en vigor la ma\u00f1ana de este s\u00e1bado hasta el domingo 15 de diciembre.<\/p>\n<p style=\"text-align: justify;\">Como parte de los honores, se izar\u00e1 la <strong>Bandera Nacional<\/strong> a media asta en las sedes de los Poderes P\u00fablicos, todos los componentes de la Fuerza Armada chilena, as\u00ed como de las oficinas e instituciones p\u00fablicas.<\/p>\n<p style=\"text-align: justify;\">\u00abAdem\u00e1s, se suspender\u00e1n los <strong>actos de Gobierno<\/strong> que revistan car\u00e1cter de festejo. Las personas y entidades particulares que quieran sumarse, pueden hacerlo en igual forma y oportunidad\u00bb, recalca el comunicado.<\/p>\n<p style=\"text-align: justify;\">La <strong>Fuerza A\u00e9rea de Chile<\/strong> (FACh) inform\u00f3 este mi\u00e9rcoles, a trav\u00e9s de un comunicado, que encontraron restos de del avi\u00f3n C-130 siniestrado en la noche de lunes.<br \/>\nEn el comunicado, se detall\u00f3 que el hallazgo fue realizado por el buque de bandera chilena Antartic Endevour el cual indic\u00f3 que podr\u00edan ser parte de restos de las esponjas de los estanques internos de combustible del C-130.<\/p>\n<p><strong>T\/AVN<\/strong><\/p>\n","protected":false},"excerpt":{"rendered":"<p>El presidente de Chile, Sebasti\u00e1n Pi\u00f1era, decret\u00f3 dos d\u00edas de luto nacional por las v\u00edctimas que se encontraban en el avi\u00f3n de la Fuerza \u00c1rea de la naci\u00f3n, desaparecido el pasado lunes. En el avi\u00f3n se encontraban 38 personas a bordo, 17 tripulantes y 21 pasajeros, y se dirig\u00eda a la Ant\u00e1rtica. \u00abEl Gobierno de [&hellip;]<\/p>\n","protected":false},"author":42,"featured_media":285155,"comment_status":"closed","ping_status":"open","sticky":false,"template":"","format":"standard","meta":{"_acf_changed":false,"footnotes":""},"categories":[61,1],"tags":[24028,1764,18886],"class_list":["post-285150","post","type-post","status-publish","format-standard","has-post-thumbnail","hentry","category-internacional","category-rnv","tag-avion-desaparecido","tag-chile","tag-sebastian-pinera"],"acf":[],"yoast_head":"<!-- This site is optimized with the Yoast SEO plugin v27.4 - https:\/\/yoast.com\/product\/yoast-seo-wordpress\/ -->\n<title>Declarado luto nacional en Chile por v\u00edctimas de avi\u00f3n desaparecido - DEV RNV<\/title>\n<meta name=\"robots\" content=\"noindex, follow, max-snippet:-1, max-image-preview:large, max-video-preview:-1\" \/>\n<meta property=\"og:locale\" content=\"es_ES\" \/>\n<meta property=\"og:type\" content=\"article\" \/>\n<meta property=\"og:title\" content=\"Declarado luto nacional en Chile por v\u00edctimas de avi\u00f3n desaparecido - DEV RNV\" \/>\n<meta property=\"og:description\" content=\"El presidente de Chile, Sebasti\u00e1n Pi\u00f1era, decret\u00f3 dos d\u00edas de luto nacional por las v\u00edctimas que se encontraban en el avi\u00f3n de la Fuerza \u00c1rea de la naci\u00f3n, desaparecido el pasado lunes. En el avi\u00f3n se encontraban 38 personas a bordo, 17 tripulantes y 21 pasajeros, y se dirig\u00eda a la Ant\u00e1rtica. \u00abEl Gobierno de [&hellip;]\" \/>\n<meta property=\"og:url\" content=\"https:\/\/stage3.rnv.gob.ve\/wp\/declarado-luto-nacional-en-chile-por-victimas-de-avion-desaparecido\/\" \/>\n<meta property=\"og:site_name\" content=\"DEV RNV\" \/>\n<meta property=\"article:publisher\" content=\"https:\/\/www.facebook.com\/RadioNacionaldeVenezuela\" \/>\n<meta property=\"article:published_time\" content=\"2019-12-14T01:45:37+00:00\" \/>\n<meta name=\"author\" content=\"Nelson Algueida\" \/>\n<meta name=\"twitter:card\" content=\"summary_large_image\" \/>\n<meta name=\"twitter:creator\" content=\"@RNVinformativa\" \/>\n<meta name=\"twitter:site\" content=\"@RNVinformativa\" \/>\n<meta name=\"twitter:label1\" content=\"Escrito por\" \/>\n\t<meta name=\"twitter:data1\" content=\"Nelson Algueida\" \/>\n\t<meta name=\"twitter:label2\" content=\"Tiempo estimado de lectura\" \/>\n\t<meta name=\"twitter:data2\" content=\"2 minutos\" \/>\n<script type=\"application\/ld+json\" class=\"yoast-schema-graph\">{\"@context\":\"https:\\\/\\\/schema.org\",\"@graph\":[{\"@type\":\"Article\",\"@id\":\"https:\\\/\\\/stage3.rnv.gob.ve\\\/wp\\\/declarado-luto-nacional-en-chile-por-victimas-de-avion-desaparecido\\\/#article\",\"isPartOf\":{\"@id\":\"https:\\\/\\\/stage3.rnv.gob.ve\\\/wp\\\/declarado-luto-nacional-en-chile-por-victimas-de-avion-desaparecido\\\/\"},\"author\":{\"name\":\"Nelson Algueida\",\"@id\":\"https:\\\/\\\/stage3.rnv.gob.ve\\\/wp\\\/#\\\/schema\\\/person\\\/bf78d2c2bfb49c84c0730e0b1eca198f\"},\"headline\":\"Declarado luto nacional en Chile por v\u00edctimas de avi\u00f3n desaparecido\",\"datePublished\":\"2019-12-14T01:45:37+00:00\",\"mainEntityOfPage\":{\"@id\":\"https:\\\/\\\/stage3.rnv.gob.ve\\\/wp\\\/declarado-luto-nacional-en-chile-por-victimas-de-avion-desaparecido\\\/\"},\"wordCount\":318,\"publisher\":{\"@id\":\"https:\\\/\\\/stage3.rnv.gob.ve\\\/wp\\\/#organization\"},\"image\":{\"@id\":\"https:\\\/\\\/stage3.rnv.gob.ve\\\/wp\\\/declarado-luto-nacional-en-chile-por-victimas-de-avion-desaparecido\\\/#primaryimage\"},\"thumbnailUrl\":\"\",\"keywords\":[\"Avi\u00f3n desaparecido\",\"chile\",\"sebastian pi\u00f1era\"],\"articleSection\":[\"Internacional\",\"RNV\"],\"inLanguage\":\"es\"},{\"@type\":\"WebPage\",\"@id\":\"https:\\\/\\\/stage3.rnv.gob.ve\\\/wp\\\/declarado-luto-nacional-en-chile-por-victimas-de-avion-desaparecido\\\/\",\"url\":\"https:\\\/\\\/stage3.rnv.gob.ve\\\/wp\\\/declarado-luto-nacional-en-chile-por-victimas-de-avion-desaparecido\\\/\",\"name\":\"Declarado luto nacional en Chile por v\u00edctimas de avi\u00f3n desaparecido - DEV RNV\",\"isPartOf\":{\"@id\":\"https:\\\/\\\/stage3.rnv.gob.ve\\\/wp\\\/#website\"},\"primaryImageOfPage\":{\"@id\":\"https:\\\/\\\/stage3.rnv.gob.ve\\\/wp\\\/declarado-luto-nacional-en-chile-por-victimas-de-avion-desaparecido\\\/#primaryimage\"},\"image\":{\"@id\":\"https:\\\/\\\/stage3.rnv.gob.ve\\\/wp\\\/declarado-luto-nacional-en-chile-por-victimas-de-avion-desaparecido\\\/#primaryimage\"},\"thumbnailUrl\":\"\",\"datePublished\":\"2019-12-14T01:45:37+00:00\",\"breadcrumb\":{\"@id\":\"https:\\\/\\\/stage3.rnv.gob.ve\\\/wp\\\/declarado-luto-nacional-en-chile-por-victimas-de-avion-desaparecido\\\/#breadcrumb\"},\"inLanguage\":\"es\",\"potentialAction\":[{\"@type\":\"ReadAction\",\"target\":[\"https:\\\/\\\/stage3.rnv.gob.ve\\\/wp\\\/declarado-luto-nacional-en-chile-por-victimas-de-avion-desaparecido\\\/\"]}]},{\"@type\":\"ImageObject\",\"inLanguage\":\"es\",\"@id\":\"https:\\\/\\\/stage3.rnv.gob.ve\\\/wp\\\/declarado-luto-nacional-en-chile-por-victimas-de-avion-desaparecido\\\/#primaryimage\",\"url\":\"\",\"contentUrl\":\"\"},{\"@type\":\"BreadcrumbList\",\"@id\":\"https:\\\/\\\/stage3.rnv.gob.ve\\\/wp\\\/declarado-luto-nacional-en-chile-por-victimas-de-avion-desaparecido\\\/#breadcrumb\",\"itemListElement\":[{\"@type\":\"ListItem\",\"position\":1,\"name\":\"Portada\",\"item\":\"https:\\\/\\\/stage3.rnv.gob.ve\\\/wp\\\/\"},{\"@type\":\"ListItem\",\"position\":2,\"name\":\"Declarado Luto Nacional En Chile Por V\u00edctimas De Avi\u00f3n Desaparecido\"}]},{\"@type\":\"WebSite\",\"@id\":\"https:\\\/\\\/stage3.rnv.gob.ve\\\/wp\\\/#website\",\"url\":\"https:\\\/\\\/stage3.rnv.gob.ve\\\/wp\\\/\",\"name\":\"DEV RNV\",\"description\":\"Radio Nacional de Venezuela C.A.\",\"publisher\":{\"@id\":\"https:\\\/\\\/stage3.rnv.gob.ve\\\/wp\\\/#organization\"},\"potentialAction\":[{\"@type\":\"SearchAction\",\"target\":{\"@type\":\"EntryPoint\",\"urlTemplate\":\"https:\\\/\\\/stage3.rnv.gob.ve\\\/wp\\\/?s={search_term_string}\"},\"query-input\":{\"@type\":\"PropertyValueSpecification\",\"valueRequired\":true,\"valueName\":\"search_term_string\"}}],\"inLanguage\":\"es\"},{\"@type\":\"Organization\",\"@id\":\"https:\\\/\\\/stage3.rnv.gob.ve\\\/wp\\\/#organization\",\"name\":\"Radio Nacional de Venezuela C.A.\",\"url\":\"https:\\\/\\\/stage3.rnv.gob.ve\\\/wp\\\/\",\"logo\":{\"@type\":\"ImageObject\",\"inLanguage\":\"es\",\"@id\":\"https:\\\/\\\/stage3.rnv.gob.ve\\\/wp\\\/#\\\/schema\\\/logo\\\/image\\\/\",\"url\":\"http:\\\/\\\/rnv.ddns.net\\\/prensa\\\/wp-content\\\/uploads\\\/2022\\\/04\\\/rnv-1-300x227-1.jpg\",\"contentUrl\":\"http:\\\/\\\/rnv.ddns.net\\\/prensa\\\/wp-content\\\/uploads\\\/2022\\\/04\\\/rnv-1-300x227-1.jpg\",\"width\":800,\"height\":455,\"caption\":\"Radio Nacional de Venezuela C.A.\"},\"image\":{\"@id\":\"https:\\\/\\\/stage3.rnv.gob.ve\\\/wp\\\/#\\\/schema\\\/logo\\\/image\\\/\"},\"sameAs\":[\"https:\\\/\\\/www.facebook.com\\\/RadioNacionaldeVenezuela\",\"https:\\\/\\\/x.com\\\/RNVinformativa\",\"https:\\\/\\\/www.instagram.com\\\/rnvinformativa\\\/\",\"https:\\\/\\\/www.youtube.com\\\/user\\\/RNVContigo\"]},{\"@type\":\"Person\",\"@id\":\"https:\\\/\\\/stage3.rnv.gob.ve\\\/wp\\\/#\\\/schema\\\/person\\\/bf78d2c2bfb49c84c0730e0b1eca198f\",\"name\":\"Nelson Algueida\",\"url\":\"https:\\\/\\\/stage3.rnv.gob.ve\\\/wp\\\/author\\\/nelson-algueida\\\/\"}]}<\/script>\n<!-- \/ Yoast SEO plugin. -->","yoast_head_json":{"title":"Declarado luto nacional en Chile por v\u00edctimas de avi\u00f3n desaparecido - DEV RNV","robots":{"index":"noindex","follow":"follow","max-snippet":"max-snippet:-1","max-image-preview":"max-image-preview:large","max-video-preview":"max-video-preview:-1"},"og_locale":"es_ES","og_type":"article","og_title":"Declarado luto nacional en Chile por v\u00edctimas de avi\u00f3n desaparecido - DEV RNV","og_description":"El presidente de Chile, Sebasti\u00e1n Pi\u00f1era, decret\u00f3 dos d\u00edas de luto nacional por las v\u00edctimas que se encontraban en el avi\u00f3n de la Fuerza \u00c1rea de la naci\u00f3n, desaparecido el pasado lunes. En el avi\u00f3n se encontraban 38 personas a bordo, 17 tripulantes y 21 pasajeros, y se dirig\u00eda a la Ant\u00e1rtica. \u00abEl Gobierno de [&hellip;]","og_url":"https:\/\/stage3.rnv.gob.ve\/wp\/declarado-luto-nacional-en-chile-por-victimas-de-avion-desaparecido\/","og_site_name":"DEV RNV","article_publisher":"https:\/\/www.facebook.com\/RadioNacionaldeVenezuela","article_published_time":"2019-12-14T01:45:37+00:00","author":"Nelson Algueida","twitter_card":"summary_large_image","twitter_creator":"@RNVinformativa","twitter_site":"@RNVinformativa","twitter_misc":{"Escrito por":"Nelson Algueida","Tiempo estimado de lectura":"2 minutos"},"schema":{"@context":"https:\/\/schema.org","@graph":[{"@type":"Article","@id":"https:\/\/stage3.rnv.gob.ve\/wp\/declarado-luto-nacional-en-chile-por-victimas-de-avion-desaparecido\/#article","isPartOf":{"@id":"https:\/\/stage3.rnv.gob.ve\/wp\/declarado-luto-nacional-en-chile-por-victimas-de-avion-desaparecido\/"},"author":{"name":"Nelson Algueida","@id":"https:\/\/stage3.rnv.gob.ve\/wp\/#\/schema\/person\/bf78d2c2bfb49c84c0730e0b1eca198f"},"headline":"Declarado luto nacional en Chile por v\u00edctimas de avi\u00f3n desaparecido","datePublished":"2019-12-14T01:45:37+00:00","mainEntityOfPage":{"@id":"https:\/\/stage3.rnv.gob.ve\/wp\/declarado-luto-nacional-en-chile-por-victimas-de-avion-desaparecido\/"},"wordCount":318,"publisher":{"@id":"https:\/\/stage3.rnv.gob.ve\/wp\/#organization"},"image":{"@id":"https:\/\/stage3.rnv.gob.ve\/wp\/declarado-luto-nacional-en-chile-por-victimas-de-avion-desaparecido\/#primaryimage"},"thumbnailUrl":"","keywords":["Avi\u00f3n desaparecido","chile","sebastian pi\u00f1era"],"articleSection":["Internacional","RNV"],"inLanguage":"es"},{"@type":"WebPage","@id":"https:\/\/stage3.rnv.gob.ve\/wp\/declarado-luto-nacional-en-chile-por-victimas-de-avion-desaparecido\/","url":"https:\/\/stage3.rnv.gob.ve\/wp\/declarado-luto-nacional-en-chile-por-victimas-de-avion-desaparecido\/","name":"Declarado luto nacional en Chile por v\u00edctimas de avi\u00f3n desaparecido - DEV RNV","isPartOf":{"@id":"https:\/\/stage3.rnv.gob.ve\/wp\/#website"},"primaryImageOfPage":{"@id":"https:\/\/stage3.rnv.gob.ve\/wp\/declarado-luto-nacional-en-chile-por-victimas-de-avion-desaparecido\/#primaryimage"},"image":{"@id":"https:\/\/stage3.rnv.gob.ve\/wp\/declarado-luto-nacional-en-chile-por-victimas-de-avion-desaparecido\/#primaryimage"},"thumbnailUrl":"","datePublished":"2019-12-14T01:45:37+00:00","breadcrumb":{"@id":"https:\/\/stage3.rnv.gob.ve\/wp\/declarado-luto-nacional-en-chile-por-victimas-de-avion-desaparecido\/#breadcrumb"},"inLanguage":"es","potentialAction":[{"@type":"ReadAction","target":["https:\/\/stage3.rnv.gob.ve\/wp\/declarado-luto-nacional-en-chile-por-victimas-de-avion-desaparecido\/"]}]},{"@type":"ImageObject","inLanguage":"es","@id":"https:\/\/stage3.rnv.gob.ve\/wp\/declarado-luto-nacional-en-chile-por-victimas-de-avion-desaparecido\/#primaryimage","url":"","contentUrl":""},{"@type":"BreadcrumbList","@id":"https:\/\/stage3.rnv.gob.ve\/wp\/declarado-luto-nacional-en-chile-por-victimas-de-avion-desaparecido\/#breadcrumb","itemListElement":[{"@type":"ListItem","position":1,"name":"Portada","item":"https:\/\/stage3.rnv.gob.ve\/wp\/"},{"@type":"ListItem","position":2,"name":"Declarado Luto Nacional En Chile Por V\u00edctimas De Avi\u00f3n Desaparecido"}]},{"@type":"WebSite","@id":"https:\/\/stage3.rnv.gob.ve\/wp\/#website","url":"https:\/\/stage3.rnv.gob.ve\/wp\/","name":"DEV RNV","description":"Radio Nacional de Venezuela C.A.","publisher":{"@id":"https:\/\/stage3.rnv.gob.ve\/wp\/#organization"},"potentialAction":[{"@type":"SearchAction","target":{"@type":"EntryPoint","urlTemplate":"https:\/\/stage3.rnv.gob.ve\/wp\/?s={search_term_string}"},"query-input":{"@type":"PropertyValueSpecification","valueRequired":true,"valueName":"search_term_string"}}],"inLanguage":"es"},{"@type":"Organization","@id":"https:\/\/stage3.rnv.gob.ve\/wp\/#organization","name":"Radio Nacional de Venezuela C.A.","url":"https:\/\/stage3.rnv.gob.ve\/wp\/","logo":{"@type":"ImageObject","inLanguage":"es","@id":"https:\/\/stage3.rnv.gob.ve\/wp\/#\/schema\/logo\/image\/","url":"http:\/\/rnv.ddns.net\/prensa\/wp-content\/uploads\/2022\/04\/rnv-1-300x227-1.jpg","contentUrl":"http:\/\/rnv.ddns.net\/prensa\/wp-content\/uploads\/2022\/04\/rnv-1-300x227-1.jpg","width":800,"height":455,"caption":"Radio Nacional de Venezuela C.A."},"image":{"@id":"https:\/\/stage3.rnv.gob.ve\/wp\/#\/schema\/logo\/image\/"},"sameAs":["https:\/\/www.facebook.com\/RadioNacionaldeVenezuela","https:\/\/x.com\/RNVinformativa","https:\/\/www.instagram.com\/rnvinformativa\/","https:\/\/www.youtube.com\/user\/RNVContigo"]},{"@type":"Person","@id":"https:\/\/stage3.rnv.gob.ve\/wp\/#\/schema\/person\/bf78d2c2bfb49c84c0730e0b1eca198f","name":"Nelson Algueida","url":"https:\/\/stage3.rnv.gob.ve\/wp\/author\/nelson-algueida\/"}]}},"jetpack_featured_media_url":"","_links":{"self":[{"href":"https:\/\/stage3.rnv.gob.ve\/wp\/wp-json\/wp\/v2\/posts\/285150","targetHints":{"allow":["GET"]}}],"collection":[{"href":"https:\/\/stage3.rnv.gob.ve\/wp\/wp-json\/wp\/v2\/posts"}],"about":[{"href":"https:\/\/stage3.rnv.gob.ve\/wp\/wp-json\/wp\/v2\/types\/post"}],"author":[{"embeddable":true,"href":"https:\/\/stage3.rnv.gob.ve\/wp\/wp-json\/wp\/v2\/users\/42"}],"replies":[{"embeddable":true,"href":"https:\/\/stage3.rnv.gob.ve\/wp\/wp-json\/wp\/v2\/comments?post=285150"}],"version-history":[{"count":0,"href":"https:\/\/stage3.rnv.gob.ve\/wp\/wp-json\/wp\/v2\/posts\/285150\/revisions"}],"wp:featuredmedia":[{"embeddable":true,"href":"https:\/\/stage3.rnv.gob.ve\/wp\/wp-json\/"}],"wp:attachment":[{"href":"https:\/\/stage3.rnv.gob.ve\/wp\/wp-json\/wp\/v2\/media?parent=285150"}],"wp:term":[{"taxonomy":"category","embeddable":true,"href":"https:\/\/stage3.rnv.gob.ve\/wp\/wp-json\/wp\/v2\/categories?post=285150"},{"taxonomy":"post_tag","embeddable":true,"href":"https:\/\/stage3.rnv.gob.ve\/wp\/wp-json\/wp\/v2\/tags?post=285150"}],"curies":[{"name":"wp","href":"https:\/\/api.w.org\/{rel}","templated":true}]}}