{"id":284378,"date":"2019-12-05T19:42:31","date_gmt":"2019-12-06T00:12:31","guid":{"rendered":"https:\/\/stage3.rnv.gob.ve\/wp\/?p=284378"},"modified":"2019-12-05T19:42:31","modified_gmt":"2019-12-06T00:12:31","slug":"inauguran-la-navidad-en-el-paseo-la-nacionalidad","status":"publish","type":"post","link":"https:\/\/stage3.rnv.gob.ve\/wp\/inauguran-la-navidad-en-el-paseo-la-nacionalidad\/","title":{"rendered":"Inauguran la Navidad en el Paseo La Nacionalidad"},"content":{"rendered":"<p><img fetchpriority=\"high\" decoding=\"async\" class=\"alignnone wp-image-284379\" src=\"https:\/\/stage3.rnv.gob.ve\/wp\/wp-content\/uploads\/2019\/12\/Ilustres.jpg\" alt=\"\" width=\"500\" height=\"333\" \/><\/p>\n<p style=\"text-align: justify;\">La noche de este mi\u00e9rcoles el <strong>Gobierno Nacional<\/strong> dio inicio a las festividades navide\u00f1as en las adyacencias de la avenida Los Ilustres de la ciudad de <strong>Caracas<\/strong>, con la rehabilitaci\u00f3n del <strong>Paseo La Nacionalidad<\/strong> a trav\u00e9s de la <strong>Misi\u00f3n Venezuela Bella<\/strong>.<\/p>\n<p style=\"text-align: justify;\">La <strong>jefe del<\/strong> <strong>Gobierno del Distrito Capital, Carolina Cestari<\/strong>, inform\u00f3 que esta obra forma parte de los 62 puntos de la ciudad en los que la referida misi\u00f3n interviene en aras de acondicionar y embellecer espacios para el disfrute de los capitalinos y en general de los venezolanos.<\/p>\n<p style=\"text-align: justify;\">\u201cEsta obra maravillosa que es todo el <strong>Paseo la Nacionalidad<\/strong> aqu\u00ed en la avenida Los Ilustres. <strong>Presidente Nicol\u00e1s Maduro<\/strong> el pueblo de Caracas le agradece infinitamente su voluntad de lucha, su resistencia y el cumplimento de la palabra en esta maravillosa obra\u201d, expres\u00f3 la funcionaria.<\/p>\n<p style=\"text-align: justify;\"><strong>Cestari<\/strong> explic\u00f3 que este tipo de acciones se realizan en coordinaci\u00f3n con el Ejecutivo Nacional, la Alcald\u00eda del municipio Libertador y la <strong>Misi\u00f3n Barrio Nuevo, Barrio Tricolor<\/strong>, as\u00ed como diversos actores del sector privado.<\/p>\n<p style=\"text-align: justify;\">\u201cTodos trabajando articuladamente en una estrecha alianza con el sector privado, estamos entregado hoy este paso\u201d, indic\u00f3 en compa\u00f1\u00eda del vicepresidente Sectorial de Comunicaci\u00f3n, Cultura y Turismo, <strong>Jorge Rodr\u00edguez<\/strong>.<\/p>\n<p style=\"text-align: justify;\">En la plaza de <strong>Bellas Artes, Parque Carabobo y Plaza Bol\u00edvar<\/strong>, tambi\u00e9n se ejecutan labores de recuperaci\u00f3n del espacio p\u00fablico, adem\u00e1s de las autopistas de la capital, recalc\u00f3, al tiempo que dijo que pronto iniciar\u00e1n con el plan de bacheo.<\/p>\n<p><strong>T\/AVN<\/strong><\/p>\n","protected":false},"excerpt":{"rendered":"<p>La noche de este mi\u00e9rcoles el Gobierno Nacional dio inicio a las festividades navide\u00f1as en las adyacencias de la avenida Los Ilustres de la ciudad de Caracas, con la rehabilitaci\u00f3n del Paseo La Nacionalidad a trav\u00e9s de la Misi\u00f3n Venezuela Bella. La jefe del Gobierno del Distrito Capital, Carolina Cestari, inform\u00f3 que esta obra forma [&hellip;]<\/p>\n","protected":false},"author":42,"featured_media":284379,"comment_status":"closed","ping_status":"open","sticky":false,"template":"","format":"standard","meta":{"_acf_changed":false,"footnotes":""},"categories":[65],"tags":[11759,19799,23150,23871],"class_list":["post-284378","post","type-post","status-publish","format-standard","has-post-thumbnail","hentry","category-nacional","tag-carolina-cestari","tag-mision-venezuela-bella","tag-navidades-felices-2020","tag-paseo-la-nacionalidad"],"acf":[],"yoast_head":"<!-- This site is optimized with the Yoast SEO plugin v27.4 - https:\/\/yoast.com\/product\/yoast-seo-wordpress\/ -->\n<title>Inauguran la Navidad en el Paseo La Nacionalidad - DEV RNV<\/title>\n<meta name=\"robots\" content=\"noindex, follow, max-snippet:-1, max-image-preview:large, max-video-preview:-1\" \/>\n<meta property=\"og:locale\" content=\"es_ES\" \/>\n<meta property=\"og:type\" content=\"article\" \/>\n<meta property=\"og:title\" content=\"Inauguran la Navidad en el Paseo La Nacionalidad - DEV RNV\" \/>\n<meta property=\"og:description\" content=\"La noche de este mi\u00e9rcoles el Gobierno Nacional dio inicio a las festividades navide\u00f1as en las adyacencias de la avenida Los Ilustres de la ciudad de Caracas, con la rehabilitaci\u00f3n del Paseo La Nacionalidad a trav\u00e9s de la Misi\u00f3n Venezuela Bella. La jefe del Gobierno del Distrito Capital, Carolina Cestari, inform\u00f3 que esta obra forma [&hellip;]\" \/>\n<meta property=\"og:url\" content=\"https:\/\/stage3.rnv.gob.ve\/wp\/inauguran-la-navidad-en-el-paseo-la-nacionalidad\/\" \/>\n<meta property=\"og:site_name\" content=\"DEV RNV\" \/>\n<meta property=\"article:publisher\" content=\"https:\/\/www.facebook.com\/RadioNacionaldeVenezuela\" \/>\n<meta property=\"article:published_time\" content=\"2019-12-06T00:12:31+00:00\" \/>\n<meta name=\"author\" content=\"Nelson Algueida\" \/>\n<meta name=\"twitter:card\" content=\"summary_large_image\" \/>\n<meta name=\"twitter:creator\" content=\"@RNVinformativa\" \/>\n<meta name=\"twitter:site\" content=\"@RNVinformativa\" \/>\n<meta name=\"twitter:label1\" content=\"Escrito por\" \/>\n\t<meta name=\"twitter:data1\" content=\"Nelson Algueida\" \/>\n\t<meta name=\"twitter:label2\" content=\"Tiempo estimado de lectura\" \/>\n\t<meta name=\"twitter:data2\" content=\"1 minuto\" \/>\n<script type=\"application\/ld+json\" class=\"yoast-schema-graph\">{\"@context\":\"https:\\\/\\\/schema.org\",\"@graph\":[{\"@type\":\"Article\",\"@id\":\"https:\\\/\\\/stage3.rnv.gob.ve\\\/wp\\\/inauguran-la-navidad-en-el-paseo-la-nacionalidad\\\/#article\",\"isPartOf\":{\"@id\":\"https:\\\/\\\/stage3.rnv.gob.ve\\\/wp\\\/inauguran-la-navidad-en-el-paseo-la-nacionalidad\\\/\"},\"author\":{\"name\":\"Nelson Algueida\",\"@id\":\"https:\\\/\\\/stage3.rnv.gob.ve\\\/wp\\\/#\\\/schema\\\/person\\\/bf78d2c2bfb49c84c0730e0b1eca198f\"},\"headline\":\"Inauguran la Navidad en el Paseo La Nacionalidad\",\"datePublished\":\"2019-12-06T00:12:31+00:00\",\"mainEntityOfPage\":{\"@id\":\"https:\\\/\\\/stage3.rnv.gob.ve\\\/wp\\\/inauguran-la-navidad-en-el-paseo-la-nacionalidad\\\/\"},\"wordCount\":265,\"publisher\":{\"@id\":\"https:\\\/\\\/stage3.rnv.gob.ve\\\/wp\\\/#organization\"},\"image\":{\"@id\":\"https:\\\/\\\/stage3.rnv.gob.ve\\\/wp\\\/inauguran-la-navidad-en-el-paseo-la-nacionalidad\\\/#primaryimage\"},\"thumbnailUrl\":\"\",\"keywords\":[\"Carolina cestari\",\"Misi\u00f3n Venezuela Bella\",\"Navidades Felices 2020\",\"Paseo La Nacionalidad\"],\"articleSection\":[\"Nacional\"],\"inLanguage\":\"es\"},{\"@type\":\"WebPage\",\"@id\":\"https:\\\/\\\/stage3.rnv.gob.ve\\\/wp\\\/inauguran-la-navidad-en-el-paseo-la-nacionalidad\\\/\",\"url\":\"https:\\\/\\\/stage3.rnv.gob.ve\\\/wp\\\/inauguran-la-navidad-en-el-paseo-la-nacionalidad\\\/\",\"name\":\"Inauguran la Navidad en el Paseo La Nacionalidad - DEV RNV\",\"isPartOf\":{\"@id\":\"https:\\\/\\\/stage3.rnv.gob.ve\\\/wp\\\/#website\"},\"primaryImageOfPage\":{\"@id\":\"https:\\\/\\\/stage3.rnv.gob.ve\\\/wp\\\/inauguran-la-navidad-en-el-paseo-la-nacionalidad\\\/#primaryimage\"},\"image\":{\"@id\":\"https:\\\/\\\/stage3.rnv.gob.ve\\\/wp\\\/inauguran-la-navidad-en-el-paseo-la-nacionalidad\\\/#primaryimage\"},\"thumbnailUrl\":\"\",\"datePublished\":\"2019-12-06T00:12:31+00:00\",\"breadcrumb\":{\"@id\":\"https:\\\/\\\/stage3.rnv.gob.ve\\\/wp\\\/inauguran-la-navidad-en-el-paseo-la-nacionalidad\\\/#breadcrumb\"},\"inLanguage\":\"es\",\"potentialAction\":[{\"@type\":\"ReadAction\",\"target\":[\"https:\\\/\\\/stage3.rnv.gob.ve\\\/wp\\\/inauguran-la-navidad-en-el-paseo-la-nacionalidad\\\/\"]}]},{\"@type\":\"ImageObject\",\"inLanguage\":\"es\",\"@id\":\"https:\\\/\\\/stage3.rnv.gob.ve\\\/wp\\\/inauguran-la-navidad-en-el-paseo-la-nacionalidad\\\/#primaryimage\",\"url\":\"\",\"contentUrl\":\"\"},{\"@type\":\"BreadcrumbList\",\"@id\":\"https:\\\/\\\/stage3.rnv.gob.ve\\\/wp\\\/inauguran-la-navidad-en-el-paseo-la-nacionalidad\\\/#breadcrumb\",\"itemListElement\":[{\"@type\":\"ListItem\",\"position\":1,\"name\":\"Portada\",\"item\":\"https:\\\/\\\/stage3.rnv.gob.ve\\\/wp\\\/\"},{\"@type\":\"ListItem\",\"position\":2,\"name\":\"Inauguran La Navidad En El Paseo La Nacionalidad\"}]},{\"@type\":\"WebSite\",\"@id\":\"https:\\\/\\\/stage3.rnv.gob.ve\\\/wp\\\/#website\",\"url\":\"https:\\\/\\\/stage3.rnv.gob.ve\\\/wp\\\/\",\"name\":\"DEV RNV\",\"description\":\"Radio Nacional de Venezuela C.A.\",\"publisher\":{\"@id\":\"https:\\\/\\\/stage3.rnv.gob.ve\\\/wp\\\/#organization\"},\"potentialAction\":[{\"@type\":\"SearchAction\",\"target\":{\"@type\":\"EntryPoint\",\"urlTemplate\":\"https:\\\/\\\/stage3.rnv.gob.ve\\\/wp\\\/?s={search_term_string}\"},\"query-input\":{\"@type\":\"PropertyValueSpecification\",\"valueRequired\":true,\"valueName\":\"search_term_string\"}}],\"inLanguage\":\"es\"},{\"@type\":\"Organization\",\"@id\":\"https:\\\/\\\/stage3.rnv.gob.ve\\\/wp\\\/#organization\",\"name\":\"Radio Nacional de Venezuela C.A.\",\"url\":\"https:\\\/\\\/stage3.rnv.gob.ve\\\/wp\\\/\",\"logo\":{\"@type\":\"ImageObject\",\"inLanguage\":\"es\",\"@id\":\"https:\\\/\\\/stage3.rnv.gob.ve\\\/wp\\\/#\\\/schema\\\/logo\\\/image\\\/\",\"url\":\"http:\\\/\\\/rnv.ddns.net\\\/prensa\\\/wp-content\\\/uploads\\\/2022\\\/04\\\/rnv-1-300x227-1.jpg\",\"contentUrl\":\"http:\\\/\\\/rnv.ddns.net\\\/prensa\\\/wp-content\\\/uploads\\\/2022\\\/04\\\/rnv-1-300x227-1.jpg\",\"width\":800,\"height\":455,\"caption\":\"Radio Nacional de Venezuela C.A.\"},\"image\":{\"@id\":\"https:\\\/\\\/stage3.rnv.gob.ve\\\/wp\\\/#\\\/schema\\\/logo\\\/image\\\/\"},\"sameAs\":[\"https:\\\/\\\/www.facebook.com\\\/RadioNacionaldeVenezuela\",\"https:\\\/\\\/x.com\\\/RNVinformativa\",\"https:\\\/\\\/www.instagram.com\\\/rnvinformativa\\\/\",\"https:\\\/\\\/www.youtube.com\\\/user\\\/RNVContigo\"]},{\"@type\":\"Person\",\"@id\":\"https:\\\/\\\/stage3.rnv.gob.ve\\\/wp\\\/#\\\/schema\\\/person\\\/bf78d2c2bfb49c84c0730e0b1eca198f\",\"name\":\"Nelson Algueida\",\"url\":\"https:\\\/\\\/stage3.rnv.gob.ve\\\/wp\\\/author\\\/nelson-algueida\\\/\"}]}<\/script>\n<!-- \/ Yoast SEO plugin. -->","yoast_head_json":{"title":"Inauguran la Navidad en el Paseo La Nacionalidad - DEV RNV","robots":{"index":"noindex","follow":"follow","max-snippet":"max-snippet:-1","max-image-preview":"max-image-preview:large","max-video-preview":"max-video-preview:-1"},"og_locale":"es_ES","og_type":"article","og_title":"Inauguran la Navidad en el Paseo La Nacionalidad - DEV RNV","og_description":"La noche de este mi\u00e9rcoles el Gobierno Nacional dio inicio a las festividades navide\u00f1as en las adyacencias de la avenida Los Ilustres de la ciudad de Caracas, con la rehabilitaci\u00f3n del Paseo La Nacionalidad a trav\u00e9s de la Misi\u00f3n Venezuela Bella. La jefe del Gobierno del Distrito Capital, Carolina Cestari, inform\u00f3 que esta obra forma [&hellip;]","og_url":"https:\/\/stage3.rnv.gob.ve\/wp\/inauguran-la-navidad-en-el-paseo-la-nacionalidad\/","og_site_name":"DEV RNV","article_publisher":"https:\/\/www.facebook.com\/RadioNacionaldeVenezuela","article_published_time":"2019-12-06T00:12:31+00:00","author":"Nelson Algueida","twitter_card":"summary_large_image","twitter_creator":"@RNVinformativa","twitter_site":"@RNVinformativa","twitter_misc":{"Escrito por":"Nelson Algueida","Tiempo estimado de lectura":"1 minuto"},"schema":{"@context":"https:\/\/schema.org","@graph":[{"@type":"Article","@id":"https:\/\/stage3.rnv.gob.ve\/wp\/inauguran-la-navidad-en-el-paseo-la-nacionalidad\/#article","isPartOf":{"@id":"https:\/\/stage3.rnv.gob.ve\/wp\/inauguran-la-navidad-en-el-paseo-la-nacionalidad\/"},"author":{"name":"Nelson Algueida","@id":"https:\/\/stage3.rnv.gob.ve\/wp\/#\/schema\/person\/bf78d2c2bfb49c84c0730e0b1eca198f"},"headline":"Inauguran la Navidad en el Paseo La Nacionalidad","datePublished":"2019-12-06T00:12:31+00:00","mainEntityOfPage":{"@id":"https:\/\/stage3.rnv.gob.ve\/wp\/inauguran-la-navidad-en-el-paseo-la-nacionalidad\/"},"wordCount":265,"publisher":{"@id":"https:\/\/stage3.rnv.gob.ve\/wp\/#organization"},"image":{"@id":"https:\/\/stage3.rnv.gob.ve\/wp\/inauguran-la-navidad-en-el-paseo-la-nacionalidad\/#primaryimage"},"thumbnailUrl":"","keywords":["Carolina cestari","Misi\u00f3n Venezuela Bella","Navidades Felices 2020","Paseo La Nacionalidad"],"articleSection":["Nacional"],"inLanguage":"es"},{"@type":"WebPage","@id":"https:\/\/stage3.rnv.gob.ve\/wp\/inauguran-la-navidad-en-el-paseo-la-nacionalidad\/","url":"https:\/\/stage3.rnv.gob.ve\/wp\/inauguran-la-navidad-en-el-paseo-la-nacionalidad\/","name":"Inauguran la Navidad en el Paseo La Nacionalidad - DEV RNV","isPartOf":{"@id":"https:\/\/stage3.rnv.gob.ve\/wp\/#website"},"primaryImageOfPage":{"@id":"https:\/\/stage3.rnv.gob.ve\/wp\/inauguran-la-navidad-en-el-paseo-la-nacionalidad\/#primaryimage"},"image":{"@id":"https:\/\/stage3.rnv.gob.ve\/wp\/inauguran-la-navidad-en-el-paseo-la-nacionalidad\/#primaryimage"},"thumbnailUrl":"","datePublished":"2019-12-06T00:12:31+00:00","breadcrumb":{"@id":"https:\/\/stage3.rnv.gob.ve\/wp\/inauguran-la-navidad-en-el-paseo-la-nacionalidad\/#breadcrumb"},"inLanguage":"es","potentialAction":[{"@type":"ReadAction","target":["https:\/\/stage3.rnv.gob.ve\/wp\/inauguran-la-navidad-en-el-paseo-la-nacionalidad\/"]}]},{"@type":"ImageObject","inLanguage":"es","@id":"https:\/\/stage3.rnv.gob.ve\/wp\/inauguran-la-navidad-en-el-paseo-la-nacionalidad\/#primaryimage","url":"","contentUrl":""},{"@type":"BreadcrumbList","@id":"https:\/\/stage3.rnv.gob.ve\/wp\/inauguran-la-navidad-en-el-paseo-la-nacionalidad\/#breadcrumb","itemListElement":[{"@type":"ListItem","position":1,"name":"Portada","item":"https:\/\/stage3.rnv.gob.ve\/wp\/"},{"@type":"ListItem","position":2,"name":"Inauguran La Navidad En El Paseo La Nacionalidad"}]},{"@type":"WebSite","@id":"https:\/\/stage3.rnv.gob.ve\/wp\/#website","url":"https:\/\/stage3.rnv.gob.ve\/wp\/","name":"DEV RNV","description":"Radio Nacional de Venezuela C.A.","publisher":{"@id":"https:\/\/stage3.rnv.gob.ve\/wp\/#organization"},"potentialAction":[{"@type":"SearchAction","target":{"@type":"EntryPoint","urlTemplate":"https:\/\/stage3.rnv.gob.ve\/wp\/?s={search_term_string}"},"query-input":{"@type":"PropertyValueSpecification","valueRequired":true,"valueName":"search_term_string"}}],"inLanguage":"es"},{"@type":"Organization","@id":"https:\/\/stage3.rnv.gob.ve\/wp\/#organization","name":"Radio Nacional de Venezuela C.A.","url":"https:\/\/stage3.rnv.gob.ve\/wp\/","logo":{"@type":"ImageObject","inLanguage":"es","@id":"https:\/\/stage3.rnv.gob.ve\/wp\/#\/schema\/logo\/image\/","url":"http:\/\/rnv.ddns.net\/prensa\/wp-content\/uploads\/2022\/04\/rnv-1-300x227-1.jpg","contentUrl":"http:\/\/rnv.ddns.net\/prensa\/wp-content\/uploads\/2022\/04\/rnv-1-300x227-1.jpg","width":800,"height":455,"caption":"Radio Nacional de Venezuela C.A."},"image":{"@id":"https:\/\/stage3.rnv.gob.ve\/wp\/#\/schema\/logo\/image\/"},"sameAs":["https:\/\/www.facebook.com\/RadioNacionaldeVenezuela","https:\/\/x.com\/RNVinformativa","https:\/\/www.instagram.com\/rnvinformativa\/","https:\/\/www.youtube.com\/user\/RNVContigo"]},{"@type":"Person","@id":"https:\/\/stage3.rnv.gob.ve\/wp\/#\/schema\/person\/bf78d2c2bfb49c84c0730e0b1eca198f","name":"Nelson Algueida","url":"https:\/\/stage3.rnv.gob.ve\/wp\/author\/nelson-algueida\/"}]}},"jetpack_featured_media_url":"","_links":{"self":[{"href":"https:\/\/stage3.rnv.gob.ve\/wp\/wp-json\/wp\/v2\/posts\/284378","targetHints":{"allow":["GET"]}}],"collection":[{"href":"https:\/\/stage3.rnv.gob.ve\/wp\/wp-json\/wp\/v2\/posts"}],"about":[{"href":"https:\/\/stage3.rnv.gob.ve\/wp\/wp-json\/wp\/v2\/types\/post"}],"author":[{"embeddable":true,"href":"https:\/\/stage3.rnv.gob.ve\/wp\/wp-json\/wp\/v2\/users\/42"}],"replies":[{"embeddable":true,"href":"https:\/\/stage3.rnv.gob.ve\/wp\/wp-json\/wp\/v2\/comments?post=284378"}],"version-history":[{"count":0,"href":"https:\/\/stage3.rnv.gob.ve\/wp\/wp-json\/wp\/v2\/posts\/284378\/revisions"}],"wp:featuredmedia":[{"embeddable":true,"href":"https:\/\/stage3.rnv.gob.ve\/wp\/wp-json\/"}],"wp:attachment":[{"href":"https:\/\/stage3.rnv.gob.ve\/wp\/wp-json\/wp\/v2\/media?parent=284378"}],"wp:term":[{"taxonomy":"category","embeddable":true,"href":"https:\/\/stage3.rnv.gob.ve\/wp\/wp-json\/wp\/v2\/categories?post=284378"},{"taxonomy":"post_tag","embeddable":true,"href":"https:\/\/stage3.rnv.gob.ve\/wp\/wp-json\/wp\/v2\/tags?post=284378"}],"curies":[{"name":"wp","href":"https:\/\/api.w.org\/{rel}","templated":true}]}}