{"id":283919,"date":"2019-12-01T10:44:51","date_gmt":"2019-12-01T15:14:51","guid":{"rendered":"https:\/\/stage3.rnv.gob.ve\/wp\/?p=283919"},"modified":"2019-12-01T10:44:51","modified_gmt":"2019-12-01T15:14:51","slug":"diosdado-cabello-el-dialogo-es-el-camino-para-resolver-las-diferencias","status":"publish","type":"post","link":"https:\/\/stage3.rnv.gob.ve\/wp\/diosdado-cabello-el-dialogo-es-el-camino-para-resolver-las-diferencias\/","title":{"rendered":"Diosdado Cabello: El di\u00e1logo es el camino para resolver las diferencias"},"content":{"rendered":"<p><img fetchpriority=\"high\" decoding=\"async\" class=\"wp-image-283920 aligncenter\" src=\"https:\/\/stage3.rnv.gob.ve\/wp\/wp-content\/uploads\/2019\/12\/Diosdado-Cabello-El-di\u00e1logo-es-el-camino-para-resolver-las-diferencias-800x445.jpg\" alt=\"\" width=\"600\" height=\"334\" \/><\/p>\n<p style=\"text-align: justify;\"><span style=\"text-align: justify;\">\u00abEl di\u00e1logo es el camino para lograr una Venezuela donde las diferencias se pueden resolver hablando\u201d, afirm\u00f3 Diosdado Cabello, presidente de la Asamblea Nacional Constituyente (ANC) y primer vicepresidente del Partido Socialista Unido de Venezuela (PSUV).<\/span><\/p>\n<p style=\"text-align: justify;\">En entrevista con Jos\u00e9 Vicente Rangel en su programa Jos\u00e9 Vicente Hoy, record\u00f3 que la posici\u00f3n del Gobierno Nacional y del movimiento bolivariano es el empleo de las conversaciones con todos los dirigentes pol\u00edticos del pa\u00eds.<\/p>\n<p style=\"text-align: justify;\">\u201cHemos recibido y nos hemos reunidos con muchos de los dirigentes que en p\u00fablico dicen que no quieren di\u00e1logo\u201d, acot\u00f3 Cabello, quien resalt\u00f3 a los l\u00edderes de otros partidos opositores que hoy se sientan en la Mesa de Di\u00e1logo Nacional.<\/p>\n<p style=\"text-align: justify;\"><strong>Agresi\u00f3n imperial<\/strong><\/p>\n<p style=\"text-align: justify;\">El dirigente de la tolda roja, indic\u00f3 contra Venezuela se ha cernido una gran confrontaci\u00f3n liderada desde el gobierno de Estados Unidos con algunos gobiernos aliados en la regi\u00f3n que en la actualidad se han visto en la necesidad de volcar sus miradas hacia sus asuntos internos ante los estallidos sociales en rechazo a sus pol\u00edticas neoliberales.<\/p>\n<p style=\"text-align: justify;\">\u201cLo \u00fanico que le ha faltado al gobierno de EE. UU. es invadirnos, pero han aplicado todas las recetas de agresi\u00f3n: golpes de estado, bloqueo, sanciones, pero su derrota se ve reflejado en la unidad del pueblo y la FANB (Fuerza Armada Nacional Bolivariana),\u201d dijo.<\/p>\n<p style=\"text-align: justify;\">Se\u00f1al\u00f3 que en el lado de las fuerzas revolucionarias \u201chemos logrado una cohesi\u00f3n extraordinaria de todos los movimientos y partidos del GPP y PSUV bajo el liderazgo del presidente Maduro\u201d.<\/p>\n<p style=\"text-align: justify;\">En el caso concreto del PSUV indic\u00f3 que \u201ctenemos 293 mil calles identificadas con jefas y jefes de calle, esta guerra nos ha obligado a ser mucho m\u00e1s eficientes con pocos recursos (\u2026) Y hemos sido capaces de aguantar esta batalla\u201d.<\/p>\n<p style=\"text-align: justify;\">\u201cNuestra resistencia o \u00e9xito hasta ahora tiene que ver con esa unidad de mando reconocida por nosotros del hermano presidente maduro y eso no quiere decir que todo es s\u00ed, nosotros debatimos, pero al final salimos en unidad\u201d, acot\u00f3 Cabello.<\/p>\n<p style=\"text-align: justify;\"><strong>De \u201cbrisas\u201d a hurac\u00e1n bolivariano<\/strong><\/p>\n<p style=\"text-align: justify;\">Sobre los estallidos sociales que se han producido en seguidilla en los pa\u00edses de la regi\u00f3n con gobiernos de derechas que atacaban a Venezuela constantemente, el Vicepresidente del PSUV asever\u00f3 que \u201cellos con su sobredosis de neoliberalismo han hecho despertar al pueblo\u201d.<\/p>\n<p style=\"text-align: justify;\">\u201cLo que ha pasado esta semana en Colombia es hist\u00f3rico a pesar de la represi\u00f3n y persecuci\u00f3n policial. Sali\u00f3 el pueblo colombiano a\u00a0 protestar contra el neoliberalismo y ahora culpan al Foro de Sao Paulo; subestiman a los pueblos. La culpa es del neoliberalismo, del FMI, de Estados Unidos\u201d, explic\u00f3 Cabello.<\/p>\n<p style=\"text-align: justify;\">Sostuvo que en estos momentos Venezuela es quiz\u00e1 el pa\u00eds m\u00e1s estable de Am\u00e9rica: \u201crevisemos c\u00f3mo est\u00e1 Argentina, Brasil, Colombia y Europa. El mundo ha estado alborotado y eso es inevitable que los pueblos empiecen a expresar su malestar ante la falta de gobiernos que los escuchen\u201d.<\/p>\n<p style=\"text-align: justify;\">\u201cEllos han querido comparar las protestas aqu\u00ed en 2014 y 2017, pero all\u00e1 manifiestan los pueblos mientras que aqu\u00ed lo hicieron las \u00e9lites\u201d.<\/p>\n<p style=\"text-align: justify;\">Agreg\u00f3 que las brisas bolivarianas (de las cuales habl\u00f3 en d\u00edas pasados), son tambi\u00e9n \u201cbrisas de Sandino, Mart\u00ed, O\u2019Higgins, que ahora se est\u00e1n convirtiendo en un hurac\u00e1n\u201d.<\/p>\n<p style=\"text-align: justify;\"><strong>T\/VTV<\/strong><\/p>\n","protected":false},"excerpt":{"rendered":"<p>\u00abEl di\u00e1logo es el camino para lograr una Venezuela donde las diferencias se pueden resolver hablando\u201d, afirm\u00f3 Diosdado Cabello, presidente de la Asamblea Nacional Constituyente (ANC) y primer vicepresidente del Partido Socialista Unido de Venezuela (PSUV). En entrevista con Jos\u00e9 Vicente Rangel en su programa Jos\u00e9 Vicente Hoy, record\u00f3 que la posici\u00f3n del Gobierno Nacional [&hellip;]<\/p>\n","protected":false},"author":18,"featured_media":283920,"comment_status":"closed","ping_status":"open","sticky":false,"template":"","format":"standard","meta":{"_acf_changed":false,"footnotes":""},"categories":[67],"tags":[382,1097,2776,525],"class_list":["post-283919","post","type-post","status-publish","format-standard","has-post-thumbnail","hentry","category-politica","tag-cabello","tag-dialogo","tag-diferencias","tag-diosdado"],"acf":[],"yoast_head":"<!-- This site is optimized with the Yoast SEO plugin v27.4 - https:\/\/yoast.com\/product\/yoast-seo-wordpress\/ -->\n<title>Diosdado Cabello: El di\u00e1logo es el camino para resolver las diferencias - DEV RNV<\/title>\n<meta name=\"robots\" content=\"noindex, follow, max-snippet:-1, max-image-preview:large, max-video-preview:-1\" \/>\n<meta property=\"og:locale\" content=\"es_ES\" \/>\n<meta property=\"og:type\" content=\"article\" \/>\n<meta property=\"og:title\" content=\"Diosdado Cabello: El di\u00e1logo es el camino para resolver las diferencias - DEV RNV\" \/>\n<meta property=\"og:description\" content=\"\u00abEl di\u00e1logo es el camino para lograr una Venezuela donde las diferencias se pueden resolver hablando\u201d, afirm\u00f3 Diosdado Cabello, presidente de la Asamblea Nacional Constituyente (ANC) y primer vicepresidente del Partido Socialista Unido de Venezuela (PSUV). En entrevista con Jos\u00e9 Vicente Rangel en su programa Jos\u00e9 Vicente Hoy, record\u00f3 que la posici\u00f3n del Gobierno Nacional [&hellip;]\" \/>\n<meta property=\"og:url\" content=\"https:\/\/stage3.rnv.gob.ve\/wp\/diosdado-cabello-el-dialogo-es-el-camino-para-resolver-las-diferencias\/\" \/>\n<meta property=\"og:site_name\" content=\"DEV RNV\" \/>\n<meta property=\"article:publisher\" content=\"https:\/\/www.facebook.com\/RadioNacionaldeVenezuela\" \/>\n<meta property=\"article:published_time\" content=\"2019-12-01T15:14:51+00:00\" \/>\n<meta name=\"author\" content=\"Nora Andrade\" \/>\n<meta name=\"twitter:card\" content=\"summary_large_image\" \/>\n<meta name=\"twitter:creator\" content=\"@RNVinformativa\" \/>\n<meta name=\"twitter:site\" content=\"@RNVinformativa\" \/>\n<meta name=\"twitter:label1\" content=\"Escrito por\" \/>\n\t<meta name=\"twitter:data1\" content=\"Nora Andrade\" \/>\n\t<meta name=\"twitter:label2\" content=\"Tiempo estimado de lectura\" \/>\n\t<meta name=\"twitter:data2\" content=\"3 minutos\" \/>\n<script type=\"application\/ld+json\" class=\"yoast-schema-graph\">{\"@context\":\"https:\\\/\\\/schema.org\",\"@graph\":[{\"@type\":\"Article\",\"@id\":\"https:\\\/\\\/stage3.rnv.gob.ve\\\/wp\\\/diosdado-cabello-el-dialogo-es-el-camino-para-resolver-las-diferencias\\\/#article\",\"isPartOf\":{\"@id\":\"https:\\\/\\\/stage3.rnv.gob.ve\\\/wp\\\/diosdado-cabello-el-dialogo-es-el-camino-para-resolver-las-diferencias\\\/\"},\"author\":{\"name\":\"Nora Andrade\",\"@id\":\"https:\\\/\\\/stage3.rnv.gob.ve\\\/wp\\\/#\\\/schema\\\/person\\\/b04f077485d4e004e355dd829c37feaa\"},\"headline\":\"Diosdado Cabello: El di\u00e1logo es el camino para resolver las diferencias\",\"datePublished\":\"2019-12-01T15:14:51+00:00\",\"mainEntityOfPage\":{\"@id\":\"https:\\\/\\\/stage3.rnv.gob.ve\\\/wp\\\/diosdado-cabello-el-dialogo-es-el-camino-para-resolver-las-diferencias\\\/\"},\"wordCount\":563,\"publisher\":{\"@id\":\"https:\\\/\\\/stage3.rnv.gob.ve\\\/wp\\\/#organization\"},\"image\":{\"@id\":\"https:\\\/\\\/stage3.rnv.gob.ve\\\/wp\\\/diosdado-cabello-el-dialogo-es-el-camino-para-resolver-las-diferencias\\\/#primaryimage\"},\"thumbnailUrl\":\"\",\"keywords\":[\"cabello\",\"dialogo\",\"diferencias\",\"diosdado\"],\"articleSection\":[\"Pol\u00edtica\"],\"inLanguage\":\"es\"},{\"@type\":\"WebPage\",\"@id\":\"https:\\\/\\\/stage3.rnv.gob.ve\\\/wp\\\/diosdado-cabello-el-dialogo-es-el-camino-para-resolver-las-diferencias\\\/\",\"url\":\"https:\\\/\\\/stage3.rnv.gob.ve\\\/wp\\\/diosdado-cabello-el-dialogo-es-el-camino-para-resolver-las-diferencias\\\/\",\"name\":\"Diosdado Cabello: El di\u00e1logo es el camino para resolver las diferencias - DEV RNV\",\"isPartOf\":{\"@id\":\"https:\\\/\\\/stage3.rnv.gob.ve\\\/wp\\\/#website\"},\"primaryImageOfPage\":{\"@id\":\"https:\\\/\\\/stage3.rnv.gob.ve\\\/wp\\\/diosdado-cabello-el-dialogo-es-el-camino-para-resolver-las-diferencias\\\/#primaryimage\"},\"image\":{\"@id\":\"https:\\\/\\\/stage3.rnv.gob.ve\\\/wp\\\/diosdado-cabello-el-dialogo-es-el-camino-para-resolver-las-diferencias\\\/#primaryimage\"},\"thumbnailUrl\":\"\",\"datePublished\":\"2019-12-01T15:14:51+00:00\",\"breadcrumb\":{\"@id\":\"https:\\\/\\\/stage3.rnv.gob.ve\\\/wp\\\/diosdado-cabello-el-dialogo-es-el-camino-para-resolver-las-diferencias\\\/#breadcrumb\"},\"inLanguage\":\"es\",\"potentialAction\":[{\"@type\":\"ReadAction\",\"target\":[\"https:\\\/\\\/stage3.rnv.gob.ve\\\/wp\\\/diosdado-cabello-el-dialogo-es-el-camino-para-resolver-las-diferencias\\\/\"]}]},{\"@type\":\"ImageObject\",\"inLanguage\":\"es\",\"@id\":\"https:\\\/\\\/stage3.rnv.gob.ve\\\/wp\\\/diosdado-cabello-el-dialogo-es-el-camino-para-resolver-las-diferencias\\\/#primaryimage\",\"url\":\"\",\"contentUrl\":\"\"},{\"@type\":\"BreadcrumbList\",\"@id\":\"https:\\\/\\\/stage3.rnv.gob.ve\\\/wp\\\/diosdado-cabello-el-dialogo-es-el-camino-para-resolver-las-diferencias\\\/#breadcrumb\",\"itemListElement\":[{\"@type\":\"ListItem\",\"position\":1,\"name\":\"Portada\",\"item\":\"https:\\\/\\\/stage3.rnv.gob.ve\\\/wp\\\/\"},{\"@type\":\"ListItem\",\"position\":2,\"name\":\"Diosdado Cabello: El Di\u00e1logo Es El Camino Para Resolver Las Diferencias\"}]},{\"@type\":\"WebSite\",\"@id\":\"https:\\\/\\\/stage3.rnv.gob.ve\\\/wp\\\/#website\",\"url\":\"https:\\\/\\\/stage3.rnv.gob.ve\\\/wp\\\/\",\"name\":\"DEV RNV\",\"description\":\"Radio Nacional de Venezuela C.A.\",\"publisher\":{\"@id\":\"https:\\\/\\\/stage3.rnv.gob.ve\\\/wp\\\/#organization\"},\"potentialAction\":[{\"@type\":\"SearchAction\",\"target\":{\"@type\":\"EntryPoint\",\"urlTemplate\":\"https:\\\/\\\/stage3.rnv.gob.ve\\\/wp\\\/?s={search_term_string}\"},\"query-input\":{\"@type\":\"PropertyValueSpecification\",\"valueRequired\":true,\"valueName\":\"search_term_string\"}}],\"inLanguage\":\"es\"},{\"@type\":\"Organization\",\"@id\":\"https:\\\/\\\/stage3.rnv.gob.ve\\\/wp\\\/#organization\",\"name\":\"Radio Nacional de Venezuela C.A.\",\"url\":\"https:\\\/\\\/stage3.rnv.gob.ve\\\/wp\\\/\",\"logo\":{\"@type\":\"ImageObject\",\"inLanguage\":\"es\",\"@id\":\"https:\\\/\\\/stage3.rnv.gob.ve\\\/wp\\\/#\\\/schema\\\/logo\\\/image\\\/\",\"url\":\"http:\\\/\\\/rnv.ddns.net\\\/prensa\\\/wp-content\\\/uploads\\\/2022\\\/04\\\/rnv-1-300x227-1.jpg\",\"contentUrl\":\"http:\\\/\\\/rnv.ddns.net\\\/prensa\\\/wp-content\\\/uploads\\\/2022\\\/04\\\/rnv-1-300x227-1.jpg\",\"width\":800,\"height\":455,\"caption\":\"Radio Nacional de Venezuela C.A.\"},\"image\":{\"@id\":\"https:\\\/\\\/stage3.rnv.gob.ve\\\/wp\\\/#\\\/schema\\\/logo\\\/image\\\/\"},\"sameAs\":[\"https:\\\/\\\/www.facebook.com\\\/RadioNacionaldeVenezuela\",\"https:\\\/\\\/x.com\\\/RNVinformativa\",\"https:\\\/\\\/www.instagram.com\\\/rnvinformativa\\\/\",\"https:\\\/\\\/www.youtube.com\\\/user\\\/RNVContigo\"]},{\"@type\":\"Person\",\"@id\":\"https:\\\/\\\/stage3.rnv.gob.ve\\\/wp\\\/#\\\/schema\\\/person\\\/b04f077485d4e004e355dd829c37feaa\",\"name\":\"Nora Andrade\",\"url\":\"https:\\\/\\\/stage3.rnv.gob.ve\\\/wp\\\/author\\\/nora_andrade\\\/\"}]}<\/script>\n<!-- \/ Yoast SEO plugin. -->","yoast_head_json":{"title":"Diosdado Cabello: El di\u00e1logo es el camino para resolver las diferencias - DEV RNV","robots":{"index":"noindex","follow":"follow","max-snippet":"max-snippet:-1","max-image-preview":"max-image-preview:large","max-video-preview":"max-video-preview:-1"},"og_locale":"es_ES","og_type":"article","og_title":"Diosdado Cabello: El di\u00e1logo es el camino para resolver las diferencias - DEV RNV","og_description":"\u00abEl di\u00e1logo es el camino para lograr una Venezuela donde las diferencias se pueden resolver hablando\u201d, afirm\u00f3 Diosdado Cabello, presidente de la Asamblea Nacional Constituyente (ANC) y primer vicepresidente del Partido Socialista Unido de Venezuela (PSUV). En entrevista con Jos\u00e9 Vicente Rangel en su programa Jos\u00e9 Vicente Hoy, record\u00f3 que la posici\u00f3n del Gobierno Nacional [&hellip;]","og_url":"https:\/\/stage3.rnv.gob.ve\/wp\/diosdado-cabello-el-dialogo-es-el-camino-para-resolver-las-diferencias\/","og_site_name":"DEV RNV","article_publisher":"https:\/\/www.facebook.com\/RadioNacionaldeVenezuela","article_published_time":"2019-12-01T15:14:51+00:00","author":"Nora Andrade","twitter_card":"summary_large_image","twitter_creator":"@RNVinformativa","twitter_site":"@RNVinformativa","twitter_misc":{"Escrito por":"Nora Andrade","Tiempo estimado de lectura":"3 minutos"},"schema":{"@context":"https:\/\/schema.org","@graph":[{"@type":"Article","@id":"https:\/\/stage3.rnv.gob.ve\/wp\/diosdado-cabello-el-dialogo-es-el-camino-para-resolver-las-diferencias\/#article","isPartOf":{"@id":"https:\/\/stage3.rnv.gob.ve\/wp\/diosdado-cabello-el-dialogo-es-el-camino-para-resolver-las-diferencias\/"},"author":{"name":"Nora Andrade","@id":"https:\/\/stage3.rnv.gob.ve\/wp\/#\/schema\/person\/b04f077485d4e004e355dd829c37feaa"},"headline":"Diosdado Cabello: El di\u00e1logo es el camino para resolver las diferencias","datePublished":"2019-12-01T15:14:51+00:00","mainEntityOfPage":{"@id":"https:\/\/stage3.rnv.gob.ve\/wp\/diosdado-cabello-el-dialogo-es-el-camino-para-resolver-las-diferencias\/"},"wordCount":563,"publisher":{"@id":"https:\/\/stage3.rnv.gob.ve\/wp\/#organization"},"image":{"@id":"https:\/\/stage3.rnv.gob.ve\/wp\/diosdado-cabello-el-dialogo-es-el-camino-para-resolver-las-diferencias\/#primaryimage"},"thumbnailUrl":"","keywords":["cabello","dialogo","diferencias","diosdado"],"articleSection":["Pol\u00edtica"],"inLanguage":"es"},{"@type":"WebPage","@id":"https:\/\/stage3.rnv.gob.ve\/wp\/diosdado-cabello-el-dialogo-es-el-camino-para-resolver-las-diferencias\/","url":"https:\/\/stage3.rnv.gob.ve\/wp\/diosdado-cabello-el-dialogo-es-el-camino-para-resolver-las-diferencias\/","name":"Diosdado Cabello: El di\u00e1logo es el camino para resolver las diferencias - DEV RNV","isPartOf":{"@id":"https:\/\/stage3.rnv.gob.ve\/wp\/#website"},"primaryImageOfPage":{"@id":"https:\/\/stage3.rnv.gob.ve\/wp\/diosdado-cabello-el-dialogo-es-el-camino-para-resolver-las-diferencias\/#primaryimage"},"image":{"@id":"https:\/\/stage3.rnv.gob.ve\/wp\/diosdado-cabello-el-dialogo-es-el-camino-para-resolver-las-diferencias\/#primaryimage"},"thumbnailUrl":"","datePublished":"2019-12-01T15:14:51+00:00","breadcrumb":{"@id":"https:\/\/stage3.rnv.gob.ve\/wp\/diosdado-cabello-el-dialogo-es-el-camino-para-resolver-las-diferencias\/#breadcrumb"},"inLanguage":"es","potentialAction":[{"@type":"ReadAction","target":["https:\/\/stage3.rnv.gob.ve\/wp\/diosdado-cabello-el-dialogo-es-el-camino-para-resolver-las-diferencias\/"]}]},{"@type":"ImageObject","inLanguage":"es","@id":"https:\/\/stage3.rnv.gob.ve\/wp\/diosdado-cabello-el-dialogo-es-el-camino-para-resolver-las-diferencias\/#primaryimage","url":"","contentUrl":""},{"@type":"BreadcrumbList","@id":"https:\/\/stage3.rnv.gob.ve\/wp\/diosdado-cabello-el-dialogo-es-el-camino-para-resolver-las-diferencias\/#breadcrumb","itemListElement":[{"@type":"ListItem","position":1,"name":"Portada","item":"https:\/\/stage3.rnv.gob.ve\/wp\/"},{"@type":"ListItem","position":2,"name":"Diosdado Cabello: El Di\u00e1logo Es El Camino Para Resolver Las Diferencias"}]},{"@type":"WebSite","@id":"https:\/\/stage3.rnv.gob.ve\/wp\/#website","url":"https:\/\/stage3.rnv.gob.ve\/wp\/","name":"DEV RNV","description":"Radio Nacional de Venezuela C.A.","publisher":{"@id":"https:\/\/stage3.rnv.gob.ve\/wp\/#organization"},"potentialAction":[{"@type":"SearchAction","target":{"@type":"EntryPoint","urlTemplate":"https:\/\/stage3.rnv.gob.ve\/wp\/?s={search_term_string}"},"query-input":{"@type":"PropertyValueSpecification","valueRequired":true,"valueName":"search_term_string"}}],"inLanguage":"es"},{"@type":"Organization","@id":"https:\/\/stage3.rnv.gob.ve\/wp\/#organization","name":"Radio Nacional de Venezuela C.A.","url":"https:\/\/stage3.rnv.gob.ve\/wp\/","logo":{"@type":"ImageObject","inLanguage":"es","@id":"https:\/\/stage3.rnv.gob.ve\/wp\/#\/schema\/logo\/image\/","url":"http:\/\/rnv.ddns.net\/prensa\/wp-content\/uploads\/2022\/04\/rnv-1-300x227-1.jpg","contentUrl":"http:\/\/rnv.ddns.net\/prensa\/wp-content\/uploads\/2022\/04\/rnv-1-300x227-1.jpg","width":800,"height":455,"caption":"Radio Nacional de Venezuela C.A."},"image":{"@id":"https:\/\/stage3.rnv.gob.ve\/wp\/#\/schema\/logo\/image\/"},"sameAs":["https:\/\/www.facebook.com\/RadioNacionaldeVenezuela","https:\/\/x.com\/RNVinformativa","https:\/\/www.instagram.com\/rnvinformativa\/","https:\/\/www.youtube.com\/user\/RNVContigo"]},{"@type":"Person","@id":"https:\/\/stage3.rnv.gob.ve\/wp\/#\/schema\/person\/b04f077485d4e004e355dd829c37feaa","name":"Nora Andrade","url":"https:\/\/stage3.rnv.gob.ve\/wp\/author\/nora_andrade\/"}]}},"jetpack_featured_media_url":"","_links":{"self":[{"href":"https:\/\/stage3.rnv.gob.ve\/wp\/wp-json\/wp\/v2\/posts\/283919","targetHints":{"allow":["GET"]}}],"collection":[{"href":"https:\/\/stage3.rnv.gob.ve\/wp\/wp-json\/wp\/v2\/posts"}],"about":[{"href":"https:\/\/stage3.rnv.gob.ve\/wp\/wp-json\/wp\/v2\/types\/post"}],"author":[{"embeddable":true,"href":"https:\/\/stage3.rnv.gob.ve\/wp\/wp-json\/wp\/v2\/users\/18"}],"replies":[{"embeddable":true,"href":"https:\/\/stage3.rnv.gob.ve\/wp\/wp-json\/wp\/v2\/comments?post=283919"}],"version-history":[{"count":0,"href":"https:\/\/stage3.rnv.gob.ve\/wp\/wp-json\/wp\/v2\/posts\/283919\/revisions"}],"wp:featuredmedia":[{"embeddable":true,"href":"https:\/\/stage3.rnv.gob.ve\/wp\/wp-json\/"}],"wp:attachment":[{"href":"https:\/\/stage3.rnv.gob.ve\/wp\/wp-json\/wp\/v2\/media?parent=283919"}],"wp:term":[{"taxonomy":"category","embeddable":true,"href":"https:\/\/stage3.rnv.gob.ve\/wp\/wp-json\/wp\/v2\/categories?post=283919"},{"taxonomy":"post_tag","embeddable":true,"href":"https:\/\/stage3.rnv.gob.ve\/wp\/wp-json\/wp\/v2\/tags?post=283919"}],"curies":[{"name":"wp","href":"https:\/\/api.w.org\/{rel}","templated":true}]}}