{"id":280418,"date":"2019-11-02T08:36:19","date_gmt":"2019-11-02T13:06:19","guid":{"rendered":"https:\/\/stage3.rnv.gob.ve\/wp\/?p=280418"},"modified":"2019-11-02T08:36:19","modified_gmt":"2019-11-02T13:06:19","slug":"lluvias-moderadas-se-registraran-en-zulia-andes-llanos-occidente-y-sur-del-pais","status":"publish","type":"post","link":"https:\/\/stage3.rnv.gob.ve\/wp\/lluvias-moderadas-se-registraran-en-zulia-andes-llanos-occidente-y-sur-del-pais\/","title":{"rendered":"Lluvias moderadas se registrar\u00e1n en Zulia, Andes, Llanos occidente y sur del pa\u00eds"},"content":{"rendered":"<p><img fetchpriority=\"high\" decoding=\"async\" class=\"alignnone wp-image-280419\" src=\"https:\/\/stage3.rnv.gob.ve\/wp\/wp-content\/uploads\/2019\/11\/Inameh.jpg\" alt=\"\" width=\"500\" height=\"313\" \/><\/p>\n<p style=\"text-align: justify;\">El <strong>Instituto Nacional de Meteorolog\u00eda e Hidrolog\u00eda<\/strong> (Inameh) pronostica para este s\u00e1bado lluvias moderadas acompa\u00f1adas de tormentas y r\u00e1fagas de viento sobre las regiones <strong>Andes, Zulia, Llanos Occidentales y Sur<\/strong>.<\/p>\n<p style=\"text-align: justify;\">De acuerdo con la p\u00e1gina web del organismo, se encuentra activa la <strong>Onda Tropical N\u00ba 57<\/strong>, sobre el noroccidente del pa\u00eds, y se va desplazando lentamente hacia el oeste, interactuando con la <strong>Zona de Convergencia Intertropical<\/strong> (ZCIT).<\/p>\n<p style=\"text-align: justify;\">Para el resto del<strong> territorio nacional<\/strong> se prev\u00e9 poca nubosidad y bajas probabilidades de precipitaciones.<\/p>\n<p style=\"text-align: justify;\"><strong>T\/AVN<\/strong><\/p>\n","protected":false},"excerpt":{"rendered":"<p>El Instituto Nacional de Meteorolog\u00eda e Hidrolog\u00eda (Inameh) pronostica para este s\u00e1bado lluvias moderadas acompa\u00f1adas de tormentas y r\u00e1fagas de viento sobre las regiones Andes, Zulia, Llanos Occidentales y Sur. De acuerdo con la p\u00e1gina web del organismo, se encuentra activa la Onda Tropical N\u00ba 57, sobre el noroccidente del pa\u00eds, y se va desplazando [&hellip;]<\/p>\n","protected":false},"author":42,"featured_media":280419,"comment_status":"closed","ping_status":"open","sticky":false,"template":"","format":"standard","meta":{"_acf_changed":false,"footnotes":""},"categories":[65],"tags":[403,10310,104],"class_list":["post-280418","post","type-post","status-publish","format-standard","has-post-thumbnail","hentry","category-nacional","tag-inameh","tag-pronostico-del-tiempo","tag-venezuela"],"acf":[],"yoast_head":"<!-- This site is optimized with the Yoast SEO plugin v27.4 - https:\/\/yoast.com\/product\/yoast-seo-wordpress\/ -->\n<title>Lluvias moderadas se registrar\u00e1n en Zulia, Andes, Llanos occidente y sur del pa\u00eds - DEV RNV<\/title>\n<meta name=\"robots\" content=\"noindex, follow, max-snippet:-1, max-image-preview:large, max-video-preview:-1\" \/>\n<meta property=\"og:locale\" content=\"es_ES\" \/>\n<meta property=\"og:type\" content=\"article\" \/>\n<meta property=\"og:title\" content=\"Lluvias moderadas se registrar\u00e1n en Zulia, Andes, Llanos occidente y sur del pa\u00eds - DEV RNV\" \/>\n<meta property=\"og:description\" content=\"El Instituto Nacional de Meteorolog\u00eda e Hidrolog\u00eda (Inameh) pronostica para este s\u00e1bado lluvias moderadas acompa\u00f1adas de tormentas y r\u00e1fagas de viento sobre las regiones Andes, Zulia, Llanos Occidentales y Sur. De acuerdo con la p\u00e1gina web del organismo, se encuentra activa la Onda Tropical N\u00ba 57, sobre el noroccidente del pa\u00eds, y se va desplazando [&hellip;]\" \/>\n<meta property=\"og:url\" content=\"https:\/\/stage3.rnv.gob.ve\/wp\/lluvias-moderadas-se-registraran-en-zulia-andes-llanos-occidente-y-sur-del-pais\/\" \/>\n<meta property=\"og:site_name\" content=\"DEV RNV\" \/>\n<meta property=\"article:publisher\" content=\"https:\/\/www.facebook.com\/RadioNacionaldeVenezuela\" \/>\n<meta property=\"article:published_time\" content=\"2019-11-02T13:06:19+00:00\" \/>\n<meta name=\"author\" content=\"Nelson Algueida\" \/>\n<meta name=\"twitter:card\" content=\"summary_large_image\" \/>\n<meta name=\"twitter:creator\" content=\"@RNVinformativa\" \/>\n<meta name=\"twitter:site\" content=\"@RNVinformativa\" \/>\n<meta name=\"twitter:label1\" content=\"Escrito por\" \/>\n\t<meta name=\"twitter:data1\" content=\"Nelson Algueida\" \/>\n<script type=\"application\/ld+json\" class=\"yoast-schema-graph\">{\"@context\":\"https:\\\/\\\/schema.org\",\"@graph\":[{\"@type\":\"Article\",\"@id\":\"https:\\\/\\\/stage3.rnv.gob.ve\\\/wp\\\/lluvias-moderadas-se-registraran-en-zulia-andes-llanos-occidente-y-sur-del-pais\\\/#article\",\"isPartOf\":{\"@id\":\"https:\\\/\\\/stage3.rnv.gob.ve\\\/wp\\\/lluvias-moderadas-se-registraran-en-zulia-andes-llanos-occidente-y-sur-del-pais\\\/\"},\"author\":{\"name\":\"Nelson Algueida\",\"@id\":\"https:\\\/\\\/stage3.rnv.gob.ve\\\/wp\\\/#\\\/schema\\\/person\\\/bf78d2c2bfb49c84c0730e0b1eca198f\"},\"headline\":\"Lluvias moderadas se registrar\u00e1n en Zulia, Andes, Llanos occidente y sur del pa\u00eds\",\"datePublished\":\"2019-11-02T13:06:19+00:00\",\"mainEntityOfPage\":{\"@id\":\"https:\\\/\\\/stage3.rnv.gob.ve\\\/wp\\\/lluvias-moderadas-se-registraran-en-zulia-andes-llanos-occidente-y-sur-del-pais\\\/\"},\"wordCount\":105,\"publisher\":{\"@id\":\"https:\\\/\\\/stage3.rnv.gob.ve\\\/wp\\\/#organization\"},\"image\":{\"@id\":\"https:\\\/\\\/stage3.rnv.gob.ve\\\/wp\\\/lluvias-moderadas-se-registraran-en-zulia-andes-llanos-occidente-y-sur-del-pais\\\/#primaryimage\"},\"thumbnailUrl\":\"\",\"keywords\":[\"inameh\",\"pron\u00f3stico del tiempo\",\"Venezuela\"],\"articleSection\":[\"Nacional\"],\"inLanguage\":\"es\"},{\"@type\":\"WebPage\",\"@id\":\"https:\\\/\\\/stage3.rnv.gob.ve\\\/wp\\\/lluvias-moderadas-se-registraran-en-zulia-andes-llanos-occidente-y-sur-del-pais\\\/\",\"url\":\"https:\\\/\\\/stage3.rnv.gob.ve\\\/wp\\\/lluvias-moderadas-se-registraran-en-zulia-andes-llanos-occidente-y-sur-del-pais\\\/\",\"name\":\"Lluvias moderadas se registrar\u00e1n en Zulia, Andes, Llanos occidente y sur del pa\u00eds - DEV RNV\",\"isPartOf\":{\"@id\":\"https:\\\/\\\/stage3.rnv.gob.ve\\\/wp\\\/#website\"},\"primaryImageOfPage\":{\"@id\":\"https:\\\/\\\/stage3.rnv.gob.ve\\\/wp\\\/lluvias-moderadas-se-registraran-en-zulia-andes-llanos-occidente-y-sur-del-pais\\\/#primaryimage\"},\"image\":{\"@id\":\"https:\\\/\\\/stage3.rnv.gob.ve\\\/wp\\\/lluvias-moderadas-se-registraran-en-zulia-andes-llanos-occidente-y-sur-del-pais\\\/#primaryimage\"},\"thumbnailUrl\":\"\",\"datePublished\":\"2019-11-02T13:06:19+00:00\",\"breadcrumb\":{\"@id\":\"https:\\\/\\\/stage3.rnv.gob.ve\\\/wp\\\/lluvias-moderadas-se-registraran-en-zulia-andes-llanos-occidente-y-sur-del-pais\\\/#breadcrumb\"},\"inLanguage\":\"es\",\"potentialAction\":[{\"@type\":\"ReadAction\",\"target\":[\"https:\\\/\\\/stage3.rnv.gob.ve\\\/wp\\\/lluvias-moderadas-se-registraran-en-zulia-andes-llanos-occidente-y-sur-del-pais\\\/\"]}]},{\"@type\":\"ImageObject\",\"inLanguage\":\"es\",\"@id\":\"https:\\\/\\\/stage3.rnv.gob.ve\\\/wp\\\/lluvias-moderadas-se-registraran-en-zulia-andes-llanos-occidente-y-sur-del-pais\\\/#primaryimage\",\"url\":\"\",\"contentUrl\":\"\"},{\"@type\":\"BreadcrumbList\",\"@id\":\"https:\\\/\\\/stage3.rnv.gob.ve\\\/wp\\\/lluvias-moderadas-se-registraran-en-zulia-andes-llanos-occidente-y-sur-del-pais\\\/#breadcrumb\",\"itemListElement\":[{\"@type\":\"ListItem\",\"position\":1,\"name\":\"Portada\",\"item\":\"https:\\\/\\\/stage3.rnv.gob.ve\\\/wp\\\/\"},{\"@type\":\"ListItem\",\"position\":2,\"name\":\"Lluvias Moderadas Se Registrar\u00e1n En Zulia, Andes, Llanos Occidente Y Sur Del Pa\u00eds\"}]},{\"@type\":\"WebSite\",\"@id\":\"https:\\\/\\\/stage3.rnv.gob.ve\\\/wp\\\/#website\",\"url\":\"https:\\\/\\\/stage3.rnv.gob.ve\\\/wp\\\/\",\"name\":\"DEV RNV\",\"description\":\"Radio Nacional de Venezuela C.A.\",\"publisher\":{\"@id\":\"https:\\\/\\\/stage3.rnv.gob.ve\\\/wp\\\/#organization\"},\"potentialAction\":[{\"@type\":\"SearchAction\",\"target\":{\"@type\":\"EntryPoint\",\"urlTemplate\":\"https:\\\/\\\/stage3.rnv.gob.ve\\\/wp\\\/?s={search_term_string}\"},\"query-input\":{\"@type\":\"PropertyValueSpecification\",\"valueRequired\":true,\"valueName\":\"search_term_string\"}}],\"inLanguage\":\"es\"},{\"@type\":\"Organization\",\"@id\":\"https:\\\/\\\/stage3.rnv.gob.ve\\\/wp\\\/#organization\",\"name\":\"Radio Nacional de Venezuela C.A.\",\"url\":\"https:\\\/\\\/stage3.rnv.gob.ve\\\/wp\\\/\",\"logo\":{\"@type\":\"ImageObject\",\"inLanguage\":\"es\",\"@id\":\"https:\\\/\\\/stage3.rnv.gob.ve\\\/wp\\\/#\\\/schema\\\/logo\\\/image\\\/\",\"url\":\"http:\\\/\\\/rnv.ddns.net\\\/prensa\\\/wp-content\\\/uploads\\\/2022\\\/04\\\/rnv-1-300x227-1.jpg\",\"contentUrl\":\"http:\\\/\\\/rnv.ddns.net\\\/prensa\\\/wp-content\\\/uploads\\\/2022\\\/04\\\/rnv-1-300x227-1.jpg\",\"width\":800,\"height\":455,\"caption\":\"Radio Nacional de Venezuela C.A.\"},\"image\":{\"@id\":\"https:\\\/\\\/stage3.rnv.gob.ve\\\/wp\\\/#\\\/schema\\\/logo\\\/image\\\/\"},\"sameAs\":[\"https:\\\/\\\/www.facebook.com\\\/RadioNacionaldeVenezuela\",\"https:\\\/\\\/x.com\\\/RNVinformativa\",\"https:\\\/\\\/www.instagram.com\\\/rnvinformativa\\\/\",\"https:\\\/\\\/www.youtube.com\\\/user\\\/RNVContigo\"]},{\"@type\":\"Person\",\"@id\":\"https:\\\/\\\/stage3.rnv.gob.ve\\\/wp\\\/#\\\/schema\\\/person\\\/bf78d2c2bfb49c84c0730e0b1eca198f\",\"name\":\"Nelson Algueida\",\"url\":\"https:\\\/\\\/stage3.rnv.gob.ve\\\/wp\\\/author\\\/nelson-algueida\\\/\"}]}<\/script>\n<!-- \/ Yoast SEO plugin. -->","yoast_head_json":{"title":"Lluvias moderadas se registrar\u00e1n en Zulia, Andes, Llanos occidente y sur del pa\u00eds - DEV RNV","robots":{"index":"noindex","follow":"follow","max-snippet":"max-snippet:-1","max-image-preview":"max-image-preview:large","max-video-preview":"max-video-preview:-1"},"og_locale":"es_ES","og_type":"article","og_title":"Lluvias moderadas se registrar\u00e1n en Zulia, Andes, Llanos occidente y sur del pa\u00eds - DEV RNV","og_description":"El Instituto Nacional de Meteorolog\u00eda e Hidrolog\u00eda (Inameh) pronostica para este s\u00e1bado lluvias moderadas acompa\u00f1adas de tormentas y r\u00e1fagas de viento sobre las regiones Andes, Zulia, Llanos Occidentales y Sur. De acuerdo con la p\u00e1gina web del organismo, se encuentra activa la Onda Tropical N\u00ba 57, sobre el noroccidente del pa\u00eds, y se va desplazando [&hellip;]","og_url":"https:\/\/stage3.rnv.gob.ve\/wp\/lluvias-moderadas-se-registraran-en-zulia-andes-llanos-occidente-y-sur-del-pais\/","og_site_name":"DEV RNV","article_publisher":"https:\/\/www.facebook.com\/RadioNacionaldeVenezuela","article_published_time":"2019-11-02T13:06:19+00:00","author":"Nelson Algueida","twitter_card":"summary_large_image","twitter_creator":"@RNVinformativa","twitter_site":"@RNVinformativa","twitter_misc":{"Escrito por":"Nelson Algueida"},"schema":{"@context":"https:\/\/schema.org","@graph":[{"@type":"Article","@id":"https:\/\/stage3.rnv.gob.ve\/wp\/lluvias-moderadas-se-registraran-en-zulia-andes-llanos-occidente-y-sur-del-pais\/#article","isPartOf":{"@id":"https:\/\/stage3.rnv.gob.ve\/wp\/lluvias-moderadas-se-registraran-en-zulia-andes-llanos-occidente-y-sur-del-pais\/"},"author":{"name":"Nelson Algueida","@id":"https:\/\/stage3.rnv.gob.ve\/wp\/#\/schema\/person\/bf78d2c2bfb49c84c0730e0b1eca198f"},"headline":"Lluvias moderadas se registrar\u00e1n en Zulia, Andes, Llanos occidente y sur del pa\u00eds","datePublished":"2019-11-02T13:06:19+00:00","mainEntityOfPage":{"@id":"https:\/\/stage3.rnv.gob.ve\/wp\/lluvias-moderadas-se-registraran-en-zulia-andes-llanos-occidente-y-sur-del-pais\/"},"wordCount":105,"publisher":{"@id":"https:\/\/stage3.rnv.gob.ve\/wp\/#organization"},"image":{"@id":"https:\/\/stage3.rnv.gob.ve\/wp\/lluvias-moderadas-se-registraran-en-zulia-andes-llanos-occidente-y-sur-del-pais\/#primaryimage"},"thumbnailUrl":"","keywords":["inameh","pron\u00f3stico del tiempo","Venezuela"],"articleSection":["Nacional"],"inLanguage":"es"},{"@type":"WebPage","@id":"https:\/\/stage3.rnv.gob.ve\/wp\/lluvias-moderadas-se-registraran-en-zulia-andes-llanos-occidente-y-sur-del-pais\/","url":"https:\/\/stage3.rnv.gob.ve\/wp\/lluvias-moderadas-se-registraran-en-zulia-andes-llanos-occidente-y-sur-del-pais\/","name":"Lluvias moderadas se registrar\u00e1n en Zulia, Andes, Llanos occidente y sur del pa\u00eds - DEV RNV","isPartOf":{"@id":"https:\/\/stage3.rnv.gob.ve\/wp\/#website"},"primaryImageOfPage":{"@id":"https:\/\/stage3.rnv.gob.ve\/wp\/lluvias-moderadas-se-registraran-en-zulia-andes-llanos-occidente-y-sur-del-pais\/#primaryimage"},"image":{"@id":"https:\/\/stage3.rnv.gob.ve\/wp\/lluvias-moderadas-se-registraran-en-zulia-andes-llanos-occidente-y-sur-del-pais\/#primaryimage"},"thumbnailUrl":"","datePublished":"2019-11-02T13:06:19+00:00","breadcrumb":{"@id":"https:\/\/stage3.rnv.gob.ve\/wp\/lluvias-moderadas-se-registraran-en-zulia-andes-llanos-occidente-y-sur-del-pais\/#breadcrumb"},"inLanguage":"es","potentialAction":[{"@type":"ReadAction","target":["https:\/\/stage3.rnv.gob.ve\/wp\/lluvias-moderadas-se-registraran-en-zulia-andes-llanos-occidente-y-sur-del-pais\/"]}]},{"@type":"ImageObject","inLanguage":"es","@id":"https:\/\/stage3.rnv.gob.ve\/wp\/lluvias-moderadas-se-registraran-en-zulia-andes-llanos-occidente-y-sur-del-pais\/#primaryimage","url":"","contentUrl":""},{"@type":"BreadcrumbList","@id":"https:\/\/stage3.rnv.gob.ve\/wp\/lluvias-moderadas-se-registraran-en-zulia-andes-llanos-occidente-y-sur-del-pais\/#breadcrumb","itemListElement":[{"@type":"ListItem","position":1,"name":"Portada","item":"https:\/\/stage3.rnv.gob.ve\/wp\/"},{"@type":"ListItem","position":2,"name":"Lluvias Moderadas Se Registrar\u00e1n En Zulia, Andes, Llanos Occidente Y Sur Del Pa\u00eds"}]},{"@type":"WebSite","@id":"https:\/\/stage3.rnv.gob.ve\/wp\/#website","url":"https:\/\/stage3.rnv.gob.ve\/wp\/","name":"DEV RNV","description":"Radio Nacional de Venezuela C.A.","publisher":{"@id":"https:\/\/stage3.rnv.gob.ve\/wp\/#organization"},"potentialAction":[{"@type":"SearchAction","target":{"@type":"EntryPoint","urlTemplate":"https:\/\/stage3.rnv.gob.ve\/wp\/?s={search_term_string}"},"query-input":{"@type":"PropertyValueSpecification","valueRequired":true,"valueName":"search_term_string"}}],"inLanguage":"es"},{"@type":"Organization","@id":"https:\/\/stage3.rnv.gob.ve\/wp\/#organization","name":"Radio Nacional de Venezuela C.A.","url":"https:\/\/stage3.rnv.gob.ve\/wp\/","logo":{"@type":"ImageObject","inLanguage":"es","@id":"https:\/\/stage3.rnv.gob.ve\/wp\/#\/schema\/logo\/image\/","url":"http:\/\/rnv.ddns.net\/prensa\/wp-content\/uploads\/2022\/04\/rnv-1-300x227-1.jpg","contentUrl":"http:\/\/rnv.ddns.net\/prensa\/wp-content\/uploads\/2022\/04\/rnv-1-300x227-1.jpg","width":800,"height":455,"caption":"Radio Nacional de Venezuela C.A."},"image":{"@id":"https:\/\/stage3.rnv.gob.ve\/wp\/#\/schema\/logo\/image\/"},"sameAs":["https:\/\/www.facebook.com\/RadioNacionaldeVenezuela","https:\/\/x.com\/RNVinformativa","https:\/\/www.instagram.com\/rnvinformativa\/","https:\/\/www.youtube.com\/user\/RNVContigo"]},{"@type":"Person","@id":"https:\/\/stage3.rnv.gob.ve\/wp\/#\/schema\/person\/bf78d2c2bfb49c84c0730e0b1eca198f","name":"Nelson Algueida","url":"https:\/\/stage3.rnv.gob.ve\/wp\/author\/nelson-algueida\/"}]}},"jetpack_featured_media_url":"","_links":{"self":[{"href":"https:\/\/stage3.rnv.gob.ve\/wp\/wp-json\/wp\/v2\/posts\/280418","targetHints":{"allow":["GET"]}}],"collection":[{"href":"https:\/\/stage3.rnv.gob.ve\/wp\/wp-json\/wp\/v2\/posts"}],"about":[{"href":"https:\/\/stage3.rnv.gob.ve\/wp\/wp-json\/wp\/v2\/types\/post"}],"author":[{"embeddable":true,"href":"https:\/\/stage3.rnv.gob.ve\/wp\/wp-json\/wp\/v2\/users\/42"}],"replies":[{"embeddable":true,"href":"https:\/\/stage3.rnv.gob.ve\/wp\/wp-json\/wp\/v2\/comments?post=280418"}],"version-history":[{"count":0,"href":"https:\/\/stage3.rnv.gob.ve\/wp\/wp-json\/wp\/v2\/posts\/280418\/revisions"}],"wp:featuredmedia":[{"embeddable":true,"href":"https:\/\/stage3.rnv.gob.ve\/wp\/wp-json\/"}],"wp:attachment":[{"href":"https:\/\/stage3.rnv.gob.ve\/wp\/wp-json\/wp\/v2\/media?parent=280418"}],"wp:term":[{"taxonomy":"category","embeddable":true,"href":"https:\/\/stage3.rnv.gob.ve\/wp\/wp-json\/wp\/v2\/categories?post=280418"},{"taxonomy":"post_tag","embeddable":true,"href":"https:\/\/stage3.rnv.gob.ve\/wp\/wp-json\/wp\/v2\/tags?post=280418"}],"curies":[{"name":"wp","href":"https:\/\/api.w.org\/{rel}","templated":true}]}}