{"id":280347,"date":"2019-11-01T15:15:08","date_gmt":"2019-11-01T19:45:08","guid":{"rendered":"https:\/\/stage3.rnv.gob.ve\/wp\/?p=280347"},"modified":"2026-04-15T21:29:43","modified_gmt":"2026-04-16T01:29:43","slug":"capturado-narcoparamilitar-encargado-de-las-finanzas-de-los-rastrojos","status":"publish","type":"post","link":"https:\/\/stage3.rnv.gob.ve\/wp\/capturado-narcoparamilitar-encargado-de-las-finanzas-de-los-rastrojos\/","title":{"rendered":"Capturado narcoparamilitar encargado de las finanzas de Los Rastrojos"},"content":{"rendered":"<p style=\"text-align: justify;\"><img fetchpriority=\"high\" decoding=\"async\" class=\"wp-image-280348 aligncenter\" src=\"https:\/\/stage3.rnv.gob.ve\/wp\/wp-content\/uploads\/2019\/11\/vaca.jpg\" alt=\"\" width=\"600\" height=\"568\" \/><\/p>\n<p style=\"text-align: justify;\">El vicepresidente sectorial de Comunicaci\u00f3n, Cultura y Turismo,\u00a0Jorge Rodr\u00edguez, inform\u00f3 este viernes a trav\u00e9s de su cuenta en la red social Twitter que fue detenido el ciudadano Argenis Vaca alias \u00abVaquita\u00bb, quien fungiera como encargado de las finanzas del grupo paramilitar colombiano\u00a0Los Rastrojos.<\/p>\n<p style=\"text-align: justify;\">En los mensajes publicados a trav\u00e9s de la red social, el alto funcionario detall\u00f3 que el detenido\u00a0 estaba siendo buscado por los cuerpos de seguridad de Venezuela y Colombia por cometer los delitos de homicidio, secuestro y narcotr\u00e1fico.<\/p>\n<p style=\"text-align: justify;\">Se pudo conocer que fue capturado en su \u00e1rea de influencia y al momento de su detenci\u00f3n ten\u00eda en su poder pertrechos de guerra, armas de alto calibre y drogas.<\/p>\n<p style=\"text-align: justify;\">Vaca fue la persona que se encarg\u00f3 de conducir a Juan Guaid\u00f3 el pasado 23 de febrero desde La Fr\u00eda en el estado T\u00e1chira, hasta Puerto de Santander donde ser\u00eda entregado a escoltas del presidente de Colombia Iv\u00e1n Duque en el Para\u00edso, para participar en un concierto que ten\u00eda como prop\u00f3sito ingresar al pa\u00eds camiones que conten\u00edan supuesta ayuda humanitaria.<\/p>\n<p><strong>T\/VTV<\/strong><br \/>\n&nbsp;<\/p>\n<blockquote class=\"twitter-tweet\">\n<p dir=\"ltr\" lang=\"es\">Gracias a profunda labor de inteligencia de varias semanas, informamos la captura de narcoparamilitar Argenis Vaca (a) Vaquita. Encargado de finanzas del grupo paramilitar los rastrojos,buscado en Colombia y Venezuela x los delitos de homicidio, secuestro, narcotr\u00e1fico. Abro hilo <a href=\"https:\/\/t.co\/a05cHL6k28\">pic.twitter.com\/a05cHL6k28<\/a><\/p>\n<p>\u2014 Jorge Rodr\u00edguez (@jorgerpsuv) <a href=\"https:\/\/twitter.com\/jorgerpsuv\/status\/1190332214153797637?ref_src=twsrc%5Etfw\">November 1, 2019<\/a><\/p><\/blockquote>\n<p><script async src=\"https:\/\/platform.twitter.com\/widgets.js\" charset=\"utf-8\"><\/script><\/p>\n<blockquote class=\"twitter-tweet\">\n<p dir=\"ltr\" lang=\"es\">Condujo a <a href=\"https:\/\/twitter.com\/jguaido?ref_src=twsrc%5Etfw\">@jguaido<\/a> desde la fr\u00eda en T\u00e1chira, hasta puerto de Santander, donde ser\u00eda entregado a escoltas de <a href=\"https:\/\/twitter.com\/IvanDuque?ref_src=twsrc%5Etfw\">@IvanDuque<\/a>. En El \u201cPara\u00edso\u201d <a href=\"https:\/\/twitter.com\/jguaido?ref_src=twsrc%5Etfw\">@jguaido<\/a> se toma fotos con los jefes de los rastrojos fueron guardadas x la promesa de que les permitir\u00edan impunidad total en nuestra frontera <a href=\"https:\/\/t.co\/UjHpzQdX9T\">pic.twitter.com\/UjHpzQdX9T<\/a><\/p>\n<p>\u2014 Jorge Rodr\u00edguez (@jorgerpsuv) <a href=\"https:\/\/twitter.com\/jorgerpsuv\/status\/1190336315625213953?ref_src=twsrc%5Etfw\">November 1, 2019<\/a><\/p><\/blockquote>\n<p><script async src=\"https:\/\/platform.twitter.com\/widgets.js\" charset=\"utf-8\"><\/script><\/p>\n","protected":false},"excerpt":{"rendered":"<p>El vicepresidente sectorial de Comunicaci\u00f3n, Cultura y Turismo,\u00a0Jorge Rodr\u00edguez, inform\u00f3 este viernes a trav\u00e9s de su cuenta en la red social Twitter que fue detenido el ciudadano Argenis Vaca alias \u00abVaquita\u00bb, quien fungiera como encargado de las finanzas del grupo paramilitar colombiano\u00a0Los Rastrojos. En los mensajes publicados a trav\u00e9s de la red social, el alto [&hellip;]<\/p>\n","protected":false},"author":18,"featured_media":280348,"comment_status":"closed","ping_status":"open","sticky":false,"template":"","format":"standard","meta":{"_acf_changed":false,"footnotes":""},"categories":[65],"tags":[4105,4175,4790,22448,22449],"class_list":["post-280347","post","type-post","status-publish","format-standard","has-post-thumbnail","hentry","category-nacional","tag-capturado","tag-finanzas","tag-judiciales","tag-narcoparamilitar","tag-rastrojos"],"acf":[],"yoast_head":"<!-- This site is optimized with the Yoast SEO plugin v27.4 - https:\/\/yoast.com\/product\/yoast-seo-wordpress\/ -->\n<title>Capturado narcoparamilitar encargado de las finanzas de Los Rastrojos - DEV RNV<\/title>\n<meta name=\"robots\" content=\"noindex, follow, max-snippet:-1, max-image-preview:large, max-video-preview:-1\" \/>\n<meta property=\"og:locale\" content=\"es_ES\" \/>\n<meta property=\"og:type\" content=\"article\" \/>\n<meta property=\"og:title\" content=\"Capturado narcoparamilitar encargado de las finanzas de Los Rastrojos - DEV RNV\" \/>\n<meta property=\"og:description\" content=\"El vicepresidente sectorial de Comunicaci\u00f3n, Cultura y Turismo,\u00a0Jorge Rodr\u00edguez, inform\u00f3 este viernes a trav\u00e9s de su cuenta en la red social Twitter que fue detenido el ciudadano Argenis Vaca alias \u00abVaquita\u00bb, quien fungiera como encargado de las finanzas del grupo paramilitar colombiano\u00a0Los Rastrojos. En los mensajes publicados a trav\u00e9s de la red social, el alto [&hellip;]\" \/>\n<meta property=\"og:url\" content=\"https:\/\/stage3.rnv.gob.ve\/wp\/capturado-narcoparamilitar-encargado-de-las-finanzas-de-los-rastrojos\/\" \/>\n<meta property=\"og:site_name\" content=\"DEV RNV\" \/>\n<meta property=\"article:publisher\" content=\"https:\/\/www.facebook.com\/RadioNacionaldeVenezuela\" \/>\n<meta property=\"article:published_time\" content=\"2019-11-01T19:45:08+00:00\" \/>\n<meta property=\"article:modified_time\" content=\"2026-04-16T01:29:43+00:00\" \/>\n<meta name=\"author\" content=\"Nora Andrade\" \/>\n<meta name=\"twitter:card\" content=\"summary_large_image\" \/>\n<meta name=\"twitter:creator\" content=\"@RNVinformativa\" \/>\n<meta name=\"twitter:site\" content=\"@RNVinformativa\" \/>\n<meta name=\"twitter:label1\" content=\"Escrito por\" \/>\n\t<meta name=\"twitter:data1\" content=\"Nora Andrade\" \/>\n\t<meta name=\"twitter:label2\" content=\"Tiempo estimado de lectura\" \/>\n\t<meta name=\"twitter:data2\" content=\"2 minutos\" \/>\n<script type=\"application\/ld+json\" class=\"yoast-schema-graph\">{\"@context\":\"https:\\\/\\\/schema.org\",\"@graph\":[{\"@type\":\"Article\",\"@id\":\"https:\\\/\\\/stage3.rnv.gob.ve\\\/wp\\\/capturado-narcoparamilitar-encargado-de-las-finanzas-de-los-rastrojos\\\/#article\",\"isPartOf\":{\"@id\":\"https:\\\/\\\/stage3.rnv.gob.ve\\\/wp\\\/capturado-narcoparamilitar-encargado-de-las-finanzas-de-los-rastrojos\\\/\"},\"author\":{\"name\":\"Nora Andrade\",\"@id\":\"https:\\\/\\\/stage3.rnv.gob.ve\\\/wp\\\/#\\\/schema\\\/person\\\/b04f077485d4e004e355dd829c37feaa\"},\"headline\":\"Capturado narcoparamilitar encargado de las finanzas de Los Rastrojos\",\"datePublished\":\"2019-11-01T19:45:08+00:00\",\"dateModified\":\"2026-04-16T01:29:43+00:00\",\"mainEntityOfPage\":{\"@id\":\"https:\\\/\\\/stage3.rnv.gob.ve\\\/wp\\\/capturado-narcoparamilitar-encargado-de-las-finanzas-de-los-rastrojos\\\/\"},\"wordCount\":313,\"publisher\":{\"@id\":\"https:\\\/\\\/stage3.rnv.gob.ve\\\/wp\\\/#organization\"},\"image\":{\"@id\":\"https:\\\/\\\/stage3.rnv.gob.ve\\\/wp\\\/capturado-narcoparamilitar-encargado-de-las-finanzas-de-los-rastrojos\\\/#primaryimage\"},\"thumbnailUrl\":\"\",\"keywords\":[\"Capturado\",\"Finanzas\",\"judiciales\",\"narcoparamilitar\",\"rastrojos\"],\"articleSection\":[\"Nacional\"],\"inLanguage\":\"es\"},{\"@type\":\"WebPage\",\"@id\":\"https:\\\/\\\/stage3.rnv.gob.ve\\\/wp\\\/capturado-narcoparamilitar-encargado-de-las-finanzas-de-los-rastrojos\\\/\",\"url\":\"https:\\\/\\\/stage3.rnv.gob.ve\\\/wp\\\/capturado-narcoparamilitar-encargado-de-las-finanzas-de-los-rastrojos\\\/\",\"name\":\"Capturado narcoparamilitar encargado de las finanzas de Los Rastrojos - DEV RNV\",\"isPartOf\":{\"@id\":\"https:\\\/\\\/stage3.rnv.gob.ve\\\/wp\\\/#website\"},\"primaryImageOfPage\":{\"@id\":\"https:\\\/\\\/stage3.rnv.gob.ve\\\/wp\\\/capturado-narcoparamilitar-encargado-de-las-finanzas-de-los-rastrojos\\\/#primaryimage\"},\"image\":{\"@id\":\"https:\\\/\\\/stage3.rnv.gob.ve\\\/wp\\\/capturado-narcoparamilitar-encargado-de-las-finanzas-de-los-rastrojos\\\/#primaryimage\"},\"thumbnailUrl\":\"\",\"datePublished\":\"2019-11-01T19:45:08+00:00\",\"dateModified\":\"2026-04-16T01:29:43+00:00\",\"breadcrumb\":{\"@id\":\"https:\\\/\\\/stage3.rnv.gob.ve\\\/wp\\\/capturado-narcoparamilitar-encargado-de-las-finanzas-de-los-rastrojos\\\/#breadcrumb\"},\"inLanguage\":\"es\",\"potentialAction\":[{\"@type\":\"ReadAction\",\"target\":[\"https:\\\/\\\/stage3.rnv.gob.ve\\\/wp\\\/capturado-narcoparamilitar-encargado-de-las-finanzas-de-los-rastrojos\\\/\"]}]},{\"@type\":\"ImageObject\",\"inLanguage\":\"es\",\"@id\":\"https:\\\/\\\/stage3.rnv.gob.ve\\\/wp\\\/capturado-narcoparamilitar-encargado-de-las-finanzas-de-los-rastrojos\\\/#primaryimage\",\"url\":\"\",\"contentUrl\":\"\"},{\"@type\":\"BreadcrumbList\",\"@id\":\"https:\\\/\\\/stage3.rnv.gob.ve\\\/wp\\\/capturado-narcoparamilitar-encargado-de-las-finanzas-de-los-rastrojos\\\/#breadcrumb\",\"itemListElement\":[{\"@type\":\"ListItem\",\"position\":1,\"name\":\"Portada\",\"item\":\"https:\\\/\\\/stage3.rnv.gob.ve\\\/wp\\\/\"},{\"@type\":\"ListItem\",\"position\":2,\"name\":\"Capturado Narcoparamilitar Encargado De Las Finanzas De Los Rastrojos\"}]},{\"@type\":\"WebSite\",\"@id\":\"https:\\\/\\\/stage3.rnv.gob.ve\\\/wp\\\/#website\",\"url\":\"https:\\\/\\\/stage3.rnv.gob.ve\\\/wp\\\/\",\"name\":\"DEV RNV\",\"description\":\"Radio Nacional de Venezuela C.A.\",\"publisher\":{\"@id\":\"https:\\\/\\\/stage3.rnv.gob.ve\\\/wp\\\/#organization\"},\"potentialAction\":[{\"@type\":\"SearchAction\",\"target\":{\"@type\":\"EntryPoint\",\"urlTemplate\":\"https:\\\/\\\/stage3.rnv.gob.ve\\\/wp\\\/?s={search_term_string}\"},\"query-input\":{\"@type\":\"PropertyValueSpecification\",\"valueRequired\":true,\"valueName\":\"search_term_string\"}}],\"inLanguage\":\"es\"},{\"@type\":\"Organization\",\"@id\":\"https:\\\/\\\/stage3.rnv.gob.ve\\\/wp\\\/#organization\",\"name\":\"Radio Nacional de Venezuela C.A.\",\"url\":\"https:\\\/\\\/stage3.rnv.gob.ve\\\/wp\\\/\",\"logo\":{\"@type\":\"ImageObject\",\"inLanguage\":\"es\",\"@id\":\"https:\\\/\\\/stage3.rnv.gob.ve\\\/wp\\\/#\\\/schema\\\/logo\\\/image\\\/\",\"url\":\"http:\\\/\\\/rnv.ddns.net\\\/prensa\\\/wp-content\\\/uploads\\\/2022\\\/04\\\/rnv-1-300x227-1.jpg\",\"contentUrl\":\"http:\\\/\\\/rnv.ddns.net\\\/prensa\\\/wp-content\\\/uploads\\\/2022\\\/04\\\/rnv-1-300x227-1.jpg\",\"width\":800,\"height\":455,\"caption\":\"Radio Nacional de Venezuela C.A.\"},\"image\":{\"@id\":\"https:\\\/\\\/stage3.rnv.gob.ve\\\/wp\\\/#\\\/schema\\\/logo\\\/image\\\/\"},\"sameAs\":[\"https:\\\/\\\/www.facebook.com\\\/RadioNacionaldeVenezuela\",\"https:\\\/\\\/x.com\\\/RNVinformativa\",\"https:\\\/\\\/www.instagram.com\\\/rnvinformativa\\\/\",\"https:\\\/\\\/www.youtube.com\\\/user\\\/RNVContigo\"]},{\"@type\":\"Person\",\"@id\":\"https:\\\/\\\/stage3.rnv.gob.ve\\\/wp\\\/#\\\/schema\\\/person\\\/b04f077485d4e004e355dd829c37feaa\",\"name\":\"Nora Andrade\",\"url\":\"https:\\\/\\\/stage3.rnv.gob.ve\\\/wp\\\/author\\\/nora_andrade\\\/\"}]}<\/script>\n<!-- \/ Yoast SEO plugin. -->","yoast_head_json":{"title":"Capturado narcoparamilitar encargado de las finanzas de Los Rastrojos - DEV RNV","robots":{"index":"noindex","follow":"follow","max-snippet":"max-snippet:-1","max-image-preview":"max-image-preview:large","max-video-preview":"max-video-preview:-1"},"og_locale":"es_ES","og_type":"article","og_title":"Capturado narcoparamilitar encargado de las finanzas de Los Rastrojos - DEV RNV","og_description":"El vicepresidente sectorial de Comunicaci\u00f3n, Cultura y Turismo,\u00a0Jorge Rodr\u00edguez, inform\u00f3 este viernes a trav\u00e9s de su cuenta en la red social Twitter que fue detenido el ciudadano Argenis Vaca alias \u00abVaquita\u00bb, quien fungiera como encargado de las finanzas del grupo paramilitar colombiano\u00a0Los Rastrojos. En los mensajes publicados a trav\u00e9s de la red social, el alto [&hellip;]","og_url":"https:\/\/stage3.rnv.gob.ve\/wp\/capturado-narcoparamilitar-encargado-de-las-finanzas-de-los-rastrojos\/","og_site_name":"DEV RNV","article_publisher":"https:\/\/www.facebook.com\/RadioNacionaldeVenezuela","article_published_time":"2019-11-01T19:45:08+00:00","article_modified_time":"2026-04-16T01:29:43+00:00","author":"Nora Andrade","twitter_card":"summary_large_image","twitter_creator":"@RNVinformativa","twitter_site":"@RNVinformativa","twitter_misc":{"Escrito por":"Nora Andrade","Tiempo estimado de lectura":"2 minutos"},"schema":{"@context":"https:\/\/schema.org","@graph":[{"@type":"Article","@id":"https:\/\/stage3.rnv.gob.ve\/wp\/capturado-narcoparamilitar-encargado-de-las-finanzas-de-los-rastrojos\/#article","isPartOf":{"@id":"https:\/\/stage3.rnv.gob.ve\/wp\/capturado-narcoparamilitar-encargado-de-las-finanzas-de-los-rastrojos\/"},"author":{"name":"Nora Andrade","@id":"https:\/\/stage3.rnv.gob.ve\/wp\/#\/schema\/person\/b04f077485d4e004e355dd829c37feaa"},"headline":"Capturado narcoparamilitar encargado de las finanzas de Los Rastrojos","datePublished":"2019-11-01T19:45:08+00:00","dateModified":"2026-04-16T01:29:43+00:00","mainEntityOfPage":{"@id":"https:\/\/stage3.rnv.gob.ve\/wp\/capturado-narcoparamilitar-encargado-de-las-finanzas-de-los-rastrojos\/"},"wordCount":313,"publisher":{"@id":"https:\/\/stage3.rnv.gob.ve\/wp\/#organization"},"image":{"@id":"https:\/\/stage3.rnv.gob.ve\/wp\/capturado-narcoparamilitar-encargado-de-las-finanzas-de-los-rastrojos\/#primaryimage"},"thumbnailUrl":"","keywords":["Capturado","Finanzas","judiciales","narcoparamilitar","rastrojos"],"articleSection":["Nacional"],"inLanguage":"es"},{"@type":"WebPage","@id":"https:\/\/stage3.rnv.gob.ve\/wp\/capturado-narcoparamilitar-encargado-de-las-finanzas-de-los-rastrojos\/","url":"https:\/\/stage3.rnv.gob.ve\/wp\/capturado-narcoparamilitar-encargado-de-las-finanzas-de-los-rastrojos\/","name":"Capturado narcoparamilitar encargado de las finanzas de Los Rastrojos - DEV RNV","isPartOf":{"@id":"https:\/\/stage3.rnv.gob.ve\/wp\/#website"},"primaryImageOfPage":{"@id":"https:\/\/stage3.rnv.gob.ve\/wp\/capturado-narcoparamilitar-encargado-de-las-finanzas-de-los-rastrojos\/#primaryimage"},"image":{"@id":"https:\/\/stage3.rnv.gob.ve\/wp\/capturado-narcoparamilitar-encargado-de-las-finanzas-de-los-rastrojos\/#primaryimage"},"thumbnailUrl":"","datePublished":"2019-11-01T19:45:08+00:00","dateModified":"2026-04-16T01:29:43+00:00","breadcrumb":{"@id":"https:\/\/stage3.rnv.gob.ve\/wp\/capturado-narcoparamilitar-encargado-de-las-finanzas-de-los-rastrojos\/#breadcrumb"},"inLanguage":"es","potentialAction":[{"@type":"ReadAction","target":["https:\/\/stage3.rnv.gob.ve\/wp\/capturado-narcoparamilitar-encargado-de-las-finanzas-de-los-rastrojos\/"]}]},{"@type":"ImageObject","inLanguage":"es","@id":"https:\/\/stage3.rnv.gob.ve\/wp\/capturado-narcoparamilitar-encargado-de-las-finanzas-de-los-rastrojos\/#primaryimage","url":"","contentUrl":""},{"@type":"BreadcrumbList","@id":"https:\/\/stage3.rnv.gob.ve\/wp\/capturado-narcoparamilitar-encargado-de-las-finanzas-de-los-rastrojos\/#breadcrumb","itemListElement":[{"@type":"ListItem","position":1,"name":"Portada","item":"https:\/\/stage3.rnv.gob.ve\/wp\/"},{"@type":"ListItem","position":2,"name":"Capturado Narcoparamilitar Encargado De Las Finanzas De Los Rastrojos"}]},{"@type":"WebSite","@id":"https:\/\/stage3.rnv.gob.ve\/wp\/#website","url":"https:\/\/stage3.rnv.gob.ve\/wp\/","name":"DEV RNV","description":"Radio Nacional de Venezuela C.A.","publisher":{"@id":"https:\/\/stage3.rnv.gob.ve\/wp\/#organization"},"potentialAction":[{"@type":"SearchAction","target":{"@type":"EntryPoint","urlTemplate":"https:\/\/stage3.rnv.gob.ve\/wp\/?s={search_term_string}"},"query-input":{"@type":"PropertyValueSpecification","valueRequired":true,"valueName":"search_term_string"}}],"inLanguage":"es"},{"@type":"Organization","@id":"https:\/\/stage3.rnv.gob.ve\/wp\/#organization","name":"Radio Nacional de Venezuela C.A.","url":"https:\/\/stage3.rnv.gob.ve\/wp\/","logo":{"@type":"ImageObject","inLanguage":"es","@id":"https:\/\/stage3.rnv.gob.ve\/wp\/#\/schema\/logo\/image\/","url":"http:\/\/rnv.ddns.net\/prensa\/wp-content\/uploads\/2022\/04\/rnv-1-300x227-1.jpg","contentUrl":"http:\/\/rnv.ddns.net\/prensa\/wp-content\/uploads\/2022\/04\/rnv-1-300x227-1.jpg","width":800,"height":455,"caption":"Radio Nacional de Venezuela C.A."},"image":{"@id":"https:\/\/stage3.rnv.gob.ve\/wp\/#\/schema\/logo\/image\/"},"sameAs":["https:\/\/www.facebook.com\/RadioNacionaldeVenezuela","https:\/\/x.com\/RNVinformativa","https:\/\/www.instagram.com\/rnvinformativa\/","https:\/\/www.youtube.com\/user\/RNVContigo"]},{"@type":"Person","@id":"https:\/\/stage3.rnv.gob.ve\/wp\/#\/schema\/person\/b04f077485d4e004e355dd829c37feaa","name":"Nora Andrade","url":"https:\/\/stage3.rnv.gob.ve\/wp\/author\/nora_andrade\/"}]}},"jetpack_featured_media_url":"","_links":{"self":[{"href":"https:\/\/stage3.rnv.gob.ve\/wp\/wp-json\/wp\/v2\/posts\/280347","targetHints":{"allow":["GET"]}}],"collection":[{"href":"https:\/\/stage3.rnv.gob.ve\/wp\/wp-json\/wp\/v2\/posts"}],"about":[{"href":"https:\/\/stage3.rnv.gob.ve\/wp\/wp-json\/wp\/v2\/types\/post"}],"author":[{"embeddable":true,"href":"https:\/\/stage3.rnv.gob.ve\/wp\/wp-json\/wp\/v2\/users\/18"}],"replies":[{"embeddable":true,"href":"https:\/\/stage3.rnv.gob.ve\/wp\/wp-json\/wp\/v2\/comments?post=280347"}],"version-history":[{"count":1,"href":"https:\/\/stage3.rnv.gob.ve\/wp\/wp-json\/wp\/v2\/posts\/280347\/revisions"}],"predecessor-version":[{"id":430147,"href":"https:\/\/stage3.rnv.gob.ve\/wp\/wp-json\/wp\/v2\/posts\/280347\/revisions\/430147"}],"wp:featuredmedia":[{"embeddable":true,"href":"https:\/\/stage3.rnv.gob.ve\/wp\/wp-json\/"}],"wp:attachment":[{"href":"https:\/\/stage3.rnv.gob.ve\/wp\/wp-json\/wp\/v2\/media?parent=280347"}],"wp:term":[{"taxonomy":"category","embeddable":true,"href":"https:\/\/stage3.rnv.gob.ve\/wp\/wp-json\/wp\/v2\/categories?post=280347"},{"taxonomy":"post_tag","embeddable":true,"href":"https:\/\/stage3.rnv.gob.ve\/wp\/wp-json\/wp\/v2\/tags?post=280347"}],"curies":[{"name":"wp","href":"https:\/\/api.w.org\/{rel}","templated":true}]}}