{"id":279902,"date":"2019-10-29T09:00:29","date_gmt":"2019-10-29T13:30:29","guid":{"rendered":"https:\/\/stage3.rnv.gob.ve\/wp\/?p=279902"},"modified":"2019-10-29T09:00:29","modified_gmt":"2019-10-29T13:30:29","slug":"vicepresidenta-rodriguez-llego-a-la-india-para-afianzar-cooperacion-bilateral","status":"publish","type":"post","link":"https:\/\/stage3.rnv.gob.ve\/wp\/vicepresidenta-rodriguez-llego-a-la-india-para-afianzar-cooperacion-bilateral\/","title":{"rendered":"Vicepresidenta Rodr\u00edguez lleg\u00f3 a la India para afianzar cooperaci\u00f3n bilateral"},"content":{"rendered":"<p><img fetchpriority=\"high\" decoding=\"async\" class=\"wp-image-279908 aligncenter\" src=\"https:\/\/stage3.rnv.gob.ve\/wp\/wp-content\/uploads\/2019\/10\/delcy-1.jpeg\" alt=\"\" width=\"600\" height=\"450\" \/><\/p>\n<p style=\"text-align: justify;\">La vicepresidenta ejecutiva de la Rep\u00fablica Bolivariana de Venezuela, Delcy Rodr\u00edguez, anunci\u00f3 el comienzo de su visita oficial a la India a trav\u00e9s de un mensaje en su cuenta en la red social Twitter.<\/p>\n<p style=\"text-align: justify;\">Rodr\u00edguez encabeza una delegaci\u00f3n que participar\u00e1 en la Segunda Asamblea de la Alianza Solar Internacional y cumplir\u00e1 una agenda binacional de cooperaci\u00f3n.<\/p>\n<p style=\"text-align: justify;\"><span class=\"css-901oao css-16my406 r-1qd0xha r-ad9z0x r-bcqeeo r-qvutc0\">Con la participaci\u00f3n del ministro para la Econom\u00eda y Finanzas, Sim\u00f3n Zerpa, entre otras autoridades, la delegaci\u00f3n venezolana tiene previsto reunirse con representantes del gobierno de India y voceros de diferentes sectores sociales.<\/span><\/p>\n<p style=\"text-align: justify;\">La Alianza Solar Internacional es un grupo de 121 pa\u00edses ricos en recursos solares. Su sede se encuentra en Gurugram, India, y tiene por objetivo facilitar y acelerar el despliegue a gran escala de la energ\u00eda solar en los pa\u00edses en desarrollo, con el fin de satisfacer la creciente demanda de energ\u00eda y ayudar a combatir el cambio clim\u00e1tico.<\/p>\n<p><strong>T\/RNV WEB<\/strong><br \/>\n&nbsp;<\/p>\n<blockquote class=\"twitter-tweet\">\n<p lang=\"es\" dir=\"ltr\">Hemos llegado a la India para participar en Segunda Asamblea de la Alianza Solar Internacional, consolidamos relaciones de cooperaci\u00f3n y amistad entre India y Venezuela en una espiritualidad de paz.Traemos el saludo del Pdte <a href=\"https:\/\/twitter.com\/NicolasMaduro?ref_src=twsrc%5Etfw\">@NicolasMaduro<\/a> al gobierno y hermano pueblo de la India <a href=\"https:\/\/t.co\/vhrF5l6Gbm\">pic.twitter.com\/vhrF5l6Gbm<\/a><\/p>\n<p>&mdash; Delcy Rodr\u00edguez (@DrodriguezVen) <a href=\"https:\/\/twitter.com\/DrodriguezVen\/status\/1189022075979210752?ref_src=twsrc%5Etfw\">October 29, 2019<\/a><\/p><\/blockquote>\n<p> <script async src=\"https:\/\/platform.twitter.com\/widgets.js\" charset=\"utf-8\"><\/script><\/p>\n","protected":false},"excerpt":{"rendered":"<p>La vicepresidenta ejecutiva de la Rep\u00fablica Bolivariana de Venezuela, Delcy Rodr\u00edguez, anunci\u00f3 el comienzo de su visita oficial a la India a trav\u00e9s de un mensaje en su cuenta en la red social Twitter. Rodr\u00edguez encabeza una delegaci\u00f3n que participar\u00e1 en la Segunda Asamblea de la Alianza Solar Internacional y cumplir\u00e1 una agenda binacional de [&hellip;]<\/p>\n","protected":false},"author":18,"featured_media":279908,"comment_status":"closed","ping_status":"open","sticky":false,"template":"","format":"standard","meta":{"_acf_changed":false,"footnotes":""},"categories":[67],"tags":[285,2208,2658,117,104,427],"class_list":["post-279902","post","type-post","status-publish","format-standard","has-post-thumbnail","hentry","category-politica","tag-delcy","tag-india","tag-oficial","tag-rodriguez","tag-venezuela","tag-visita"],"acf":[],"yoast_head":"<!-- This site is optimized with the Yoast SEO plugin v27.4 - https:\/\/yoast.com\/product\/yoast-seo-wordpress\/ -->\n<title>Vicepresidenta Rodr\u00edguez lleg\u00f3 a la India para afianzar cooperaci\u00f3n bilateral - DEV RNV<\/title>\n<meta name=\"robots\" content=\"noindex, follow, max-snippet:-1, max-image-preview:large, max-video-preview:-1\" \/>\n<meta property=\"og:locale\" content=\"es_ES\" \/>\n<meta property=\"og:type\" content=\"article\" \/>\n<meta property=\"og:title\" content=\"Vicepresidenta Rodr\u00edguez lleg\u00f3 a la India para afianzar cooperaci\u00f3n bilateral - DEV RNV\" \/>\n<meta property=\"og:description\" content=\"La vicepresidenta ejecutiva de la Rep\u00fablica Bolivariana de Venezuela, Delcy Rodr\u00edguez, anunci\u00f3 el comienzo de su visita oficial a la India a trav\u00e9s de un mensaje en su cuenta en la red social Twitter. Rodr\u00edguez encabeza una delegaci\u00f3n que participar\u00e1 en la Segunda Asamblea de la Alianza Solar Internacional y cumplir\u00e1 una agenda binacional de [&hellip;]\" \/>\n<meta property=\"og:url\" content=\"https:\/\/stage3.rnv.gob.ve\/wp\/vicepresidenta-rodriguez-llego-a-la-india-para-afianzar-cooperacion-bilateral\/\" \/>\n<meta property=\"og:site_name\" content=\"DEV RNV\" \/>\n<meta property=\"article:publisher\" content=\"https:\/\/www.facebook.com\/RadioNacionaldeVenezuela\" \/>\n<meta property=\"article:published_time\" content=\"2019-10-29T13:30:29+00:00\" \/>\n<meta name=\"author\" content=\"Nora Andrade\" \/>\n<meta name=\"twitter:card\" content=\"summary_large_image\" \/>\n<meta name=\"twitter:creator\" content=\"@RNVinformativa\" \/>\n<meta name=\"twitter:site\" content=\"@RNVinformativa\" \/>\n<meta name=\"twitter:label1\" content=\"Escrito por\" \/>\n\t<meta name=\"twitter:data1\" content=\"Nora Andrade\" \/>\n\t<meta name=\"twitter:label2\" content=\"Tiempo estimado de lectura\" \/>\n\t<meta name=\"twitter:data2\" content=\"1 minuto\" \/>\n<script type=\"application\/ld+json\" class=\"yoast-schema-graph\">{\"@context\":\"https:\\\/\\\/schema.org\",\"@graph\":[{\"@type\":\"Article\",\"@id\":\"https:\\\/\\\/stage3.rnv.gob.ve\\\/wp\\\/vicepresidenta-rodriguez-llego-a-la-india-para-afianzar-cooperacion-bilateral\\\/#article\",\"isPartOf\":{\"@id\":\"https:\\\/\\\/stage3.rnv.gob.ve\\\/wp\\\/vicepresidenta-rodriguez-llego-a-la-india-para-afianzar-cooperacion-bilateral\\\/\"},\"author\":{\"name\":\"Nora Andrade\",\"@id\":\"https:\\\/\\\/stage3.rnv.gob.ve\\\/wp\\\/#\\\/schema\\\/person\\\/b04f077485d4e004e355dd829c37feaa\"},\"headline\":\"Vicepresidenta Rodr\u00edguez lleg\u00f3 a la India para afianzar cooperaci\u00f3n bilateral\",\"datePublished\":\"2019-10-29T13:30:29+00:00\",\"mainEntityOfPage\":{\"@id\":\"https:\\\/\\\/stage3.rnv.gob.ve\\\/wp\\\/vicepresidenta-rodriguez-llego-a-la-india-para-afianzar-cooperacion-bilateral\\\/\"},\"wordCount\":235,\"publisher\":{\"@id\":\"https:\\\/\\\/stage3.rnv.gob.ve\\\/wp\\\/#organization\"},\"image\":{\"@id\":\"https:\\\/\\\/stage3.rnv.gob.ve\\\/wp\\\/vicepresidenta-rodriguez-llego-a-la-india-para-afianzar-cooperacion-bilateral\\\/#primaryimage\"},\"thumbnailUrl\":\"\",\"keywords\":[\"delcy\",\"India\",\"oficial\",\"rodriguez\",\"Venezuela\",\"visita\"],\"articleSection\":[\"Pol\u00edtica\"],\"inLanguage\":\"es\"},{\"@type\":\"WebPage\",\"@id\":\"https:\\\/\\\/stage3.rnv.gob.ve\\\/wp\\\/vicepresidenta-rodriguez-llego-a-la-india-para-afianzar-cooperacion-bilateral\\\/\",\"url\":\"https:\\\/\\\/stage3.rnv.gob.ve\\\/wp\\\/vicepresidenta-rodriguez-llego-a-la-india-para-afianzar-cooperacion-bilateral\\\/\",\"name\":\"Vicepresidenta Rodr\u00edguez lleg\u00f3 a la India para afianzar cooperaci\u00f3n bilateral - DEV RNV\",\"isPartOf\":{\"@id\":\"https:\\\/\\\/stage3.rnv.gob.ve\\\/wp\\\/#website\"},\"primaryImageOfPage\":{\"@id\":\"https:\\\/\\\/stage3.rnv.gob.ve\\\/wp\\\/vicepresidenta-rodriguez-llego-a-la-india-para-afianzar-cooperacion-bilateral\\\/#primaryimage\"},\"image\":{\"@id\":\"https:\\\/\\\/stage3.rnv.gob.ve\\\/wp\\\/vicepresidenta-rodriguez-llego-a-la-india-para-afianzar-cooperacion-bilateral\\\/#primaryimage\"},\"thumbnailUrl\":\"\",\"datePublished\":\"2019-10-29T13:30:29+00:00\",\"breadcrumb\":{\"@id\":\"https:\\\/\\\/stage3.rnv.gob.ve\\\/wp\\\/vicepresidenta-rodriguez-llego-a-la-india-para-afianzar-cooperacion-bilateral\\\/#breadcrumb\"},\"inLanguage\":\"es\",\"potentialAction\":[{\"@type\":\"ReadAction\",\"target\":[\"https:\\\/\\\/stage3.rnv.gob.ve\\\/wp\\\/vicepresidenta-rodriguez-llego-a-la-india-para-afianzar-cooperacion-bilateral\\\/\"]}]},{\"@type\":\"ImageObject\",\"inLanguage\":\"es\",\"@id\":\"https:\\\/\\\/stage3.rnv.gob.ve\\\/wp\\\/vicepresidenta-rodriguez-llego-a-la-india-para-afianzar-cooperacion-bilateral\\\/#primaryimage\",\"url\":\"\",\"contentUrl\":\"\"},{\"@type\":\"BreadcrumbList\",\"@id\":\"https:\\\/\\\/stage3.rnv.gob.ve\\\/wp\\\/vicepresidenta-rodriguez-llego-a-la-india-para-afianzar-cooperacion-bilateral\\\/#breadcrumb\",\"itemListElement\":[{\"@type\":\"ListItem\",\"position\":1,\"name\":\"Portada\",\"item\":\"https:\\\/\\\/stage3.rnv.gob.ve\\\/wp\\\/\"},{\"@type\":\"ListItem\",\"position\":2,\"name\":\"Vicepresidenta Rodr\u00edguez Lleg\u00f3 A La India Para Afianzar Cooperaci\u00f3n Bilateral\"}]},{\"@type\":\"WebSite\",\"@id\":\"https:\\\/\\\/stage3.rnv.gob.ve\\\/wp\\\/#website\",\"url\":\"https:\\\/\\\/stage3.rnv.gob.ve\\\/wp\\\/\",\"name\":\"DEV RNV\",\"description\":\"Radio Nacional de Venezuela C.A.\",\"publisher\":{\"@id\":\"https:\\\/\\\/stage3.rnv.gob.ve\\\/wp\\\/#organization\"},\"potentialAction\":[{\"@type\":\"SearchAction\",\"target\":{\"@type\":\"EntryPoint\",\"urlTemplate\":\"https:\\\/\\\/stage3.rnv.gob.ve\\\/wp\\\/?s={search_term_string}\"},\"query-input\":{\"@type\":\"PropertyValueSpecification\",\"valueRequired\":true,\"valueName\":\"search_term_string\"}}],\"inLanguage\":\"es\"},{\"@type\":\"Organization\",\"@id\":\"https:\\\/\\\/stage3.rnv.gob.ve\\\/wp\\\/#organization\",\"name\":\"Radio Nacional de Venezuela C.A.\",\"url\":\"https:\\\/\\\/stage3.rnv.gob.ve\\\/wp\\\/\",\"logo\":{\"@type\":\"ImageObject\",\"inLanguage\":\"es\",\"@id\":\"https:\\\/\\\/stage3.rnv.gob.ve\\\/wp\\\/#\\\/schema\\\/logo\\\/image\\\/\",\"url\":\"http:\\\/\\\/rnv.ddns.net\\\/prensa\\\/wp-content\\\/uploads\\\/2022\\\/04\\\/rnv-1-300x227-1.jpg\",\"contentUrl\":\"http:\\\/\\\/rnv.ddns.net\\\/prensa\\\/wp-content\\\/uploads\\\/2022\\\/04\\\/rnv-1-300x227-1.jpg\",\"width\":800,\"height\":455,\"caption\":\"Radio Nacional de Venezuela C.A.\"},\"image\":{\"@id\":\"https:\\\/\\\/stage3.rnv.gob.ve\\\/wp\\\/#\\\/schema\\\/logo\\\/image\\\/\"},\"sameAs\":[\"https:\\\/\\\/www.facebook.com\\\/RadioNacionaldeVenezuela\",\"https:\\\/\\\/x.com\\\/RNVinformativa\",\"https:\\\/\\\/www.instagram.com\\\/rnvinformativa\\\/\",\"https:\\\/\\\/www.youtube.com\\\/user\\\/RNVContigo\"]},{\"@type\":\"Person\",\"@id\":\"https:\\\/\\\/stage3.rnv.gob.ve\\\/wp\\\/#\\\/schema\\\/person\\\/b04f077485d4e004e355dd829c37feaa\",\"name\":\"Nora Andrade\",\"url\":\"https:\\\/\\\/stage3.rnv.gob.ve\\\/wp\\\/author\\\/nora_andrade\\\/\"}]}<\/script>\n<!-- \/ Yoast SEO plugin. -->","yoast_head_json":{"title":"Vicepresidenta Rodr\u00edguez lleg\u00f3 a la India para afianzar cooperaci\u00f3n bilateral - DEV RNV","robots":{"index":"noindex","follow":"follow","max-snippet":"max-snippet:-1","max-image-preview":"max-image-preview:large","max-video-preview":"max-video-preview:-1"},"og_locale":"es_ES","og_type":"article","og_title":"Vicepresidenta Rodr\u00edguez lleg\u00f3 a la India para afianzar cooperaci\u00f3n bilateral - DEV RNV","og_description":"La vicepresidenta ejecutiva de la Rep\u00fablica Bolivariana de Venezuela, Delcy Rodr\u00edguez, anunci\u00f3 el comienzo de su visita oficial a la India a trav\u00e9s de un mensaje en su cuenta en la red social Twitter. Rodr\u00edguez encabeza una delegaci\u00f3n que participar\u00e1 en la Segunda Asamblea de la Alianza Solar Internacional y cumplir\u00e1 una agenda binacional de [&hellip;]","og_url":"https:\/\/stage3.rnv.gob.ve\/wp\/vicepresidenta-rodriguez-llego-a-la-india-para-afianzar-cooperacion-bilateral\/","og_site_name":"DEV RNV","article_publisher":"https:\/\/www.facebook.com\/RadioNacionaldeVenezuela","article_published_time":"2019-10-29T13:30:29+00:00","author":"Nora Andrade","twitter_card":"summary_large_image","twitter_creator":"@RNVinformativa","twitter_site":"@RNVinformativa","twitter_misc":{"Escrito por":"Nora Andrade","Tiempo estimado de lectura":"1 minuto"},"schema":{"@context":"https:\/\/schema.org","@graph":[{"@type":"Article","@id":"https:\/\/stage3.rnv.gob.ve\/wp\/vicepresidenta-rodriguez-llego-a-la-india-para-afianzar-cooperacion-bilateral\/#article","isPartOf":{"@id":"https:\/\/stage3.rnv.gob.ve\/wp\/vicepresidenta-rodriguez-llego-a-la-india-para-afianzar-cooperacion-bilateral\/"},"author":{"name":"Nora Andrade","@id":"https:\/\/stage3.rnv.gob.ve\/wp\/#\/schema\/person\/b04f077485d4e004e355dd829c37feaa"},"headline":"Vicepresidenta Rodr\u00edguez lleg\u00f3 a la India para afianzar cooperaci\u00f3n bilateral","datePublished":"2019-10-29T13:30:29+00:00","mainEntityOfPage":{"@id":"https:\/\/stage3.rnv.gob.ve\/wp\/vicepresidenta-rodriguez-llego-a-la-india-para-afianzar-cooperacion-bilateral\/"},"wordCount":235,"publisher":{"@id":"https:\/\/stage3.rnv.gob.ve\/wp\/#organization"},"image":{"@id":"https:\/\/stage3.rnv.gob.ve\/wp\/vicepresidenta-rodriguez-llego-a-la-india-para-afianzar-cooperacion-bilateral\/#primaryimage"},"thumbnailUrl":"","keywords":["delcy","India","oficial","rodriguez","Venezuela","visita"],"articleSection":["Pol\u00edtica"],"inLanguage":"es"},{"@type":"WebPage","@id":"https:\/\/stage3.rnv.gob.ve\/wp\/vicepresidenta-rodriguez-llego-a-la-india-para-afianzar-cooperacion-bilateral\/","url":"https:\/\/stage3.rnv.gob.ve\/wp\/vicepresidenta-rodriguez-llego-a-la-india-para-afianzar-cooperacion-bilateral\/","name":"Vicepresidenta Rodr\u00edguez lleg\u00f3 a la India para afianzar cooperaci\u00f3n bilateral - DEV RNV","isPartOf":{"@id":"https:\/\/stage3.rnv.gob.ve\/wp\/#website"},"primaryImageOfPage":{"@id":"https:\/\/stage3.rnv.gob.ve\/wp\/vicepresidenta-rodriguez-llego-a-la-india-para-afianzar-cooperacion-bilateral\/#primaryimage"},"image":{"@id":"https:\/\/stage3.rnv.gob.ve\/wp\/vicepresidenta-rodriguez-llego-a-la-india-para-afianzar-cooperacion-bilateral\/#primaryimage"},"thumbnailUrl":"","datePublished":"2019-10-29T13:30:29+00:00","breadcrumb":{"@id":"https:\/\/stage3.rnv.gob.ve\/wp\/vicepresidenta-rodriguez-llego-a-la-india-para-afianzar-cooperacion-bilateral\/#breadcrumb"},"inLanguage":"es","potentialAction":[{"@type":"ReadAction","target":["https:\/\/stage3.rnv.gob.ve\/wp\/vicepresidenta-rodriguez-llego-a-la-india-para-afianzar-cooperacion-bilateral\/"]}]},{"@type":"ImageObject","inLanguage":"es","@id":"https:\/\/stage3.rnv.gob.ve\/wp\/vicepresidenta-rodriguez-llego-a-la-india-para-afianzar-cooperacion-bilateral\/#primaryimage","url":"","contentUrl":""},{"@type":"BreadcrumbList","@id":"https:\/\/stage3.rnv.gob.ve\/wp\/vicepresidenta-rodriguez-llego-a-la-india-para-afianzar-cooperacion-bilateral\/#breadcrumb","itemListElement":[{"@type":"ListItem","position":1,"name":"Portada","item":"https:\/\/stage3.rnv.gob.ve\/wp\/"},{"@type":"ListItem","position":2,"name":"Vicepresidenta Rodr\u00edguez Lleg\u00f3 A La India Para Afianzar Cooperaci\u00f3n Bilateral"}]},{"@type":"WebSite","@id":"https:\/\/stage3.rnv.gob.ve\/wp\/#website","url":"https:\/\/stage3.rnv.gob.ve\/wp\/","name":"DEV RNV","description":"Radio Nacional de Venezuela C.A.","publisher":{"@id":"https:\/\/stage3.rnv.gob.ve\/wp\/#organization"},"potentialAction":[{"@type":"SearchAction","target":{"@type":"EntryPoint","urlTemplate":"https:\/\/stage3.rnv.gob.ve\/wp\/?s={search_term_string}"},"query-input":{"@type":"PropertyValueSpecification","valueRequired":true,"valueName":"search_term_string"}}],"inLanguage":"es"},{"@type":"Organization","@id":"https:\/\/stage3.rnv.gob.ve\/wp\/#organization","name":"Radio Nacional de Venezuela C.A.","url":"https:\/\/stage3.rnv.gob.ve\/wp\/","logo":{"@type":"ImageObject","inLanguage":"es","@id":"https:\/\/stage3.rnv.gob.ve\/wp\/#\/schema\/logo\/image\/","url":"http:\/\/rnv.ddns.net\/prensa\/wp-content\/uploads\/2022\/04\/rnv-1-300x227-1.jpg","contentUrl":"http:\/\/rnv.ddns.net\/prensa\/wp-content\/uploads\/2022\/04\/rnv-1-300x227-1.jpg","width":800,"height":455,"caption":"Radio Nacional de Venezuela C.A."},"image":{"@id":"https:\/\/stage3.rnv.gob.ve\/wp\/#\/schema\/logo\/image\/"},"sameAs":["https:\/\/www.facebook.com\/RadioNacionaldeVenezuela","https:\/\/x.com\/RNVinformativa","https:\/\/www.instagram.com\/rnvinformativa\/","https:\/\/www.youtube.com\/user\/RNVContigo"]},{"@type":"Person","@id":"https:\/\/stage3.rnv.gob.ve\/wp\/#\/schema\/person\/b04f077485d4e004e355dd829c37feaa","name":"Nora Andrade","url":"https:\/\/stage3.rnv.gob.ve\/wp\/author\/nora_andrade\/"}]}},"jetpack_featured_media_url":"","_links":{"self":[{"href":"https:\/\/stage3.rnv.gob.ve\/wp\/wp-json\/wp\/v2\/posts\/279902","targetHints":{"allow":["GET"]}}],"collection":[{"href":"https:\/\/stage3.rnv.gob.ve\/wp\/wp-json\/wp\/v2\/posts"}],"about":[{"href":"https:\/\/stage3.rnv.gob.ve\/wp\/wp-json\/wp\/v2\/types\/post"}],"author":[{"embeddable":true,"href":"https:\/\/stage3.rnv.gob.ve\/wp\/wp-json\/wp\/v2\/users\/18"}],"replies":[{"embeddable":true,"href":"https:\/\/stage3.rnv.gob.ve\/wp\/wp-json\/wp\/v2\/comments?post=279902"}],"version-history":[{"count":0,"href":"https:\/\/stage3.rnv.gob.ve\/wp\/wp-json\/wp\/v2\/posts\/279902\/revisions"}],"wp:featuredmedia":[{"embeddable":true,"href":"https:\/\/stage3.rnv.gob.ve\/wp\/wp-json\/"}],"wp:attachment":[{"href":"https:\/\/stage3.rnv.gob.ve\/wp\/wp-json\/wp\/v2\/media?parent=279902"}],"wp:term":[{"taxonomy":"category","embeddable":true,"href":"https:\/\/stage3.rnv.gob.ve\/wp\/wp-json\/wp\/v2\/categories?post=279902"},{"taxonomy":"post_tag","embeddable":true,"href":"https:\/\/stage3.rnv.gob.ve\/wp\/wp-json\/wp\/v2\/tags?post=279902"}],"curies":[{"name":"wp","href":"https:\/\/api.w.org\/{rel}","templated":true}]}}