{"id":279663,"date":"2019-10-26T10:20:57","date_gmt":"2019-10-26T14:50:57","guid":{"rendered":"https:\/\/stage3.rnv.gob.ve\/wp\/?p=279663"},"modified":"2019-10-26T10:20:57","modified_gmt":"2019-10-26T14:50:57","slug":"maduro-y-subsecretaria-de-asuntos-publicos-de-la-onu-se-reunieron-en-baku","status":"publish","type":"post","link":"https:\/\/stage3.rnv.gob.ve\/wp\/maduro-y-subsecretaria-de-asuntos-publicos-de-la-onu-se-reunieron-en-baku\/","title":{"rendered":"Maduro y subsecretaria de Asuntos P\u00fablicos de la ONU se reunieron en Bak\u00fa"},"content":{"rendered":"<p><img fetchpriority=\"high\" decoding=\"async\" class=\"wp-image-279664 aligncenter\" src=\"https:\/\/stage3.rnv.gob.ve\/wp\/wp-content\/uploads\/2019\/10\/Maduro-y-subsecretaria-de-Asuntos-P\u00fablicos-de-la-ONU-se-reunieron-en-Bak\u00fa-800x445.jpg\" alt=\"\" width=\"600\" height=\"334\" \/><\/p>\n<p style=\"text-align: justify;\">El <strong>presidente de la Rep\u00fablica, Nicol\u00e1s Maduro,<\/strong> sostuvo este s\u00e1bado un encuentro oficial con la s<strong>ubsecretaria general de Asuntos P\u00fablicos y Consolidaci\u00f3n de la Paz<\/strong> de las Naciones Unidas (<strong>ONU), Rosemary DiCarlo, en la ciudad de Bak\u00fa, Azerbaiy\u00e1n.<\/strong><\/p>\n<p style=\"text-align: justify;\">La <strong>reuni\u00f3n de alto nivel<\/strong> se desarroll\u00f3 en paralelo a la plenaria de la XVIII Cumbre de Jefes de Estado y de Gobierno del Movimiento de Pa\u00edses No Alineados (<strong>MNOAL),<\/strong> cuya discusi\u00f3n gira en torno a la defensa de los principios de Bandung y la b\u00fasqueda de respuestas concertadas a los desaf\u00edos del mundo contempor\u00e1neo.<\/p>\n<p style=\"text-align: justify;\">Desde el Centro de Convenciones de Bak\u00fa, DiCarlo destac\u00f3 el rol protag\u00f3nico del foro multilateral en el fortalecimiento de la cooperaci\u00f3n entre organizaciones internacionales y regionales.<\/p>\n<p style=\"text-align: justify;\">En este sentido, exhort\u00f3 al MNOAL a vincularse con mayor \u00e9nfasis en labores de asistencia internacional, as\u00ed como a la atenci\u00f3n de los problemas de la poblaci\u00f3n.<\/p>\n<p style=\"text-align: justify;\">Previamente, el dignatario venezolano se reuni\u00f3 con el presidente del 74\u00b0 per\u00edodo de sesiones de la Asamblea General de la ONU, Tijjani Muhammad-Bande, donde abordaron temas relacionados a las medidas coercitivas unilaterales y la actualidad del mundo multipolar.<\/p>\n<p><strong>T\/Vicepresidencia<\/strong><\/p>\n","protected":false},"excerpt":{"rendered":"<p>El presidente de la Rep\u00fablica, Nicol\u00e1s Maduro, sostuvo este s\u00e1bado un encuentro oficial con la subsecretaria general de Asuntos P\u00fablicos y Consolidaci\u00f3n de la Paz de las Naciones Unidas (ONU), Rosemary DiCarlo, en la ciudad de Bak\u00fa, Azerbaiy\u00e1n. La reuni\u00f3n de alto nivel se desarroll\u00f3 en paralelo a la plenaria de la XVIII Cumbre de [&hellip;]<\/p>\n","protected":false},"author":40,"featured_media":279664,"comment_status":"closed","ping_status":"open","sticky":false,"template":"","format":"standard","meta":{"_acf_changed":false,"footnotes":""},"categories":[67],"tags":[5735,20296,1592,230,884],"class_list":["post-279663","post","type-post","status-publish","format-standard","has-post-thumbnail","hentry","category-politica","tag-azerbaiyan","tag-baku","tag-nicolas-maduro","tag-onu","tag-reunion"],"acf":[],"yoast_head":"<!-- This site is optimized with the Yoast SEO plugin v27.4 - https:\/\/yoast.com\/product\/yoast-seo-wordpress\/ -->\n<title>Maduro y subsecretaria de Asuntos P\u00fablicos de la ONU se reunieron en Bak\u00fa - DEV RNV<\/title>\n<meta name=\"robots\" content=\"noindex, follow, max-snippet:-1, max-image-preview:large, max-video-preview:-1\" \/>\n<meta property=\"og:locale\" content=\"es_ES\" \/>\n<meta property=\"og:type\" content=\"article\" \/>\n<meta property=\"og:title\" content=\"Maduro y subsecretaria de Asuntos P\u00fablicos de la ONU se reunieron en Bak\u00fa - DEV RNV\" \/>\n<meta property=\"og:description\" content=\"El presidente de la Rep\u00fablica, Nicol\u00e1s Maduro, sostuvo este s\u00e1bado un encuentro oficial con la subsecretaria general de Asuntos P\u00fablicos y Consolidaci\u00f3n de la Paz de las Naciones Unidas (ONU), Rosemary DiCarlo, en la ciudad de Bak\u00fa, Azerbaiy\u00e1n. La reuni\u00f3n de alto nivel se desarroll\u00f3 en paralelo a la plenaria de la XVIII Cumbre de [&hellip;]\" \/>\n<meta property=\"og:url\" content=\"https:\/\/stage3.rnv.gob.ve\/wp\/maduro-y-subsecretaria-de-asuntos-publicos-de-la-onu-se-reunieron-en-baku\/\" \/>\n<meta property=\"og:site_name\" content=\"DEV RNV\" \/>\n<meta property=\"article:publisher\" content=\"https:\/\/www.facebook.com\/RadioNacionaldeVenezuela\" \/>\n<meta property=\"article:published_time\" content=\"2019-10-26T14:50:57+00:00\" \/>\n<meta name=\"author\" content=\"Jaqueline Gil\" \/>\n<meta name=\"twitter:card\" content=\"summary_large_image\" \/>\n<meta name=\"twitter:creator\" content=\"@RNVinformativa\" \/>\n<meta name=\"twitter:site\" content=\"@RNVinformativa\" \/>\n<meta name=\"twitter:label1\" content=\"Escrito por\" \/>\n\t<meta name=\"twitter:data1\" content=\"Jaqueline Gil\" \/>\n\t<meta name=\"twitter:label2\" content=\"Tiempo estimado de lectura\" \/>\n\t<meta name=\"twitter:data2\" content=\"1 minuto\" \/>\n<script type=\"application\/ld+json\" class=\"yoast-schema-graph\">{\"@context\":\"https:\\\/\\\/schema.org\",\"@graph\":[{\"@type\":\"Article\",\"@id\":\"https:\\\/\\\/stage3.rnv.gob.ve\\\/wp\\\/maduro-y-subsecretaria-de-asuntos-publicos-de-la-onu-se-reunieron-en-baku\\\/#article\",\"isPartOf\":{\"@id\":\"https:\\\/\\\/stage3.rnv.gob.ve\\\/wp\\\/maduro-y-subsecretaria-de-asuntos-publicos-de-la-onu-se-reunieron-en-baku\\\/\"},\"author\":{\"name\":\"Jaqueline Gil\",\"@id\":\"https:\\\/\\\/stage3.rnv.gob.ve\\\/wp\\\/#\\\/schema\\\/person\\\/41da72d5371f0ddf200a2232b8931251\"},\"headline\":\"Maduro y subsecretaria de Asuntos P\u00fablicos de la ONU se reunieron en Bak\u00fa\",\"datePublished\":\"2019-10-26T14:50:57+00:00\",\"mainEntityOfPage\":{\"@id\":\"https:\\\/\\\/stage3.rnv.gob.ve\\\/wp\\\/maduro-y-subsecretaria-de-asuntos-publicos-de-la-onu-se-reunieron-en-baku\\\/\"},\"wordCount\":216,\"publisher\":{\"@id\":\"https:\\\/\\\/stage3.rnv.gob.ve\\\/wp\\\/#organization\"},\"image\":{\"@id\":\"https:\\\/\\\/stage3.rnv.gob.ve\\\/wp\\\/maduro-y-subsecretaria-de-asuntos-publicos-de-la-onu-se-reunieron-en-baku\\\/#primaryimage\"},\"thumbnailUrl\":\"\",\"keywords\":[\"azerbaiy\u00e1n\",\"Bak\u00fa\",\"Nicol\u00e1s Maduro\",\"ONU\",\"reunion\"],\"articleSection\":[\"Pol\u00edtica\"],\"inLanguage\":\"es\"},{\"@type\":\"WebPage\",\"@id\":\"https:\\\/\\\/stage3.rnv.gob.ve\\\/wp\\\/maduro-y-subsecretaria-de-asuntos-publicos-de-la-onu-se-reunieron-en-baku\\\/\",\"url\":\"https:\\\/\\\/stage3.rnv.gob.ve\\\/wp\\\/maduro-y-subsecretaria-de-asuntos-publicos-de-la-onu-se-reunieron-en-baku\\\/\",\"name\":\"Maduro y subsecretaria de Asuntos P\u00fablicos de la ONU se reunieron en Bak\u00fa - DEV RNV\",\"isPartOf\":{\"@id\":\"https:\\\/\\\/stage3.rnv.gob.ve\\\/wp\\\/#website\"},\"primaryImageOfPage\":{\"@id\":\"https:\\\/\\\/stage3.rnv.gob.ve\\\/wp\\\/maduro-y-subsecretaria-de-asuntos-publicos-de-la-onu-se-reunieron-en-baku\\\/#primaryimage\"},\"image\":{\"@id\":\"https:\\\/\\\/stage3.rnv.gob.ve\\\/wp\\\/maduro-y-subsecretaria-de-asuntos-publicos-de-la-onu-se-reunieron-en-baku\\\/#primaryimage\"},\"thumbnailUrl\":\"\",\"datePublished\":\"2019-10-26T14:50:57+00:00\",\"breadcrumb\":{\"@id\":\"https:\\\/\\\/stage3.rnv.gob.ve\\\/wp\\\/maduro-y-subsecretaria-de-asuntos-publicos-de-la-onu-se-reunieron-en-baku\\\/#breadcrumb\"},\"inLanguage\":\"es\",\"potentialAction\":[{\"@type\":\"ReadAction\",\"target\":[\"https:\\\/\\\/stage3.rnv.gob.ve\\\/wp\\\/maduro-y-subsecretaria-de-asuntos-publicos-de-la-onu-se-reunieron-en-baku\\\/\"]}]},{\"@type\":\"ImageObject\",\"inLanguage\":\"es\",\"@id\":\"https:\\\/\\\/stage3.rnv.gob.ve\\\/wp\\\/maduro-y-subsecretaria-de-asuntos-publicos-de-la-onu-se-reunieron-en-baku\\\/#primaryimage\",\"url\":\"\",\"contentUrl\":\"\"},{\"@type\":\"BreadcrumbList\",\"@id\":\"https:\\\/\\\/stage3.rnv.gob.ve\\\/wp\\\/maduro-y-subsecretaria-de-asuntos-publicos-de-la-onu-se-reunieron-en-baku\\\/#breadcrumb\",\"itemListElement\":[{\"@type\":\"ListItem\",\"position\":1,\"name\":\"Portada\",\"item\":\"https:\\\/\\\/stage3.rnv.gob.ve\\\/wp\\\/\"},{\"@type\":\"ListItem\",\"position\":2,\"name\":\"Maduro Y Subsecretaria De Asuntos P\u00fablicos De La Onu Se Reunieron En Bak\u00fa\"}]},{\"@type\":\"WebSite\",\"@id\":\"https:\\\/\\\/stage3.rnv.gob.ve\\\/wp\\\/#website\",\"url\":\"https:\\\/\\\/stage3.rnv.gob.ve\\\/wp\\\/\",\"name\":\"DEV RNV\",\"description\":\"Radio Nacional de Venezuela C.A.\",\"publisher\":{\"@id\":\"https:\\\/\\\/stage3.rnv.gob.ve\\\/wp\\\/#organization\"},\"potentialAction\":[{\"@type\":\"SearchAction\",\"target\":{\"@type\":\"EntryPoint\",\"urlTemplate\":\"https:\\\/\\\/stage3.rnv.gob.ve\\\/wp\\\/?s={search_term_string}\"},\"query-input\":{\"@type\":\"PropertyValueSpecification\",\"valueRequired\":true,\"valueName\":\"search_term_string\"}}],\"inLanguage\":\"es\"},{\"@type\":\"Organization\",\"@id\":\"https:\\\/\\\/stage3.rnv.gob.ve\\\/wp\\\/#organization\",\"name\":\"Radio Nacional de Venezuela C.A.\",\"url\":\"https:\\\/\\\/stage3.rnv.gob.ve\\\/wp\\\/\",\"logo\":{\"@type\":\"ImageObject\",\"inLanguage\":\"es\",\"@id\":\"https:\\\/\\\/stage3.rnv.gob.ve\\\/wp\\\/#\\\/schema\\\/logo\\\/image\\\/\",\"url\":\"http:\\\/\\\/rnv.ddns.net\\\/prensa\\\/wp-content\\\/uploads\\\/2022\\\/04\\\/rnv-1-300x227-1.jpg\",\"contentUrl\":\"http:\\\/\\\/rnv.ddns.net\\\/prensa\\\/wp-content\\\/uploads\\\/2022\\\/04\\\/rnv-1-300x227-1.jpg\",\"width\":800,\"height\":455,\"caption\":\"Radio Nacional de Venezuela C.A.\"},\"image\":{\"@id\":\"https:\\\/\\\/stage3.rnv.gob.ve\\\/wp\\\/#\\\/schema\\\/logo\\\/image\\\/\"},\"sameAs\":[\"https:\\\/\\\/www.facebook.com\\\/RadioNacionaldeVenezuela\",\"https:\\\/\\\/x.com\\\/RNVinformativa\",\"https:\\\/\\\/www.instagram.com\\\/rnvinformativa\\\/\",\"https:\\\/\\\/www.youtube.com\\\/user\\\/RNVContigo\"]},{\"@type\":\"Person\",\"@id\":\"https:\\\/\\\/stage3.rnv.gob.ve\\\/wp\\\/#\\\/schema\\\/person\\\/41da72d5371f0ddf200a2232b8931251\",\"name\":\"Jaqueline Gil\",\"url\":\"https:\\\/\\\/stage3.rnv.gob.ve\\\/wp\\\/author\\\/jaqueline-gil\\\/\"}]}<\/script>\n<!-- \/ Yoast SEO plugin. -->","yoast_head_json":{"title":"Maduro y subsecretaria de Asuntos P\u00fablicos de la ONU se reunieron en Bak\u00fa - DEV RNV","robots":{"index":"noindex","follow":"follow","max-snippet":"max-snippet:-1","max-image-preview":"max-image-preview:large","max-video-preview":"max-video-preview:-1"},"og_locale":"es_ES","og_type":"article","og_title":"Maduro y subsecretaria de Asuntos P\u00fablicos de la ONU se reunieron en Bak\u00fa - DEV RNV","og_description":"El presidente de la Rep\u00fablica, Nicol\u00e1s Maduro, sostuvo este s\u00e1bado un encuentro oficial con la subsecretaria general de Asuntos P\u00fablicos y Consolidaci\u00f3n de la Paz de las Naciones Unidas (ONU), Rosemary DiCarlo, en la ciudad de Bak\u00fa, Azerbaiy\u00e1n. La reuni\u00f3n de alto nivel se desarroll\u00f3 en paralelo a la plenaria de la XVIII Cumbre de [&hellip;]","og_url":"https:\/\/stage3.rnv.gob.ve\/wp\/maduro-y-subsecretaria-de-asuntos-publicos-de-la-onu-se-reunieron-en-baku\/","og_site_name":"DEV RNV","article_publisher":"https:\/\/www.facebook.com\/RadioNacionaldeVenezuela","article_published_time":"2019-10-26T14:50:57+00:00","author":"Jaqueline Gil","twitter_card":"summary_large_image","twitter_creator":"@RNVinformativa","twitter_site":"@RNVinformativa","twitter_misc":{"Escrito por":"Jaqueline Gil","Tiempo estimado de lectura":"1 minuto"},"schema":{"@context":"https:\/\/schema.org","@graph":[{"@type":"Article","@id":"https:\/\/stage3.rnv.gob.ve\/wp\/maduro-y-subsecretaria-de-asuntos-publicos-de-la-onu-se-reunieron-en-baku\/#article","isPartOf":{"@id":"https:\/\/stage3.rnv.gob.ve\/wp\/maduro-y-subsecretaria-de-asuntos-publicos-de-la-onu-se-reunieron-en-baku\/"},"author":{"name":"Jaqueline Gil","@id":"https:\/\/stage3.rnv.gob.ve\/wp\/#\/schema\/person\/41da72d5371f0ddf200a2232b8931251"},"headline":"Maduro y subsecretaria de Asuntos P\u00fablicos de la ONU se reunieron en Bak\u00fa","datePublished":"2019-10-26T14:50:57+00:00","mainEntityOfPage":{"@id":"https:\/\/stage3.rnv.gob.ve\/wp\/maduro-y-subsecretaria-de-asuntos-publicos-de-la-onu-se-reunieron-en-baku\/"},"wordCount":216,"publisher":{"@id":"https:\/\/stage3.rnv.gob.ve\/wp\/#organization"},"image":{"@id":"https:\/\/stage3.rnv.gob.ve\/wp\/maduro-y-subsecretaria-de-asuntos-publicos-de-la-onu-se-reunieron-en-baku\/#primaryimage"},"thumbnailUrl":"","keywords":["azerbaiy\u00e1n","Bak\u00fa","Nicol\u00e1s Maduro","ONU","reunion"],"articleSection":["Pol\u00edtica"],"inLanguage":"es"},{"@type":"WebPage","@id":"https:\/\/stage3.rnv.gob.ve\/wp\/maduro-y-subsecretaria-de-asuntos-publicos-de-la-onu-se-reunieron-en-baku\/","url":"https:\/\/stage3.rnv.gob.ve\/wp\/maduro-y-subsecretaria-de-asuntos-publicos-de-la-onu-se-reunieron-en-baku\/","name":"Maduro y subsecretaria de Asuntos P\u00fablicos de la ONU se reunieron en Bak\u00fa - DEV RNV","isPartOf":{"@id":"https:\/\/stage3.rnv.gob.ve\/wp\/#website"},"primaryImageOfPage":{"@id":"https:\/\/stage3.rnv.gob.ve\/wp\/maduro-y-subsecretaria-de-asuntos-publicos-de-la-onu-se-reunieron-en-baku\/#primaryimage"},"image":{"@id":"https:\/\/stage3.rnv.gob.ve\/wp\/maduro-y-subsecretaria-de-asuntos-publicos-de-la-onu-se-reunieron-en-baku\/#primaryimage"},"thumbnailUrl":"","datePublished":"2019-10-26T14:50:57+00:00","breadcrumb":{"@id":"https:\/\/stage3.rnv.gob.ve\/wp\/maduro-y-subsecretaria-de-asuntos-publicos-de-la-onu-se-reunieron-en-baku\/#breadcrumb"},"inLanguage":"es","potentialAction":[{"@type":"ReadAction","target":["https:\/\/stage3.rnv.gob.ve\/wp\/maduro-y-subsecretaria-de-asuntos-publicos-de-la-onu-se-reunieron-en-baku\/"]}]},{"@type":"ImageObject","inLanguage":"es","@id":"https:\/\/stage3.rnv.gob.ve\/wp\/maduro-y-subsecretaria-de-asuntos-publicos-de-la-onu-se-reunieron-en-baku\/#primaryimage","url":"","contentUrl":""},{"@type":"BreadcrumbList","@id":"https:\/\/stage3.rnv.gob.ve\/wp\/maduro-y-subsecretaria-de-asuntos-publicos-de-la-onu-se-reunieron-en-baku\/#breadcrumb","itemListElement":[{"@type":"ListItem","position":1,"name":"Portada","item":"https:\/\/stage3.rnv.gob.ve\/wp\/"},{"@type":"ListItem","position":2,"name":"Maduro Y Subsecretaria De Asuntos P\u00fablicos De La Onu Se Reunieron En Bak\u00fa"}]},{"@type":"WebSite","@id":"https:\/\/stage3.rnv.gob.ve\/wp\/#website","url":"https:\/\/stage3.rnv.gob.ve\/wp\/","name":"DEV RNV","description":"Radio Nacional de Venezuela C.A.","publisher":{"@id":"https:\/\/stage3.rnv.gob.ve\/wp\/#organization"},"potentialAction":[{"@type":"SearchAction","target":{"@type":"EntryPoint","urlTemplate":"https:\/\/stage3.rnv.gob.ve\/wp\/?s={search_term_string}"},"query-input":{"@type":"PropertyValueSpecification","valueRequired":true,"valueName":"search_term_string"}}],"inLanguage":"es"},{"@type":"Organization","@id":"https:\/\/stage3.rnv.gob.ve\/wp\/#organization","name":"Radio Nacional de Venezuela C.A.","url":"https:\/\/stage3.rnv.gob.ve\/wp\/","logo":{"@type":"ImageObject","inLanguage":"es","@id":"https:\/\/stage3.rnv.gob.ve\/wp\/#\/schema\/logo\/image\/","url":"http:\/\/rnv.ddns.net\/prensa\/wp-content\/uploads\/2022\/04\/rnv-1-300x227-1.jpg","contentUrl":"http:\/\/rnv.ddns.net\/prensa\/wp-content\/uploads\/2022\/04\/rnv-1-300x227-1.jpg","width":800,"height":455,"caption":"Radio Nacional de Venezuela C.A."},"image":{"@id":"https:\/\/stage3.rnv.gob.ve\/wp\/#\/schema\/logo\/image\/"},"sameAs":["https:\/\/www.facebook.com\/RadioNacionaldeVenezuela","https:\/\/x.com\/RNVinformativa","https:\/\/www.instagram.com\/rnvinformativa\/","https:\/\/www.youtube.com\/user\/RNVContigo"]},{"@type":"Person","@id":"https:\/\/stage3.rnv.gob.ve\/wp\/#\/schema\/person\/41da72d5371f0ddf200a2232b8931251","name":"Jaqueline Gil","url":"https:\/\/stage3.rnv.gob.ve\/wp\/author\/jaqueline-gil\/"}]}},"jetpack_featured_media_url":"","_links":{"self":[{"href":"https:\/\/stage3.rnv.gob.ve\/wp\/wp-json\/wp\/v2\/posts\/279663","targetHints":{"allow":["GET"]}}],"collection":[{"href":"https:\/\/stage3.rnv.gob.ve\/wp\/wp-json\/wp\/v2\/posts"}],"about":[{"href":"https:\/\/stage3.rnv.gob.ve\/wp\/wp-json\/wp\/v2\/types\/post"}],"author":[{"embeddable":true,"href":"https:\/\/stage3.rnv.gob.ve\/wp\/wp-json\/wp\/v2\/users\/40"}],"replies":[{"embeddable":true,"href":"https:\/\/stage3.rnv.gob.ve\/wp\/wp-json\/wp\/v2\/comments?post=279663"}],"version-history":[{"count":0,"href":"https:\/\/stage3.rnv.gob.ve\/wp\/wp-json\/wp\/v2\/posts\/279663\/revisions"}],"wp:featuredmedia":[{"embeddable":true,"href":"https:\/\/stage3.rnv.gob.ve\/wp\/wp-json\/"}],"wp:attachment":[{"href":"https:\/\/stage3.rnv.gob.ve\/wp\/wp-json\/wp\/v2\/media?parent=279663"}],"wp:term":[{"taxonomy":"category","embeddable":true,"href":"https:\/\/stage3.rnv.gob.ve\/wp\/wp-json\/wp\/v2\/categories?post=279663"},{"taxonomy":"post_tag","embeddable":true,"href":"https:\/\/stage3.rnv.gob.ve\/wp\/wp-json\/wp\/v2\/tags?post=279663"}],"curies":[{"name":"wp","href":"https:\/\/api.w.org\/{rel}","templated":true}]}}