{"id":279605,"date":"2019-10-25T12:15:03","date_gmt":"2019-10-25T16:45:03","guid":{"rendered":"https:\/\/stage3.rnv.gob.ve\/wp\/?p=279605"},"modified":"2019-10-25T12:15:03","modified_gmt":"2019-10-25T16:45:03","slug":"hospital-general-de-guasdualito-comenzo-jornadas-de-cirugias-electivas","status":"publish","type":"post","link":"https:\/\/stage3.rnv.gob.ve\/wp\/hospital-general-de-guasdualito-comenzo-jornadas-de-cirugias-electivas\/","title":{"rendered":"Hospital General de Guasdualito comenz\u00f3 jornadas de cirug\u00edas electivas"},"content":{"rendered":"<p><img fetchpriority=\"high\" decoding=\"async\" class=\"wp-image-279606 aligncenter\" src=\"https:\/\/stage3.rnv.gob.ve\/wp\/wp-content\/uploads\/2019\/10\/Hospital-Guasdualito-696x381.jpeg\" alt=\"\" width=\"600\" height=\"328\" \/><\/p>\n<p style=\"text-align: justify;\">El Gobierno Bolivariano a trav\u00e9s del Hospital General \u201cJos\u00e9 Antonio P\u00e1ez\u201d de la ciudad de Guasdualito, dio inicio a la Jornadas Socialistas Humanitarias de Cirug\u00edas Electivas, las cuales se realizan de manera gratuita. La informaci\u00f3n la aport\u00f3 el director del centro hospitalario, Juan Albarr\u00e1n.<br \/>\nEn el Alto Apure, a trav\u00e9s de las Jornadas Socialistas Humanitarias de Cirug\u00edas Electivas se realizar\u00e1n intervenciones quir\u00fargicas en las \u00e1reas de traumatolog\u00eda, ginecolog\u00eda, pediatr\u00eda y medicina general, fortaleciendo de esta forma, las pol\u00edticas que impulsa el Gobierno Bolivariano en materia de salud.<\/p>\n<p><strong>T\/RNV Corresponsal\u00eda\/Apure<\/strong><br \/>\n<strong>Escuche el reporte de Euclides Sandia para RNV<\/strong><br \/>\n<audio class=\"wp-audio-shortcode\" id=\"audio-279605-1\" preload=\"none\" style=\"width: 100%;\" controls=\"controls\"><source type=\"audio\/mpeg\" src=\"https:\/\/stage3.rnv.gob.ve\/wp\/wp-content\/uploads\/2019\/10\/RNV-251019-02-Cirug\u00edas-Electivas.mp3?_=1\" \/><a href=\"https:\/\/stage3.rnv.gob.ve\/wp\/wp-content\/uploads\/2019\/10\/RNV-251019-02-Cirug\u00edas-Electivas.mp3\">https:\/\/stage3.rnv.gob.ve\/wp\/wp-content\/uploads\/2019\/10\/RNV-251019-02-Cirug\u00edas-Electivas.mp3<\/a><\/audio><\/p>\n<div class=\"yj6qo\"><\/div>\n","protected":false},"excerpt":{"rendered":"<p>El Gobierno Bolivariano a trav\u00e9s del Hospital General \u201cJos\u00e9 Antonio P\u00e1ez\u201d de la ciudad de Guasdualito, dio inicio a la Jornadas Socialistas Humanitarias de Cirug\u00edas Electivas, las cuales se realizan de manera gratuita. La informaci\u00f3n la aport\u00f3 el director del centro hospitalario, Juan Albarr\u00e1n. En el Alto Apure, a trav\u00e9s de las Jornadas Socialistas Humanitarias [&hellip;]<\/p>\n","protected":false},"author":18,"featured_media":279606,"comment_status":"closed","ping_status":"open","sticky":false,"template":"","format":"standard","meta":{"_acf_changed":false,"footnotes":""},"categories":[70],"tags":[2199,656,23078,23079,657,2414,4549,9232],"class_list":["post-279605","post","type-post","status-publish","format-standard","has-post-thumbnail","hentry","category-salud","tag-antonio","tag-apure","tag-cirugias","tag-electivas","tag-guasdualito","tag-hospital","tag-jose","tag-paez"],"acf":[],"yoast_head":"<!-- This site is optimized with the Yoast SEO plugin v27.4 - https:\/\/yoast.com\/product\/yoast-seo-wordpress\/ -->\n<title>Hospital General de Guasdualito comenz\u00f3 jornadas de cirug\u00edas electivas - DEV RNV<\/title>\n<meta name=\"robots\" content=\"noindex, follow, max-snippet:-1, max-image-preview:large, max-video-preview:-1\" \/>\n<meta property=\"og:locale\" content=\"es_ES\" \/>\n<meta property=\"og:type\" content=\"article\" \/>\n<meta property=\"og:title\" content=\"Hospital General de Guasdualito comenz\u00f3 jornadas de cirug\u00edas electivas - DEV RNV\" \/>\n<meta property=\"og:description\" content=\"El Gobierno Bolivariano a trav\u00e9s del Hospital General \u201cJos\u00e9 Antonio P\u00e1ez\u201d de la ciudad de Guasdualito, dio inicio a la Jornadas Socialistas Humanitarias de Cirug\u00edas Electivas, las cuales se realizan de manera gratuita. La informaci\u00f3n la aport\u00f3 el director del centro hospitalario, Juan Albarr\u00e1n. En el Alto Apure, a trav\u00e9s de las Jornadas Socialistas Humanitarias [&hellip;]\" \/>\n<meta property=\"og:url\" content=\"https:\/\/stage3.rnv.gob.ve\/wp\/hospital-general-de-guasdualito-comenzo-jornadas-de-cirugias-electivas\/\" \/>\n<meta property=\"og:site_name\" content=\"DEV RNV\" \/>\n<meta property=\"article:publisher\" content=\"https:\/\/www.facebook.com\/RadioNacionaldeVenezuela\" \/>\n<meta property=\"article:published_time\" content=\"2019-10-25T16:45:03+00:00\" \/>\n<meta name=\"author\" content=\"Nora Andrade\" \/>\n<meta name=\"twitter:card\" content=\"summary_large_image\" \/>\n<meta name=\"twitter:creator\" content=\"@RNVinformativa\" \/>\n<meta name=\"twitter:site\" content=\"@RNVinformativa\" \/>\n<meta name=\"twitter:label1\" content=\"Escrito por\" \/>\n\t<meta name=\"twitter:data1\" content=\"Nora Andrade\" \/>\n\t<meta name=\"twitter:label2\" content=\"Tiempo estimado de lectura\" \/>\n\t<meta name=\"twitter:data2\" content=\"1 minuto\" \/>\n<script type=\"application\/ld+json\" class=\"yoast-schema-graph\">{\"@context\":\"https:\\\/\\\/schema.org\",\"@graph\":[{\"@type\":\"Article\",\"@id\":\"https:\\\/\\\/stage3.rnv.gob.ve\\\/wp\\\/hospital-general-de-guasdualito-comenzo-jornadas-de-cirugias-electivas\\\/#article\",\"isPartOf\":{\"@id\":\"https:\\\/\\\/stage3.rnv.gob.ve\\\/wp\\\/hospital-general-de-guasdualito-comenzo-jornadas-de-cirugias-electivas\\\/\"},\"author\":{\"name\":\"Nora Andrade\",\"@id\":\"https:\\\/\\\/stage3.rnv.gob.ve\\\/wp\\\/#\\\/schema\\\/person\\\/b04f077485d4e004e355dd829c37feaa\"},\"headline\":\"Hospital General de Guasdualito comenz\u00f3 jornadas de cirug\u00edas electivas\",\"datePublished\":\"2019-10-25T16:45:03+00:00\",\"mainEntityOfPage\":{\"@id\":\"https:\\\/\\\/stage3.rnv.gob.ve\\\/wp\\\/hospital-general-de-guasdualito-comenzo-jornadas-de-cirugias-electivas\\\/\"},\"wordCount\":139,\"publisher\":{\"@id\":\"https:\\\/\\\/stage3.rnv.gob.ve\\\/wp\\\/#organization\"},\"image\":{\"@id\":\"https:\\\/\\\/stage3.rnv.gob.ve\\\/wp\\\/hospital-general-de-guasdualito-comenzo-jornadas-de-cirugias-electivas\\\/#primaryimage\"},\"thumbnailUrl\":\"\",\"keywords\":[\"antonio\",\"apure\",\"cirugias\",\"electivas\",\"guasdualito\",\"hospital\",\"jose\",\"paez\"],\"articleSection\":[\"Salud\"],\"inLanguage\":\"es\"},{\"@type\":\"WebPage\",\"@id\":\"https:\\\/\\\/stage3.rnv.gob.ve\\\/wp\\\/hospital-general-de-guasdualito-comenzo-jornadas-de-cirugias-electivas\\\/\",\"url\":\"https:\\\/\\\/stage3.rnv.gob.ve\\\/wp\\\/hospital-general-de-guasdualito-comenzo-jornadas-de-cirugias-electivas\\\/\",\"name\":\"Hospital General de Guasdualito comenz\u00f3 jornadas de cirug\u00edas electivas - DEV RNV\",\"isPartOf\":{\"@id\":\"https:\\\/\\\/stage3.rnv.gob.ve\\\/wp\\\/#website\"},\"primaryImageOfPage\":{\"@id\":\"https:\\\/\\\/stage3.rnv.gob.ve\\\/wp\\\/hospital-general-de-guasdualito-comenzo-jornadas-de-cirugias-electivas\\\/#primaryimage\"},\"image\":{\"@id\":\"https:\\\/\\\/stage3.rnv.gob.ve\\\/wp\\\/hospital-general-de-guasdualito-comenzo-jornadas-de-cirugias-electivas\\\/#primaryimage\"},\"thumbnailUrl\":\"\",\"datePublished\":\"2019-10-25T16:45:03+00:00\",\"breadcrumb\":{\"@id\":\"https:\\\/\\\/stage3.rnv.gob.ve\\\/wp\\\/hospital-general-de-guasdualito-comenzo-jornadas-de-cirugias-electivas\\\/#breadcrumb\"},\"inLanguage\":\"es\",\"potentialAction\":[{\"@type\":\"ReadAction\",\"target\":[\"https:\\\/\\\/stage3.rnv.gob.ve\\\/wp\\\/hospital-general-de-guasdualito-comenzo-jornadas-de-cirugias-electivas\\\/\"]}]},{\"@type\":\"ImageObject\",\"inLanguage\":\"es\",\"@id\":\"https:\\\/\\\/stage3.rnv.gob.ve\\\/wp\\\/hospital-general-de-guasdualito-comenzo-jornadas-de-cirugias-electivas\\\/#primaryimage\",\"url\":\"\",\"contentUrl\":\"\"},{\"@type\":\"BreadcrumbList\",\"@id\":\"https:\\\/\\\/stage3.rnv.gob.ve\\\/wp\\\/hospital-general-de-guasdualito-comenzo-jornadas-de-cirugias-electivas\\\/#breadcrumb\",\"itemListElement\":[{\"@type\":\"ListItem\",\"position\":1,\"name\":\"Portada\",\"item\":\"https:\\\/\\\/stage3.rnv.gob.ve\\\/wp\\\/\"},{\"@type\":\"ListItem\",\"position\":2,\"name\":\"Hospital General De Guasdualito Comenz\u00f3 Jornadas De Cirug\u00edas Electivas\"}]},{\"@type\":\"WebSite\",\"@id\":\"https:\\\/\\\/stage3.rnv.gob.ve\\\/wp\\\/#website\",\"url\":\"https:\\\/\\\/stage3.rnv.gob.ve\\\/wp\\\/\",\"name\":\"DEV RNV\",\"description\":\"Radio Nacional de Venezuela C.A.\",\"publisher\":{\"@id\":\"https:\\\/\\\/stage3.rnv.gob.ve\\\/wp\\\/#organization\"},\"potentialAction\":[{\"@type\":\"SearchAction\",\"target\":{\"@type\":\"EntryPoint\",\"urlTemplate\":\"https:\\\/\\\/stage3.rnv.gob.ve\\\/wp\\\/?s={search_term_string}\"},\"query-input\":{\"@type\":\"PropertyValueSpecification\",\"valueRequired\":true,\"valueName\":\"search_term_string\"}}],\"inLanguage\":\"es\"},{\"@type\":\"Organization\",\"@id\":\"https:\\\/\\\/stage3.rnv.gob.ve\\\/wp\\\/#organization\",\"name\":\"Radio Nacional de Venezuela C.A.\",\"url\":\"https:\\\/\\\/stage3.rnv.gob.ve\\\/wp\\\/\",\"logo\":{\"@type\":\"ImageObject\",\"inLanguage\":\"es\",\"@id\":\"https:\\\/\\\/stage3.rnv.gob.ve\\\/wp\\\/#\\\/schema\\\/logo\\\/image\\\/\",\"url\":\"http:\\\/\\\/rnv.ddns.net\\\/prensa\\\/wp-content\\\/uploads\\\/2022\\\/04\\\/rnv-1-300x227-1.jpg\",\"contentUrl\":\"http:\\\/\\\/rnv.ddns.net\\\/prensa\\\/wp-content\\\/uploads\\\/2022\\\/04\\\/rnv-1-300x227-1.jpg\",\"width\":800,\"height\":455,\"caption\":\"Radio Nacional de Venezuela C.A.\"},\"image\":{\"@id\":\"https:\\\/\\\/stage3.rnv.gob.ve\\\/wp\\\/#\\\/schema\\\/logo\\\/image\\\/\"},\"sameAs\":[\"https:\\\/\\\/www.facebook.com\\\/RadioNacionaldeVenezuela\",\"https:\\\/\\\/x.com\\\/RNVinformativa\",\"https:\\\/\\\/www.instagram.com\\\/rnvinformativa\\\/\",\"https:\\\/\\\/www.youtube.com\\\/user\\\/RNVContigo\"]},{\"@type\":\"Person\",\"@id\":\"https:\\\/\\\/stage3.rnv.gob.ve\\\/wp\\\/#\\\/schema\\\/person\\\/b04f077485d4e004e355dd829c37feaa\",\"name\":\"Nora Andrade\",\"url\":\"https:\\\/\\\/stage3.rnv.gob.ve\\\/wp\\\/author\\\/nora_andrade\\\/\"}]}<\/script>\n<!-- \/ Yoast SEO plugin. -->","yoast_head_json":{"title":"Hospital General de Guasdualito comenz\u00f3 jornadas de cirug\u00edas electivas - DEV RNV","robots":{"index":"noindex","follow":"follow","max-snippet":"max-snippet:-1","max-image-preview":"max-image-preview:large","max-video-preview":"max-video-preview:-1"},"og_locale":"es_ES","og_type":"article","og_title":"Hospital General de Guasdualito comenz\u00f3 jornadas de cirug\u00edas electivas - DEV RNV","og_description":"El Gobierno Bolivariano a trav\u00e9s del Hospital General \u201cJos\u00e9 Antonio P\u00e1ez\u201d de la ciudad de Guasdualito, dio inicio a la Jornadas Socialistas Humanitarias de Cirug\u00edas Electivas, las cuales se realizan de manera gratuita. La informaci\u00f3n la aport\u00f3 el director del centro hospitalario, Juan Albarr\u00e1n. En el Alto Apure, a trav\u00e9s de las Jornadas Socialistas Humanitarias [&hellip;]","og_url":"https:\/\/stage3.rnv.gob.ve\/wp\/hospital-general-de-guasdualito-comenzo-jornadas-de-cirugias-electivas\/","og_site_name":"DEV RNV","article_publisher":"https:\/\/www.facebook.com\/RadioNacionaldeVenezuela","article_published_time":"2019-10-25T16:45:03+00:00","author":"Nora Andrade","twitter_card":"summary_large_image","twitter_creator":"@RNVinformativa","twitter_site":"@RNVinformativa","twitter_misc":{"Escrito por":"Nora Andrade","Tiempo estimado de lectura":"1 minuto"},"schema":{"@context":"https:\/\/schema.org","@graph":[{"@type":"Article","@id":"https:\/\/stage3.rnv.gob.ve\/wp\/hospital-general-de-guasdualito-comenzo-jornadas-de-cirugias-electivas\/#article","isPartOf":{"@id":"https:\/\/stage3.rnv.gob.ve\/wp\/hospital-general-de-guasdualito-comenzo-jornadas-de-cirugias-electivas\/"},"author":{"name":"Nora Andrade","@id":"https:\/\/stage3.rnv.gob.ve\/wp\/#\/schema\/person\/b04f077485d4e004e355dd829c37feaa"},"headline":"Hospital General de Guasdualito comenz\u00f3 jornadas de cirug\u00edas electivas","datePublished":"2019-10-25T16:45:03+00:00","mainEntityOfPage":{"@id":"https:\/\/stage3.rnv.gob.ve\/wp\/hospital-general-de-guasdualito-comenzo-jornadas-de-cirugias-electivas\/"},"wordCount":139,"publisher":{"@id":"https:\/\/stage3.rnv.gob.ve\/wp\/#organization"},"image":{"@id":"https:\/\/stage3.rnv.gob.ve\/wp\/hospital-general-de-guasdualito-comenzo-jornadas-de-cirugias-electivas\/#primaryimage"},"thumbnailUrl":"","keywords":["antonio","apure","cirugias","electivas","guasdualito","hospital","jose","paez"],"articleSection":["Salud"],"inLanguage":"es"},{"@type":"WebPage","@id":"https:\/\/stage3.rnv.gob.ve\/wp\/hospital-general-de-guasdualito-comenzo-jornadas-de-cirugias-electivas\/","url":"https:\/\/stage3.rnv.gob.ve\/wp\/hospital-general-de-guasdualito-comenzo-jornadas-de-cirugias-electivas\/","name":"Hospital General de Guasdualito comenz\u00f3 jornadas de cirug\u00edas electivas - DEV RNV","isPartOf":{"@id":"https:\/\/stage3.rnv.gob.ve\/wp\/#website"},"primaryImageOfPage":{"@id":"https:\/\/stage3.rnv.gob.ve\/wp\/hospital-general-de-guasdualito-comenzo-jornadas-de-cirugias-electivas\/#primaryimage"},"image":{"@id":"https:\/\/stage3.rnv.gob.ve\/wp\/hospital-general-de-guasdualito-comenzo-jornadas-de-cirugias-electivas\/#primaryimage"},"thumbnailUrl":"","datePublished":"2019-10-25T16:45:03+00:00","breadcrumb":{"@id":"https:\/\/stage3.rnv.gob.ve\/wp\/hospital-general-de-guasdualito-comenzo-jornadas-de-cirugias-electivas\/#breadcrumb"},"inLanguage":"es","potentialAction":[{"@type":"ReadAction","target":["https:\/\/stage3.rnv.gob.ve\/wp\/hospital-general-de-guasdualito-comenzo-jornadas-de-cirugias-electivas\/"]}]},{"@type":"ImageObject","inLanguage":"es","@id":"https:\/\/stage3.rnv.gob.ve\/wp\/hospital-general-de-guasdualito-comenzo-jornadas-de-cirugias-electivas\/#primaryimage","url":"","contentUrl":""},{"@type":"BreadcrumbList","@id":"https:\/\/stage3.rnv.gob.ve\/wp\/hospital-general-de-guasdualito-comenzo-jornadas-de-cirugias-electivas\/#breadcrumb","itemListElement":[{"@type":"ListItem","position":1,"name":"Portada","item":"https:\/\/stage3.rnv.gob.ve\/wp\/"},{"@type":"ListItem","position":2,"name":"Hospital General De Guasdualito Comenz\u00f3 Jornadas De Cirug\u00edas Electivas"}]},{"@type":"WebSite","@id":"https:\/\/stage3.rnv.gob.ve\/wp\/#website","url":"https:\/\/stage3.rnv.gob.ve\/wp\/","name":"DEV RNV","description":"Radio Nacional de Venezuela C.A.","publisher":{"@id":"https:\/\/stage3.rnv.gob.ve\/wp\/#organization"},"potentialAction":[{"@type":"SearchAction","target":{"@type":"EntryPoint","urlTemplate":"https:\/\/stage3.rnv.gob.ve\/wp\/?s={search_term_string}"},"query-input":{"@type":"PropertyValueSpecification","valueRequired":true,"valueName":"search_term_string"}}],"inLanguage":"es"},{"@type":"Organization","@id":"https:\/\/stage3.rnv.gob.ve\/wp\/#organization","name":"Radio Nacional de Venezuela C.A.","url":"https:\/\/stage3.rnv.gob.ve\/wp\/","logo":{"@type":"ImageObject","inLanguage":"es","@id":"https:\/\/stage3.rnv.gob.ve\/wp\/#\/schema\/logo\/image\/","url":"http:\/\/rnv.ddns.net\/prensa\/wp-content\/uploads\/2022\/04\/rnv-1-300x227-1.jpg","contentUrl":"http:\/\/rnv.ddns.net\/prensa\/wp-content\/uploads\/2022\/04\/rnv-1-300x227-1.jpg","width":800,"height":455,"caption":"Radio Nacional de Venezuela C.A."},"image":{"@id":"https:\/\/stage3.rnv.gob.ve\/wp\/#\/schema\/logo\/image\/"},"sameAs":["https:\/\/www.facebook.com\/RadioNacionaldeVenezuela","https:\/\/x.com\/RNVinformativa","https:\/\/www.instagram.com\/rnvinformativa\/","https:\/\/www.youtube.com\/user\/RNVContigo"]},{"@type":"Person","@id":"https:\/\/stage3.rnv.gob.ve\/wp\/#\/schema\/person\/b04f077485d4e004e355dd829c37feaa","name":"Nora Andrade","url":"https:\/\/stage3.rnv.gob.ve\/wp\/author\/nora_andrade\/"}]}},"jetpack_featured_media_url":"","_links":{"self":[{"href":"https:\/\/stage3.rnv.gob.ve\/wp\/wp-json\/wp\/v2\/posts\/279605","targetHints":{"allow":["GET"]}}],"collection":[{"href":"https:\/\/stage3.rnv.gob.ve\/wp\/wp-json\/wp\/v2\/posts"}],"about":[{"href":"https:\/\/stage3.rnv.gob.ve\/wp\/wp-json\/wp\/v2\/types\/post"}],"author":[{"embeddable":true,"href":"https:\/\/stage3.rnv.gob.ve\/wp\/wp-json\/wp\/v2\/users\/18"}],"replies":[{"embeddable":true,"href":"https:\/\/stage3.rnv.gob.ve\/wp\/wp-json\/wp\/v2\/comments?post=279605"}],"version-history":[{"count":0,"href":"https:\/\/stage3.rnv.gob.ve\/wp\/wp-json\/wp\/v2\/posts\/279605\/revisions"}],"wp:featuredmedia":[{"embeddable":true,"href":"https:\/\/stage3.rnv.gob.ve\/wp\/wp-json\/"}],"wp:attachment":[{"href":"https:\/\/stage3.rnv.gob.ve\/wp\/wp-json\/wp\/v2\/media?parent=279605"}],"wp:term":[{"taxonomy":"category","embeddable":true,"href":"https:\/\/stage3.rnv.gob.ve\/wp\/wp-json\/wp\/v2\/categories?post=279605"},{"taxonomy":"post_tag","embeddable":true,"href":"https:\/\/stage3.rnv.gob.ve\/wp\/wp-json\/wp\/v2\/tags?post=279605"}],"curies":[{"name":"wp","href":"https:\/\/api.w.org\/{rel}","templated":true}]}}