{"id":279601,"date":"2019-10-25T11:51:41","date_gmt":"2019-10-25T16:21:41","guid":{"rendered":"https:\/\/stage3.rnv.gob.ve\/wp\/?p=279601"},"modified":"2019-10-25T11:51:41","modified_gmt":"2019-10-25T16:21:41","slug":"presidente-maduro-se-reunio-con-lider-de-asamblea-general-de-la-onu-en-baku","status":"publish","type":"post","link":"https:\/\/stage3.rnv.gob.ve\/wp\/presidente-maduro-se-reunio-con-lider-de-asamblea-general-de-la-onu-en-baku\/","title":{"rendered":"Presidente Maduro se reuni\u00f3 con l\u00edder de Asamblea General de la ONU en Bak\u00fa"},"content":{"rendered":"<p><img fetchpriority=\"high\" decoding=\"async\" class=\"wp-image-279602 aligncenter\" src=\"https:\/\/stage3.rnv.gob.ve\/wp\/wp-content\/uploads\/2019\/10\/nicolas-33-800x445.jpg\" alt=\"\" width=\"600\" height=\"334\" \/><\/p>\n<p style=\"text-align: justify;\">El <strong>presidente de la Rep\u00fablica, Nicol\u00e1s Maduro,<\/strong> sostuvo un encuentro con el l\u00edder del 74\u00b0 per\u00edodo de sesiones de la <strong>Asamblea General de las Naciones Unidas (ONU),<\/strong> <strong>Tijjani Muhammad-Bande.<\/strong><\/p>\n<p style=\"text-align: justify;\">En el encuentro, que se desarroll\u00f3 en el <strong>Centro de Convenciones de Bak\u00fa, ubicado en Azerbaiy\u00e1n,<\/strong> abordaron temas relacionados a las medidas coercitivas unilaterales impuestas por potencias extranjeras contra naciones soberanas, as\u00ed como la actualidad del mundo multipolar.<\/p>\n<p style=\"text-align: justify;\">La reuni\u00f3n de alto nivel se desarroll\u00f3 a prop\u00f3sito de la XVIII Cumbre de Jefes de Estado y de Gobierno del Movimiento de Pa\u00edses No Alineados (MNOAL), que se extender\u00e1 hasta este s\u00e1bado en la naci\u00f3n euroasi\u00e1tica.<\/p>\n<p style=\"text-align: justify;\">Tijjani Muhammad-Bande, de origen nigeriano, fue elegido Presidente de la 74\u00b0 Asamblea General de la ONU en junio pasado. Previamente, se desempe\u00f1\u00f3 como vicepresidente y representante permanente de su pa\u00eds ante el organismo multilateral<\/p>\n<p style=\"text-align: justify;\">El tambi\u00e9n polit\u00f3logo, administrador y diplom\u00e1tico ejerci\u00f3 como director general del Instituto Nacional de Estudios Pol\u00edticos y Estrat\u00e9gicos de Nigeria entre 2010 y 2016.<\/p>\n<p><strong>T\/Vicepresidencia<\/strong><\/p>\n","protected":false},"excerpt":{"rendered":"<p>El presidente de la Rep\u00fablica, Nicol\u00e1s Maduro, sostuvo un encuentro con el l\u00edder del 74\u00b0 per\u00edodo de sesiones de la Asamblea General de las Naciones Unidas (ONU), Tijjani Muhammad-Bande. En el encuentro, que se desarroll\u00f3 en el Centro de Convenciones de Bak\u00fa, ubicado en Azerbaiy\u00e1n, abordaron temas relacionados a las medidas coercitivas unilaterales impuestas por [&hellip;]<\/p>\n","protected":false},"author":40,"featured_media":279602,"comment_status":"closed","ping_status":"open","sticky":false,"template":"","format":"standard","meta":{"_acf_changed":false,"footnotes":""},"categories":[67],"tags":[20296,1592,230,884],"class_list":["post-279601","post","type-post","status-publish","format-standard","has-post-thumbnail","hentry","category-politica","tag-baku","tag-nicolas-maduro","tag-onu","tag-reunion"],"acf":[],"yoast_head":"<!-- This site is optimized with the Yoast SEO plugin v27.4 - https:\/\/yoast.com\/product\/yoast-seo-wordpress\/ -->\n<title>Presidente Maduro se reuni\u00f3 con l\u00edder de Asamblea General de la ONU en Bak\u00fa - DEV RNV<\/title>\n<meta name=\"robots\" content=\"noindex, follow, max-snippet:-1, max-image-preview:large, max-video-preview:-1\" \/>\n<meta property=\"og:locale\" content=\"es_ES\" \/>\n<meta property=\"og:type\" content=\"article\" \/>\n<meta property=\"og:title\" content=\"Presidente Maduro se reuni\u00f3 con l\u00edder de Asamblea General de la ONU en Bak\u00fa - DEV RNV\" \/>\n<meta property=\"og:description\" content=\"El presidente de la Rep\u00fablica, Nicol\u00e1s Maduro, sostuvo un encuentro con el l\u00edder del 74\u00b0 per\u00edodo de sesiones de la Asamblea General de las Naciones Unidas (ONU), Tijjani Muhammad-Bande. En el encuentro, que se desarroll\u00f3 en el Centro de Convenciones de Bak\u00fa, ubicado en Azerbaiy\u00e1n, abordaron temas relacionados a las medidas coercitivas unilaterales impuestas por [&hellip;]\" \/>\n<meta property=\"og:url\" content=\"https:\/\/stage3.rnv.gob.ve\/wp\/presidente-maduro-se-reunio-con-lider-de-asamblea-general-de-la-onu-en-baku\/\" \/>\n<meta property=\"og:site_name\" content=\"DEV RNV\" \/>\n<meta property=\"article:publisher\" content=\"https:\/\/www.facebook.com\/RadioNacionaldeVenezuela\" \/>\n<meta property=\"article:published_time\" content=\"2019-10-25T16:21:41+00:00\" \/>\n<meta name=\"author\" content=\"Jaqueline Gil\" \/>\n<meta name=\"twitter:card\" content=\"summary_large_image\" \/>\n<meta name=\"twitter:creator\" content=\"@RNVinformativa\" \/>\n<meta name=\"twitter:site\" content=\"@RNVinformativa\" \/>\n<meta name=\"twitter:label1\" content=\"Escrito por\" \/>\n\t<meta name=\"twitter:data1\" content=\"Jaqueline Gil\" \/>\n\t<meta name=\"twitter:label2\" content=\"Tiempo estimado de lectura\" \/>\n\t<meta name=\"twitter:data2\" content=\"1 minuto\" \/>\n<script type=\"application\/ld+json\" class=\"yoast-schema-graph\">{\"@context\":\"https:\\\/\\\/schema.org\",\"@graph\":[{\"@type\":\"Article\",\"@id\":\"https:\\\/\\\/stage3.rnv.gob.ve\\\/wp\\\/presidente-maduro-se-reunio-con-lider-de-asamblea-general-de-la-onu-en-baku\\\/#article\",\"isPartOf\":{\"@id\":\"https:\\\/\\\/stage3.rnv.gob.ve\\\/wp\\\/presidente-maduro-se-reunio-con-lider-de-asamblea-general-de-la-onu-en-baku\\\/\"},\"author\":{\"name\":\"Jaqueline Gil\",\"@id\":\"https:\\\/\\\/stage3.rnv.gob.ve\\\/wp\\\/#\\\/schema\\\/person\\\/41da72d5371f0ddf200a2232b8931251\"},\"headline\":\"Presidente Maduro se reuni\u00f3 con l\u00edder de Asamblea General de la ONU en Bak\u00fa\",\"datePublished\":\"2019-10-25T16:21:41+00:00\",\"mainEntityOfPage\":{\"@id\":\"https:\\\/\\\/stage3.rnv.gob.ve\\\/wp\\\/presidente-maduro-se-reunio-con-lider-de-asamblea-general-de-la-onu-en-baku\\\/\"},\"wordCount\":192,\"publisher\":{\"@id\":\"https:\\\/\\\/stage3.rnv.gob.ve\\\/wp\\\/#organization\"},\"image\":{\"@id\":\"https:\\\/\\\/stage3.rnv.gob.ve\\\/wp\\\/presidente-maduro-se-reunio-con-lider-de-asamblea-general-de-la-onu-en-baku\\\/#primaryimage\"},\"thumbnailUrl\":\"\",\"keywords\":[\"Bak\u00fa\",\"Nicol\u00e1s Maduro\",\"ONU\",\"reunion\"],\"articleSection\":[\"Pol\u00edtica\"],\"inLanguage\":\"es\"},{\"@type\":\"WebPage\",\"@id\":\"https:\\\/\\\/stage3.rnv.gob.ve\\\/wp\\\/presidente-maduro-se-reunio-con-lider-de-asamblea-general-de-la-onu-en-baku\\\/\",\"url\":\"https:\\\/\\\/stage3.rnv.gob.ve\\\/wp\\\/presidente-maduro-se-reunio-con-lider-de-asamblea-general-de-la-onu-en-baku\\\/\",\"name\":\"Presidente Maduro se reuni\u00f3 con l\u00edder de Asamblea General de la ONU en Bak\u00fa - DEV RNV\",\"isPartOf\":{\"@id\":\"https:\\\/\\\/stage3.rnv.gob.ve\\\/wp\\\/#website\"},\"primaryImageOfPage\":{\"@id\":\"https:\\\/\\\/stage3.rnv.gob.ve\\\/wp\\\/presidente-maduro-se-reunio-con-lider-de-asamblea-general-de-la-onu-en-baku\\\/#primaryimage\"},\"image\":{\"@id\":\"https:\\\/\\\/stage3.rnv.gob.ve\\\/wp\\\/presidente-maduro-se-reunio-con-lider-de-asamblea-general-de-la-onu-en-baku\\\/#primaryimage\"},\"thumbnailUrl\":\"\",\"datePublished\":\"2019-10-25T16:21:41+00:00\",\"breadcrumb\":{\"@id\":\"https:\\\/\\\/stage3.rnv.gob.ve\\\/wp\\\/presidente-maduro-se-reunio-con-lider-de-asamblea-general-de-la-onu-en-baku\\\/#breadcrumb\"},\"inLanguage\":\"es\",\"potentialAction\":[{\"@type\":\"ReadAction\",\"target\":[\"https:\\\/\\\/stage3.rnv.gob.ve\\\/wp\\\/presidente-maduro-se-reunio-con-lider-de-asamblea-general-de-la-onu-en-baku\\\/\"]}]},{\"@type\":\"ImageObject\",\"inLanguage\":\"es\",\"@id\":\"https:\\\/\\\/stage3.rnv.gob.ve\\\/wp\\\/presidente-maduro-se-reunio-con-lider-de-asamblea-general-de-la-onu-en-baku\\\/#primaryimage\",\"url\":\"\",\"contentUrl\":\"\"},{\"@type\":\"BreadcrumbList\",\"@id\":\"https:\\\/\\\/stage3.rnv.gob.ve\\\/wp\\\/presidente-maduro-se-reunio-con-lider-de-asamblea-general-de-la-onu-en-baku\\\/#breadcrumb\",\"itemListElement\":[{\"@type\":\"ListItem\",\"position\":1,\"name\":\"Portada\",\"item\":\"https:\\\/\\\/stage3.rnv.gob.ve\\\/wp\\\/\"},{\"@type\":\"ListItem\",\"position\":2,\"name\":\"Presidente Maduro Se Reuni\u00f3 Con L\u00edder De Asamblea General De La Onu En Bak\u00fa\"}]},{\"@type\":\"WebSite\",\"@id\":\"https:\\\/\\\/stage3.rnv.gob.ve\\\/wp\\\/#website\",\"url\":\"https:\\\/\\\/stage3.rnv.gob.ve\\\/wp\\\/\",\"name\":\"DEV RNV\",\"description\":\"Radio Nacional de Venezuela C.A.\",\"publisher\":{\"@id\":\"https:\\\/\\\/stage3.rnv.gob.ve\\\/wp\\\/#organization\"},\"potentialAction\":[{\"@type\":\"SearchAction\",\"target\":{\"@type\":\"EntryPoint\",\"urlTemplate\":\"https:\\\/\\\/stage3.rnv.gob.ve\\\/wp\\\/?s={search_term_string}\"},\"query-input\":{\"@type\":\"PropertyValueSpecification\",\"valueRequired\":true,\"valueName\":\"search_term_string\"}}],\"inLanguage\":\"es\"},{\"@type\":\"Organization\",\"@id\":\"https:\\\/\\\/stage3.rnv.gob.ve\\\/wp\\\/#organization\",\"name\":\"Radio Nacional de Venezuela C.A.\",\"url\":\"https:\\\/\\\/stage3.rnv.gob.ve\\\/wp\\\/\",\"logo\":{\"@type\":\"ImageObject\",\"inLanguage\":\"es\",\"@id\":\"https:\\\/\\\/stage3.rnv.gob.ve\\\/wp\\\/#\\\/schema\\\/logo\\\/image\\\/\",\"url\":\"http:\\\/\\\/rnv.ddns.net\\\/prensa\\\/wp-content\\\/uploads\\\/2022\\\/04\\\/rnv-1-300x227-1.jpg\",\"contentUrl\":\"http:\\\/\\\/rnv.ddns.net\\\/prensa\\\/wp-content\\\/uploads\\\/2022\\\/04\\\/rnv-1-300x227-1.jpg\",\"width\":800,\"height\":455,\"caption\":\"Radio Nacional de Venezuela C.A.\"},\"image\":{\"@id\":\"https:\\\/\\\/stage3.rnv.gob.ve\\\/wp\\\/#\\\/schema\\\/logo\\\/image\\\/\"},\"sameAs\":[\"https:\\\/\\\/www.facebook.com\\\/RadioNacionaldeVenezuela\",\"https:\\\/\\\/x.com\\\/RNVinformativa\",\"https:\\\/\\\/www.instagram.com\\\/rnvinformativa\\\/\",\"https:\\\/\\\/www.youtube.com\\\/user\\\/RNVContigo\"]},{\"@type\":\"Person\",\"@id\":\"https:\\\/\\\/stage3.rnv.gob.ve\\\/wp\\\/#\\\/schema\\\/person\\\/41da72d5371f0ddf200a2232b8931251\",\"name\":\"Jaqueline Gil\",\"url\":\"https:\\\/\\\/stage3.rnv.gob.ve\\\/wp\\\/author\\\/jaqueline-gil\\\/\"}]}<\/script>\n<!-- \/ Yoast SEO plugin. -->","yoast_head_json":{"title":"Presidente Maduro se reuni\u00f3 con l\u00edder de Asamblea General de la ONU en Bak\u00fa - DEV RNV","robots":{"index":"noindex","follow":"follow","max-snippet":"max-snippet:-1","max-image-preview":"max-image-preview:large","max-video-preview":"max-video-preview:-1"},"og_locale":"es_ES","og_type":"article","og_title":"Presidente Maduro se reuni\u00f3 con l\u00edder de Asamblea General de la ONU en Bak\u00fa - DEV RNV","og_description":"El presidente de la Rep\u00fablica, Nicol\u00e1s Maduro, sostuvo un encuentro con el l\u00edder del 74\u00b0 per\u00edodo de sesiones de la Asamblea General de las Naciones Unidas (ONU), Tijjani Muhammad-Bande. En el encuentro, que se desarroll\u00f3 en el Centro de Convenciones de Bak\u00fa, ubicado en Azerbaiy\u00e1n, abordaron temas relacionados a las medidas coercitivas unilaterales impuestas por [&hellip;]","og_url":"https:\/\/stage3.rnv.gob.ve\/wp\/presidente-maduro-se-reunio-con-lider-de-asamblea-general-de-la-onu-en-baku\/","og_site_name":"DEV RNV","article_publisher":"https:\/\/www.facebook.com\/RadioNacionaldeVenezuela","article_published_time":"2019-10-25T16:21:41+00:00","author":"Jaqueline Gil","twitter_card":"summary_large_image","twitter_creator":"@RNVinformativa","twitter_site":"@RNVinformativa","twitter_misc":{"Escrito por":"Jaqueline Gil","Tiempo estimado de lectura":"1 minuto"},"schema":{"@context":"https:\/\/schema.org","@graph":[{"@type":"Article","@id":"https:\/\/stage3.rnv.gob.ve\/wp\/presidente-maduro-se-reunio-con-lider-de-asamblea-general-de-la-onu-en-baku\/#article","isPartOf":{"@id":"https:\/\/stage3.rnv.gob.ve\/wp\/presidente-maduro-se-reunio-con-lider-de-asamblea-general-de-la-onu-en-baku\/"},"author":{"name":"Jaqueline Gil","@id":"https:\/\/stage3.rnv.gob.ve\/wp\/#\/schema\/person\/41da72d5371f0ddf200a2232b8931251"},"headline":"Presidente Maduro se reuni\u00f3 con l\u00edder de Asamblea General de la ONU en Bak\u00fa","datePublished":"2019-10-25T16:21:41+00:00","mainEntityOfPage":{"@id":"https:\/\/stage3.rnv.gob.ve\/wp\/presidente-maduro-se-reunio-con-lider-de-asamblea-general-de-la-onu-en-baku\/"},"wordCount":192,"publisher":{"@id":"https:\/\/stage3.rnv.gob.ve\/wp\/#organization"},"image":{"@id":"https:\/\/stage3.rnv.gob.ve\/wp\/presidente-maduro-se-reunio-con-lider-de-asamblea-general-de-la-onu-en-baku\/#primaryimage"},"thumbnailUrl":"","keywords":["Bak\u00fa","Nicol\u00e1s Maduro","ONU","reunion"],"articleSection":["Pol\u00edtica"],"inLanguage":"es"},{"@type":"WebPage","@id":"https:\/\/stage3.rnv.gob.ve\/wp\/presidente-maduro-se-reunio-con-lider-de-asamblea-general-de-la-onu-en-baku\/","url":"https:\/\/stage3.rnv.gob.ve\/wp\/presidente-maduro-se-reunio-con-lider-de-asamblea-general-de-la-onu-en-baku\/","name":"Presidente Maduro se reuni\u00f3 con l\u00edder de Asamblea General de la ONU en Bak\u00fa - DEV RNV","isPartOf":{"@id":"https:\/\/stage3.rnv.gob.ve\/wp\/#website"},"primaryImageOfPage":{"@id":"https:\/\/stage3.rnv.gob.ve\/wp\/presidente-maduro-se-reunio-con-lider-de-asamblea-general-de-la-onu-en-baku\/#primaryimage"},"image":{"@id":"https:\/\/stage3.rnv.gob.ve\/wp\/presidente-maduro-se-reunio-con-lider-de-asamblea-general-de-la-onu-en-baku\/#primaryimage"},"thumbnailUrl":"","datePublished":"2019-10-25T16:21:41+00:00","breadcrumb":{"@id":"https:\/\/stage3.rnv.gob.ve\/wp\/presidente-maduro-se-reunio-con-lider-de-asamblea-general-de-la-onu-en-baku\/#breadcrumb"},"inLanguage":"es","potentialAction":[{"@type":"ReadAction","target":["https:\/\/stage3.rnv.gob.ve\/wp\/presidente-maduro-se-reunio-con-lider-de-asamblea-general-de-la-onu-en-baku\/"]}]},{"@type":"ImageObject","inLanguage":"es","@id":"https:\/\/stage3.rnv.gob.ve\/wp\/presidente-maduro-se-reunio-con-lider-de-asamblea-general-de-la-onu-en-baku\/#primaryimage","url":"","contentUrl":""},{"@type":"BreadcrumbList","@id":"https:\/\/stage3.rnv.gob.ve\/wp\/presidente-maduro-se-reunio-con-lider-de-asamblea-general-de-la-onu-en-baku\/#breadcrumb","itemListElement":[{"@type":"ListItem","position":1,"name":"Portada","item":"https:\/\/stage3.rnv.gob.ve\/wp\/"},{"@type":"ListItem","position":2,"name":"Presidente Maduro Se Reuni\u00f3 Con L\u00edder De Asamblea General De La Onu En Bak\u00fa"}]},{"@type":"WebSite","@id":"https:\/\/stage3.rnv.gob.ve\/wp\/#website","url":"https:\/\/stage3.rnv.gob.ve\/wp\/","name":"DEV RNV","description":"Radio Nacional de Venezuela C.A.","publisher":{"@id":"https:\/\/stage3.rnv.gob.ve\/wp\/#organization"},"potentialAction":[{"@type":"SearchAction","target":{"@type":"EntryPoint","urlTemplate":"https:\/\/stage3.rnv.gob.ve\/wp\/?s={search_term_string}"},"query-input":{"@type":"PropertyValueSpecification","valueRequired":true,"valueName":"search_term_string"}}],"inLanguage":"es"},{"@type":"Organization","@id":"https:\/\/stage3.rnv.gob.ve\/wp\/#organization","name":"Radio Nacional de Venezuela C.A.","url":"https:\/\/stage3.rnv.gob.ve\/wp\/","logo":{"@type":"ImageObject","inLanguage":"es","@id":"https:\/\/stage3.rnv.gob.ve\/wp\/#\/schema\/logo\/image\/","url":"http:\/\/rnv.ddns.net\/prensa\/wp-content\/uploads\/2022\/04\/rnv-1-300x227-1.jpg","contentUrl":"http:\/\/rnv.ddns.net\/prensa\/wp-content\/uploads\/2022\/04\/rnv-1-300x227-1.jpg","width":800,"height":455,"caption":"Radio Nacional de Venezuela C.A."},"image":{"@id":"https:\/\/stage3.rnv.gob.ve\/wp\/#\/schema\/logo\/image\/"},"sameAs":["https:\/\/www.facebook.com\/RadioNacionaldeVenezuela","https:\/\/x.com\/RNVinformativa","https:\/\/www.instagram.com\/rnvinformativa\/","https:\/\/www.youtube.com\/user\/RNVContigo"]},{"@type":"Person","@id":"https:\/\/stage3.rnv.gob.ve\/wp\/#\/schema\/person\/41da72d5371f0ddf200a2232b8931251","name":"Jaqueline Gil","url":"https:\/\/stage3.rnv.gob.ve\/wp\/author\/jaqueline-gil\/"}]}},"jetpack_featured_media_url":"","_links":{"self":[{"href":"https:\/\/stage3.rnv.gob.ve\/wp\/wp-json\/wp\/v2\/posts\/279601","targetHints":{"allow":["GET"]}}],"collection":[{"href":"https:\/\/stage3.rnv.gob.ve\/wp\/wp-json\/wp\/v2\/posts"}],"about":[{"href":"https:\/\/stage3.rnv.gob.ve\/wp\/wp-json\/wp\/v2\/types\/post"}],"author":[{"embeddable":true,"href":"https:\/\/stage3.rnv.gob.ve\/wp\/wp-json\/wp\/v2\/users\/40"}],"replies":[{"embeddable":true,"href":"https:\/\/stage3.rnv.gob.ve\/wp\/wp-json\/wp\/v2\/comments?post=279601"}],"version-history":[{"count":0,"href":"https:\/\/stage3.rnv.gob.ve\/wp\/wp-json\/wp\/v2\/posts\/279601\/revisions"}],"wp:featuredmedia":[{"embeddable":true,"href":"https:\/\/stage3.rnv.gob.ve\/wp\/wp-json\/"}],"wp:attachment":[{"href":"https:\/\/stage3.rnv.gob.ve\/wp\/wp-json\/wp\/v2\/media?parent=279601"}],"wp:term":[{"taxonomy":"category","embeddable":true,"href":"https:\/\/stage3.rnv.gob.ve\/wp\/wp-json\/wp\/v2\/categories?post=279601"},{"taxonomy":"post_tag","embeddable":true,"href":"https:\/\/stage3.rnv.gob.ve\/wp\/wp-json\/wp\/v2\/tags?post=279601"}],"curies":[{"name":"wp","href":"https:\/\/api.w.org\/{rel}","templated":true}]}}