{"id":278488,"date":"2019-10-16T09:30:38","date_gmt":"2019-10-16T14:00:38","guid":{"rendered":"https:\/\/stage3.rnv.gob.ve\/wp\/?p=278488"},"modified":"2019-10-16T09:30:38","modified_gmt":"2019-10-16T14:00:38","slug":"social-and-economic-protection-corporation-will-attend-right-wing-managed-governorates","status":"publish","type":"post","link":"https:\/\/stage3.rnv.gob.ve\/wp\/social-and-economic-protection-corporation-will-attend-right-wing-managed-governorates\/","title":{"rendered":"Social and Economic Protection Corporation will attend right-wing managed governorates"},"content":{"rendered":"<p><img decoding=\"async\" src=\"https:\/\/stage3.rnv.gob.ve\/wp\/wp-content\/uploads\/2019\/10\/Maduro-1.jpg\" \/><br \/>\nThe President of the Republic, Nicol\u00e1s Maduro, approved the creation of Social and Economic Protection Corporations for Anzo\u00e1tegui, M\u00e9rida, T\u00e1chira and Nueva Esparta states, since opposition governors do not meet the needs of the people:<br \/>\n\u201cThe governors of the Acci\u00f3n Democr\u00e1tica (right wing party) went to political extremism. However, the pro-imperialist right wing does not love them, they smells bad to them\u00bb, said the National President during an act in a joint radio and television broadcast.<br \/>\nHe pointed out that governors Antonio Barreto Sira (Anzo\u00e1tegui), Ram\u00f3n Guevara (M\u00e9rida), Laidy G\u00f3mez (T\u00e1chira) and Alfredo D\u00edaz (Nueva Esparta) decided to abandon their state functions to join destabilizing actions against the legally constituted government.<\/p>\n","protected":false},"excerpt":{"rendered":"<p>The President of the Republic, Nicol\u00e1s Maduro, approved the creation of Social and Economic Protection Corporations for Anzo\u00e1tegui, M\u00e9rida, T\u00e1chira and Nueva Esparta states, since opposition governors do not meet the needs of the people: \u201cThe governors of the Acci\u00f3n Democr\u00e1tica (right wing party) went to political extremism. However, the pro-imperialist right wing does not [&hellip;]<\/p>\n","protected":false},"author":15,"featured_media":278432,"comment_status":"closed","ping_status":"open","sticky":false,"template":"","format":"standard","meta":{"_acf_changed":false,"footnotes":""},"categories":[450],"tags":[1243,2502,147,3345,7516,849],"class_list":["post-278488","post","type-post","status-publish","format-standard","has-post-thumbnail","hentry","category-english","tag-corporation","tag-economic","tag-maduro","tag-people","tag-protection","tag-social"],"acf":[],"yoast_head":"<!-- This site is optimized with the Yoast SEO plugin v27.4 - https:\/\/yoast.com\/product\/yoast-seo-wordpress\/ -->\n<title>Social and Economic Protection Corporation will attend right-wing managed governorates - DEV RNV<\/title>\n<meta name=\"robots\" content=\"noindex, follow, max-snippet:-1, max-image-preview:large, max-video-preview:-1\" \/>\n<meta property=\"og:locale\" content=\"es_ES\" \/>\n<meta property=\"og:type\" content=\"article\" \/>\n<meta property=\"og:title\" content=\"Social and Economic Protection Corporation will attend right-wing managed governorates - DEV RNV\" \/>\n<meta property=\"og:description\" content=\"The President of the Republic, Nicol\u00e1s Maduro, approved the creation of Social and Economic Protection Corporations for Anzo\u00e1tegui, M\u00e9rida, T\u00e1chira and Nueva Esparta states, since opposition governors do not meet the needs of the people: \u201cThe governors of the Acci\u00f3n Democr\u00e1tica (right wing party) went to political extremism. However, the pro-imperialist right wing does not [&hellip;]\" \/>\n<meta property=\"og:url\" content=\"https:\/\/stage3.rnv.gob.ve\/wp\/social-and-economic-protection-corporation-will-attend-right-wing-managed-governorates\/\" \/>\n<meta property=\"og:site_name\" content=\"DEV RNV\" \/>\n<meta property=\"article:publisher\" content=\"https:\/\/www.facebook.com\/RadioNacionaldeVenezuela\" \/>\n<meta property=\"article:published_time\" content=\"2019-10-16T14:00:38+00:00\" \/>\n<meta name=\"author\" content=\"Juan Carlos De La Cruz\" \/>\n<meta name=\"twitter:card\" content=\"summary_large_image\" \/>\n<meta name=\"twitter:creator\" content=\"@RNVinformativa\" \/>\n<meta name=\"twitter:site\" content=\"@RNVinformativa\" \/>\n<meta name=\"twitter:label1\" content=\"Escrito por\" \/>\n\t<meta name=\"twitter:data1\" content=\"Juan Carlos De La Cruz\" \/>\n\t<meta name=\"twitter:label2\" content=\"Tiempo estimado de lectura\" \/>\n\t<meta name=\"twitter:data2\" content=\"1 minuto\" \/>\n<script type=\"application\/ld+json\" class=\"yoast-schema-graph\">{\"@context\":\"https:\\\/\\\/schema.org\",\"@graph\":[{\"@type\":\"Article\",\"@id\":\"https:\\\/\\\/stage3.rnv.gob.ve\\\/wp\\\/social-and-economic-protection-corporation-will-attend-right-wing-managed-governorates\\\/#article\",\"isPartOf\":{\"@id\":\"https:\\\/\\\/stage3.rnv.gob.ve\\\/wp\\\/social-and-economic-protection-corporation-will-attend-right-wing-managed-governorates\\\/\"},\"author\":{\"name\":\"Juan Carlos De La Cruz\",\"@id\":\"https:\\\/\\\/stage3.rnv.gob.ve\\\/wp\\\/#\\\/schema\\\/person\\\/acba52a6538cc833d7ca02569b69e8bf\"},\"headline\":\"Social and Economic Protection Corporation will attend right-wing managed governorates\",\"datePublished\":\"2019-10-16T14:00:38+00:00\",\"mainEntityOfPage\":{\"@id\":\"https:\\\/\\\/stage3.rnv.gob.ve\\\/wp\\\/social-and-economic-protection-corporation-will-attend-right-wing-managed-governorates\\\/\"},\"wordCount\":133,\"publisher\":{\"@id\":\"https:\\\/\\\/stage3.rnv.gob.ve\\\/wp\\\/#organization\"},\"image\":{\"@id\":\"https:\\\/\\\/stage3.rnv.gob.ve\\\/wp\\\/social-and-economic-protection-corporation-will-attend-right-wing-managed-governorates\\\/#primaryimage\"},\"thumbnailUrl\":\"\",\"keywords\":[\"corporation\",\"economic\",\"maduro\",\"people\",\"protection\",\"social\"],\"articleSection\":[\"English\"],\"inLanguage\":\"es\"},{\"@type\":\"WebPage\",\"@id\":\"https:\\\/\\\/stage3.rnv.gob.ve\\\/wp\\\/social-and-economic-protection-corporation-will-attend-right-wing-managed-governorates\\\/\",\"url\":\"https:\\\/\\\/stage3.rnv.gob.ve\\\/wp\\\/social-and-economic-protection-corporation-will-attend-right-wing-managed-governorates\\\/\",\"name\":\"Social and Economic Protection Corporation will attend right-wing managed governorates - DEV RNV\",\"isPartOf\":{\"@id\":\"https:\\\/\\\/stage3.rnv.gob.ve\\\/wp\\\/#website\"},\"primaryImageOfPage\":{\"@id\":\"https:\\\/\\\/stage3.rnv.gob.ve\\\/wp\\\/social-and-economic-protection-corporation-will-attend-right-wing-managed-governorates\\\/#primaryimage\"},\"image\":{\"@id\":\"https:\\\/\\\/stage3.rnv.gob.ve\\\/wp\\\/social-and-economic-protection-corporation-will-attend-right-wing-managed-governorates\\\/#primaryimage\"},\"thumbnailUrl\":\"\",\"datePublished\":\"2019-10-16T14:00:38+00:00\",\"breadcrumb\":{\"@id\":\"https:\\\/\\\/stage3.rnv.gob.ve\\\/wp\\\/social-and-economic-protection-corporation-will-attend-right-wing-managed-governorates\\\/#breadcrumb\"},\"inLanguage\":\"es\",\"potentialAction\":[{\"@type\":\"ReadAction\",\"target\":[\"https:\\\/\\\/stage3.rnv.gob.ve\\\/wp\\\/social-and-economic-protection-corporation-will-attend-right-wing-managed-governorates\\\/\"]}]},{\"@type\":\"ImageObject\",\"inLanguage\":\"es\",\"@id\":\"https:\\\/\\\/stage3.rnv.gob.ve\\\/wp\\\/social-and-economic-protection-corporation-will-attend-right-wing-managed-governorates\\\/#primaryimage\",\"url\":\"\",\"contentUrl\":\"\"},{\"@type\":\"BreadcrumbList\",\"@id\":\"https:\\\/\\\/stage3.rnv.gob.ve\\\/wp\\\/social-and-economic-protection-corporation-will-attend-right-wing-managed-governorates\\\/#breadcrumb\",\"itemListElement\":[{\"@type\":\"ListItem\",\"position\":1,\"name\":\"Portada\",\"item\":\"https:\\\/\\\/stage3.rnv.gob.ve\\\/wp\\\/\"},{\"@type\":\"ListItem\",\"position\":2,\"name\":\"Social And Economic Protection Corporation Will Attend Right-Wing Managed Governorates\"}]},{\"@type\":\"WebSite\",\"@id\":\"https:\\\/\\\/stage3.rnv.gob.ve\\\/wp\\\/#website\",\"url\":\"https:\\\/\\\/stage3.rnv.gob.ve\\\/wp\\\/\",\"name\":\"DEV RNV\",\"description\":\"Radio Nacional de Venezuela C.A.\",\"publisher\":{\"@id\":\"https:\\\/\\\/stage3.rnv.gob.ve\\\/wp\\\/#organization\"},\"potentialAction\":[{\"@type\":\"SearchAction\",\"target\":{\"@type\":\"EntryPoint\",\"urlTemplate\":\"https:\\\/\\\/stage3.rnv.gob.ve\\\/wp\\\/?s={search_term_string}\"},\"query-input\":{\"@type\":\"PropertyValueSpecification\",\"valueRequired\":true,\"valueName\":\"search_term_string\"}}],\"inLanguage\":\"es\"},{\"@type\":\"Organization\",\"@id\":\"https:\\\/\\\/stage3.rnv.gob.ve\\\/wp\\\/#organization\",\"name\":\"Radio Nacional de Venezuela C.A.\",\"url\":\"https:\\\/\\\/stage3.rnv.gob.ve\\\/wp\\\/\",\"logo\":{\"@type\":\"ImageObject\",\"inLanguage\":\"es\",\"@id\":\"https:\\\/\\\/stage3.rnv.gob.ve\\\/wp\\\/#\\\/schema\\\/logo\\\/image\\\/\",\"url\":\"http:\\\/\\\/rnv.ddns.net\\\/prensa\\\/wp-content\\\/uploads\\\/2022\\\/04\\\/rnv-1-300x227-1.jpg\",\"contentUrl\":\"http:\\\/\\\/rnv.ddns.net\\\/prensa\\\/wp-content\\\/uploads\\\/2022\\\/04\\\/rnv-1-300x227-1.jpg\",\"width\":800,\"height\":455,\"caption\":\"Radio Nacional de Venezuela C.A.\"},\"image\":{\"@id\":\"https:\\\/\\\/stage3.rnv.gob.ve\\\/wp\\\/#\\\/schema\\\/logo\\\/image\\\/\"},\"sameAs\":[\"https:\\\/\\\/www.facebook.com\\\/RadioNacionaldeVenezuela\",\"https:\\\/\\\/x.com\\\/RNVinformativa\",\"https:\\\/\\\/www.instagram.com\\\/rnvinformativa\\\/\",\"https:\\\/\\\/www.youtube.com\\\/user\\\/RNVContigo\"]},{\"@type\":\"Person\",\"@id\":\"https:\\\/\\\/stage3.rnv.gob.ve\\\/wp\\\/#\\\/schema\\\/person\\\/acba52a6538cc833d7ca02569b69e8bf\",\"name\":\"Juan Carlos De La Cruz\",\"url\":\"https:\\\/\\\/stage3.rnv.gob.ve\\\/wp\\\/author\\\/jc_delacruz\\\/\"}]}<\/script>\n<!-- \/ Yoast SEO plugin. -->","yoast_head_json":{"title":"Social and Economic Protection Corporation will attend right-wing managed governorates - DEV RNV","robots":{"index":"noindex","follow":"follow","max-snippet":"max-snippet:-1","max-image-preview":"max-image-preview:large","max-video-preview":"max-video-preview:-1"},"og_locale":"es_ES","og_type":"article","og_title":"Social and Economic Protection Corporation will attend right-wing managed governorates - DEV RNV","og_description":"The President of the Republic, Nicol\u00e1s Maduro, approved the creation of Social and Economic Protection Corporations for Anzo\u00e1tegui, M\u00e9rida, T\u00e1chira and Nueva Esparta states, since opposition governors do not meet the needs of the people: \u201cThe governors of the Acci\u00f3n Democr\u00e1tica (right wing party) went to political extremism. However, the pro-imperialist right wing does not [&hellip;]","og_url":"https:\/\/stage3.rnv.gob.ve\/wp\/social-and-economic-protection-corporation-will-attend-right-wing-managed-governorates\/","og_site_name":"DEV RNV","article_publisher":"https:\/\/www.facebook.com\/RadioNacionaldeVenezuela","article_published_time":"2019-10-16T14:00:38+00:00","author":"Juan Carlos De La Cruz","twitter_card":"summary_large_image","twitter_creator":"@RNVinformativa","twitter_site":"@RNVinformativa","twitter_misc":{"Escrito por":"Juan Carlos De La Cruz","Tiempo estimado de lectura":"1 minuto"},"schema":{"@context":"https:\/\/schema.org","@graph":[{"@type":"Article","@id":"https:\/\/stage3.rnv.gob.ve\/wp\/social-and-economic-protection-corporation-will-attend-right-wing-managed-governorates\/#article","isPartOf":{"@id":"https:\/\/stage3.rnv.gob.ve\/wp\/social-and-economic-protection-corporation-will-attend-right-wing-managed-governorates\/"},"author":{"name":"Juan Carlos De La Cruz","@id":"https:\/\/stage3.rnv.gob.ve\/wp\/#\/schema\/person\/acba52a6538cc833d7ca02569b69e8bf"},"headline":"Social and Economic Protection Corporation will attend right-wing managed governorates","datePublished":"2019-10-16T14:00:38+00:00","mainEntityOfPage":{"@id":"https:\/\/stage3.rnv.gob.ve\/wp\/social-and-economic-protection-corporation-will-attend-right-wing-managed-governorates\/"},"wordCount":133,"publisher":{"@id":"https:\/\/stage3.rnv.gob.ve\/wp\/#organization"},"image":{"@id":"https:\/\/stage3.rnv.gob.ve\/wp\/social-and-economic-protection-corporation-will-attend-right-wing-managed-governorates\/#primaryimage"},"thumbnailUrl":"","keywords":["corporation","economic","maduro","people","protection","social"],"articleSection":["English"],"inLanguage":"es"},{"@type":"WebPage","@id":"https:\/\/stage3.rnv.gob.ve\/wp\/social-and-economic-protection-corporation-will-attend-right-wing-managed-governorates\/","url":"https:\/\/stage3.rnv.gob.ve\/wp\/social-and-economic-protection-corporation-will-attend-right-wing-managed-governorates\/","name":"Social and Economic Protection Corporation will attend right-wing managed governorates - DEV RNV","isPartOf":{"@id":"https:\/\/stage3.rnv.gob.ve\/wp\/#website"},"primaryImageOfPage":{"@id":"https:\/\/stage3.rnv.gob.ve\/wp\/social-and-economic-protection-corporation-will-attend-right-wing-managed-governorates\/#primaryimage"},"image":{"@id":"https:\/\/stage3.rnv.gob.ve\/wp\/social-and-economic-protection-corporation-will-attend-right-wing-managed-governorates\/#primaryimage"},"thumbnailUrl":"","datePublished":"2019-10-16T14:00:38+00:00","breadcrumb":{"@id":"https:\/\/stage3.rnv.gob.ve\/wp\/social-and-economic-protection-corporation-will-attend-right-wing-managed-governorates\/#breadcrumb"},"inLanguage":"es","potentialAction":[{"@type":"ReadAction","target":["https:\/\/stage3.rnv.gob.ve\/wp\/social-and-economic-protection-corporation-will-attend-right-wing-managed-governorates\/"]}]},{"@type":"ImageObject","inLanguage":"es","@id":"https:\/\/stage3.rnv.gob.ve\/wp\/social-and-economic-protection-corporation-will-attend-right-wing-managed-governorates\/#primaryimage","url":"","contentUrl":""},{"@type":"BreadcrumbList","@id":"https:\/\/stage3.rnv.gob.ve\/wp\/social-and-economic-protection-corporation-will-attend-right-wing-managed-governorates\/#breadcrumb","itemListElement":[{"@type":"ListItem","position":1,"name":"Portada","item":"https:\/\/stage3.rnv.gob.ve\/wp\/"},{"@type":"ListItem","position":2,"name":"Social And Economic Protection Corporation Will Attend Right-Wing Managed Governorates"}]},{"@type":"WebSite","@id":"https:\/\/stage3.rnv.gob.ve\/wp\/#website","url":"https:\/\/stage3.rnv.gob.ve\/wp\/","name":"DEV RNV","description":"Radio Nacional de Venezuela C.A.","publisher":{"@id":"https:\/\/stage3.rnv.gob.ve\/wp\/#organization"},"potentialAction":[{"@type":"SearchAction","target":{"@type":"EntryPoint","urlTemplate":"https:\/\/stage3.rnv.gob.ve\/wp\/?s={search_term_string}"},"query-input":{"@type":"PropertyValueSpecification","valueRequired":true,"valueName":"search_term_string"}}],"inLanguage":"es"},{"@type":"Organization","@id":"https:\/\/stage3.rnv.gob.ve\/wp\/#organization","name":"Radio Nacional de Venezuela C.A.","url":"https:\/\/stage3.rnv.gob.ve\/wp\/","logo":{"@type":"ImageObject","inLanguage":"es","@id":"https:\/\/stage3.rnv.gob.ve\/wp\/#\/schema\/logo\/image\/","url":"http:\/\/rnv.ddns.net\/prensa\/wp-content\/uploads\/2022\/04\/rnv-1-300x227-1.jpg","contentUrl":"http:\/\/rnv.ddns.net\/prensa\/wp-content\/uploads\/2022\/04\/rnv-1-300x227-1.jpg","width":800,"height":455,"caption":"Radio Nacional de Venezuela C.A."},"image":{"@id":"https:\/\/stage3.rnv.gob.ve\/wp\/#\/schema\/logo\/image\/"},"sameAs":["https:\/\/www.facebook.com\/RadioNacionaldeVenezuela","https:\/\/x.com\/RNVinformativa","https:\/\/www.instagram.com\/rnvinformativa\/","https:\/\/www.youtube.com\/user\/RNVContigo"]},{"@type":"Person","@id":"https:\/\/stage3.rnv.gob.ve\/wp\/#\/schema\/person\/acba52a6538cc833d7ca02569b69e8bf","name":"Juan Carlos De La Cruz","url":"https:\/\/stage3.rnv.gob.ve\/wp\/author\/jc_delacruz\/"}]}},"jetpack_featured_media_url":"","_links":{"self":[{"href":"https:\/\/stage3.rnv.gob.ve\/wp\/wp-json\/wp\/v2\/posts\/278488","targetHints":{"allow":["GET"]}}],"collection":[{"href":"https:\/\/stage3.rnv.gob.ve\/wp\/wp-json\/wp\/v2\/posts"}],"about":[{"href":"https:\/\/stage3.rnv.gob.ve\/wp\/wp-json\/wp\/v2\/types\/post"}],"author":[{"embeddable":true,"href":"https:\/\/stage3.rnv.gob.ve\/wp\/wp-json\/wp\/v2\/users\/15"}],"replies":[{"embeddable":true,"href":"https:\/\/stage3.rnv.gob.ve\/wp\/wp-json\/wp\/v2\/comments?post=278488"}],"version-history":[{"count":0,"href":"https:\/\/stage3.rnv.gob.ve\/wp\/wp-json\/wp\/v2\/posts\/278488\/revisions"}],"wp:featuredmedia":[{"embeddable":true,"href":"https:\/\/stage3.rnv.gob.ve\/wp\/wp-json\/"}],"wp:attachment":[{"href":"https:\/\/stage3.rnv.gob.ve\/wp\/wp-json\/wp\/v2\/media?parent=278488"}],"wp:term":[{"taxonomy":"category","embeddable":true,"href":"https:\/\/stage3.rnv.gob.ve\/wp\/wp-json\/wp\/v2\/categories?post=278488"},{"taxonomy":"post_tag","embeddable":true,"href":"https:\/\/stage3.rnv.gob.ve\/wp\/wp-json\/wp\/v2\/tags?post=278488"}],"curies":[{"name":"wp","href":"https:\/\/api.w.org\/{rel}","templated":true}]}}